{"id":51785,"date":"2024-03-09T12:03:25","date_gmt":"2024-03-09T12:03:25","guid":{"rendered":"https:\/\/permbledhja.com\/?p=51785"},"modified":"2024-03-09T12:03:25","modified_gmt":"2024-03-09T12:03:25","slug":"haradinaj-ekziston-mundesia-te-shkojme-ne-zgjedhje-ne-qershor-se-bashku-me-keto-zgjedhjet-komunale","status":"publish","type":"post","link":"https:\/\/permbledhja.com\/sq\/haradinaj-ekziston-mundesia-te-shkojme-ne-zgjedhje-ne-qershor-se-bashku-me-keto-zgjedhjet-komunale\/","title":{"rendered":"Haradinaj: Ekziston mund\u00ebsia t\u00eb shkojm\u00eb n\u00eb zgjedhje n\u00eb qershor, s\u00eb bashku me k\u00ebto zgjedhjet komunale"},"content":{"rendered":"<p><strong>Ish-kryeministri i Kosov\u00ebs dhe lideri i AAK-s\u00eb, Ramush Haradinaj, ka th\u00ebn\u00eb se ajo q\u00eb po b\u00ebn kryeministri Albin Kurti me kryetar\u00ebt e kat\u00ebr komunave ne Veri dhe organizimi i peticionit p\u00ebr shkarkim t\u00eb tyre \u00ebsht\u00eb absurditet.<\/strong><\/p>\n<p>Tutje Haradinaj thot\u00eb se ka gjasa q\u00eb t\u00eb ket\u00eb zgjedhje t\u00eb p\u00ebrgjithshme bashk\u00eb me zgjedhjet q\u00eb do t\u00eb organizohen n\u00eb kat\u00ebr komunat veriore.<\/p>\n<p>\u201cKjo \u00ebsht\u00eb shpikje e Albin Kurtit. Imagjinoni, Kurti hargjon pare t\u00eb Kosov\u00ebs me e shkarku Lulzim Hetemin. Absurditeti m\u00eb i madh, me pagu pare, me organizu peticion me shkarku Lulzim Hetemin.Ekziston mund\u00ebsia t\u00eb shkojm\u00eb n\u00eb zgjedhje n\u00eb qershor, s\u00eb bashku me k\u00ebto zgjedhjet komunale\u201d, ka th\u00ebn\u00eb Haradinaj.<\/p>\n<p>Haradinaj nd\u00ebr t\u00eb tjera ka folur edhe p\u00ebr problemin e Manastirit t\u00eb De\u00e7anit, duke th\u00ebn\u00eb se Kurti po mundohet q\u00eb t\u2019ia bart\u00eb p\u00ebrgjegj\u00ebsin\u00eb Komun\u00ebs s\u00eb De\u00e7anit dhe sipas tij Kurti po fshihet.<\/p>\n<p>\u201cP\u00ebr k\u00ebt\u00eb tem\u00eb mundohet me e bart\u00eb p\u00ebrgjegj\u00ebsin\u00eb me bart\u00eb fajin te tjer\u00ebt, \u00ebsht\u00eb mir\u00eb t\u2019i dal\u00eb p\u00ebrball\u00eb k\u00ebtij vendimi dhe jo t\u00eb fsheh\u00ebt\u201d, ka th\u00ebn\u00eb Haradinaj p\u00ebr Demos, transmeton Express.<\/p>\n<p>Sa i p\u00ebrket raportit me aleat\u00ebt, Haradinaj thot\u00eb se Kurti dhe Qeveria e tij s\u2019kan\u00eb qen\u00eb asnj\u00ebher\u00eb t\u00eb mir\u00ebpritur n\u00eb SHBA.<\/p>\n<p>\u201cKurti ka sanksione q\u00eb nga fillimi, Kurti s\u2019ka qen\u00eb i mir\u00ebpritur asnj\u00ebher\u00eb n\u00eb Washington, ky dhe Qeveria e tij.Kurti po lakmon n\u00eb fitore ditore q\u00eb e rrezikojn\u00eb sigurin\u00eb e Kosov\u00ebs dhe t\u00eb rajonit\u201d, ka theksuar Haradinaj.<\/p>\n","protected":false},"excerpt":{"rendered":"<p>Ish-kryeministri i Kosov\u00ebs dhe lideri i AAK-s\u00eb, Ramush Haradinaj, ka th\u00ebn\u00eb se ajo q\u00eb po b\u00ebn kryeministri Albin Kurti me kryetar\u00ebt e kat\u00ebr komunave ne Veri dhe organizimi i peticionit p\u00ebr shkarkim t\u00eb tyre \u00ebsht\u00eb absurditet. Tutje Haradinaj thot\u00eb se ka gjasa q\u00eb t\u00eb ket\u00eb zgjedhje t\u00eb p\u00ebrgjithshme bashk\u00eb me zgjedhjet q\u00eb do t\u00eb organizohen [&hellip;]<\/p>\n","protected":false},"author":1,"featured_media":51786,"comment_status":"closed","ping_status":"closed","sticky":false,"template":"","format":"standard","meta":{"_monsterinsights_skip_tracking":false,"_monsterinsights_sitenote_active":false,"_monsterinsights_sitenote_note":"","_monsterinsights_sitenote_category":0,"_uf_show_specific_survey":0,"_uf_disable_surveys":false,"footnotes":""},"categories":[1146],"tags":[764],"yoast_head":"<!-- This site is optimized with the Yoast SEO plugin v21.5 - https:\/\/yoast.com\/wordpress\/plugins\/seo\/ -->\n<title>Haradinaj: Ekziston mund\u00ebsia t\u00eb shkojm\u00eb n\u00eb zgjedhje n\u00eb qershor, s\u00eb bashku me k\u00ebto zgjedhjet komunale<\/title>\n<meta name=\"robots\" content=\"index, follow, max-snippet:-1, max-image-preview:large, max-video-preview:-1\" \/>\n<link rel=\"canonical\" href=\"https:\/\/permbledhja.com\/sq\/haradinaj-ekziston-mundesia-te-shkojme-ne-zgjedhje-ne-qershor-se-bashku-me-keto-zgjedhjet-komunale\/\" \/>\n<meta property=\"og:locale\" content=\"sq_AL\" \/>\n<meta property=\"og:type\" content=\"article\" \/>\n<meta property=\"og:title\" content=\"Haradinaj: Ekziston mund\u00ebsia t\u00eb shkojm\u00eb n\u00eb zgjedhje n\u00eb qershor, s\u00eb bashku me k\u00ebto zgjedhjet komunale\" \/>\n<meta property=\"og:description\" content=\"Ish-kryeministri i Kosov\u00ebs dhe lideri i AAK-s\u00eb, Ramush Haradinaj, ka th\u00ebn\u00eb se ajo q\u00eb po b\u00ebn kryeministri Albin Kurti me kryetar\u00ebt e kat\u00ebr komunave ne Veri dhe organizimi i peticionit p\u00ebr shkarkim t\u00eb tyre \u00ebsht\u00eb absurditet. Tutje Haradinaj thot\u00eb se ka gjasa q\u00eb t\u00eb ket\u00eb zgjedhje t\u00eb p\u00ebrgjithshme bashk\u00eb me zgjedhjet q\u00eb do t\u00eb organizohen [&hellip;]\" \/>\n<meta property=\"og:url\" content=\"https:\/\/permbledhja.com\/sq\/haradinaj-ekziston-mundesia-te-shkojme-ne-zgjedhje-ne-qershor-se-bashku-me-keto-zgjedhjet-komunale\/\" \/>\n<meta property=\"og:site_name\" content=\"Ve\u00e7 artikuj p\u00ebrmbledh\u00ebs\" \/>\n<meta property=\"article:publisher\" content=\"https:\/\/www.facebook.com\/press07\/\" \/>\n<meta property=\"article:author\" content=\"https:\/\/www.facebook.com\/kafexhiu.muharrem\/\" \/>\n<meta property=\"article:published_time\" content=\"2024-03-09T12:03:25+00:00\" \/>\n<meta property=\"og:image\" content=\"https:\/\/permbledhja.com\/wp-content\/uploads\/2024\/03\/6944F1E9-9195-4C2B-9EC9-7E5541B428F0.jpeg\" \/>\n\t<meta property=\"og:image:width\" content=\"600\" \/>\n\t<meta property=\"og:image:height\" content=\"360\" \/>\n\t<meta property=\"og:image:type\" content=\"image\/jpeg\" \/>\n<meta name=\"author\" content=\"P\u00ebrmbledhja\" \/>\n<meta name=\"twitter:card\" content=\"summary_large_image\" \/>\n<meta name=\"twitter:label1\" content=\"Written by\" \/>\n\t<meta name=\"twitter:data1\" content=\"P\u00ebrmbledhja\" \/>\n\t<meta name=\"twitter:label2\" content=\"Est. reading time\" \/>\n\t<meta name=\"twitter:data2\" content=\"2 minuta\" \/>\n<script type=\"application\/ld+json\" class=\"yoast-schema-graph\">{\"@context\":\"https:\/\/schema.org\",\"@graph\":[{\"@type\":\"Article\",\"@id\":\"https:\/\/permbledhja.com\/haradinaj-ekziston-mundesia-te-shkojme-ne-zgjedhje-ne-qershor-se-bashku-me-keto-zgjedhjet-komunale\/#article\",\"isPartOf\":{\"@id\":\"https:\/\/permbledhja.com\/haradinaj-ekziston-mundesia-te-shkojme-ne-zgjedhje-ne-qershor-se-bashku-me-keto-zgjedhjet-komunale\/\"},\"author\":{\"name\":\"P\u00ebrmbledhja\",\"@id\":\"https:\/\/permbledhja.com\/#\/schema\/person\/0d064377258d3221e50693947b9eb4fe\"},\"headline\":\"Haradinaj: Ekziston mund\u00ebsia t\u00eb shkojm\u00eb n\u00eb zgjedhje n\u00eb qershor, s\u00eb bashku me k\u00ebto zgjedhjet komunale\",\"datePublished\":\"2024-03-09T12:03:25+00:00\",\"dateModified\":\"2024-03-09T12:03:25+00:00\",\"mainEntityOfPage\":{\"@id\":\"https:\/\/permbledhja.com\/haradinaj-ekziston-mundesia-te-shkojme-ne-zgjedhje-ne-qershor-se-bashku-me-keto-zgjedhjet-komunale\/\"},\"wordCount\":286,\"publisher\":{\"@id\":\"https:\/\/permbledhja.com\/#organization\"},\"keywords\":[\"Ramush Haradinaj\"],\"articleSection\":[\"Kryesoret\"],\"inLanguage\":\"sq\"},{\"@type\":\"WebPage\",\"@id\":\"https:\/\/permbledhja.com\/haradinaj-ekziston-mundesia-te-shkojme-ne-zgjedhje-ne-qershor-se-bashku-me-keto-zgjedhjet-komunale\/\",\"url\":\"https:\/\/permbledhja.com\/haradinaj-ekziston-mundesia-te-shkojme-ne-zgjedhje-ne-qershor-se-bashku-me-keto-zgjedhjet-komunale\/\",\"name\":\"Haradinaj: Ekziston mund\u00ebsia t\u00eb shkojm\u00eb n\u00eb zgjedhje n\u00eb qershor, s\u00eb bashku me k\u00ebto zgjedhjet komunale\",\"isPartOf\":{\"@id\":\"https:\/\/permbledhja.com\/#website\"},\"datePublished\":\"2024-03-09T12:03:25+00:00\",\"dateModified\":\"2024-03-09T12:03:25+00:00\",\"breadcrumb\":{\"@id\":\"https:\/\/permbledhja.com\/haradinaj-ekziston-mundesia-te-shkojme-ne-zgjedhje-ne-qershor-se-bashku-me-keto-zgjedhjet-komunale\/#breadcrumb\"},\"inLanguage\":\"sq\",\"potentialAction\":[{\"@type\":\"ReadAction\",\"target\":[\"https:\/\/permbledhja.com\/haradinaj-ekziston-mundesia-te-shkojme-ne-zgjedhje-ne-qershor-se-bashku-me-keto-zgjedhjet-komunale\/\"]}]},{\"@type\":\"BreadcrumbList\",\"@id\":\"https:\/\/permbledhja.com\/haradinaj-ekziston-mundesia-te-shkojme-ne-zgjedhje-ne-qershor-se-bashku-me-keto-zgjedhjet-komunale\/#breadcrumb\",\"itemListElement\":[{\"@type\":\"ListItem\",\"position\":1,\"name\":\"Ballina\",\"item\":\"https:\/\/permbledhja.com\/sq\/\"},{\"@type\":\"ListItem\",\"position\":2,\"name\":\"Haradinaj: Ekziston mund\u00ebsia t\u00eb shkojm\u00eb n\u00eb zgjedhje n\u00eb qershor, s\u00eb bashku me k\u00ebto zgjedhjet komunale\"}]},{\"@type\":\"WebSite\",\"@id\":\"https:\/\/permbledhja.com\/#website\",\"url\":\"https:\/\/permbledhja.com\/\",\"name\":\"Ve\u00e7 artikuj p\u00ebrmbledh\u00ebs\",\"description\":\"\",\"publisher\":{\"@id\":\"https:\/\/permbledhja.com\/#organization\"},\"potentialAction\":[{\"@type\":\"SearchAction\",\"target\":{\"@type\":\"EntryPoint\",\"urlTemplate\":\"https:\/\/permbledhja.com\/?s={search_term_string}\"},\"query-input\":\"required name=search_term_string\"}],\"inLanguage\":\"sq\"},{\"@type\":\"Organization\",\"@id\":\"https:\/\/permbledhja.com\/#organization\",\"name\":\"MK Media & Pr\",\"url\":\"https:\/\/permbledhja.com\/\",\"logo\":{\"@type\":\"ImageObject\",\"inLanguage\":\"sq\",\"@id\":\"https:\/\/permbledhja.com\/#\/schema\/logo\/image\/\",\"url\":\"https:\/\/permbledhja.com\/wp-content\/uploads\/2021\/12\/07-Press-Logo.jpg\",\"contentUrl\":\"https:\/\/permbledhja.com\/wp-content\/uploads\/2021\/12\/07-Press-Logo.jpg\",\"width\":512,\"height\":512,\"caption\":\"MK Media & Pr\"},\"image\":{\"@id\":\"https:\/\/permbledhja.com\/#\/schema\/logo\/image\/\"},\"sameAs\":[\"https:\/\/www.facebook.com\/press07\/\"]},{\"@type\":\"Person\",\"@id\":\"https:\/\/permbledhja.com\/#\/schema\/person\/0d064377258d3221e50693947b9eb4fe\",\"name\":\"P\u00ebrmbledhja\",\"image\":{\"@type\":\"ImageObject\",\"inLanguage\":\"sq\",\"@id\":\"https:\/\/permbledhja.com\/#\/schema\/person\/image\/\",\"url\":\"https:\/\/permbledhja.com\/wp-content\/uploads\/2026\/01\/452004717_1040944174702970_8932037511805513407_n-96x96.jpg\",\"contentUrl\":\"https:\/\/permbledhja.com\/wp-content\/uploads\/2026\/01\/452004717_1040944174702970_8932037511805513407_n-96x96.jpg\",\"caption\":\"P\u00ebrmbledhja\"},\"sameAs\":[\"https:\/\/www.facebook.com\/kafexhiu.muharrem\/\",\"https:\/\/www.instagram.com\/muharrem_kafexhiu\/\"],\"url\":\"https:\/\/permbledhja.com\/sq\/author\/admin\/\"}]}<\/script>\n<!-- \/ Yoast SEO plugin. -->","yoast_head_json":{"title":"Haradinaj: Ekziston mund\u00ebsia t\u00eb shkojm\u00eb n\u00eb zgjedhje n\u00eb qershor, s\u00eb bashku me k\u00ebto zgjedhjet komunale","robots":{"index":"index","follow":"follow","max-snippet":"max-snippet:-1","max-image-preview":"max-image-preview:large","max-video-preview":"max-video-preview:-1"},"canonical":"https:\/\/permbledhja.com\/sq\/haradinaj-ekziston-mundesia-te-shkojme-ne-zgjedhje-ne-qershor-se-bashku-me-keto-zgjedhjet-komunale\/","og_locale":"sq_AL","og_type":"article","og_title":"Haradinaj: Ekziston mund\u00ebsia t\u00eb shkojm\u00eb n\u00eb zgjedhje n\u00eb qershor, s\u00eb bashku me k\u00ebto zgjedhjet komunale","og_description":"Ish-kryeministri i Kosov\u00ebs dhe lideri i AAK-s\u00eb, Ramush Haradinaj, ka th\u00ebn\u00eb se ajo q\u00eb po b\u00ebn kryeministri Albin Kurti me kryetar\u00ebt e kat\u00ebr komunave ne Veri dhe organizimi i peticionit p\u00ebr shkarkim t\u00eb tyre \u00ebsht\u00eb absurditet. Tutje Haradinaj thot\u00eb se ka gjasa q\u00eb t\u00eb ket\u00eb zgjedhje t\u00eb p\u00ebrgjithshme bashk\u00eb me zgjedhjet q\u00eb do t\u00eb organizohen [&hellip;]","og_url":"https:\/\/permbledhja.com\/sq\/haradinaj-ekziston-mundesia-te-shkojme-ne-zgjedhje-ne-qershor-se-bashku-me-keto-zgjedhjet-komunale\/","og_site_name":"Ve\u00e7 artikuj p\u00ebrmbledh\u00ebs","article_publisher":"https:\/\/www.facebook.com\/press07\/","article_author":"https:\/\/www.facebook.com\/kafexhiu.muharrem\/","article_published_time":"2024-03-09T12:03:25+00:00","og_image":[{"width":600,"height":360,"url":"https:\/\/permbledhja.com\/wp-content\/uploads\/2024\/03\/6944F1E9-9195-4C2B-9EC9-7E5541B428F0.jpeg","type":"image\/jpeg"}],"author":"P\u00ebrmbledhja","twitter_card":"summary_large_image","twitter_misc":{"Written by":"P\u00ebrmbledhja","Est. reading time":"2 minuta"},"schema":{"@context":"https:\/\/schema.org","@graph":[{"@type":"Article","@id":"https:\/\/permbledhja.com\/haradinaj-ekziston-mundesia-te-shkojme-ne-zgjedhje-ne-qershor-se-bashku-me-keto-zgjedhjet-komunale\/#article","isPartOf":{"@id":"https:\/\/permbledhja.com\/haradinaj-ekziston-mundesia-te-shkojme-ne-zgjedhje-ne-qershor-se-bashku-me-keto-zgjedhjet-komunale\/"},"author":{"name":"P\u00ebrmbledhja","@id":"https:\/\/permbledhja.com\/#\/schema\/person\/0d064377258d3221e50693947b9eb4fe"},"headline":"Haradinaj: Ekziston mund\u00ebsia t\u00eb shkojm\u00eb n\u00eb zgjedhje n\u00eb qershor, s\u00eb bashku me k\u00ebto zgjedhjet komunale","datePublished":"2024-03-09T12:03:25+00:00","dateModified":"2024-03-09T12:03:25+00:00","mainEntityOfPage":{"@id":"https:\/\/permbledhja.com\/haradinaj-ekziston-mundesia-te-shkojme-ne-zgjedhje-ne-qershor-se-bashku-me-keto-zgjedhjet-komunale\/"},"wordCount":286,"publisher":{"@id":"https:\/\/permbledhja.com\/#organization"},"keywords":["Ramush Haradinaj"],"articleSection":["Kryesoret"],"inLanguage":"sq"},{"@type":"WebPage","@id":"https:\/\/permbledhja.com\/haradinaj-ekziston-mundesia-te-shkojme-ne-zgjedhje-ne-qershor-se-bashku-me-keto-zgjedhjet-komunale\/","url":"https:\/\/permbledhja.com\/haradinaj-ekziston-mundesia-te-shkojme-ne-zgjedhje-ne-qershor-se-bashku-me-keto-zgjedhjet-komunale\/","name":"Haradinaj: Ekziston mund\u00ebsia t\u00eb shkojm\u00eb n\u00eb zgjedhje n\u00eb qershor, s\u00eb bashku me k\u00ebto zgjedhjet komunale","isPartOf":{"@id":"https:\/\/permbledhja.com\/#website"},"datePublished":"2024-03-09T12:03:25+00:00","dateModified":"2024-03-09T12:03:25+00:00","breadcrumb":{"@id":"https:\/\/permbledhja.com\/haradinaj-ekziston-mundesia-te-shkojme-ne-zgjedhje-ne-qershor-se-bashku-me-keto-zgjedhjet-komunale\/#breadcrumb"},"inLanguage":"sq","potentialAction":[{"@type":"ReadAction","target":["https:\/\/permbledhja.com\/haradinaj-ekziston-mundesia-te-shkojme-ne-zgjedhje-ne-qershor-se-bashku-me-keto-zgjedhjet-komunale\/"]}]},{"@type":"BreadcrumbList","@id":"https:\/\/permbledhja.com\/haradinaj-ekziston-mundesia-te-shkojme-ne-zgjedhje-ne-qershor-se-bashku-me-keto-zgjedhjet-komunale\/#breadcrumb","itemListElement":[{"@type":"ListItem","position":1,"name":"Ballina","item":"https:\/\/permbledhja.com\/sq\/"},{"@type":"ListItem","position":2,"name":"Haradinaj: Ekziston mund\u00ebsia t\u00eb shkojm\u00eb n\u00eb zgjedhje n\u00eb qershor, s\u00eb bashku me k\u00ebto zgjedhjet komunale"}]},{"@type":"WebSite","@id":"https:\/\/permbledhja.com\/#website","url":"https:\/\/permbledhja.com\/","name":"Ve\u00e7 artikuj p\u00ebrmbledh\u00ebs","description":"","publisher":{"@id":"https:\/\/permbledhja.com\/#organization"},"potentialAction":[{"@type":"SearchAction","target":{"@type":"EntryPoint","urlTemplate":"https:\/\/permbledhja.com\/?s={search_term_string}"},"query-input":"required name=search_term_string"}],"inLanguage":"sq"},{"@type":"Organization","@id":"https:\/\/permbledhja.com\/#organization","name":"MK Media & Pr","url":"https:\/\/permbledhja.com\/","logo":{"@type":"ImageObject","inLanguage":"sq","@id":"https:\/\/permbledhja.com\/#\/schema\/logo\/image\/","url":"https:\/\/permbledhja.com\/wp-content\/uploads\/2021\/12\/07-Press-Logo.jpg","contentUrl":"https:\/\/permbledhja.com\/wp-content\/uploads\/2021\/12\/07-Press-Logo.jpg","width":512,"height":512,"caption":"MK Media & Pr"},"image":{"@id":"https:\/\/permbledhja.com\/#\/schema\/logo\/image\/"},"sameAs":["https:\/\/www.facebook.com\/press07\/"]},{"@type":"Person","@id":"https:\/\/permbledhja.com\/#\/schema\/person\/0d064377258d3221e50693947b9eb4fe","name":"P\u00ebrmbledhja","image":{"@type":"ImageObject","inLanguage":"sq","@id":"https:\/\/permbledhja.com\/#\/schema\/person\/image\/","url":"https:\/\/permbledhja.com\/wp-content\/uploads\/2026\/01\/452004717_1040944174702970_8932037511805513407_n-96x96.jpg","contentUrl":"https:\/\/permbledhja.com\/wp-content\/uploads\/2026\/01\/452004717_1040944174702970_8932037511805513407_n-96x96.jpg","caption":"P\u00ebrmbledhja"},"sameAs":["https:\/\/www.facebook.com\/kafexhiu.muharrem\/","https:\/\/www.instagram.com\/muharrem_kafexhiu\/"],"url":"https:\/\/permbledhja.com\/sq\/author\/admin\/"}]}},"_links":{"self":[{"href":"https:\/\/permbledhja.com\/sq\/wp-json\/wp\/v2\/posts\/51785"}],"collection":[{"href":"https:\/\/permbledhja.com\/sq\/wp-json\/wp\/v2\/posts"}],"about":[{"href":"https:\/\/permbledhja.com\/sq\/wp-json\/wp\/v2\/types\/post"}],"author":[{"embeddable":true,"href":"https:\/\/permbledhja.com\/sq\/wp-json\/wp\/v2\/users\/1"}],"replies":[{"embeddable":true,"href":"https:\/\/permbledhja.com\/sq\/wp-json\/wp\/v2\/comments?post=51785"}],"version-history":[{"count":1,"href":"https:\/\/permbledhja.com\/sq\/wp-json\/wp\/v2\/posts\/51785\/revisions"}],"predecessor-version":[{"id":51787,"href":"https:\/\/permbledhja.com\/sq\/wp-json\/wp\/v2\/posts\/51785\/revisions\/51787"}],"wp:featuredmedia":[{"embeddable":true,"href":"https:\/\/permbledhja.com\/sq\/wp-json\/wp\/v2\/media\/51786"}],"wp:attachment":[{"href":"https:\/\/permbledhja.com\/sq\/wp-json\/wp\/v2\/media?parent=51785"}],"wp:term":[{"taxonomy":"category","embeddable":true,"href":"https:\/\/permbledhja.com\/sq\/wp-json\/wp\/v2\/categories?post=51785"},{"taxonomy":"post_tag","embeddable":true,"href":"https:\/\/permbledhja.com\/sq\/wp-json\/wp\/v2\/tags?post=51785"}],"curies":[{"name":"wp","href":"https:\/\/api.w.org\/{rel}","templated":true}]}}