{"id":51700,"date":"2024-03-07T16:01:18","date_gmt":"2024-03-07T16:01:18","guid":{"rendered":"https:\/\/permbledhja.com\/?p=51700"},"modified":"2024-03-07T16:01:18","modified_gmt":"2024-03-07T16:01:18","slug":"kurti-pret-ne-zyre-djemte-e-ish-luftetarit-te-uckse-te-njohur-si-plaku-i-emshirit","status":"publish","type":"post","link":"https:\/\/permbledhja.com\/sq\/kurti-pret-ne-zyre-djemte-e-ish-luftetarit-te-uckse-te-njohur-si-plaku-i-emshirit\/","title":{"rendered":"Kurti pret n\u00eb zyr\u00eb djemt\u00eb e ish luft\u00ebtarit t\u00eb U\u00c7K\u2019s\u00eb t\u00eb njohur si \u201cPlaku i Emshirit\u201d"},"content":{"rendered":"<h3>Kryeministri Kurti ka pritur sot n\u00eb zyr\u00eb Bekim dhe Asllan Asllanin, djemt\u00eb e ish-luft\u00ebtarit t\u00eb U\u00c7K\u2019s\u00eb, Mejdi Asllani, i njohur edhe si \u201cPlaku i Emshirit\u201d.<\/h3>\n<p>ZKM ka njoftuar se n\u00eb takim ka marr\u00eb pjes\u00eb edhe miku i tyre Burim Zagragja.<\/p>\n<p>\u201cM\u00eb 7 mars t\u00eb vitit 1999, familja e Mejdi Asllanit u sulmua nga kat\u00ebr polic\u00eb t\u00eb Serbis\u00eb, t\u00eb cil\u00ebt e mor\u00ebn peng gjith\u00eb familjen Asllani, duke ua mbajtur tytat e automatik\u00ebve n\u00eb kok\u00eb dhe n\u00eb gjoks brenda sht\u00ebpis\u00eb s\u00eb tyre, n\u00eb lagjen Emshir t\u00eb Prishtin\u00ebs. Mejdiu ishte pjes\u00ebtar i Ushtris\u00eb \u00c7lirimtare t\u00eb Kosov\u00ebs, bashk\u00eb me t\u00eb dy djemt\u00eb e tij Asllanin dhe Bekimin. N\u00eb nj\u00eb ngjarje t\u00eb pabesueshme dramatike, Mejdi Asllani bashk\u00eb me djalin e tij Asllanin, arrit\u00ebn ta p\u00ebrmbysin situat\u00ebn fal\u00eb bombave t\u00eb dor\u00ebs dhe nj\u00eb automatiku q\u00eb e kishin n\u00eb sht\u00ebpi. At\u00eb dit\u00eb ata dhan\u00eb nj\u00eb shembull t\u00eb jasht\u00ebzakonsh\u00ebm t\u00eb rezistenc\u00ebs n\u00eb kryeqytet\u201d, thuhet n\u00eb njoftimin e ZKM\u2019s\u00eb.<\/p>\n<p>Ata n\u00eb takim kan\u00eb kujtuar jet\u00ebn dhe vepr\u00ebn e tashm\u00eb t\u00eb njderit, Mejdi Asllani.<\/p>\n<p>\u201cKryeministri i Republik\u00ebs s\u00eb Kosov\u00ebs, Albin Kurti priti sot n\u00eb zyr\u00ebn tij djemt\u00eb e ish-luft\u00ebtarit t\u00eb U\u00c7K-s\u00eb, Mejdi Asllani, i njohur edhe si \u201cPlaku i Emshirit\u201d, Bekim dhe Asllan Asllani dhe mikun e tyre, Burim Zagragja. N\u00eb k\u00ebt\u00eb takim q\u00eb ishte planifikuar q\u00eb n\u00eb fillim t\u00eb vitit bashk\u00eb me Mejdiun q\u00eb t\u00eb mbahej pik\u00ebrisht n\u00eb sh\u00ebnim t\u00eb 25-vjetorit t\u00eb betej\u00ebs s\u00eb tij n\u00eb Emshir, Kryeministri Kurti dhe djemt\u00eb Bekimi dhe Asllani sot kujtuan jet\u00ebn e vepr\u00ebn e tashm\u00eb t\u00eb ndjerit Mejdi Asllanit, nj\u00eb luft\u00ebtari me zem\u00ebr e n\u00eb mendje, patriot n\u00eb luft\u00eb e n\u00eb paqe, q\u00eb vazhdon t\u00eb na frym\u00ebzoj\u00eb, e q\u00eb nuk do t\u00eb harrohet asnj\u00ebher\u00eb. Mejdi Asllani vdiq me 31 janar t\u00eb k\u00ebtij viti. Kryeministri Kurti kishte marr\u00eb pjes\u00eb n\u00eb ceremonin\u00eb e varrimit e tij.\u201d<\/p>\n","protected":false},"excerpt":{"rendered":"<p>Kryeministri Kurti ka pritur sot n\u00eb zyr\u00eb Bekim dhe Asllan Asllanin, djemt\u00eb e ish-luft\u00ebtarit t\u00eb U\u00c7K\u2019s\u00eb, Mejdi Asllani, i njohur edhe si \u201cPlaku i Emshirit\u201d. ZKM ka njoftuar se n\u00eb takim ka marr\u00eb pjes\u00eb edhe miku i tyre Burim Zagragja. \u201cM\u00eb 7 mars t\u00eb vitit 1999, familja e Mejdi Asllanit u sulmua nga kat\u00ebr polic\u00eb [&hellip;]<\/p>\n","protected":false},"author":5,"featured_media":51701,"comment_status":"closed","ping_status":"closed","sticky":false,"template":"","format":"standard","meta":{"_monsterinsights_skip_tracking":false,"_monsterinsights_sitenote_active":false,"_monsterinsights_sitenote_note":"","_monsterinsights_sitenote_category":0,"_uf_show_specific_survey":0,"_uf_disable_surveys":false,"footnotes":""},"categories":[15],"tags":[],"yoast_head":"<!-- This site is optimized with the Yoast SEO plugin v21.5 - https:\/\/yoast.com\/wordpress\/plugins\/seo\/ -->\n<title>Kurti pret n\u00eb zyr\u00eb djemt\u00eb e ish luft\u00ebtarit t\u00eb U\u00c7K\u2019s\u00eb t\u00eb njohur si \u201cPlaku i Emshirit\u201d<\/title>\n<meta name=\"robots\" content=\"index, follow, max-snippet:-1, max-image-preview:large, max-video-preview:-1\" \/>\n<link rel=\"canonical\" href=\"https:\/\/permbledhja.com\/sq\/kurti-pret-ne-zyre-djemte-e-ish-luftetarit-te-uckse-te-njohur-si-plaku-i-emshirit\/\" \/>\n<meta property=\"og:locale\" content=\"sq_AL\" \/>\n<meta property=\"og:type\" content=\"article\" \/>\n<meta property=\"og:title\" content=\"Kurti pret n\u00eb zyr\u00eb djemt\u00eb e ish luft\u00ebtarit t\u00eb U\u00c7K\u2019s\u00eb t\u00eb njohur si \u201cPlaku i Emshirit\u201d\" \/>\n<meta property=\"og:description\" content=\"Kryeministri Kurti ka pritur sot n\u00eb zyr\u00eb Bekim dhe Asllan Asllanin, djemt\u00eb e ish-luft\u00ebtarit t\u00eb U\u00c7K\u2019s\u00eb, Mejdi Asllani, i njohur edhe si \u201cPlaku i Emshirit\u201d. ZKM ka njoftuar se n\u00eb takim ka marr\u00eb pjes\u00eb edhe miku i tyre Burim Zagragja. \u201cM\u00eb 7 mars t\u00eb vitit 1999, familja e Mejdi Asllanit u sulmua nga kat\u00ebr polic\u00eb [&hellip;]\" \/>\n<meta property=\"og:url\" content=\"https:\/\/permbledhja.com\/sq\/kurti-pret-ne-zyre-djemte-e-ish-luftetarit-te-uckse-te-njohur-si-plaku-i-emshirit\/\" \/>\n<meta property=\"og:site_name\" content=\"Ve\u00e7 artikuj p\u00ebrmbledh\u00ebs\" \/>\n<meta property=\"article:publisher\" content=\"https:\/\/www.facebook.com\/press07\/\" \/>\n<meta property=\"article:published_time\" content=\"2024-03-07T16:01:18+00:00\" \/>\n<meta property=\"og:image\" content=\"https:\/\/permbledhja.com\/wp-content\/uploads\/2024\/03\/u.jpg\" \/>\n\t<meta property=\"og:image:width\" content=\"600\" \/>\n\t<meta property=\"og:image:height\" content=\"360\" \/>\n\t<meta property=\"og:image:type\" content=\"image\/jpeg\" \/>\n<meta name=\"author\" content=\"DL\" \/>\n<meta name=\"twitter:card\" content=\"summary_large_image\" \/>\n<meta name=\"twitter:label1\" content=\"Written by\" \/>\n\t<meta name=\"twitter:data1\" content=\"DL\" \/>\n\t<meta name=\"twitter:label2\" content=\"Est. reading time\" \/>\n\t<meta name=\"twitter:data2\" content=\"2 minuta\" \/>\n<script type=\"application\/ld+json\" class=\"yoast-schema-graph\">{\"@context\":\"https:\/\/schema.org\",\"@graph\":[{\"@type\":\"Article\",\"@id\":\"https:\/\/permbledhja.com\/kurti-pret-ne-zyre-djemte-e-ish-luftetarit-te-uckse-te-njohur-si-plaku-i-emshirit\/#article\",\"isPartOf\":{\"@id\":\"https:\/\/permbledhja.com\/kurti-pret-ne-zyre-djemte-e-ish-luftetarit-te-uckse-te-njohur-si-plaku-i-emshirit\/\"},\"author\":{\"name\":\"DL\",\"@id\":\"https:\/\/permbledhja.com\/#\/schema\/person\/9c54260cbc4c6f792cb100550491638c\"},\"headline\":\"Kurti pret n\u00eb zyr\u00eb djemt\u00eb e ish luft\u00ebtarit t\u00eb U\u00c7K\u2019s\u00eb t\u00eb njohur si \u201cPlaku i Emshirit\u201d\",\"datePublished\":\"2024-03-07T16:01:18+00:00\",\"dateModified\":\"2024-03-07T16:01:18+00:00\",\"mainEntityOfPage\":{\"@id\":\"https:\/\/permbledhja.com\/kurti-pret-ne-zyre-djemte-e-ish-luftetarit-te-uckse-te-njohur-si-plaku-i-emshirit\/\"},\"wordCount\":345,\"publisher\":{\"@id\":\"https:\/\/permbledhja.com\/#organization\"},\"articleSection\":[\"Lajme\"],\"inLanguage\":\"sq\"},{\"@type\":\"WebPage\",\"@id\":\"https:\/\/permbledhja.com\/kurti-pret-ne-zyre-djemte-e-ish-luftetarit-te-uckse-te-njohur-si-plaku-i-emshirit\/\",\"url\":\"https:\/\/permbledhja.com\/kurti-pret-ne-zyre-djemte-e-ish-luftetarit-te-uckse-te-njohur-si-plaku-i-emshirit\/\",\"name\":\"Kurti pret n\u00eb zyr\u00eb djemt\u00eb e ish luft\u00ebtarit t\u00eb U\u00c7K\u2019s\u00eb t\u00eb njohur si \u201cPlaku i Emshirit\u201d\",\"isPartOf\":{\"@id\":\"https:\/\/permbledhja.com\/#website\"},\"datePublished\":\"2024-03-07T16:01:18+00:00\",\"dateModified\":\"2024-03-07T16:01:18+00:00\",\"breadcrumb\":{\"@id\":\"https:\/\/permbledhja.com\/kurti-pret-ne-zyre-djemte-e-ish-luftetarit-te-uckse-te-njohur-si-plaku-i-emshirit\/#breadcrumb\"},\"inLanguage\":\"sq\",\"potentialAction\":[{\"@type\":\"ReadAction\",\"target\":[\"https:\/\/permbledhja.com\/kurti-pret-ne-zyre-djemte-e-ish-luftetarit-te-uckse-te-njohur-si-plaku-i-emshirit\/\"]}]},{\"@type\":\"BreadcrumbList\",\"@id\":\"https:\/\/permbledhja.com\/kurti-pret-ne-zyre-djemte-e-ish-luftetarit-te-uckse-te-njohur-si-plaku-i-emshirit\/#breadcrumb\",\"itemListElement\":[{\"@type\":\"ListItem\",\"position\":1,\"name\":\"Ballina\",\"item\":\"https:\/\/permbledhja.com\/sq\/\"},{\"@type\":\"ListItem\",\"position\":2,\"name\":\"Kurti pret n\u00eb zyr\u00eb djemt\u00eb e ish luft\u00ebtarit t\u00eb U\u00c7K\u2019s\u00eb t\u00eb njohur si \u201cPlaku i Emshirit\u201d\"}]},{\"@type\":\"WebSite\",\"@id\":\"https:\/\/permbledhja.com\/#website\",\"url\":\"https:\/\/permbledhja.com\/\",\"name\":\"Ve\u00e7 artikuj p\u00ebrmbledh\u00ebs\",\"description\":\"\",\"publisher\":{\"@id\":\"https:\/\/permbledhja.com\/#organization\"},\"potentialAction\":[{\"@type\":\"SearchAction\",\"target\":{\"@type\":\"EntryPoint\",\"urlTemplate\":\"https:\/\/permbledhja.com\/?s={search_term_string}\"},\"query-input\":\"required name=search_term_string\"}],\"inLanguage\":\"sq\"},{\"@type\":\"Organization\",\"@id\":\"https:\/\/permbledhja.com\/#organization\",\"name\":\"MK Media & Pr\",\"url\":\"https:\/\/permbledhja.com\/\",\"logo\":{\"@type\":\"ImageObject\",\"inLanguage\":\"sq\",\"@id\":\"https:\/\/permbledhja.com\/#\/schema\/logo\/image\/\",\"url\":\"https:\/\/permbledhja.com\/wp-content\/uploads\/2021\/12\/07-Press-Logo.jpg\",\"contentUrl\":\"https:\/\/permbledhja.com\/wp-content\/uploads\/2021\/12\/07-Press-Logo.jpg\",\"width\":512,\"height\":512,\"caption\":\"MK Media & Pr\"},\"image\":{\"@id\":\"https:\/\/permbledhja.com\/#\/schema\/logo\/image\/\"},\"sameAs\":[\"https:\/\/www.facebook.com\/press07\/\"]},{\"@type\":\"Person\",\"@id\":\"https:\/\/permbledhja.com\/#\/schema\/person\/9c54260cbc4c6f792cb100550491638c\",\"name\":\"DL\",\"image\":{\"@type\":\"ImageObject\",\"inLanguage\":\"sq\",\"@id\":\"https:\/\/permbledhja.com\/#\/schema\/person\/image\/\",\"url\":\"https:\/\/secure.gravatar.com\/avatar\/94503eb28d4c4b2005a5c8753e35fc80?s=96&d=mm&r=g\",\"contentUrl\":\"https:\/\/secure.gravatar.com\/avatar\/94503eb28d4c4b2005a5c8753e35fc80?s=96&d=mm&r=g\",\"caption\":\"DL\"},\"url\":\"https:\/\/permbledhja.com\/sq\/author\/dl\/\"}]}<\/script>\n<!-- \/ Yoast SEO plugin. -->","yoast_head_json":{"title":"Kurti pret n\u00eb zyr\u00eb djemt\u00eb e ish luft\u00ebtarit t\u00eb U\u00c7K\u2019s\u00eb t\u00eb njohur si \u201cPlaku i Emshirit\u201d","robots":{"index":"index","follow":"follow","max-snippet":"max-snippet:-1","max-image-preview":"max-image-preview:large","max-video-preview":"max-video-preview:-1"},"canonical":"https:\/\/permbledhja.com\/sq\/kurti-pret-ne-zyre-djemte-e-ish-luftetarit-te-uckse-te-njohur-si-plaku-i-emshirit\/","og_locale":"sq_AL","og_type":"article","og_title":"Kurti pret n\u00eb zyr\u00eb djemt\u00eb e ish luft\u00ebtarit t\u00eb U\u00c7K\u2019s\u00eb t\u00eb njohur si \u201cPlaku i Emshirit\u201d","og_description":"Kryeministri Kurti ka pritur sot n\u00eb zyr\u00eb Bekim dhe Asllan Asllanin, djemt\u00eb e ish-luft\u00ebtarit t\u00eb U\u00c7K\u2019s\u00eb, Mejdi Asllani, i njohur edhe si \u201cPlaku i Emshirit\u201d. ZKM ka njoftuar se n\u00eb takim ka marr\u00eb pjes\u00eb edhe miku i tyre Burim Zagragja. \u201cM\u00eb 7 mars t\u00eb vitit 1999, familja e Mejdi Asllanit u sulmua nga kat\u00ebr polic\u00eb [&hellip;]","og_url":"https:\/\/permbledhja.com\/sq\/kurti-pret-ne-zyre-djemte-e-ish-luftetarit-te-uckse-te-njohur-si-plaku-i-emshirit\/","og_site_name":"Ve\u00e7 artikuj p\u00ebrmbledh\u00ebs","article_publisher":"https:\/\/www.facebook.com\/press07\/","article_published_time":"2024-03-07T16:01:18+00:00","og_image":[{"width":600,"height":360,"url":"https:\/\/permbledhja.com\/wp-content\/uploads\/2024\/03\/u.jpg","type":"image\/jpeg"}],"author":"DL","twitter_card":"summary_large_image","twitter_misc":{"Written by":"DL","Est. reading time":"2 minuta"},"schema":{"@context":"https:\/\/schema.org","@graph":[{"@type":"Article","@id":"https:\/\/permbledhja.com\/kurti-pret-ne-zyre-djemte-e-ish-luftetarit-te-uckse-te-njohur-si-plaku-i-emshirit\/#article","isPartOf":{"@id":"https:\/\/permbledhja.com\/kurti-pret-ne-zyre-djemte-e-ish-luftetarit-te-uckse-te-njohur-si-plaku-i-emshirit\/"},"author":{"name":"DL","@id":"https:\/\/permbledhja.com\/#\/schema\/person\/9c54260cbc4c6f792cb100550491638c"},"headline":"Kurti pret n\u00eb zyr\u00eb djemt\u00eb e ish luft\u00ebtarit t\u00eb U\u00c7K\u2019s\u00eb t\u00eb njohur si \u201cPlaku i Emshirit\u201d","datePublished":"2024-03-07T16:01:18+00:00","dateModified":"2024-03-07T16:01:18+00:00","mainEntityOfPage":{"@id":"https:\/\/permbledhja.com\/kurti-pret-ne-zyre-djemte-e-ish-luftetarit-te-uckse-te-njohur-si-plaku-i-emshirit\/"},"wordCount":345,"publisher":{"@id":"https:\/\/permbledhja.com\/#organization"},"articleSection":["Lajme"],"inLanguage":"sq"},{"@type":"WebPage","@id":"https:\/\/permbledhja.com\/kurti-pret-ne-zyre-djemte-e-ish-luftetarit-te-uckse-te-njohur-si-plaku-i-emshirit\/","url":"https:\/\/permbledhja.com\/kurti-pret-ne-zyre-djemte-e-ish-luftetarit-te-uckse-te-njohur-si-plaku-i-emshirit\/","name":"Kurti pret n\u00eb zyr\u00eb djemt\u00eb e ish luft\u00ebtarit t\u00eb U\u00c7K\u2019s\u00eb t\u00eb njohur si \u201cPlaku i Emshirit\u201d","isPartOf":{"@id":"https:\/\/permbledhja.com\/#website"},"datePublished":"2024-03-07T16:01:18+00:00","dateModified":"2024-03-07T16:01:18+00:00","breadcrumb":{"@id":"https:\/\/permbledhja.com\/kurti-pret-ne-zyre-djemte-e-ish-luftetarit-te-uckse-te-njohur-si-plaku-i-emshirit\/#breadcrumb"},"inLanguage":"sq","potentialAction":[{"@type":"ReadAction","target":["https:\/\/permbledhja.com\/kurti-pret-ne-zyre-djemte-e-ish-luftetarit-te-uckse-te-njohur-si-plaku-i-emshirit\/"]}]},{"@type":"BreadcrumbList","@id":"https:\/\/permbledhja.com\/kurti-pret-ne-zyre-djemte-e-ish-luftetarit-te-uckse-te-njohur-si-plaku-i-emshirit\/#breadcrumb","itemListElement":[{"@type":"ListItem","position":1,"name":"Ballina","item":"https:\/\/permbledhja.com\/sq\/"},{"@type":"ListItem","position":2,"name":"Kurti pret n\u00eb zyr\u00eb djemt\u00eb e ish luft\u00ebtarit t\u00eb U\u00c7K\u2019s\u00eb t\u00eb njohur si \u201cPlaku i Emshirit\u201d"}]},{"@type":"WebSite","@id":"https:\/\/permbledhja.com\/#website","url":"https:\/\/permbledhja.com\/","name":"Ve\u00e7 artikuj p\u00ebrmbledh\u00ebs","description":"","publisher":{"@id":"https:\/\/permbledhja.com\/#organization"},"potentialAction":[{"@type":"SearchAction","target":{"@type":"EntryPoint","urlTemplate":"https:\/\/permbledhja.com\/?s={search_term_string}"},"query-input":"required name=search_term_string"}],"inLanguage":"sq"},{"@type":"Organization","@id":"https:\/\/permbledhja.com\/#organization","name":"MK Media & Pr","url":"https:\/\/permbledhja.com\/","logo":{"@type":"ImageObject","inLanguage":"sq","@id":"https:\/\/permbledhja.com\/#\/schema\/logo\/image\/","url":"https:\/\/permbledhja.com\/wp-content\/uploads\/2021\/12\/07-Press-Logo.jpg","contentUrl":"https:\/\/permbledhja.com\/wp-content\/uploads\/2021\/12\/07-Press-Logo.jpg","width":512,"height":512,"caption":"MK Media & Pr"},"image":{"@id":"https:\/\/permbledhja.com\/#\/schema\/logo\/image\/"},"sameAs":["https:\/\/www.facebook.com\/press07\/"]},{"@type":"Person","@id":"https:\/\/permbledhja.com\/#\/schema\/person\/9c54260cbc4c6f792cb100550491638c","name":"DL","image":{"@type":"ImageObject","inLanguage":"sq","@id":"https:\/\/permbledhja.com\/#\/schema\/person\/image\/","url":"https:\/\/secure.gravatar.com\/avatar\/94503eb28d4c4b2005a5c8753e35fc80?s=96&d=mm&r=g","contentUrl":"https:\/\/secure.gravatar.com\/avatar\/94503eb28d4c4b2005a5c8753e35fc80?s=96&d=mm&r=g","caption":"DL"},"url":"https:\/\/permbledhja.com\/sq\/author\/dl\/"}]}},"_links":{"self":[{"href":"https:\/\/permbledhja.com\/sq\/wp-json\/wp\/v2\/posts\/51700"}],"collection":[{"href":"https:\/\/permbledhja.com\/sq\/wp-json\/wp\/v2\/posts"}],"about":[{"href":"https:\/\/permbledhja.com\/sq\/wp-json\/wp\/v2\/types\/post"}],"author":[{"embeddable":true,"href":"https:\/\/permbledhja.com\/sq\/wp-json\/wp\/v2\/users\/5"}],"replies":[{"embeddable":true,"href":"https:\/\/permbledhja.com\/sq\/wp-json\/wp\/v2\/comments?post=51700"}],"version-history":[{"count":1,"href":"https:\/\/permbledhja.com\/sq\/wp-json\/wp\/v2\/posts\/51700\/revisions"}],"predecessor-version":[{"id":51702,"href":"https:\/\/permbledhja.com\/sq\/wp-json\/wp\/v2\/posts\/51700\/revisions\/51702"}],"wp:featuredmedia":[{"embeddable":true,"href":"https:\/\/permbledhja.com\/sq\/wp-json\/wp\/v2\/media\/51701"}],"wp:attachment":[{"href":"https:\/\/permbledhja.com\/sq\/wp-json\/wp\/v2\/media?parent=51700"}],"wp:term":[{"taxonomy":"category","embeddable":true,"href":"https:\/\/permbledhja.com\/sq\/wp-json\/wp\/v2\/categories?post=51700"},{"taxonomy":"post_tag","embeddable":true,"href":"https:\/\/permbledhja.com\/sq\/wp-json\/wp\/v2\/tags?post=51700"}],"curies":[{"name":"wp","href":"https:\/\/api.w.org\/{rel}","templated":true}]}}