{"id":51631,"date":"2024-03-07T10:28:22","date_gmt":"2024-03-07T10:28:22","guid":{"rendered":"https:\/\/permbledhja.com\/?p=51631"},"modified":"2024-03-07T10:28:22","modified_gmt":"2024-03-07T10:28:22","slug":"kobra-deklarohet-i-pafajshem-per-vrasjen-ne-prizren-u-largua-nga-salla-pasi-iu-drejtua-njerit-te-akuzuar-duke-bertitur","status":"publish","type":"post","link":"https:\/\/permbledhja.com\/sq\/kobra-deklarohet-i-pafajshem-per-vrasjen-ne-prizren-u-largua-nga-salla-pasi-iu-drejtua-njerit-te-akuzuar-duke-bertitur\/","title":{"rendered":"Kobra deklarohet i pafajsh\u00ebm p\u00ebr vrasjen n\u00eb Prizren, u largua nga salla pasi iu drejtua nj\u00ebrit t\u00eb akuzuar duke b\u00ebrtitur"},"content":{"rendered":"<h3>Dibran Hoxhaj i njohur si \u201cKobra\u201d, Roland Susuri, Arben Vezaj, Burim Mazreku dhe Jesmir Badalli u deklaruan t\u00eb pafajsh\u00ebm lidhur me akuzat p\u00ebr rastin e vrasjes s\u00eb V.C., m\u00eb 3 janar 2023 n\u00eb lokalin \u201cKobra City\u201d n\u00eb Prizren.<\/h3>\n<p>Deklarimin rreth faj\u00ebsis\u00eb, t\u00eb akuzuarit e b\u00ebn\u00eb n\u00eb seanc\u00ebn fillestare t\u00eb enjten n\u00eb Gjykat\u00ebn Themelore n\u00eb Prishtin\u00eb, pas leximit t\u00eb aktakuz\u00ebs nga prokurorja Merita Bina-Rugova, raporton \u201cBetimi p\u00ebr Drejt\u00ebsi\u201c.<\/p>\n<p>\u201cAbsolutisht, p\u00ebr asnj\u00ebr\u00ebn hi\u00e7 edhe kisha pas qejf n\u00ebse vet\u00ebm nj\u00ebra prej provave q\u00eb i ka cek ajo figuron dora jem apo di\u00e7ka\u2026qitu burgim t\u00eb p\u00ebrjetsh\u00ebm\u201d, tha Hoxhaj.<\/p>\n<p>M\u00eb pas iu i akuzuari Hoxhaj drejtua t\u00eb akuzuarit Roland Susuri \u201cZotni, keni me pjell\u00eb DVR, 16 muaj jam tu majt burg, kemi me pjell\u00eb DVR\u201d.<\/p>\n<p>E pas k\u00ebsaj, i nj\u00ebjti u p\u00ebrjashtua nga salla e gjykimit, por u soll pas pak momentesh.<\/p>\n<p>Pas kthimit n\u00eb seanc\u00eb, kryetari i trupit gjykes Kujtim Krasniqi i k\u00ebrkoi q\u00eb t\u00eb jet\u00eb i sjellsh\u00ebm n\u00eb seanc\u00eb.<\/p>\n<p>\u201cUn\u00eb i b\u00ebj thirrje familjes s\u00eb t\u00eb ndjerit dhe kushdo q\u00eb t\u00eb jen\u00eb, un\u00eb po du q\u00eb ta gjejn\u00eb veten k\u00ebtu, po kur s\u2019jam un\u00eb e kush ka bo pazare me mu, oficer\u00eb-polic\u00eb apo k\u00ebta, e at\u00ebher\u00eb masandej\u2026 ve\u00e7 n\u00eb Jupiter t\u00eb shkofshin. P\u00ebr Dibranin ma asnj\u00eb v\u00ebrejtje s\u2019ke me pas deri n\u00eb fund, ki me pa, po ta jep fjal\u00ebn q\u00eb jo p\u00ebr frik\u00eb, p\u00ebr frik\u00eb n\u00eb bunar m\u2019u mshef\u00eb, kam me ndejt gjithmon\u00eb n\u00eb heshtje. Ju k\u00ebrkoj falje\u2026 kushdo q\u00eb ka bo pazar polic\u00eb apo k\u00ebta me jeten teme\u2026\u201d, tha Hoxhaj.<\/p>\n","protected":false},"excerpt":{"rendered":"<p>Dibran Hoxhaj i njohur si \u201cKobra\u201d, Roland Susuri, Arben Vezaj, Burim Mazreku dhe Jesmir Badalli u deklaruan t\u00eb pafajsh\u00ebm lidhur me akuzat p\u00ebr rastin e vrasjes s\u00eb V.C., m\u00eb 3 janar 2023 n\u00eb lokalin \u201cKobra City\u201d n\u00eb Prizren. Deklarimin rreth faj\u00ebsis\u00eb, t\u00eb akuzuarit e b\u00ebn\u00eb n\u00eb seanc\u00ebn fillestare t\u00eb enjten n\u00eb Gjykat\u00ebn Themelore n\u00eb Prishtin\u00eb, [&hellip;]<\/p>\n","protected":false},"author":2,"featured_media":51632,"comment_status":"closed","ping_status":"closed","sticky":false,"template":"","format":"standard","meta":{"_monsterinsights_skip_tracking":false,"_monsterinsights_sitenote_active":false,"_monsterinsights_sitenote_note":"","_monsterinsights_sitenote_category":0,"_uf_show_specific_survey":0,"_uf_disable_surveys":false,"footnotes":""},"categories":[15],"tags":[3002],"yoast_head":"<!-- This site is optimized with the Yoast SEO plugin v21.5 - https:\/\/yoast.com\/wordpress\/plugins\/seo\/ -->\n<title>Kobra deklarohet i pafajsh\u00ebm p\u00ebr vrasjen n\u00eb Prizren, u largua nga salla pasi iu drejtua nj\u00ebrit t\u00eb akuzuar duke b\u00ebrtitur<\/title>\n<meta name=\"robots\" content=\"index, follow, max-snippet:-1, max-image-preview:large, max-video-preview:-1\" \/>\n<link rel=\"canonical\" href=\"https:\/\/permbledhja.com\/sq\/kobra-deklarohet-i-pafajshem-per-vrasjen-ne-prizren-u-largua-nga-salla-pasi-iu-drejtua-njerit-te-akuzuar-duke-bertitur\/\" \/>\n<meta property=\"og:locale\" content=\"sq_AL\" \/>\n<meta property=\"og:type\" content=\"article\" \/>\n<meta property=\"og:title\" content=\"Kobra deklarohet i pafajsh\u00ebm p\u00ebr vrasjen n\u00eb Prizren, u largua nga salla pasi iu drejtua nj\u00ebrit t\u00eb akuzuar duke b\u00ebrtitur\" \/>\n<meta property=\"og:description\" content=\"Dibran Hoxhaj i njohur si \u201cKobra\u201d, Roland Susuri, Arben Vezaj, Burim Mazreku dhe Jesmir Badalli u deklaruan t\u00eb pafajsh\u00ebm lidhur me akuzat p\u00ebr rastin e vrasjes s\u00eb V.C., m\u00eb 3 janar 2023 n\u00eb lokalin \u201cKobra City\u201d n\u00eb Prizren. Deklarimin rreth faj\u00ebsis\u00eb, t\u00eb akuzuarit e b\u00ebn\u00eb n\u00eb seanc\u00ebn fillestare t\u00eb enjten n\u00eb Gjykat\u00ebn Themelore n\u00eb Prishtin\u00eb, [&hellip;]\" \/>\n<meta property=\"og:url\" content=\"https:\/\/permbledhja.com\/sq\/kobra-deklarohet-i-pafajshem-per-vrasjen-ne-prizren-u-largua-nga-salla-pasi-iu-drejtua-njerit-te-akuzuar-duke-bertitur\/\" \/>\n<meta property=\"og:site_name\" content=\"Ve\u00e7 artikuj p\u00ebrmbledh\u00ebs\" \/>\n<meta property=\"article:publisher\" content=\"https:\/\/www.facebook.com\/press07\/\" \/>\n<meta property=\"article:published_time\" content=\"2024-03-07T10:28:22+00:00\" \/>\n<meta property=\"og:image\" content=\"https:\/\/permbledhja.com\/wp-content\/uploads\/2024\/03\/Kobra.jpg\" \/>\n\t<meta property=\"og:image:width\" content=\"696\" \/>\n\t<meta property=\"og:image:height\" content=\"389\" \/>\n\t<meta property=\"og:image:type\" content=\"image\/jpeg\" \/>\n<meta name=\"author\" content=\"M M\" \/>\n<meta name=\"twitter:card\" content=\"summary_large_image\" \/>\n<meta name=\"twitter:label1\" content=\"Written by\" \/>\n\t<meta name=\"twitter:data1\" content=\"M M\" \/>\n\t<meta name=\"twitter:label2\" content=\"Est. reading time\" \/>\n\t<meta name=\"twitter:data2\" content=\"2 minuta\" \/>\n<script type=\"application\/ld+json\" class=\"yoast-schema-graph\">{\"@context\":\"https:\/\/schema.org\",\"@graph\":[{\"@type\":\"Article\",\"@id\":\"https:\/\/permbledhja.com\/kobra-deklarohet-i-pafajshem-per-vrasjen-ne-prizren-u-largua-nga-salla-pasi-iu-drejtua-njerit-te-akuzuar-duke-bertitur\/#article\",\"isPartOf\":{\"@id\":\"https:\/\/permbledhja.com\/kobra-deklarohet-i-pafajshem-per-vrasjen-ne-prizren-u-largua-nga-salla-pasi-iu-drejtua-njerit-te-akuzuar-duke-bertitur\/\"},\"author\":{\"name\":\"M M\",\"@id\":\"https:\/\/permbledhja.com\/#\/schema\/person\/d23f13f59b5722643933d6780783acf3\"},\"headline\":\"Kobra deklarohet i pafajsh\u00ebm p\u00ebr vrasjen n\u00eb Prizren, u largua nga salla pasi iu drejtua nj\u00ebrit t\u00eb akuzuar duke b\u00ebrtitur\",\"datePublished\":\"2024-03-07T10:28:22+00:00\",\"dateModified\":\"2024-03-07T10:28:22+00:00\",\"mainEntityOfPage\":{\"@id\":\"https:\/\/permbledhja.com\/kobra-deklarohet-i-pafajshem-per-vrasjen-ne-prizren-u-largua-nga-salla-pasi-iu-drejtua-njerit-te-akuzuar-duke-bertitur\/\"},\"wordCount\":311,\"publisher\":{\"@id\":\"https:\/\/permbledhja.com\/#organization\"},\"keywords\":[\"Kobra\"],\"articleSection\":[\"Lajme\"],\"inLanguage\":\"sq\"},{\"@type\":\"WebPage\",\"@id\":\"https:\/\/permbledhja.com\/kobra-deklarohet-i-pafajshem-per-vrasjen-ne-prizren-u-largua-nga-salla-pasi-iu-drejtua-njerit-te-akuzuar-duke-bertitur\/\",\"url\":\"https:\/\/permbledhja.com\/kobra-deklarohet-i-pafajshem-per-vrasjen-ne-prizren-u-largua-nga-salla-pasi-iu-drejtua-njerit-te-akuzuar-duke-bertitur\/\",\"name\":\"Kobra deklarohet i pafajsh\u00ebm p\u00ebr vrasjen n\u00eb Prizren, u largua nga salla pasi iu drejtua nj\u00ebrit t\u00eb akuzuar duke b\u00ebrtitur\",\"isPartOf\":{\"@id\":\"https:\/\/permbledhja.com\/#website\"},\"datePublished\":\"2024-03-07T10:28:22+00:00\",\"dateModified\":\"2024-03-07T10:28:22+00:00\",\"breadcrumb\":{\"@id\":\"https:\/\/permbledhja.com\/kobra-deklarohet-i-pafajshem-per-vrasjen-ne-prizren-u-largua-nga-salla-pasi-iu-drejtua-njerit-te-akuzuar-duke-bertitur\/#breadcrumb\"},\"inLanguage\":\"sq\",\"potentialAction\":[{\"@type\":\"ReadAction\",\"target\":[\"https:\/\/permbledhja.com\/kobra-deklarohet-i-pafajshem-per-vrasjen-ne-prizren-u-largua-nga-salla-pasi-iu-drejtua-njerit-te-akuzuar-duke-bertitur\/\"]}]},{\"@type\":\"BreadcrumbList\",\"@id\":\"https:\/\/permbledhja.com\/kobra-deklarohet-i-pafajshem-per-vrasjen-ne-prizren-u-largua-nga-salla-pasi-iu-drejtua-njerit-te-akuzuar-duke-bertitur\/#breadcrumb\",\"itemListElement\":[{\"@type\":\"ListItem\",\"position\":1,\"name\":\"Ballina\",\"item\":\"https:\/\/permbledhja.com\/sq\/\"},{\"@type\":\"ListItem\",\"position\":2,\"name\":\"Kobra deklarohet i pafajsh\u00ebm p\u00ebr vrasjen n\u00eb Prizren, u largua nga salla pasi iu drejtua nj\u00ebrit t\u00eb akuzuar duke b\u00ebrtitur\"}]},{\"@type\":\"WebSite\",\"@id\":\"https:\/\/permbledhja.com\/#website\",\"url\":\"https:\/\/permbledhja.com\/\",\"name\":\"Ve\u00e7 artikuj p\u00ebrmbledh\u00ebs\",\"description\":\"\",\"publisher\":{\"@id\":\"https:\/\/permbledhja.com\/#organization\"},\"potentialAction\":[{\"@type\":\"SearchAction\",\"target\":{\"@type\":\"EntryPoint\",\"urlTemplate\":\"https:\/\/permbledhja.com\/?s={search_term_string}\"},\"query-input\":\"required name=search_term_string\"}],\"inLanguage\":\"sq\"},{\"@type\":\"Organization\",\"@id\":\"https:\/\/permbledhja.com\/#organization\",\"name\":\"MK Media & Pr\",\"url\":\"https:\/\/permbledhja.com\/\",\"logo\":{\"@type\":\"ImageObject\",\"inLanguage\":\"sq\",\"@id\":\"https:\/\/permbledhja.com\/#\/schema\/logo\/image\/\",\"url\":\"https:\/\/permbledhja.com\/wp-content\/uploads\/2021\/12\/07-Press-Logo.jpg\",\"contentUrl\":\"https:\/\/permbledhja.com\/wp-content\/uploads\/2021\/12\/07-Press-Logo.jpg\",\"width\":512,\"height\":512,\"caption\":\"MK Media & Pr\"},\"image\":{\"@id\":\"https:\/\/permbledhja.com\/#\/schema\/logo\/image\/\"},\"sameAs\":[\"https:\/\/www.facebook.com\/press07\/\"]},{\"@type\":\"Person\",\"@id\":\"https:\/\/permbledhja.com\/#\/schema\/person\/d23f13f59b5722643933d6780783acf3\",\"name\":\"M M\",\"image\":{\"@type\":\"ImageObject\",\"inLanguage\":\"sq\",\"@id\":\"https:\/\/permbledhja.com\/#\/schema\/person\/image\/\",\"url\":\"https:\/\/secure.gravatar.com\/avatar\/e2835a76ca7c31a2416b2d51c4ec9a8f?s=96&d=mm&r=g\",\"contentUrl\":\"https:\/\/secure.gravatar.com\/avatar\/e2835a76ca7c31a2416b2d51c4ec9a8f?s=96&d=mm&r=g\",\"caption\":\"M M\"},\"sameAs\":[\"http:\/\/MM\"],\"url\":\"https:\/\/permbledhja.com\/sq\/author\/muhamet\/\"}]}<\/script>\n<!-- \/ Yoast SEO plugin. -->","yoast_head_json":{"title":"Kobra deklarohet i pafajsh\u00ebm p\u00ebr vrasjen n\u00eb Prizren, u largua nga salla pasi iu drejtua nj\u00ebrit t\u00eb akuzuar duke b\u00ebrtitur","robots":{"index":"index","follow":"follow","max-snippet":"max-snippet:-1","max-image-preview":"max-image-preview:large","max-video-preview":"max-video-preview:-1"},"canonical":"https:\/\/permbledhja.com\/sq\/kobra-deklarohet-i-pafajshem-per-vrasjen-ne-prizren-u-largua-nga-salla-pasi-iu-drejtua-njerit-te-akuzuar-duke-bertitur\/","og_locale":"sq_AL","og_type":"article","og_title":"Kobra deklarohet i pafajsh\u00ebm p\u00ebr vrasjen n\u00eb Prizren, u largua nga salla pasi iu drejtua nj\u00ebrit t\u00eb akuzuar duke b\u00ebrtitur","og_description":"Dibran Hoxhaj i njohur si \u201cKobra\u201d, Roland Susuri, Arben Vezaj, Burim Mazreku dhe Jesmir Badalli u deklaruan t\u00eb pafajsh\u00ebm lidhur me akuzat p\u00ebr rastin e vrasjes s\u00eb V.C., m\u00eb 3 janar 2023 n\u00eb lokalin \u201cKobra City\u201d n\u00eb Prizren. Deklarimin rreth faj\u00ebsis\u00eb, t\u00eb akuzuarit e b\u00ebn\u00eb n\u00eb seanc\u00ebn fillestare t\u00eb enjten n\u00eb Gjykat\u00ebn Themelore n\u00eb Prishtin\u00eb, [&hellip;]","og_url":"https:\/\/permbledhja.com\/sq\/kobra-deklarohet-i-pafajshem-per-vrasjen-ne-prizren-u-largua-nga-salla-pasi-iu-drejtua-njerit-te-akuzuar-duke-bertitur\/","og_site_name":"Ve\u00e7 artikuj p\u00ebrmbledh\u00ebs","article_publisher":"https:\/\/www.facebook.com\/press07\/","article_published_time":"2024-03-07T10:28:22+00:00","og_image":[{"width":696,"height":389,"url":"https:\/\/permbledhja.com\/wp-content\/uploads\/2024\/03\/Kobra.jpg","type":"image\/jpeg"}],"author":"M M","twitter_card":"summary_large_image","twitter_misc":{"Written by":"M M","Est. reading time":"2 minuta"},"schema":{"@context":"https:\/\/schema.org","@graph":[{"@type":"Article","@id":"https:\/\/permbledhja.com\/kobra-deklarohet-i-pafajshem-per-vrasjen-ne-prizren-u-largua-nga-salla-pasi-iu-drejtua-njerit-te-akuzuar-duke-bertitur\/#article","isPartOf":{"@id":"https:\/\/permbledhja.com\/kobra-deklarohet-i-pafajshem-per-vrasjen-ne-prizren-u-largua-nga-salla-pasi-iu-drejtua-njerit-te-akuzuar-duke-bertitur\/"},"author":{"name":"M M","@id":"https:\/\/permbledhja.com\/#\/schema\/person\/d23f13f59b5722643933d6780783acf3"},"headline":"Kobra deklarohet i pafajsh\u00ebm p\u00ebr vrasjen n\u00eb Prizren, u largua nga salla pasi iu drejtua nj\u00ebrit t\u00eb akuzuar duke b\u00ebrtitur","datePublished":"2024-03-07T10:28:22+00:00","dateModified":"2024-03-07T10:28:22+00:00","mainEntityOfPage":{"@id":"https:\/\/permbledhja.com\/kobra-deklarohet-i-pafajshem-per-vrasjen-ne-prizren-u-largua-nga-salla-pasi-iu-drejtua-njerit-te-akuzuar-duke-bertitur\/"},"wordCount":311,"publisher":{"@id":"https:\/\/permbledhja.com\/#organization"},"keywords":["Kobra"],"articleSection":["Lajme"],"inLanguage":"sq"},{"@type":"WebPage","@id":"https:\/\/permbledhja.com\/kobra-deklarohet-i-pafajshem-per-vrasjen-ne-prizren-u-largua-nga-salla-pasi-iu-drejtua-njerit-te-akuzuar-duke-bertitur\/","url":"https:\/\/permbledhja.com\/kobra-deklarohet-i-pafajshem-per-vrasjen-ne-prizren-u-largua-nga-salla-pasi-iu-drejtua-njerit-te-akuzuar-duke-bertitur\/","name":"Kobra deklarohet i pafajsh\u00ebm p\u00ebr vrasjen n\u00eb Prizren, u largua nga salla pasi iu drejtua nj\u00ebrit t\u00eb akuzuar duke b\u00ebrtitur","isPartOf":{"@id":"https:\/\/permbledhja.com\/#website"},"datePublished":"2024-03-07T10:28:22+00:00","dateModified":"2024-03-07T10:28:22+00:00","breadcrumb":{"@id":"https:\/\/permbledhja.com\/kobra-deklarohet-i-pafajshem-per-vrasjen-ne-prizren-u-largua-nga-salla-pasi-iu-drejtua-njerit-te-akuzuar-duke-bertitur\/#breadcrumb"},"inLanguage":"sq","potentialAction":[{"@type":"ReadAction","target":["https:\/\/permbledhja.com\/kobra-deklarohet-i-pafajshem-per-vrasjen-ne-prizren-u-largua-nga-salla-pasi-iu-drejtua-njerit-te-akuzuar-duke-bertitur\/"]}]},{"@type":"BreadcrumbList","@id":"https:\/\/permbledhja.com\/kobra-deklarohet-i-pafajshem-per-vrasjen-ne-prizren-u-largua-nga-salla-pasi-iu-drejtua-njerit-te-akuzuar-duke-bertitur\/#breadcrumb","itemListElement":[{"@type":"ListItem","position":1,"name":"Ballina","item":"https:\/\/permbledhja.com\/sq\/"},{"@type":"ListItem","position":2,"name":"Kobra deklarohet i pafajsh\u00ebm p\u00ebr vrasjen n\u00eb Prizren, u largua nga salla pasi iu drejtua nj\u00ebrit t\u00eb akuzuar duke b\u00ebrtitur"}]},{"@type":"WebSite","@id":"https:\/\/permbledhja.com\/#website","url":"https:\/\/permbledhja.com\/","name":"Ve\u00e7 artikuj p\u00ebrmbledh\u00ebs","description":"","publisher":{"@id":"https:\/\/permbledhja.com\/#organization"},"potentialAction":[{"@type":"SearchAction","target":{"@type":"EntryPoint","urlTemplate":"https:\/\/permbledhja.com\/?s={search_term_string}"},"query-input":"required name=search_term_string"}],"inLanguage":"sq"},{"@type":"Organization","@id":"https:\/\/permbledhja.com\/#organization","name":"MK Media & Pr","url":"https:\/\/permbledhja.com\/","logo":{"@type":"ImageObject","inLanguage":"sq","@id":"https:\/\/permbledhja.com\/#\/schema\/logo\/image\/","url":"https:\/\/permbledhja.com\/wp-content\/uploads\/2021\/12\/07-Press-Logo.jpg","contentUrl":"https:\/\/permbledhja.com\/wp-content\/uploads\/2021\/12\/07-Press-Logo.jpg","width":512,"height":512,"caption":"MK Media & Pr"},"image":{"@id":"https:\/\/permbledhja.com\/#\/schema\/logo\/image\/"},"sameAs":["https:\/\/www.facebook.com\/press07\/"]},{"@type":"Person","@id":"https:\/\/permbledhja.com\/#\/schema\/person\/d23f13f59b5722643933d6780783acf3","name":"M M","image":{"@type":"ImageObject","inLanguage":"sq","@id":"https:\/\/permbledhja.com\/#\/schema\/person\/image\/","url":"https:\/\/secure.gravatar.com\/avatar\/e2835a76ca7c31a2416b2d51c4ec9a8f?s=96&d=mm&r=g","contentUrl":"https:\/\/secure.gravatar.com\/avatar\/e2835a76ca7c31a2416b2d51c4ec9a8f?s=96&d=mm&r=g","caption":"M M"},"sameAs":["http:\/\/MM"],"url":"https:\/\/permbledhja.com\/sq\/author\/muhamet\/"}]}},"_links":{"self":[{"href":"https:\/\/permbledhja.com\/sq\/wp-json\/wp\/v2\/posts\/51631"}],"collection":[{"href":"https:\/\/permbledhja.com\/sq\/wp-json\/wp\/v2\/posts"}],"about":[{"href":"https:\/\/permbledhja.com\/sq\/wp-json\/wp\/v2\/types\/post"}],"author":[{"embeddable":true,"href":"https:\/\/permbledhja.com\/sq\/wp-json\/wp\/v2\/users\/2"}],"replies":[{"embeddable":true,"href":"https:\/\/permbledhja.com\/sq\/wp-json\/wp\/v2\/comments?post=51631"}],"version-history":[{"count":1,"href":"https:\/\/permbledhja.com\/sq\/wp-json\/wp\/v2\/posts\/51631\/revisions"}],"predecessor-version":[{"id":51633,"href":"https:\/\/permbledhja.com\/sq\/wp-json\/wp\/v2\/posts\/51631\/revisions\/51633"}],"wp:featuredmedia":[{"embeddable":true,"href":"https:\/\/permbledhja.com\/sq\/wp-json\/wp\/v2\/media\/51632"}],"wp:attachment":[{"href":"https:\/\/permbledhja.com\/sq\/wp-json\/wp\/v2\/media?parent=51631"}],"wp:term":[{"taxonomy":"category","embeddable":true,"href":"https:\/\/permbledhja.com\/sq\/wp-json\/wp\/v2\/categories?post=51631"},{"taxonomy":"post_tag","embeddable":true,"href":"https:\/\/permbledhja.com\/sq\/wp-json\/wp\/v2\/tags?post=51631"}],"curies":[{"name":"wp","href":"https:\/\/api.w.org\/{rel}","templated":true}]}}