{"id":51601,"date":"2024-03-07T08:13:41","date_gmt":"2024-03-07T08:13:41","guid":{"rendered":"https:\/\/permbledhja.com\/?p=51601"},"modified":"2024-03-07T08:13:41","modified_gmt":"2024-03-07T08:13:41","slug":"limaj-sjelljet-e-qeverise-kurti-kane-tensionuar-raportet-me-nderkombetaret","status":"publish","type":"post","link":"https:\/\/permbledhja.com\/sq\/limaj-sjelljet-e-qeverise-kurti-kane-tensionuar-raportet-me-nderkombetaret\/","title":{"rendered":"Limaj: Sjelljet e Qeveris\u00eb Kurti kan\u00eb tensionuar raportet me nd\u00ebrkomb\u00ebtar\u00ebt"},"content":{"rendered":"<h3>Kryetari i Nisma Socialdemokrate, Fatmir Limaj, n\u00eb nj\u00eb intervist\u00eb p\u00ebr Ekonomia Online, konsideron se \u201csjelljet e pap\u00ebrgjegjshme\u201d t\u00eb Qeveris\u00eb Kurti e kan\u00eb sjell\u00eb Kosov\u00ebn n\u00eb nj\u00eb situat\u00eb t\u00eb tensionuar me partner\u00ebt nd\u00ebrkomb\u00ebtar.<\/h3>\n<p>N\u00eb k\u00ebt\u00eb intervist\u00eb, Limaj ka folur edhe p\u00ebr \u201cd\u00ebshtimin\u201d e Kosov\u00ebs n\u00eb diplomaci, t\u00eb cil\u00ebn e quan pa orientim politik. Limaj thekson se Kosova e ka humbur mund\u00ebsin\u00eb q\u00eb t\u00eb ndihmohet drejt\u00eb an\u00ebtar\u00ebsimit n\u00eb K\u00ebshillin e Evrop\u00ebs, me fajin e Qeveris\u00eb Kurti.<\/p>\n<p>Limaj thot\u00eb se diplomacia kosovare \u00ebsht\u00eb larg sjelljes s\u00eb njohjeve t\u00eb reja, nd\u00ebrsa kritika ka edhe p\u00ebr m\u00ebnyr\u00ebn e t\u00eb funksionuarit nga disa ambasada n\u00ebp\u00ebr vendet evropiane.<\/p>\n<p>\u201cSjellja e pap\u00ebrgjegjshme, tash kur ka hyr\u00eb kalkuloni ju vizioni strategjik i vendit tuaj po b\u00ebni kalkulime t\u00eb brendshme, veprimet e jashtme i matni me pritje t\u00eb brendshme kjo \u00ebsht\u00eb nj\u00eb situat\u00eb kur keni politika t\u00eb ngushta ditore, por krejt investimi q\u00eb e b\u00ebni e b\u00ebni p\u00ebr nj\u00eb mashtrim ditor, e t\u00eb p\u00ebrkohsh\u00ebm, n\u00eb ashtuquajtura disa vendime populiste, t\u00eb cilat nuk jan\u00eb kuptuara nga miqt\u00eb tan\u00eb edhe her\u00eb her\u00eb jan\u00eb atakuar, ose jan\u00eb kund\u00ebrshtuar nga miqt\u00eb tan\u00eb, dhe kjo nuk ka ndodhur nj\u00ebher\u00eb dy, kjo ka ndodh n\u00eb vazhdim\u00ebsi p\u00ebr tri vite. Shikoni sot cila diplomaci e Kosov\u00ebs m\u00eb thuani nj\u00eb veprim q\u00eb ka b\u00ebr\u00eb diplomacia kosovare? Ne sot e kemi ambasad\u00ebn pa nj\u00eb orientim politik. Ambasadat q\u00eb i ka Kosova sot n\u00eb vend japin nj\u00eb orientim t\u00eb qart\u00eb politik, \u00e7ka duhet me bo ato? Cili \u00ebsht\u00eb roli i tyre. Ma thuani nj\u00eb di\u00e7ka diplomatike t\u00eb r\u00ebnd\u00ebsishme q\u00eb i ka ardhur Kosov\u00ebs, q\u00eb ka l\u00ebn\u00eb nj\u00eb shenj\u00eb diplomatike vendi yn\u00eb, ndonj\u00eb veprim diplomatik. Nuk po them njohje se \u00ebsht\u00eb larg m\u00eb njohje nuk ka\u201d, thot\u00eb Limaj.<\/p>\n<p>Kreu i Nismas thot\u00eb se skandalet e shpeshta, kan\u00eb b\u00ebr\u00eb q\u00eb t\u00eb befasohen edhe aleat\u00ebt dhe t\u00eb ndalet ndihma p\u00ebr an\u00ebtar\u00ebsim n\u00eb organizatat e r\u00ebnd\u00ebsishme nd\u00ebrkomb\u00ebtare.<\/p>\n<p>\u201cN\u00eb vazhdim\u00ebsi kemi pasur skandale, veprime t\u00eb cilat shpesh i kemi befasuar miqt\u00eb tan\u00eb, dhe ata q\u00eb ishin t\u00eb interesuar me na ndihmuar. Kishte hapa konkret p\u00ebr me na ndihmu drejt an\u00ebtar\u00ebsimit n\u00eb K\u00ebshillin e Evrop\u00ebs, por veprimet e qeverisjes son\u00eb, i ndalen edhe ato z\u00ebra mb\u00ebshtet\u00ebs p\u00ebr ta an\u00ebtar\u00ebsuar Kosov\u00ebn n\u00eb K\u00ebshill t\u00eb Evrop\u00ebs. K\u00ebshtu q\u00eb nuk po shohim q\u00eb ka pasur ndonj\u00eb veprim konkret, serioz e t\u00eb dinjitetsh\u00ebm q\u00eb duhet ta ket\u00eb nj\u00eb shtet\u201d, thot\u00eb Limaj. EO<\/p>\n","protected":false},"excerpt":{"rendered":"<p>Kryetari i Nisma Socialdemokrate, Fatmir Limaj, n\u00eb nj\u00eb intervist\u00eb p\u00ebr Ekonomia Online, konsideron se \u201csjelljet e pap\u00ebrgjegjshme\u201d t\u00eb Qeveris\u00eb Kurti e kan\u00eb sjell\u00eb Kosov\u00ebn n\u00eb nj\u00eb situat\u00eb t\u00eb tensionuar me partner\u00ebt nd\u00ebrkomb\u00ebtar. N\u00eb k\u00ebt\u00eb intervist\u00eb, Limaj ka folur edhe p\u00ebr \u201cd\u00ebshtimin\u201d e Kosov\u00ebs n\u00eb diplomaci, t\u00eb cil\u00ebn e quan pa orientim politik. Limaj thekson se [&hellip;]<\/p>\n","protected":false},"author":2,"featured_media":51602,"comment_status":"closed","ping_status":"closed","sticky":false,"template":"","format":"standard","meta":{"_monsterinsights_skip_tracking":false,"_monsterinsights_sitenote_active":false,"_monsterinsights_sitenote_note":"","_monsterinsights_sitenote_category":0,"_uf_show_specific_survey":0,"_uf_disable_surveys":false,"footnotes":""},"categories":[2645],"tags":[1635],"yoast_head":"<!-- This site is optimized with the Yoast SEO plugin v21.5 - https:\/\/yoast.com\/wordpress\/plugins\/seo\/ -->\n<title>Limaj: Sjelljet e Qeveris\u00eb Kurti kan\u00eb tensionuar raportet me nd\u00ebrkomb\u00ebtar\u00ebt<\/title>\n<meta name=\"robots\" content=\"index, follow, max-snippet:-1, max-image-preview:large, max-video-preview:-1\" \/>\n<link rel=\"canonical\" href=\"https:\/\/permbledhja.com\/sq\/limaj-sjelljet-e-qeverise-kurti-kane-tensionuar-raportet-me-nderkombetaret\/\" \/>\n<meta property=\"og:locale\" content=\"sq_AL\" \/>\n<meta property=\"og:type\" content=\"article\" \/>\n<meta property=\"og:title\" content=\"Limaj: Sjelljet e Qeveris\u00eb Kurti kan\u00eb tensionuar raportet me nd\u00ebrkomb\u00ebtar\u00ebt\" \/>\n<meta property=\"og:description\" content=\"Kryetari i Nisma Socialdemokrate, Fatmir Limaj, n\u00eb nj\u00eb intervist\u00eb p\u00ebr Ekonomia Online, konsideron se \u201csjelljet e pap\u00ebrgjegjshme\u201d t\u00eb Qeveris\u00eb Kurti e kan\u00eb sjell\u00eb Kosov\u00ebn n\u00eb nj\u00eb situat\u00eb t\u00eb tensionuar me partner\u00ebt nd\u00ebrkomb\u00ebtar. N\u00eb k\u00ebt\u00eb intervist\u00eb, Limaj ka folur edhe p\u00ebr \u201cd\u00ebshtimin\u201d e Kosov\u00ebs n\u00eb diplomaci, t\u00eb cil\u00ebn e quan pa orientim politik. Limaj thekson se [&hellip;]\" \/>\n<meta property=\"og:url\" content=\"https:\/\/permbledhja.com\/sq\/limaj-sjelljet-e-qeverise-kurti-kane-tensionuar-raportet-me-nderkombetaret\/\" \/>\n<meta property=\"og:site_name\" content=\"Ve\u00e7 artikuj p\u00ebrmbledh\u00ebs\" \/>\n<meta property=\"article:publisher\" content=\"https:\/\/www.facebook.com\/press07\/\" \/>\n<meta property=\"article:published_time\" content=\"2024-03-07T08:13:41+00:00\" \/>\n<meta property=\"og:image\" content=\"https:\/\/permbledhja.com\/wp-content\/uploads\/2024\/03\/Fatmir-Limaj-1.jpg\" \/>\n\t<meta property=\"og:image:width\" content=\"1600\" \/>\n\t<meta property=\"og:image:height\" content=\"900\" \/>\n\t<meta property=\"og:image:type\" content=\"image\/jpeg\" \/>\n<meta name=\"author\" content=\"M M\" \/>\n<meta name=\"twitter:card\" content=\"summary_large_image\" \/>\n<meta name=\"twitter:label1\" content=\"Written by\" \/>\n\t<meta name=\"twitter:data1\" content=\"M M\" \/>\n\t<meta name=\"twitter:label2\" content=\"Est. reading time\" \/>\n\t<meta name=\"twitter:data2\" content=\"3 minuta\" \/>\n<script type=\"application\/ld+json\" class=\"yoast-schema-graph\">{\"@context\":\"https:\/\/schema.org\",\"@graph\":[{\"@type\":\"Article\",\"@id\":\"https:\/\/permbledhja.com\/limaj-sjelljet-e-qeverise-kurti-kane-tensionuar-raportet-me-nderkombetaret\/#article\",\"isPartOf\":{\"@id\":\"https:\/\/permbledhja.com\/limaj-sjelljet-e-qeverise-kurti-kane-tensionuar-raportet-me-nderkombetaret\/\"},\"author\":{\"name\":\"M M\",\"@id\":\"https:\/\/permbledhja.com\/#\/schema\/person\/d23f13f59b5722643933d6780783acf3\"},\"headline\":\"Limaj: Sjelljet e Qeveris\u00eb Kurti kan\u00eb tensionuar raportet me nd\u00ebrkomb\u00ebtar\u00ebt\",\"datePublished\":\"2024-03-07T08:13:41+00:00\",\"dateModified\":\"2024-03-07T08:13:41+00:00\",\"mainEntityOfPage\":{\"@id\":\"https:\/\/permbledhja.com\/limaj-sjelljet-e-qeverise-kurti-kane-tensionuar-raportet-me-nderkombetaret\/\"},\"wordCount\":462,\"publisher\":{\"@id\":\"https:\/\/permbledhja.com\/#organization\"},\"keywords\":[\"Fatmir Limaj\"],\"articleSection\":[\"T\u00eb r\u00ebnd\u00ebsishme\"],\"inLanguage\":\"sq\"},{\"@type\":\"WebPage\",\"@id\":\"https:\/\/permbledhja.com\/limaj-sjelljet-e-qeverise-kurti-kane-tensionuar-raportet-me-nderkombetaret\/\",\"url\":\"https:\/\/permbledhja.com\/limaj-sjelljet-e-qeverise-kurti-kane-tensionuar-raportet-me-nderkombetaret\/\",\"name\":\"Limaj: Sjelljet e Qeveris\u00eb Kurti kan\u00eb tensionuar raportet me nd\u00ebrkomb\u00ebtar\u00ebt\",\"isPartOf\":{\"@id\":\"https:\/\/permbledhja.com\/#website\"},\"datePublished\":\"2024-03-07T08:13:41+00:00\",\"dateModified\":\"2024-03-07T08:13:41+00:00\",\"breadcrumb\":{\"@id\":\"https:\/\/permbledhja.com\/limaj-sjelljet-e-qeverise-kurti-kane-tensionuar-raportet-me-nderkombetaret\/#breadcrumb\"},\"inLanguage\":\"sq\",\"potentialAction\":[{\"@type\":\"ReadAction\",\"target\":[\"https:\/\/permbledhja.com\/limaj-sjelljet-e-qeverise-kurti-kane-tensionuar-raportet-me-nderkombetaret\/\"]}]},{\"@type\":\"BreadcrumbList\",\"@id\":\"https:\/\/permbledhja.com\/limaj-sjelljet-e-qeverise-kurti-kane-tensionuar-raportet-me-nderkombetaret\/#breadcrumb\",\"itemListElement\":[{\"@type\":\"ListItem\",\"position\":1,\"name\":\"Ballina\",\"item\":\"https:\/\/permbledhja.com\/sq\/\"},{\"@type\":\"ListItem\",\"position\":2,\"name\":\"Limaj: Sjelljet e Qeveris\u00eb Kurti kan\u00eb tensionuar raportet me nd\u00ebrkomb\u00ebtar\u00ebt\"}]},{\"@type\":\"WebSite\",\"@id\":\"https:\/\/permbledhja.com\/#website\",\"url\":\"https:\/\/permbledhja.com\/\",\"name\":\"Ve\u00e7 artikuj p\u00ebrmbledh\u00ebs\",\"description\":\"\",\"publisher\":{\"@id\":\"https:\/\/permbledhja.com\/#organization\"},\"potentialAction\":[{\"@type\":\"SearchAction\",\"target\":{\"@type\":\"EntryPoint\",\"urlTemplate\":\"https:\/\/permbledhja.com\/?s={search_term_string}\"},\"query-input\":\"required name=search_term_string\"}],\"inLanguage\":\"sq\"},{\"@type\":\"Organization\",\"@id\":\"https:\/\/permbledhja.com\/#organization\",\"name\":\"MK Media & Pr\",\"url\":\"https:\/\/permbledhja.com\/\",\"logo\":{\"@type\":\"ImageObject\",\"inLanguage\":\"sq\",\"@id\":\"https:\/\/permbledhja.com\/#\/schema\/logo\/image\/\",\"url\":\"https:\/\/permbledhja.com\/wp-content\/uploads\/2021\/12\/07-Press-Logo.jpg\",\"contentUrl\":\"https:\/\/permbledhja.com\/wp-content\/uploads\/2021\/12\/07-Press-Logo.jpg\",\"width\":512,\"height\":512,\"caption\":\"MK Media & Pr\"},\"image\":{\"@id\":\"https:\/\/permbledhja.com\/#\/schema\/logo\/image\/\"},\"sameAs\":[\"https:\/\/www.facebook.com\/press07\/\"]},{\"@type\":\"Person\",\"@id\":\"https:\/\/permbledhja.com\/#\/schema\/person\/d23f13f59b5722643933d6780783acf3\",\"name\":\"M M\",\"image\":{\"@type\":\"ImageObject\",\"inLanguage\":\"sq\",\"@id\":\"https:\/\/permbledhja.com\/#\/schema\/person\/image\/\",\"url\":\"https:\/\/secure.gravatar.com\/avatar\/e2835a76ca7c31a2416b2d51c4ec9a8f?s=96&d=mm&r=g\",\"contentUrl\":\"https:\/\/secure.gravatar.com\/avatar\/e2835a76ca7c31a2416b2d51c4ec9a8f?s=96&d=mm&r=g\",\"caption\":\"M M\"},\"sameAs\":[\"http:\/\/MM\"],\"url\":\"https:\/\/permbledhja.com\/sq\/author\/muhamet\/\"}]}<\/script>\n<!-- \/ Yoast SEO plugin. -->","yoast_head_json":{"title":"Limaj: Sjelljet e Qeveris\u00eb Kurti kan\u00eb tensionuar raportet me nd\u00ebrkomb\u00ebtar\u00ebt","robots":{"index":"index","follow":"follow","max-snippet":"max-snippet:-1","max-image-preview":"max-image-preview:large","max-video-preview":"max-video-preview:-1"},"canonical":"https:\/\/permbledhja.com\/sq\/limaj-sjelljet-e-qeverise-kurti-kane-tensionuar-raportet-me-nderkombetaret\/","og_locale":"sq_AL","og_type":"article","og_title":"Limaj: Sjelljet e Qeveris\u00eb Kurti kan\u00eb tensionuar raportet me nd\u00ebrkomb\u00ebtar\u00ebt","og_description":"Kryetari i Nisma Socialdemokrate, Fatmir Limaj, n\u00eb nj\u00eb intervist\u00eb p\u00ebr Ekonomia Online, konsideron se \u201csjelljet e pap\u00ebrgjegjshme\u201d t\u00eb Qeveris\u00eb Kurti e kan\u00eb sjell\u00eb Kosov\u00ebn n\u00eb nj\u00eb situat\u00eb t\u00eb tensionuar me partner\u00ebt nd\u00ebrkomb\u00ebtar. N\u00eb k\u00ebt\u00eb intervist\u00eb, Limaj ka folur edhe p\u00ebr \u201cd\u00ebshtimin\u201d e Kosov\u00ebs n\u00eb diplomaci, t\u00eb cil\u00ebn e quan pa orientim politik. Limaj thekson se [&hellip;]","og_url":"https:\/\/permbledhja.com\/sq\/limaj-sjelljet-e-qeverise-kurti-kane-tensionuar-raportet-me-nderkombetaret\/","og_site_name":"Ve\u00e7 artikuj p\u00ebrmbledh\u00ebs","article_publisher":"https:\/\/www.facebook.com\/press07\/","article_published_time":"2024-03-07T08:13:41+00:00","og_image":[{"width":1600,"height":900,"url":"https:\/\/permbledhja.com\/wp-content\/uploads\/2024\/03\/Fatmir-Limaj-1.jpg","type":"image\/jpeg"}],"author":"M M","twitter_card":"summary_large_image","twitter_misc":{"Written by":"M M","Est. reading time":"3 minuta"},"schema":{"@context":"https:\/\/schema.org","@graph":[{"@type":"Article","@id":"https:\/\/permbledhja.com\/limaj-sjelljet-e-qeverise-kurti-kane-tensionuar-raportet-me-nderkombetaret\/#article","isPartOf":{"@id":"https:\/\/permbledhja.com\/limaj-sjelljet-e-qeverise-kurti-kane-tensionuar-raportet-me-nderkombetaret\/"},"author":{"name":"M M","@id":"https:\/\/permbledhja.com\/#\/schema\/person\/d23f13f59b5722643933d6780783acf3"},"headline":"Limaj: Sjelljet e Qeveris\u00eb Kurti kan\u00eb tensionuar raportet me nd\u00ebrkomb\u00ebtar\u00ebt","datePublished":"2024-03-07T08:13:41+00:00","dateModified":"2024-03-07T08:13:41+00:00","mainEntityOfPage":{"@id":"https:\/\/permbledhja.com\/limaj-sjelljet-e-qeverise-kurti-kane-tensionuar-raportet-me-nderkombetaret\/"},"wordCount":462,"publisher":{"@id":"https:\/\/permbledhja.com\/#organization"},"keywords":["Fatmir Limaj"],"articleSection":["T\u00eb r\u00ebnd\u00ebsishme"],"inLanguage":"sq"},{"@type":"WebPage","@id":"https:\/\/permbledhja.com\/limaj-sjelljet-e-qeverise-kurti-kane-tensionuar-raportet-me-nderkombetaret\/","url":"https:\/\/permbledhja.com\/limaj-sjelljet-e-qeverise-kurti-kane-tensionuar-raportet-me-nderkombetaret\/","name":"Limaj: Sjelljet e Qeveris\u00eb Kurti kan\u00eb tensionuar raportet me nd\u00ebrkomb\u00ebtar\u00ebt","isPartOf":{"@id":"https:\/\/permbledhja.com\/#website"},"datePublished":"2024-03-07T08:13:41+00:00","dateModified":"2024-03-07T08:13:41+00:00","breadcrumb":{"@id":"https:\/\/permbledhja.com\/limaj-sjelljet-e-qeverise-kurti-kane-tensionuar-raportet-me-nderkombetaret\/#breadcrumb"},"inLanguage":"sq","potentialAction":[{"@type":"ReadAction","target":["https:\/\/permbledhja.com\/limaj-sjelljet-e-qeverise-kurti-kane-tensionuar-raportet-me-nderkombetaret\/"]}]},{"@type":"BreadcrumbList","@id":"https:\/\/permbledhja.com\/limaj-sjelljet-e-qeverise-kurti-kane-tensionuar-raportet-me-nderkombetaret\/#breadcrumb","itemListElement":[{"@type":"ListItem","position":1,"name":"Ballina","item":"https:\/\/permbledhja.com\/sq\/"},{"@type":"ListItem","position":2,"name":"Limaj: Sjelljet e Qeveris\u00eb Kurti kan\u00eb tensionuar raportet me nd\u00ebrkomb\u00ebtar\u00ebt"}]},{"@type":"WebSite","@id":"https:\/\/permbledhja.com\/#website","url":"https:\/\/permbledhja.com\/","name":"Ve\u00e7 artikuj p\u00ebrmbledh\u00ebs","description":"","publisher":{"@id":"https:\/\/permbledhja.com\/#organization"},"potentialAction":[{"@type":"SearchAction","target":{"@type":"EntryPoint","urlTemplate":"https:\/\/permbledhja.com\/?s={search_term_string}"},"query-input":"required name=search_term_string"}],"inLanguage":"sq"},{"@type":"Organization","@id":"https:\/\/permbledhja.com\/#organization","name":"MK Media & Pr","url":"https:\/\/permbledhja.com\/","logo":{"@type":"ImageObject","inLanguage":"sq","@id":"https:\/\/permbledhja.com\/#\/schema\/logo\/image\/","url":"https:\/\/permbledhja.com\/wp-content\/uploads\/2021\/12\/07-Press-Logo.jpg","contentUrl":"https:\/\/permbledhja.com\/wp-content\/uploads\/2021\/12\/07-Press-Logo.jpg","width":512,"height":512,"caption":"MK Media & Pr"},"image":{"@id":"https:\/\/permbledhja.com\/#\/schema\/logo\/image\/"},"sameAs":["https:\/\/www.facebook.com\/press07\/"]},{"@type":"Person","@id":"https:\/\/permbledhja.com\/#\/schema\/person\/d23f13f59b5722643933d6780783acf3","name":"M M","image":{"@type":"ImageObject","inLanguage":"sq","@id":"https:\/\/permbledhja.com\/#\/schema\/person\/image\/","url":"https:\/\/secure.gravatar.com\/avatar\/e2835a76ca7c31a2416b2d51c4ec9a8f?s=96&d=mm&r=g","contentUrl":"https:\/\/secure.gravatar.com\/avatar\/e2835a76ca7c31a2416b2d51c4ec9a8f?s=96&d=mm&r=g","caption":"M M"},"sameAs":["http:\/\/MM"],"url":"https:\/\/permbledhja.com\/sq\/author\/muhamet\/"}]}},"_links":{"self":[{"href":"https:\/\/permbledhja.com\/sq\/wp-json\/wp\/v2\/posts\/51601"}],"collection":[{"href":"https:\/\/permbledhja.com\/sq\/wp-json\/wp\/v2\/posts"}],"about":[{"href":"https:\/\/permbledhja.com\/sq\/wp-json\/wp\/v2\/types\/post"}],"author":[{"embeddable":true,"href":"https:\/\/permbledhja.com\/sq\/wp-json\/wp\/v2\/users\/2"}],"replies":[{"embeddable":true,"href":"https:\/\/permbledhja.com\/sq\/wp-json\/wp\/v2\/comments?post=51601"}],"version-history":[{"count":2,"href":"https:\/\/permbledhja.com\/sq\/wp-json\/wp\/v2\/posts\/51601\/revisions"}],"predecessor-version":[{"id":51604,"href":"https:\/\/permbledhja.com\/sq\/wp-json\/wp\/v2\/posts\/51601\/revisions\/51604"}],"wp:featuredmedia":[{"embeddable":true,"href":"https:\/\/permbledhja.com\/sq\/wp-json\/wp\/v2\/media\/51602"}],"wp:attachment":[{"href":"https:\/\/permbledhja.com\/sq\/wp-json\/wp\/v2\/media?parent=51601"}],"wp:term":[{"taxonomy":"category","embeddable":true,"href":"https:\/\/permbledhja.com\/sq\/wp-json\/wp\/v2\/categories?post=51601"},{"taxonomy":"post_tag","embeddable":true,"href":"https:\/\/permbledhja.com\/sq\/wp-json\/wp\/v2\/tags?post=51601"}],"curies":[{"name":"wp","href":"https:\/\/api.w.org\/{rel}","templated":true}]}}