{"id":51515,"date":"2024-03-06T16:53:11","date_gmt":"2024-03-06T16:53:11","guid":{"rendered":"https:\/\/permbledhja.com\/?p=51515"},"modified":"2024-03-06T16:53:11","modified_gmt":"2024-03-06T16:53:11","slug":"kuvendi-neser-mban-seance-plenare-ky-eshte-rendi-i-dites","status":"publish","type":"post","link":"https:\/\/permbledhja.com\/sq\/kuvendi-neser-mban-seance-plenare-ky-eshte-rendi-i-dites\/","title":{"rendered":"Kuvendi nes\u00ebr mban seanc\u00eb plenare, ky \u00ebsht\u00eb rendi i dit\u00ebs"},"content":{"rendered":"<h3>Kuvendi i Kosov\u00ebs nes\u00ebr do t\u00eb mbaj\u00eb seanc\u00eb plenare nga ora 10:00.<\/h3>\n<p>Ky \u00ebsht\u00eb rendi i dit\u00ebs:<\/p>\n<ol>\n<li>Miratimi i procesverbalit nga seanca e m\u00ebparshme,<\/li>\n<li>Betimi i Komisioneres Parlamentare p\u00ebr Forc\u00ebn e Siguris\u00eb s\u00eb Kosov\u00ebs, znj. Remzie Zeqiraj,<\/li>\n<li>3.\u00a0 Deklarimet jasht\u00eb rendit t\u00eb dit\u00ebs,<\/li>\n<li>4.\u00a0 Pyetjet parlamentare,<\/li>\n<li>5.\u00a0 Votimi i Projektligjit nr.08\/L-234 p\u00ebr ratifikimin e Marr\u00ebveshjes s\u00eb kredis\u00eb p\u00ebr programin e financave publike dhe rritjes ekonomike nd\u00ebrmjet Republik\u00ebs s\u00eb Kosov\u00ebs dhe Fondit OPEC p\u00ebr Zhvillim Nd\u00ebrkomb\u00ebtar,<\/li>\n<li>6.\u00a0 Votimi i Projektligjit nr.08\/L-236 p\u00ebr ratifikimin e Traktatit nd\u00ebrmjet Republik\u00ebs s\u00eb Kosov\u00ebs dhe Mbret\u00ebris\u00eb s\u00eb Danimark\u00ebs p\u00ebr shfryt\u00ebzimin e institucionit korrektues n\u00eb Gjilan me q\u00ebllim t\u00eb ekzekutimit t\u00eb d\u00ebnimeve daneze,<\/li>\n<li>7.\u00a0 Votimi i Projektligjit nr.08\/L-253 p\u00ebr Aderimin e Republik\u00ebs s\u00eb Kosov\u00ebs n\u00eb Konvent\u00ebn p\u00ebr Importin e P\u00ebrkohsh\u00ebm,<\/li>\n<li>8.\u00a0 Votimi i Projektligjit nr.08\/L-254 p\u00ebr ratifikimin e Marr\u00ebveshjes nd\u00ebrkomb\u00ebtare nd\u00ebrmjet Kosov\u00ebs nga nj\u00ebra an\u00eb dhe Bashkimit Evropian nga ana tjet\u00ebr p\u00ebr pjes\u00ebmarrjen e Kosov\u00ebs n\u00eb Programin e bashkimit programi i tregut t\u00eb vet\u00ebm,<\/li>\n<li>9.\u00a0 Votimi i Projektligjit nr. 08\/L-259 p\u00ebr Ratifikimin e Marr\u00ebveshjes s\u00eb Financimit nd\u00ebrmjet Republik\u00ebs s\u00eb Kosov\u00ebs, e p\u00ebrfaq\u00ebsuar nga Ministria e Financave, Pun\u00ebs dhe Transfereve, dhe Asociacionit Nd\u00ebrkomb\u00ebtar p\u00ebr Zhvillim p\u00ebr projektin \u201cProjekti p\u00ebr forcimin e qeverisjes digjitale p\u00ebr ofrimin e sh\u00ebrbimeve\u201d,<\/li>\n<li>10.\u00a0 Votimi i Projektligjit nr.08\/L-263 p\u00ebr ratifikimin e Marr\u00ebveshjes p\u00ebr sigurime sociale nd\u00ebrmjet Republik\u00ebs s\u00eb Kosov\u00ebs dhe Mbret\u00ebris\u00eb s\u00eb Holand\u00ebs,<\/li>\n<li>11. Votimi i Projektligjit nr.08\/L-271 p\u00ebr\u00a0 ratifikimin e Marr\u00ebveshjes nd\u00ebrkomb\u00ebtare nd\u00ebrmjet Qeveris\u00eb s\u00eb Kosov\u00ebs, t\u00eb p\u00ebrfaq\u00ebsuar nga Ministria e Financave, Pun\u00ebs dhe Transfereve dhe Qeveris\u00eb s\u00eb Konfederat\u00ebs Zvicerane, t\u00eb p\u00ebrfaq\u00ebsuar nga Sekretariati shtet\u00ebror p\u00ebr \u00e7\u00ebshtje ekonomike p\u00ebr Projektin e \u201cq\u00ebndrueshm\u00ebris\u00eb klimatike n\u00eb sektorin e uj\u00ebrave n\u00eb Kosov\u00eb\u201d,<\/li>\n<li>12. Votimi i Projektligjit nr.08\/L-273 p\u00ebr\u00a0 ratifikimin e Marr\u00ebveshjes s\u00eb financimit n\u00eb mes t\u00eb Republik\u00ebs s\u00eb Kosov\u00ebs, p\u00ebrfaq\u00ebsuar nga Ministria e Financave, Pun\u00ebs dhe Transfereve, Korporata Energjetike e Kosov\u00ebs (KEK), dhe KF\u00cb, Frankfurt Am Main, p\u00ebr Programin e energjis\u00eb solare I (solar4kosovo I) Fotovoltaik,<\/li>\n<li>13. Votimi i Projektligjit nr.08\/L-281 p\u00ebr ratifikimin e Marr\u00ebveshjes nd\u00ebrkomb\u00ebtare,\u00a0 p\u00ebr\u00a0 pjes\u00ebmarrjen e Kosov\u00ebs n\u00eb programin e Bashkimit Evropian \u201cEvropa digjitale p\u00ebr periudh\u00ebn 2021-2027\u201d nd\u00ebrmjet Republik\u00ebs s\u00eb Kosov\u00ebs dhe Bashkimit Evropian,<\/li>\n<li>14. Shqyrtimi i Projektligjit nr.08\/L-270 p\u00ebr ratifikimin e Marr\u00ebveshjes nd\u00ebrmjet Republik\u00ebs s\u00eb Kosov\u00ebs dhe Bashkimit Evropian mbi pjes\u00ebmarrjen e Kosov\u00ebs n\u00eb Programin e BE-s\u00eb qytetar\u00ebt, barazia, t\u00eb drejtat dhe vlerat,<\/li>\n<li>15. Shqyrtimi i Projektligjit nr.08\/L-280 p\u00ebr ratifikimin e \u201camendamentimit nr.3 t\u00eb Marr\u00ebveshjes financiare nd\u00ebrmjet Republik\u00ebs s\u00eb Kosov\u00ebs dhe Bashkimit Evropian p\u00ebr programin IPA 2015\u201d,<\/li>\n<li>16.\u00a0 Votimi n\u00eb lexim t\u00eb dyt\u00eb i Projektligjit nr.08\/L-212 p\u00ebr sh\u00ebndetin riprodhues dhe fertilizim t\u00eb asistuar mjek\u00ebsor,<\/li>\n<li>17.\u00a0 Votimi n\u00eb parim i Projektligjit nr.08\/L-249 p\u00ebr ndryshimin dhe plot\u00ebsimin e Ligjit nr.06\/L-056\u00a0 p\u00ebr K\u00ebshillin Prokurorial t\u00eb Kosov\u00ebs,<\/li>\n<li>18. Votimi n\u00eb parim i Projektligjit nr.08\/L-289 p\u00ebr Komisionin e Pavarur t\u00eb Mediave,<\/li>\n<li>19.\u00a0 Votimi n\u00eb parim i Projektligjit nr.08\/L-277 p\u00ebr sport,<\/li>\n<li>20.\u00a0 Votimi n\u00eb parim i Projektligjit nr.08\/L-207 p\u00ebr tekstet shkollore,<\/li>\n<li>21.\u00a0 Votimi n\u00eb parim i Projektligjit nr.08\/L-266 p\u00ebr gjendjen civile,<\/li>\n<li>22.\u00a0 Votimi i\u00a0 Propozim-rezolut\u00ebs p\u00ebr gjendjen n\u00eb sh\u00ebndet\u00ebsi dhe sigurimet sh\u00ebndet\u00ebsore,<\/li>\n<li>23.\u00a0 Votimi p\u00ebr themelimin e Organit P\u00ebrzgjedh\u00ebs t\u00eb Pavarur p\u00ebr p\u00ebrzgjedhjen e kandidat\u00ebve p\u00ebr nj\u00eb (1) an\u00ebtar t\u00eb Organit<\/li>\n<li>\u00a0\u00a0 Shqyrtues t\u00eb Prokurimit,<\/li>\n<li>24.\u00a0 Votimi p\u00ebr themelimin e Komisionit Hetimor Parlamentar lidhur me nivelin e menaxhimit t\u00eb marr\u00ebdh\u00ebnies s\u00eb pun\u00ebs t\u00eb an\u00ebtar\u00ebve t\u00eb Sh\u00ebrbimit t\u00eb Jasht\u00ebm dhe zyrtar\u00ebve t\u00eb Ministris\u00eb s\u00eb Pun\u00ebve t\u00eb Jashtme dhe Diaspor\u00ebs,<\/li>\n<li>25.\u00a0 Votimi p\u00ebr themelimin e Komisionit Hetimor Parlamentar mbi p\u00ebrgjegj\u00ebsit\u00eb ekzekutive t\u00eb Ministris\u00eb s\u00eb Drejt\u00ebsis\u00eb n\u00eb raport me zjarret e dyshimta n\u00eb Institutin e Mjek\u00ebsis\u00eb Ligjore, zhdukjen e mostrave n\u00eb rastin e Astrit Deharit dhe \u00e7do veprimi e mosveprimi t\u00eb k\u00ebsaj ministrie q\u00eb ka cenuar pavar\u00ebsin\u00eb dhe p\u00ebrgjegj\u00ebsit\u00eb ligjore t\u00eb k\u00ebtij instituti,<\/li>\n<li>26.\u00a0 Zgjedhja e nj\u00eb (1) an\u00ebtari t\u00eb K\u00ebshillit Prokurorial t\u00eb Kosov\u00ebs, p\u00ebrfaq\u00ebsues nga shoq\u00ebria civile,<\/li>\n<li>27.\u00a0 Zgjedhja e kat\u00ebr (4) an\u00ebtar\u00ebve t\u00eb Bordit t\u00eb Radiotelevizionit t\u00eb Kosov\u00ebs, prej tyre tre (3) nga radh\u00ebt e komunitetit shqiptar\u00eb dhe nj\u00eb (1) nga radh\u00ebt e komunitetit serb\u00eb,<\/li>\n<li>28.\u00a0 Shqyrtimi i Projekt-rezolut\u00ebs p\u00ebr adresimin e \u00e7\u00ebshtjes s\u00eb emigrimit t\u00eb qytetar\u00ebve nga Republika e Kosov\u00ebs,<\/li>\n<li>29.\u00a0 Shqyrtimi i Projektrezolut\u00ebs p\u00ebr vler\u00ebsimin e pun\u00ebs s\u00eb Autoritetit Rregullator p\u00ebr Sh\u00ebrbimet e Ujit p\u00ebr vitin 2022,<\/li>\n<li>30.\u00a0 Shqyrtimi i Projektrezolut\u00ebs p\u00ebr vler\u00ebsimin e pun\u00ebs s\u00eb Agjencis\u00eb Kosovare t\u00eb Privatizimit p\u00ebr vitin 2022.<\/li>\n<\/ol>\n","protected":false},"excerpt":{"rendered":"<p>Kuvendi i Kosov\u00ebs nes\u00ebr do t\u00eb mbaj\u00eb seanc\u00eb plenare nga ora 10:00. Ky \u00ebsht\u00eb rendi i dit\u00ebs: Miratimi i procesverbalit nga seanca e m\u00ebparshme, Betimi i Komisioneres Parlamentare p\u00ebr Forc\u00ebn e Siguris\u00eb s\u00eb Kosov\u00ebs, znj. Remzie Zeqiraj, 3.\u00a0 Deklarimet jasht\u00eb rendit t\u00eb dit\u00ebs, 4.\u00a0 Pyetjet parlamentare, 5.\u00a0 Votimi i Projektligjit nr.08\/L-234 p\u00ebr ratifikimin e Marr\u00ebveshjes [&hellip;]<\/p>\n","protected":false},"author":5,"featured_media":49448,"comment_status":"closed","ping_status":"closed","sticky":false,"template":"","format":"standard","meta":{"_monsterinsights_skip_tracking":false,"_monsterinsights_sitenote_active":false,"_monsterinsights_sitenote_note":"","_monsterinsights_sitenote_category":0,"_uf_show_specific_survey":0,"_uf_disable_surveys":false,"footnotes":""},"categories":[15],"tags":[],"yoast_head":"<!-- This site is optimized with the Yoast SEO plugin v21.5 - https:\/\/yoast.com\/wordpress\/plugins\/seo\/ -->\n<title>Kuvendi nes\u00ebr mban seanc\u00eb plenare, ky \u00ebsht\u00eb rendi i dit\u00ebs<\/title>\n<meta name=\"robots\" content=\"index, follow, max-snippet:-1, max-image-preview:large, max-video-preview:-1\" \/>\n<link rel=\"canonical\" href=\"https:\/\/permbledhja.com\/sq\/kuvendi-neser-mban-seance-plenare-ky-eshte-rendi-i-dites\/\" \/>\n<meta property=\"og:locale\" content=\"sq_AL\" \/>\n<meta property=\"og:type\" content=\"article\" \/>\n<meta property=\"og:title\" content=\"Kuvendi nes\u00ebr mban seanc\u00eb plenare, ky \u00ebsht\u00eb rendi i dit\u00ebs\" \/>\n<meta property=\"og:description\" content=\"Kuvendi i Kosov\u00ebs nes\u00ebr do t\u00eb mbaj\u00eb seanc\u00eb plenare nga ora 10:00. Ky \u00ebsht\u00eb rendi i dit\u00ebs: Miratimi i procesverbalit nga seanca e m\u00ebparshme, Betimi i Komisioneres Parlamentare p\u00ebr Forc\u00ebn e Siguris\u00eb s\u00eb Kosov\u00ebs, znj. Remzie Zeqiraj, 3.\u00a0 Deklarimet jasht\u00eb rendit t\u00eb dit\u00ebs, 4.\u00a0 Pyetjet parlamentare, 5.\u00a0 Votimi i Projektligjit nr.08\/L-234 p\u00ebr ratifikimin e Marr\u00ebveshjes [&hellip;]\" \/>\n<meta property=\"og:url\" content=\"https:\/\/permbledhja.com\/sq\/kuvendi-neser-mban-seance-plenare-ky-eshte-rendi-i-dites\/\" \/>\n<meta property=\"og:site_name\" content=\"Ve\u00e7 artikuj p\u00ebrmbledh\u00ebs\" \/>\n<meta property=\"article:publisher\" content=\"https:\/\/www.facebook.com\/press07\/\" \/>\n<meta property=\"article:published_time\" content=\"2024-03-06T16:53:11+00:00\" \/>\n<meta property=\"og:image\" content=\"https:\/\/permbledhja.com\/wp-content\/uploads\/2024\/02\/kuvendi-2.jpg\" \/>\n\t<meta property=\"og:image:width\" content=\"2144\" \/>\n\t<meta property=\"og:image:height\" content=\"1424\" \/>\n\t<meta property=\"og:image:type\" content=\"image\/jpeg\" \/>\n<meta name=\"author\" content=\"DL\" \/>\n<meta name=\"twitter:card\" content=\"summary_large_image\" \/>\n<meta name=\"twitter:label1\" content=\"Written by\" \/>\n\t<meta name=\"twitter:data1\" content=\"DL\" \/>\n\t<meta name=\"twitter:label2\" content=\"Est. reading time\" \/>\n\t<meta name=\"twitter:data2\" content=\"4 minuta\" \/>\n<script type=\"application\/ld+json\" class=\"yoast-schema-graph\">{\"@context\":\"https:\/\/schema.org\",\"@graph\":[{\"@type\":\"Article\",\"@id\":\"https:\/\/permbledhja.com\/kuvendi-neser-mban-seance-plenare-ky-eshte-rendi-i-dites\/#article\",\"isPartOf\":{\"@id\":\"https:\/\/permbledhja.com\/kuvendi-neser-mban-seance-plenare-ky-eshte-rendi-i-dites\/\"},\"author\":{\"name\":\"DL\",\"@id\":\"https:\/\/permbledhja.com\/#\/schema\/person\/9c54260cbc4c6f792cb100550491638c\"},\"headline\":\"Kuvendi nes\u00ebr mban seanc\u00eb plenare, ky \u00ebsht\u00eb rendi i dit\u00ebs\",\"datePublished\":\"2024-03-06T16:53:11+00:00\",\"dateModified\":\"2024-03-06T16:53:11+00:00\",\"mainEntityOfPage\":{\"@id\":\"https:\/\/permbledhja.com\/kuvendi-neser-mban-seance-plenare-ky-eshte-rendi-i-dites\/\"},\"wordCount\":875,\"publisher\":{\"@id\":\"https:\/\/permbledhja.com\/#organization\"},\"articleSection\":[\"Lajme\"],\"inLanguage\":\"sq\"},{\"@type\":\"WebPage\",\"@id\":\"https:\/\/permbledhja.com\/kuvendi-neser-mban-seance-plenare-ky-eshte-rendi-i-dites\/\",\"url\":\"https:\/\/permbledhja.com\/kuvendi-neser-mban-seance-plenare-ky-eshte-rendi-i-dites\/\",\"name\":\"Kuvendi nes\u00ebr mban seanc\u00eb plenare, ky \u00ebsht\u00eb rendi i dit\u00ebs\",\"isPartOf\":{\"@id\":\"https:\/\/permbledhja.com\/#website\"},\"datePublished\":\"2024-03-06T16:53:11+00:00\",\"dateModified\":\"2024-03-06T16:53:11+00:00\",\"breadcrumb\":{\"@id\":\"https:\/\/permbledhja.com\/kuvendi-neser-mban-seance-plenare-ky-eshte-rendi-i-dites\/#breadcrumb\"},\"inLanguage\":\"sq\",\"potentialAction\":[{\"@type\":\"ReadAction\",\"target\":[\"https:\/\/permbledhja.com\/kuvendi-neser-mban-seance-plenare-ky-eshte-rendi-i-dites\/\"]}]},{\"@type\":\"BreadcrumbList\",\"@id\":\"https:\/\/permbledhja.com\/kuvendi-neser-mban-seance-plenare-ky-eshte-rendi-i-dites\/#breadcrumb\",\"itemListElement\":[{\"@type\":\"ListItem\",\"position\":1,\"name\":\"Ballina\",\"item\":\"https:\/\/permbledhja.com\/sq\/\"},{\"@type\":\"ListItem\",\"position\":2,\"name\":\"Kuvendi nes\u00ebr mban seanc\u00eb plenare, ky \u00ebsht\u00eb rendi i dit\u00ebs\"}]},{\"@type\":\"WebSite\",\"@id\":\"https:\/\/permbledhja.com\/#website\",\"url\":\"https:\/\/permbledhja.com\/\",\"name\":\"Ve\u00e7 artikuj p\u00ebrmbledh\u00ebs\",\"description\":\"\",\"publisher\":{\"@id\":\"https:\/\/permbledhja.com\/#organization\"},\"potentialAction\":[{\"@type\":\"SearchAction\",\"target\":{\"@type\":\"EntryPoint\",\"urlTemplate\":\"https:\/\/permbledhja.com\/?s={search_term_string}\"},\"query-input\":\"required name=search_term_string\"}],\"inLanguage\":\"sq\"},{\"@type\":\"Organization\",\"@id\":\"https:\/\/permbledhja.com\/#organization\",\"name\":\"MK Media & Pr\",\"url\":\"https:\/\/permbledhja.com\/\",\"logo\":{\"@type\":\"ImageObject\",\"inLanguage\":\"sq\",\"@id\":\"https:\/\/permbledhja.com\/#\/schema\/logo\/image\/\",\"url\":\"https:\/\/permbledhja.com\/wp-content\/uploads\/2021\/12\/07-Press-Logo.jpg\",\"contentUrl\":\"https:\/\/permbledhja.com\/wp-content\/uploads\/2021\/12\/07-Press-Logo.jpg\",\"width\":512,\"height\":512,\"caption\":\"MK Media & Pr\"},\"image\":{\"@id\":\"https:\/\/permbledhja.com\/#\/schema\/logo\/image\/\"},\"sameAs\":[\"https:\/\/www.facebook.com\/press07\/\"]},{\"@type\":\"Person\",\"@id\":\"https:\/\/permbledhja.com\/#\/schema\/person\/9c54260cbc4c6f792cb100550491638c\",\"name\":\"DL\",\"image\":{\"@type\":\"ImageObject\",\"inLanguage\":\"sq\",\"@id\":\"https:\/\/permbledhja.com\/#\/schema\/person\/image\/\",\"url\":\"https:\/\/secure.gravatar.com\/avatar\/94503eb28d4c4b2005a5c8753e35fc80?s=96&d=mm&r=g\",\"contentUrl\":\"https:\/\/secure.gravatar.com\/avatar\/94503eb28d4c4b2005a5c8753e35fc80?s=96&d=mm&r=g\",\"caption\":\"DL\"},\"url\":\"https:\/\/permbledhja.com\/sq\/author\/dl\/\"}]}<\/script>\n<!-- \/ Yoast SEO plugin. -->","yoast_head_json":{"title":"Kuvendi nes\u00ebr mban seanc\u00eb plenare, ky \u00ebsht\u00eb rendi i dit\u00ebs","robots":{"index":"index","follow":"follow","max-snippet":"max-snippet:-1","max-image-preview":"max-image-preview:large","max-video-preview":"max-video-preview:-1"},"canonical":"https:\/\/permbledhja.com\/sq\/kuvendi-neser-mban-seance-plenare-ky-eshte-rendi-i-dites\/","og_locale":"sq_AL","og_type":"article","og_title":"Kuvendi nes\u00ebr mban seanc\u00eb plenare, ky \u00ebsht\u00eb rendi i dit\u00ebs","og_description":"Kuvendi i Kosov\u00ebs nes\u00ebr do t\u00eb mbaj\u00eb seanc\u00eb plenare nga ora 10:00. Ky \u00ebsht\u00eb rendi i dit\u00ebs: Miratimi i procesverbalit nga seanca e m\u00ebparshme, Betimi i Komisioneres Parlamentare p\u00ebr Forc\u00ebn e Siguris\u00eb s\u00eb Kosov\u00ebs, znj. Remzie Zeqiraj, 3.\u00a0 Deklarimet jasht\u00eb rendit t\u00eb dit\u00ebs, 4.\u00a0 Pyetjet parlamentare, 5.\u00a0 Votimi i Projektligjit nr.08\/L-234 p\u00ebr ratifikimin e Marr\u00ebveshjes [&hellip;]","og_url":"https:\/\/permbledhja.com\/sq\/kuvendi-neser-mban-seance-plenare-ky-eshte-rendi-i-dites\/","og_site_name":"Ve\u00e7 artikuj p\u00ebrmbledh\u00ebs","article_publisher":"https:\/\/www.facebook.com\/press07\/","article_published_time":"2024-03-06T16:53:11+00:00","og_image":[{"width":2144,"height":1424,"url":"https:\/\/permbledhja.com\/wp-content\/uploads\/2024\/02\/kuvendi-2.jpg","type":"image\/jpeg"}],"author":"DL","twitter_card":"summary_large_image","twitter_misc":{"Written by":"DL","Est. reading time":"4 minuta"},"schema":{"@context":"https:\/\/schema.org","@graph":[{"@type":"Article","@id":"https:\/\/permbledhja.com\/kuvendi-neser-mban-seance-plenare-ky-eshte-rendi-i-dites\/#article","isPartOf":{"@id":"https:\/\/permbledhja.com\/kuvendi-neser-mban-seance-plenare-ky-eshte-rendi-i-dites\/"},"author":{"name":"DL","@id":"https:\/\/permbledhja.com\/#\/schema\/person\/9c54260cbc4c6f792cb100550491638c"},"headline":"Kuvendi nes\u00ebr mban seanc\u00eb plenare, ky \u00ebsht\u00eb rendi i dit\u00ebs","datePublished":"2024-03-06T16:53:11+00:00","dateModified":"2024-03-06T16:53:11+00:00","mainEntityOfPage":{"@id":"https:\/\/permbledhja.com\/kuvendi-neser-mban-seance-plenare-ky-eshte-rendi-i-dites\/"},"wordCount":875,"publisher":{"@id":"https:\/\/permbledhja.com\/#organization"},"articleSection":["Lajme"],"inLanguage":"sq"},{"@type":"WebPage","@id":"https:\/\/permbledhja.com\/kuvendi-neser-mban-seance-plenare-ky-eshte-rendi-i-dites\/","url":"https:\/\/permbledhja.com\/kuvendi-neser-mban-seance-plenare-ky-eshte-rendi-i-dites\/","name":"Kuvendi nes\u00ebr mban seanc\u00eb plenare, ky \u00ebsht\u00eb rendi i dit\u00ebs","isPartOf":{"@id":"https:\/\/permbledhja.com\/#website"},"datePublished":"2024-03-06T16:53:11+00:00","dateModified":"2024-03-06T16:53:11+00:00","breadcrumb":{"@id":"https:\/\/permbledhja.com\/kuvendi-neser-mban-seance-plenare-ky-eshte-rendi-i-dites\/#breadcrumb"},"inLanguage":"sq","potentialAction":[{"@type":"ReadAction","target":["https:\/\/permbledhja.com\/kuvendi-neser-mban-seance-plenare-ky-eshte-rendi-i-dites\/"]}]},{"@type":"BreadcrumbList","@id":"https:\/\/permbledhja.com\/kuvendi-neser-mban-seance-plenare-ky-eshte-rendi-i-dites\/#breadcrumb","itemListElement":[{"@type":"ListItem","position":1,"name":"Ballina","item":"https:\/\/permbledhja.com\/sq\/"},{"@type":"ListItem","position":2,"name":"Kuvendi nes\u00ebr mban seanc\u00eb plenare, ky \u00ebsht\u00eb rendi i dit\u00ebs"}]},{"@type":"WebSite","@id":"https:\/\/permbledhja.com\/#website","url":"https:\/\/permbledhja.com\/","name":"Ve\u00e7 artikuj p\u00ebrmbledh\u00ebs","description":"","publisher":{"@id":"https:\/\/permbledhja.com\/#organization"},"potentialAction":[{"@type":"SearchAction","target":{"@type":"EntryPoint","urlTemplate":"https:\/\/permbledhja.com\/?s={search_term_string}"},"query-input":"required name=search_term_string"}],"inLanguage":"sq"},{"@type":"Organization","@id":"https:\/\/permbledhja.com\/#organization","name":"MK Media & Pr","url":"https:\/\/permbledhja.com\/","logo":{"@type":"ImageObject","inLanguage":"sq","@id":"https:\/\/permbledhja.com\/#\/schema\/logo\/image\/","url":"https:\/\/permbledhja.com\/wp-content\/uploads\/2021\/12\/07-Press-Logo.jpg","contentUrl":"https:\/\/permbledhja.com\/wp-content\/uploads\/2021\/12\/07-Press-Logo.jpg","width":512,"height":512,"caption":"MK Media & Pr"},"image":{"@id":"https:\/\/permbledhja.com\/#\/schema\/logo\/image\/"},"sameAs":["https:\/\/www.facebook.com\/press07\/"]},{"@type":"Person","@id":"https:\/\/permbledhja.com\/#\/schema\/person\/9c54260cbc4c6f792cb100550491638c","name":"DL","image":{"@type":"ImageObject","inLanguage":"sq","@id":"https:\/\/permbledhja.com\/#\/schema\/person\/image\/","url":"https:\/\/secure.gravatar.com\/avatar\/94503eb28d4c4b2005a5c8753e35fc80?s=96&d=mm&r=g","contentUrl":"https:\/\/secure.gravatar.com\/avatar\/94503eb28d4c4b2005a5c8753e35fc80?s=96&d=mm&r=g","caption":"DL"},"url":"https:\/\/permbledhja.com\/sq\/author\/dl\/"}]}},"_links":{"self":[{"href":"https:\/\/permbledhja.com\/sq\/wp-json\/wp\/v2\/posts\/51515"}],"collection":[{"href":"https:\/\/permbledhja.com\/sq\/wp-json\/wp\/v2\/posts"}],"about":[{"href":"https:\/\/permbledhja.com\/sq\/wp-json\/wp\/v2\/types\/post"}],"author":[{"embeddable":true,"href":"https:\/\/permbledhja.com\/sq\/wp-json\/wp\/v2\/users\/5"}],"replies":[{"embeddable":true,"href":"https:\/\/permbledhja.com\/sq\/wp-json\/wp\/v2\/comments?post=51515"}],"version-history":[{"count":2,"href":"https:\/\/permbledhja.com\/sq\/wp-json\/wp\/v2\/posts\/51515\/revisions"}],"predecessor-version":[{"id":51517,"href":"https:\/\/permbledhja.com\/sq\/wp-json\/wp\/v2\/posts\/51515\/revisions\/51517"}],"wp:featuredmedia":[{"embeddable":true,"href":"https:\/\/permbledhja.com\/sq\/wp-json\/wp\/v2\/media\/49448"}],"wp:attachment":[{"href":"https:\/\/permbledhja.com\/sq\/wp-json\/wp\/v2\/media?parent=51515"}],"wp:term":[{"taxonomy":"category","embeddable":true,"href":"https:\/\/permbledhja.com\/sq\/wp-json\/wp\/v2\/categories?post=51515"},{"taxonomy":"post_tag","embeddable":true,"href":"https:\/\/permbledhja.com\/sq\/wp-json\/wp\/v2\/tags?post=51515"}],"curies":[{"name":"wp","href":"https:\/\/api.w.org\/{rel}","templated":true}]}}