{"id":51487,"date":"2024-03-06T14:20:38","date_gmt":"2024-03-06T14:20:38","guid":{"rendered":"https:\/\/permbledhja.com\/?p=51487"},"modified":"2024-03-06T14:23:12","modified_gmt":"2024-03-06T14:23:12","slug":"ftesa-e-prokurorise-ndaj-mehmetajt-hoti-nuk-guxojme-te-mbyllim-syte-para-ketyre-veprimeve","status":"publish","type":"post","link":"https:\/\/permbledhja.com\/sq\/ftesa-e-prokurorise-ndaj-mehmetajt-hoti-nuk-guxojme-te-mbyllim-syte-para-ketyre-veprimeve\/","title":{"rendered":"Ftesa e Prokuroris\u00eb ndaj Mehmetajt, Hoti: Nuk guxojm\u00eb t\u00eb mbyllim syt\u00eb para k\u00ebtyre veprimeve"},"content":{"rendered":"<h3>Deputeti i Kuvendit t\u00eb Republik\u00ebs s\u00eb Kosov\u00ebs nga radh\u00ebt e Lidhjes Demokratike t\u00eb Kosov\u00ebs, Avdullah Hoti, ka reaguar pas ftes\u00ebs s\u00eb Prokuroris\u00eb Themelore n\u00eb Prishtin\u00eb ndaj gazetarit, Lirim Mehmetaj, i cili \u00ebsht\u00eb ftuar p\u00ebr intervistim n\u00eb cil\u00ebsin\u00eb e t\u00eb dyshuarit.<\/h3>\n<p>P\u00ebrmes nj\u00eb postimi n\u00eb rrjetin social Facebook, Hoti ka th\u00ebn\u00eb se ka qen\u00eb gjuha e urrejtjes q\u00eb ka p\u00ebrdorur L\u00ebvizja Vet\u00ebvendosje sa ishte n\u00eb opozit\u00eb, ka shtyr\u00eb turmat t\u00eb marrin veprime radikale ndaj zyrtar\u00ebve shtet\u00ebror\u00eb, t\u00eb partive politike e objekteve t\u00eb institucioneve.<\/p>\n<p>Sipas tij, shteti tani po merret me gazetarin Mehmetaj.<\/p>\n<p>\u201cGjuha e urrejtjes q\u00eb ka p\u00ebrdorur partia, e cila tani \u00ebsht\u00eb n\u00eb pushtet, ndaj kujtdo q\u00eb e ka kritikuar sa ishte n\u00eb opozit\u00eb ka shtyr\u00eb turmat: t\u00eb d\u00ebmtojn\u00eb objektin e Qeveris\u00eb, t\u00eb d\u00ebmtojn\u00eb veturat zyrtare para Ministris\u00eb s\u00eb Tregtis\u00eb dhe Industris\u00eb, t\u00eb djegin veturat private t\u00eb disa zyrtar\u00ebve, t\u00eb lin\u00e7ojn\u00eb zyrtar\u00eb t\u00eb shtetit e t\u00eb partive politike, gazetar\u00eb e analist\u00eb.<\/p>\n<p>Askush nuk \u00ebsht\u00eb thirrur n\u00eb p\u00ebrgjegj\u00ebsi p\u00ebr gjuh\u00ebn e urrejtjes dhe nxitjes. Bile po lirohen edhe p\u00ebr gazin lot\u00ebsjell\u00ebs t\u00eb hedhur n\u00eb Kuvend, t\u00eb cilin veprim e ka par\u00eb gjith\u00eb bota p\u00ebrve\u00e7 gjykat\u00ebs.<\/p>\n<p>Tani merren me nj\u00eb gazetar, i cili \u00ebsht\u00eb i pa kompromis ndaj qeverisjes s\u00eb mbrapsht\u00eb q\u00eb ka katandisur vendin n\u00eb armiq\u00ebsi me bot\u00ebn demokratike.<\/p>\n<p>Un\u00eb jam me gazetarin Lirim Mehmetaj. Un\u00eb do t\u2019i bashkohem \u00e7do proteste q\u00eb i del n\u00eb mbrojtje atij dhe t\u00eb tjer\u00ebve q\u00eb flasin lirsh\u00ebm, q\u00eb flasin sipas bindjeve t\u00eb tyre.<\/p>\n<p>Demokracia duhet t\u00eb mbrohet, jo vet\u00ebm me mb\u00ebshtetje n\u00eb rrjete sociale. Ne nuk guxojm\u00eb t\u00eb mbyllim syt\u00eb para k\u00ebtyre veprimeve\u201d, shkroi Hoti.<\/p>\n","protected":false},"excerpt":{"rendered":"<p>Deputeti i Kuvendit t\u00eb Republik\u00ebs s\u00eb Kosov\u00ebs nga radh\u00ebt e Lidhjes Demokratike t\u00eb Kosov\u00ebs, Avdullah Hoti, ka reaguar pas ftes\u00ebs s\u00eb Prokuroris\u00eb Themelore n\u00eb Prishtin\u00eb ndaj gazetarit, Lirim Mehmetaj, i cili \u00ebsht\u00eb ftuar p\u00ebr intervistim n\u00eb cil\u00ebsin\u00eb e t\u00eb dyshuarit. P\u00ebrmes nj\u00eb postimi n\u00eb rrjetin social Facebook, Hoti ka th\u00ebn\u00eb se ka qen\u00eb gjuha e [&hellip;]<\/p>\n","protected":false},"author":2,"featured_media":51488,"comment_status":"closed","ping_status":"closed","sticky":false,"template":"","format":"standard","meta":{"_monsterinsights_skip_tracking":false,"_monsterinsights_sitenote_active":false,"_monsterinsights_sitenote_note":"","_monsterinsights_sitenote_category":0,"_uf_show_specific_survey":0,"_uf_disable_surveys":false,"footnotes":""},"categories":[15],"tags":[751],"yoast_head":"<!-- This site is optimized with the Yoast SEO plugin v21.5 - https:\/\/yoast.com\/wordpress\/plugins\/seo\/ -->\n<title>Ftesa e Prokuroris\u00eb ndaj Mehmetajt, Hoti: Nuk guxojm\u00eb t\u00eb mbyllim syt\u00eb para k\u00ebtyre veprimeve<\/title>\n<meta name=\"robots\" content=\"index, follow, max-snippet:-1, max-image-preview:large, max-video-preview:-1\" \/>\n<link rel=\"canonical\" href=\"https:\/\/permbledhja.com\/sq\/ftesa-e-prokurorise-ndaj-mehmetajt-hoti-nuk-guxojme-te-mbyllim-syte-para-ketyre-veprimeve\/\" \/>\n<meta property=\"og:locale\" content=\"sq_AL\" \/>\n<meta property=\"og:type\" content=\"article\" \/>\n<meta property=\"og:title\" content=\"Ftesa e Prokuroris\u00eb ndaj Mehmetajt, Hoti: Nuk guxojm\u00eb t\u00eb mbyllim syt\u00eb para k\u00ebtyre veprimeve\" \/>\n<meta property=\"og:description\" content=\"Deputeti i Kuvendit t\u00eb Republik\u00ebs s\u00eb Kosov\u00ebs nga radh\u00ebt e Lidhjes Demokratike t\u00eb Kosov\u00ebs, Avdullah Hoti, ka reaguar pas ftes\u00ebs s\u00eb Prokuroris\u00eb Themelore n\u00eb Prishtin\u00eb ndaj gazetarit, Lirim Mehmetaj, i cili \u00ebsht\u00eb ftuar p\u00ebr intervistim n\u00eb cil\u00ebsin\u00eb e t\u00eb dyshuarit. P\u00ebrmes nj\u00eb postimi n\u00eb rrjetin social Facebook, Hoti ka th\u00ebn\u00eb se ka qen\u00eb gjuha e [&hellip;]\" \/>\n<meta property=\"og:url\" content=\"https:\/\/permbledhja.com\/sq\/ftesa-e-prokurorise-ndaj-mehmetajt-hoti-nuk-guxojme-te-mbyllim-syte-para-ketyre-veprimeve\/\" \/>\n<meta property=\"og:site_name\" content=\"Ve\u00e7 artikuj p\u00ebrmbledh\u00ebs\" \/>\n<meta property=\"article:publisher\" content=\"https:\/\/www.facebook.com\/press07\/\" \/>\n<meta property=\"article:published_time\" content=\"2024-03-06T14:20:38+00:00\" \/>\n<meta property=\"article:modified_time\" content=\"2024-03-06T14:23:12+00:00\" \/>\n<meta property=\"og:image\" content=\"https:\/\/permbledhja.com\/wp-content\/uploads\/2024\/03\/avdullah-hoti-ii.png\" \/>\n\t<meta property=\"og:image:width\" content=\"985\" \/>\n\t<meta property=\"og:image:height\" content=\"685\" \/>\n\t<meta property=\"og:image:type\" content=\"image\/png\" \/>\n<meta name=\"author\" content=\"M M\" \/>\n<meta name=\"twitter:card\" content=\"summary_large_image\" \/>\n<meta name=\"twitter:label1\" content=\"Written by\" \/>\n\t<meta name=\"twitter:data1\" content=\"M M\" \/>\n\t<meta name=\"twitter:label2\" content=\"Est. reading time\" \/>\n\t<meta name=\"twitter:data2\" content=\"2 minuta\" \/>\n<script type=\"application\/ld+json\" class=\"yoast-schema-graph\">{\"@context\":\"https:\/\/schema.org\",\"@graph\":[{\"@type\":\"Article\",\"@id\":\"https:\/\/permbledhja.com\/sq\/ftesa-e-prokurorise-ndaj-mehmetajt-hoti-nuk-guxojme-te-mbyllim-syte-para-ketyre-veprimeve\/#article\",\"isPartOf\":{\"@id\":\"https:\/\/permbledhja.com\/sq\/ftesa-e-prokurorise-ndaj-mehmetajt-hoti-nuk-guxojme-te-mbyllim-syte-para-ketyre-veprimeve\/\"},\"author\":{\"name\":\"M M\",\"@id\":\"https:\/\/permbledhja.com\/#\/schema\/person\/d23f13f59b5722643933d6780783acf3\"},\"headline\":\"Ftesa e Prokuroris\u00eb ndaj Mehmetajt, Hoti: Nuk guxojm\u00eb t\u00eb mbyllim syt\u00eb para k\u00ebtyre veprimeve\",\"datePublished\":\"2024-03-06T14:20:38+00:00\",\"dateModified\":\"2024-03-06T14:23:12+00:00\",\"mainEntityOfPage\":{\"@id\":\"https:\/\/permbledhja.com\/sq\/ftesa-e-prokurorise-ndaj-mehmetajt-hoti-nuk-guxojme-te-mbyllim-syte-para-ketyre-veprimeve\/\"},\"wordCount\":311,\"publisher\":{\"@id\":\"https:\/\/permbledhja.com\/#organization\"},\"keywords\":[\"Avdullah Hoti\"],\"articleSection\":[\"Lajme\"],\"inLanguage\":\"sq\"},{\"@type\":\"WebPage\",\"@id\":\"https:\/\/permbledhja.com\/sq\/ftesa-e-prokurorise-ndaj-mehmetajt-hoti-nuk-guxojme-te-mbyllim-syte-para-ketyre-veprimeve\/\",\"url\":\"https:\/\/permbledhja.com\/sq\/ftesa-e-prokurorise-ndaj-mehmetajt-hoti-nuk-guxojme-te-mbyllim-syte-para-ketyre-veprimeve\/\",\"name\":\"Ftesa e Prokuroris\u00eb ndaj Mehmetajt, Hoti: Nuk guxojm\u00eb t\u00eb mbyllim syt\u00eb para k\u00ebtyre veprimeve\",\"isPartOf\":{\"@id\":\"https:\/\/permbledhja.com\/#website\"},\"datePublished\":\"2024-03-06T14:20:38+00:00\",\"dateModified\":\"2024-03-06T14:23:12+00:00\",\"breadcrumb\":{\"@id\":\"https:\/\/permbledhja.com\/sq\/ftesa-e-prokurorise-ndaj-mehmetajt-hoti-nuk-guxojme-te-mbyllim-syte-para-ketyre-veprimeve\/#breadcrumb\"},\"inLanguage\":\"sq\",\"potentialAction\":[{\"@type\":\"ReadAction\",\"target\":[\"https:\/\/permbledhja.com\/sq\/ftesa-e-prokurorise-ndaj-mehmetajt-hoti-nuk-guxojme-te-mbyllim-syte-para-ketyre-veprimeve\/\"]}]},{\"@type\":\"BreadcrumbList\",\"@id\":\"https:\/\/permbledhja.com\/sq\/ftesa-e-prokurorise-ndaj-mehmetajt-hoti-nuk-guxojme-te-mbyllim-syte-para-ketyre-veprimeve\/#breadcrumb\",\"itemListElement\":[{\"@type\":\"ListItem\",\"position\":1,\"name\":\"Ballina\",\"item\":\"https:\/\/permbledhja.com\/sq\/\"},{\"@type\":\"ListItem\",\"position\":2,\"name\":\"Ftesa e Prokuroris\u00eb ndaj Mehmetajt, Hoti: Nuk guxojm\u00eb t\u00eb mbyllim syt\u00eb para k\u00ebtyre veprimeve\"}]},{\"@type\":\"WebSite\",\"@id\":\"https:\/\/permbledhja.com\/#website\",\"url\":\"https:\/\/permbledhja.com\/\",\"name\":\"Ve\u00e7 artikuj p\u00ebrmbledh\u00ebs\",\"description\":\"\",\"publisher\":{\"@id\":\"https:\/\/permbledhja.com\/#organization\"},\"potentialAction\":[{\"@type\":\"SearchAction\",\"target\":{\"@type\":\"EntryPoint\",\"urlTemplate\":\"https:\/\/permbledhja.com\/?s={search_term_string}\"},\"query-input\":\"required name=search_term_string\"}],\"inLanguage\":\"sq\"},{\"@type\":\"Organization\",\"@id\":\"https:\/\/permbledhja.com\/#organization\",\"name\":\"MK Media & Pr\",\"url\":\"https:\/\/permbledhja.com\/\",\"logo\":{\"@type\":\"ImageObject\",\"inLanguage\":\"sq\",\"@id\":\"https:\/\/permbledhja.com\/#\/schema\/logo\/image\/\",\"url\":\"https:\/\/permbledhja.com\/wp-content\/uploads\/2021\/12\/07-Press-Logo.jpg\",\"contentUrl\":\"https:\/\/permbledhja.com\/wp-content\/uploads\/2021\/12\/07-Press-Logo.jpg\",\"width\":512,\"height\":512,\"caption\":\"MK Media & Pr\"},\"image\":{\"@id\":\"https:\/\/permbledhja.com\/#\/schema\/logo\/image\/\"},\"sameAs\":[\"https:\/\/www.facebook.com\/press07\/\"]},{\"@type\":\"Person\",\"@id\":\"https:\/\/permbledhja.com\/#\/schema\/person\/d23f13f59b5722643933d6780783acf3\",\"name\":\"M M\",\"image\":{\"@type\":\"ImageObject\",\"inLanguage\":\"sq\",\"@id\":\"https:\/\/permbledhja.com\/#\/schema\/person\/image\/\",\"url\":\"https:\/\/secure.gravatar.com\/avatar\/e2835a76ca7c31a2416b2d51c4ec9a8f?s=96&d=mm&r=g\",\"contentUrl\":\"https:\/\/secure.gravatar.com\/avatar\/e2835a76ca7c31a2416b2d51c4ec9a8f?s=96&d=mm&r=g\",\"caption\":\"M M\"},\"sameAs\":[\"http:\/\/MM\"],\"url\":\"https:\/\/permbledhja.com\/sq\/author\/muhamet\/\"}]}<\/script>\n<!-- \/ Yoast SEO plugin. -->","yoast_head_json":{"title":"Ftesa e Prokuroris\u00eb ndaj Mehmetajt, Hoti: Nuk guxojm\u00eb t\u00eb mbyllim syt\u00eb para k\u00ebtyre veprimeve","robots":{"index":"index","follow":"follow","max-snippet":"max-snippet:-1","max-image-preview":"max-image-preview:large","max-video-preview":"max-video-preview:-1"},"canonical":"https:\/\/permbledhja.com\/sq\/ftesa-e-prokurorise-ndaj-mehmetajt-hoti-nuk-guxojme-te-mbyllim-syte-para-ketyre-veprimeve\/","og_locale":"sq_AL","og_type":"article","og_title":"Ftesa e Prokuroris\u00eb ndaj Mehmetajt, Hoti: Nuk guxojm\u00eb t\u00eb mbyllim syt\u00eb para k\u00ebtyre veprimeve","og_description":"Deputeti i Kuvendit t\u00eb Republik\u00ebs s\u00eb Kosov\u00ebs nga radh\u00ebt e Lidhjes Demokratike t\u00eb Kosov\u00ebs, Avdullah Hoti, ka reaguar pas ftes\u00ebs s\u00eb Prokuroris\u00eb Themelore n\u00eb Prishtin\u00eb ndaj gazetarit, Lirim Mehmetaj, i cili \u00ebsht\u00eb ftuar p\u00ebr intervistim n\u00eb cil\u00ebsin\u00eb e t\u00eb dyshuarit. P\u00ebrmes nj\u00eb postimi n\u00eb rrjetin social Facebook, Hoti ka th\u00ebn\u00eb se ka qen\u00eb gjuha e [&hellip;]","og_url":"https:\/\/permbledhja.com\/sq\/ftesa-e-prokurorise-ndaj-mehmetajt-hoti-nuk-guxojme-te-mbyllim-syte-para-ketyre-veprimeve\/","og_site_name":"Ve\u00e7 artikuj p\u00ebrmbledh\u00ebs","article_publisher":"https:\/\/www.facebook.com\/press07\/","article_published_time":"2024-03-06T14:20:38+00:00","article_modified_time":"2024-03-06T14:23:12+00:00","og_image":[{"width":985,"height":685,"url":"https:\/\/permbledhja.com\/wp-content\/uploads\/2024\/03\/avdullah-hoti-ii.png","type":"image\/png"}],"author":"M M","twitter_card":"summary_large_image","twitter_misc":{"Written by":"M M","Est. reading time":"2 minuta"},"schema":{"@context":"https:\/\/schema.org","@graph":[{"@type":"Article","@id":"https:\/\/permbledhja.com\/sq\/ftesa-e-prokurorise-ndaj-mehmetajt-hoti-nuk-guxojme-te-mbyllim-syte-para-ketyre-veprimeve\/#article","isPartOf":{"@id":"https:\/\/permbledhja.com\/sq\/ftesa-e-prokurorise-ndaj-mehmetajt-hoti-nuk-guxojme-te-mbyllim-syte-para-ketyre-veprimeve\/"},"author":{"name":"M M","@id":"https:\/\/permbledhja.com\/#\/schema\/person\/d23f13f59b5722643933d6780783acf3"},"headline":"Ftesa e Prokuroris\u00eb ndaj Mehmetajt, Hoti: Nuk guxojm\u00eb t\u00eb mbyllim syt\u00eb para k\u00ebtyre veprimeve","datePublished":"2024-03-06T14:20:38+00:00","dateModified":"2024-03-06T14:23:12+00:00","mainEntityOfPage":{"@id":"https:\/\/permbledhja.com\/sq\/ftesa-e-prokurorise-ndaj-mehmetajt-hoti-nuk-guxojme-te-mbyllim-syte-para-ketyre-veprimeve\/"},"wordCount":311,"publisher":{"@id":"https:\/\/permbledhja.com\/#organization"},"keywords":["Avdullah Hoti"],"articleSection":["Lajme"],"inLanguage":"sq"},{"@type":"WebPage","@id":"https:\/\/permbledhja.com\/sq\/ftesa-e-prokurorise-ndaj-mehmetajt-hoti-nuk-guxojme-te-mbyllim-syte-para-ketyre-veprimeve\/","url":"https:\/\/permbledhja.com\/sq\/ftesa-e-prokurorise-ndaj-mehmetajt-hoti-nuk-guxojme-te-mbyllim-syte-para-ketyre-veprimeve\/","name":"Ftesa e Prokuroris\u00eb ndaj Mehmetajt, Hoti: Nuk guxojm\u00eb t\u00eb mbyllim syt\u00eb para k\u00ebtyre veprimeve","isPartOf":{"@id":"https:\/\/permbledhja.com\/#website"},"datePublished":"2024-03-06T14:20:38+00:00","dateModified":"2024-03-06T14:23:12+00:00","breadcrumb":{"@id":"https:\/\/permbledhja.com\/sq\/ftesa-e-prokurorise-ndaj-mehmetajt-hoti-nuk-guxojme-te-mbyllim-syte-para-ketyre-veprimeve\/#breadcrumb"},"inLanguage":"sq","potentialAction":[{"@type":"ReadAction","target":["https:\/\/permbledhja.com\/sq\/ftesa-e-prokurorise-ndaj-mehmetajt-hoti-nuk-guxojme-te-mbyllim-syte-para-ketyre-veprimeve\/"]}]},{"@type":"BreadcrumbList","@id":"https:\/\/permbledhja.com\/sq\/ftesa-e-prokurorise-ndaj-mehmetajt-hoti-nuk-guxojme-te-mbyllim-syte-para-ketyre-veprimeve\/#breadcrumb","itemListElement":[{"@type":"ListItem","position":1,"name":"Ballina","item":"https:\/\/permbledhja.com\/sq\/"},{"@type":"ListItem","position":2,"name":"Ftesa e Prokuroris\u00eb ndaj Mehmetajt, Hoti: Nuk guxojm\u00eb t\u00eb mbyllim syt\u00eb para k\u00ebtyre veprimeve"}]},{"@type":"WebSite","@id":"https:\/\/permbledhja.com\/#website","url":"https:\/\/permbledhja.com\/","name":"Ve\u00e7 artikuj p\u00ebrmbledh\u00ebs","description":"","publisher":{"@id":"https:\/\/permbledhja.com\/#organization"},"potentialAction":[{"@type":"SearchAction","target":{"@type":"EntryPoint","urlTemplate":"https:\/\/permbledhja.com\/?s={search_term_string}"},"query-input":"required name=search_term_string"}],"inLanguage":"sq"},{"@type":"Organization","@id":"https:\/\/permbledhja.com\/#organization","name":"MK Media & Pr","url":"https:\/\/permbledhja.com\/","logo":{"@type":"ImageObject","inLanguage":"sq","@id":"https:\/\/permbledhja.com\/#\/schema\/logo\/image\/","url":"https:\/\/permbledhja.com\/wp-content\/uploads\/2021\/12\/07-Press-Logo.jpg","contentUrl":"https:\/\/permbledhja.com\/wp-content\/uploads\/2021\/12\/07-Press-Logo.jpg","width":512,"height":512,"caption":"MK Media & Pr"},"image":{"@id":"https:\/\/permbledhja.com\/#\/schema\/logo\/image\/"},"sameAs":["https:\/\/www.facebook.com\/press07\/"]},{"@type":"Person","@id":"https:\/\/permbledhja.com\/#\/schema\/person\/d23f13f59b5722643933d6780783acf3","name":"M M","image":{"@type":"ImageObject","inLanguage":"sq","@id":"https:\/\/permbledhja.com\/#\/schema\/person\/image\/","url":"https:\/\/secure.gravatar.com\/avatar\/e2835a76ca7c31a2416b2d51c4ec9a8f?s=96&d=mm&r=g","contentUrl":"https:\/\/secure.gravatar.com\/avatar\/e2835a76ca7c31a2416b2d51c4ec9a8f?s=96&d=mm&r=g","caption":"M M"},"sameAs":["http:\/\/MM"],"url":"https:\/\/permbledhja.com\/sq\/author\/muhamet\/"}]}},"_links":{"self":[{"href":"https:\/\/permbledhja.com\/sq\/wp-json\/wp\/v2\/posts\/51487"}],"collection":[{"href":"https:\/\/permbledhja.com\/sq\/wp-json\/wp\/v2\/posts"}],"about":[{"href":"https:\/\/permbledhja.com\/sq\/wp-json\/wp\/v2\/types\/post"}],"author":[{"embeddable":true,"href":"https:\/\/permbledhja.com\/sq\/wp-json\/wp\/v2\/users\/2"}],"replies":[{"embeddable":true,"href":"https:\/\/permbledhja.com\/sq\/wp-json\/wp\/v2\/comments?post=51487"}],"version-history":[{"count":1,"href":"https:\/\/permbledhja.com\/sq\/wp-json\/wp\/v2\/posts\/51487\/revisions"}],"predecessor-version":[{"id":51489,"href":"https:\/\/permbledhja.com\/sq\/wp-json\/wp\/v2\/posts\/51487\/revisions\/51489"}],"wp:featuredmedia":[{"embeddable":true,"href":"https:\/\/permbledhja.com\/sq\/wp-json\/wp\/v2\/media\/51488"}],"wp:attachment":[{"href":"https:\/\/permbledhja.com\/sq\/wp-json\/wp\/v2\/media?parent=51487"}],"wp:term":[{"taxonomy":"category","embeddable":true,"href":"https:\/\/permbledhja.com\/sq\/wp-json\/wp\/v2\/categories?post=51487"},{"taxonomy":"post_tag","embeddable":true,"href":"https:\/\/permbledhja.com\/sq\/wp-json\/wp\/v2\/tags?post=51487"}],"curies":[{"name":"wp","href":"https:\/\/api.w.org\/{rel}","templated":true}]}}