{"id":51484,"date":"2024-03-06T14:04:46","date_gmt":"2024-03-06T14:04:46","guid":{"rendered":"https:\/\/permbledhja.com\/?p=51484"},"modified":"2024-03-06T14:04:46","modified_gmt":"2024-03-06T14:04:46","slug":"mesazhi-i-lajcak-heqja-e-masave-te-be-se-varet-nga-dergimi-i-zajednices-ne-kushtetuese","status":"publish","type":"post","link":"https:\/\/permbledhja.com\/sq\/mesazhi-i-lajcak-heqja-e-masave-te-be-se-varet-nga-dergimi-i-zajednices-ne-kushtetuese\/","title":{"rendered":"Mesazhi i Laj\u00e7ak \u2013 Heqja e masave t\u00eb BE-s\u00eb varet nga d\u00ebrgimi i Zajednic\u00ebs n\u00eb Kushtetuese"},"content":{"rendered":"<h3>Kryeministri Albin Kurti duket se ka b\u00ebr\u00eb nj\u00eb \u201cautogol\u201d t\u00eb r\u00ebnd\u00eb n\u00eb procesin dialogues me Serbin\u00eb.<\/h3>\n<p>Marr\u00ebveshja dhe aneksi q\u00eb pranoi n\u00eb Bruksel e Oh\u00ebr i ka dal\u00eb \u201cthik\u00eb me dy teha\u201d kryeministrit Kurti, shkruan Demokracia.com.<\/p>\n<p>N\u00eb marr\u00ebveshje parashihet themelimi i \u201cAsociacionit t\u00eb komunave me shumic\u00eb serbe\u201d apo si\u00e7 parap\u00eblqen ta quaj\u00eb Kurti, \u201cZajednica\u201d.<\/p>\n<p>Pranimi i marr\u00ebveshjes e moszbatimi i saj po rezulton t\u00eb ket\u00eb d\u00ebme t\u00eb m\u00ebdha. Heqja e masave nd\u00ebshkuese t\u00eb BE-s\u00eb karshi Kosov\u00ebs \u00ebsht\u00eb i lidhur me zbatimin e marr\u00ebveshjes, ku p\u00ebrfshihet \u201cZajednica\u201d q\u00eb e ka pranuar Kurti.<\/p>\n<p>Emisari i BE-s\u00eb p\u00ebr dialogun Kosov\u00eb-Serbi, Miroslav Laj\u00e7ak, dje q\u00ebndroi n\u00eb Kosov\u00eb ku u takua me kryenegociatorin Besnik Bislimi.<\/p>\n<p>Pas takimit, Laj\u00e7ak zbuloi se heqja e masave nd\u00ebrlidhet me d\u00ebrgimin e \u201cZajednic\u00ebs\u201d n\u00eb Kushtetuese.<\/p>\n<p>\u201cReagimi im i menj\u00ebhersh\u00ebm pas Banjsk\u00ebs ishte thirrja p\u00ebr heqjen e masave p\u00ebr hir solidariteti. Kam pasur shum\u00eb diskutime p\u00ebr k\u00ebt\u00eb tem\u00eb brenda strukturave t\u00eb BE-s\u00eb, por edhe me shtetet an\u00ebtare dhe jo t\u00eb gjith\u00eb e ndanin pik\u00ebpamjen time, pasi q\u00eb ndjenja e ndar\u00eb nga shum\u00eb an\u00ebtar\u00eb \u00ebsht\u00eb se BE-ja d\u00ebshiron t\u00eb shoh nj\u00eb sinjal t\u00eb qart\u00eb pozitiv nga Qeveria e Kosov\u00ebs\u201d, ishte shprehur fillimisht Laj\u00e7ak.<\/p>\n<p>\u201cNj\u00eb nga ato opsione q\u00eb sigurisht do t\u00eb konsiderohej si sinjal pozitiv ishte mund\u00ebsimi i zgjedhjeve t\u00eb reja t\u00eb shpejta lokale n\u00eb veri t\u00eb Kosov\u00ebs dhe m\u00ebnyra m\u00eb e shpejt\u00eb vazhdon t\u00eb jet\u00eb dor\u00ebheqja e kryetar\u00ebve t\u00eb komunave. Nj\u00eb sinjal tjet\u00ebr pozitiv do t\u00eb ishte d\u00ebrgimi i Draftstatutit Evropian p\u00ebr themelimin e Asociacionit t\u00eb Komunave me Shumic\u00eb Serbe n\u00eb Gjykat\u00ebn Kushtetuese p\u00ebr shqyrtim ligjor. Fatkeq\u00ebsisht, asnj\u00eb nga k\u00ebto nuk ka ndodhur\u201d, tha tutje emisari evropian.<\/p>\n<p>Kryeministri Kurti po k\u00ebrkon q\u00eb marr\u00ebveshja e dakorduar n\u00eb Bruksel t\u00eb n\u00ebnshkruhet, por ShBA ia ka b\u00ebr\u00eb me dije disa her\u00eb se marr\u00ebveshja \u00ebsht\u00eb e obligueshme ligj\u00ebrisht edhe pa n\u00ebnshkrime.<\/p>\n","protected":false},"excerpt":{"rendered":"<p>Kryeministri Albin Kurti duket se ka b\u00ebr\u00eb nj\u00eb \u201cautogol\u201d t\u00eb r\u00ebnd\u00eb n\u00eb procesin dialogues me Serbin\u00eb. Marr\u00ebveshja dhe aneksi q\u00eb pranoi n\u00eb Bruksel e Oh\u00ebr i ka dal\u00eb \u201cthik\u00eb me dy teha\u201d kryeministrit Kurti, shkruan Demokracia.com. N\u00eb marr\u00ebveshje parashihet themelimi i \u201cAsociacionit t\u00eb komunave me shumic\u00eb serbe\u201d apo si\u00e7 parap\u00eblqen ta quaj\u00eb Kurti, \u201cZajednica\u201d. Pranimi [&hellip;]<\/p>\n","protected":false},"author":2,"featured_media":51485,"comment_status":"closed","ping_status":"closed","sticky":false,"template":"","format":"standard","meta":{"_monsterinsights_skip_tracking":false,"_monsterinsights_sitenote_active":false,"_monsterinsights_sitenote_note":"","_monsterinsights_sitenote_category":0,"_uf_show_specific_survey":0,"_uf_disable_surveys":false,"footnotes":""},"categories":[1146],"tags":[1354],"yoast_head":"<!-- This site is optimized with the Yoast SEO plugin v21.5 - https:\/\/yoast.com\/wordpress\/plugins\/seo\/ -->\n<title>Mesazhi i Laj\u00e7ak \u2013 Heqja e masave t\u00eb BE-s\u00eb varet nga d\u00ebrgimi i Zajednic\u00ebs n\u00eb Kushtetuese<\/title>\n<meta name=\"robots\" content=\"index, follow, max-snippet:-1, max-image-preview:large, max-video-preview:-1\" \/>\n<link rel=\"canonical\" href=\"https:\/\/permbledhja.com\/sq\/mesazhi-i-lajcak-heqja-e-masave-te-be-se-varet-nga-dergimi-i-zajednices-ne-kushtetuese\/\" \/>\n<meta property=\"og:locale\" content=\"sq_AL\" \/>\n<meta property=\"og:type\" content=\"article\" \/>\n<meta property=\"og:title\" content=\"Mesazhi i Laj\u00e7ak \u2013 Heqja e masave t\u00eb BE-s\u00eb varet nga d\u00ebrgimi i Zajednic\u00ebs n\u00eb Kushtetuese\" \/>\n<meta property=\"og:description\" content=\"Kryeministri Albin Kurti duket se ka b\u00ebr\u00eb nj\u00eb \u201cautogol\u201d t\u00eb r\u00ebnd\u00eb n\u00eb procesin dialogues me Serbin\u00eb. Marr\u00ebveshja dhe aneksi q\u00eb pranoi n\u00eb Bruksel e Oh\u00ebr i ka dal\u00eb \u201cthik\u00eb me dy teha\u201d kryeministrit Kurti, shkruan Demokracia.com. N\u00eb marr\u00ebveshje parashihet themelimi i \u201cAsociacionit t\u00eb komunave me shumic\u00eb serbe\u201d apo si\u00e7 parap\u00eblqen ta quaj\u00eb Kurti, \u201cZajednica\u201d. Pranimi [&hellip;]\" \/>\n<meta property=\"og:url\" content=\"https:\/\/permbledhja.com\/sq\/mesazhi-i-lajcak-heqja-e-masave-te-be-se-varet-nga-dergimi-i-zajednices-ne-kushtetuese\/\" \/>\n<meta property=\"og:site_name\" content=\"Ve\u00e7 artikuj p\u00ebrmbledh\u00ebs\" \/>\n<meta property=\"article:publisher\" content=\"https:\/\/www.facebook.com\/press07\/\" \/>\n<meta property=\"article:published_time\" content=\"2024-03-06T14:04:46+00:00\" \/>\n<meta property=\"og:image\" content=\"https:\/\/permbledhja.com\/wp-content\/uploads\/2024\/03\/lajcak-kurti-e1719428175219.jpg\" \/>\n\t<meta property=\"og:image:width\" content=\"1402\" \/>\n\t<meta property=\"og:image:height\" content=\"957\" \/>\n\t<meta property=\"og:image:type\" content=\"image\/jpeg\" \/>\n<meta name=\"author\" content=\"M M\" \/>\n<meta name=\"twitter:card\" content=\"summary_large_image\" \/>\n<meta name=\"twitter:label1\" content=\"Written by\" \/>\n\t<meta name=\"twitter:data1\" content=\"M M\" \/>\n\t<meta name=\"twitter:label2\" content=\"Est. reading time\" \/>\n\t<meta name=\"twitter:data2\" content=\"2 minuta\" \/>\n<script type=\"application\/ld+json\" class=\"yoast-schema-graph\">{\"@context\":\"https:\/\/schema.org\",\"@graph\":[{\"@type\":\"Article\",\"@id\":\"https:\/\/permbledhja.com\/sq\/mesazhi-i-lajcak-heqja-e-masave-te-be-se-varet-nga-dergimi-i-zajednices-ne-kushtetuese\/#article\",\"isPartOf\":{\"@id\":\"https:\/\/permbledhja.com\/sq\/mesazhi-i-lajcak-heqja-e-masave-te-be-se-varet-nga-dergimi-i-zajednices-ne-kushtetuese\/\"},\"author\":{\"name\":\"M M\",\"@id\":\"https:\/\/permbledhja.com\/#\/schema\/person\/d23f13f59b5722643933d6780783acf3\"},\"headline\":\"Mesazhi i Laj\u00e7ak \u2013 Heqja e masave t\u00eb BE-s\u00eb varet nga d\u00ebrgimi i Zajednic\u00ebs n\u00eb Kushtetuese\",\"datePublished\":\"2024-03-06T14:04:46+00:00\",\"dateModified\":\"2024-03-06T14:04:46+00:00\",\"mainEntityOfPage\":{\"@id\":\"https:\/\/permbledhja.com\/sq\/mesazhi-i-lajcak-heqja-e-masave-te-be-se-varet-nga-dergimi-i-zajednices-ne-kushtetuese\/\"},\"wordCount\":368,\"publisher\":{\"@id\":\"https:\/\/permbledhja.com\/#organization\"},\"keywords\":[\"Miroslav Laj\u00e7ak\"],\"articleSection\":[\"Kryesoret\"],\"inLanguage\":\"sq\"},{\"@type\":\"WebPage\",\"@id\":\"https:\/\/permbledhja.com\/sq\/mesazhi-i-lajcak-heqja-e-masave-te-be-se-varet-nga-dergimi-i-zajednices-ne-kushtetuese\/\",\"url\":\"https:\/\/permbledhja.com\/sq\/mesazhi-i-lajcak-heqja-e-masave-te-be-se-varet-nga-dergimi-i-zajednices-ne-kushtetuese\/\",\"name\":\"Mesazhi i Laj\u00e7ak \u2013 Heqja e masave t\u00eb BE-s\u00eb varet nga d\u00ebrgimi i Zajednic\u00ebs n\u00eb Kushtetuese\",\"isPartOf\":{\"@id\":\"https:\/\/permbledhja.com\/#website\"},\"datePublished\":\"2024-03-06T14:04:46+00:00\",\"dateModified\":\"2024-03-06T14:04:46+00:00\",\"breadcrumb\":{\"@id\":\"https:\/\/permbledhja.com\/sq\/mesazhi-i-lajcak-heqja-e-masave-te-be-se-varet-nga-dergimi-i-zajednices-ne-kushtetuese\/#breadcrumb\"},\"inLanguage\":\"sq\",\"potentialAction\":[{\"@type\":\"ReadAction\",\"target\":[\"https:\/\/permbledhja.com\/sq\/mesazhi-i-lajcak-heqja-e-masave-te-be-se-varet-nga-dergimi-i-zajednices-ne-kushtetuese\/\"]}]},{\"@type\":\"BreadcrumbList\",\"@id\":\"https:\/\/permbledhja.com\/sq\/mesazhi-i-lajcak-heqja-e-masave-te-be-se-varet-nga-dergimi-i-zajednices-ne-kushtetuese\/#breadcrumb\",\"itemListElement\":[{\"@type\":\"ListItem\",\"position\":1,\"name\":\"Ballina\",\"item\":\"https:\/\/permbledhja.com\/sq\/\"},{\"@type\":\"ListItem\",\"position\":2,\"name\":\"Mesazhi i Laj\u00e7ak \u2013 Heqja e masave t\u00eb BE-s\u00eb varet nga d\u00ebrgimi i Zajednic\u00ebs n\u00eb Kushtetuese\"}]},{\"@type\":\"WebSite\",\"@id\":\"https:\/\/permbledhja.com\/#website\",\"url\":\"https:\/\/permbledhja.com\/\",\"name\":\"Ve\u00e7 artikuj p\u00ebrmbledh\u00ebs\",\"description\":\"\",\"publisher\":{\"@id\":\"https:\/\/permbledhja.com\/#organization\"},\"potentialAction\":[{\"@type\":\"SearchAction\",\"target\":{\"@type\":\"EntryPoint\",\"urlTemplate\":\"https:\/\/permbledhja.com\/?s={search_term_string}\"},\"query-input\":\"required name=search_term_string\"}],\"inLanguage\":\"sq\"},{\"@type\":\"Organization\",\"@id\":\"https:\/\/permbledhja.com\/#organization\",\"name\":\"MK Media & Pr\",\"url\":\"https:\/\/permbledhja.com\/\",\"logo\":{\"@type\":\"ImageObject\",\"inLanguage\":\"sq\",\"@id\":\"https:\/\/permbledhja.com\/#\/schema\/logo\/image\/\",\"url\":\"https:\/\/permbledhja.com\/wp-content\/uploads\/2021\/12\/07-Press-Logo.jpg\",\"contentUrl\":\"https:\/\/permbledhja.com\/wp-content\/uploads\/2021\/12\/07-Press-Logo.jpg\",\"width\":512,\"height\":512,\"caption\":\"MK Media & Pr\"},\"image\":{\"@id\":\"https:\/\/permbledhja.com\/#\/schema\/logo\/image\/\"},\"sameAs\":[\"https:\/\/www.facebook.com\/press07\/\"]},{\"@type\":\"Person\",\"@id\":\"https:\/\/permbledhja.com\/#\/schema\/person\/d23f13f59b5722643933d6780783acf3\",\"name\":\"M M\",\"image\":{\"@type\":\"ImageObject\",\"inLanguage\":\"sq\",\"@id\":\"https:\/\/permbledhja.com\/#\/schema\/person\/image\/\",\"url\":\"https:\/\/secure.gravatar.com\/avatar\/e2835a76ca7c31a2416b2d51c4ec9a8f?s=96&d=mm&r=g\",\"contentUrl\":\"https:\/\/secure.gravatar.com\/avatar\/e2835a76ca7c31a2416b2d51c4ec9a8f?s=96&d=mm&r=g\",\"caption\":\"M M\"},\"sameAs\":[\"http:\/\/MM\"],\"url\":\"https:\/\/permbledhja.com\/sq\/author\/muhamet\/\"}]}<\/script>\n<!-- \/ Yoast SEO plugin. -->","yoast_head_json":{"title":"Mesazhi i Laj\u00e7ak \u2013 Heqja e masave t\u00eb BE-s\u00eb varet nga d\u00ebrgimi i Zajednic\u00ebs n\u00eb Kushtetuese","robots":{"index":"index","follow":"follow","max-snippet":"max-snippet:-1","max-image-preview":"max-image-preview:large","max-video-preview":"max-video-preview:-1"},"canonical":"https:\/\/permbledhja.com\/sq\/mesazhi-i-lajcak-heqja-e-masave-te-be-se-varet-nga-dergimi-i-zajednices-ne-kushtetuese\/","og_locale":"sq_AL","og_type":"article","og_title":"Mesazhi i Laj\u00e7ak \u2013 Heqja e masave t\u00eb BE-s\u00eb varet nga d\u00ebrgimi i Zajednic\u00ebs n\u00eb Kushtetuese","og_description":"Kryeministri Albin Kurti duket se ka b\u00ebr\u00eb nj\u00eb \u201cautogol\u201d t\u00eb r\u00ebnd\u00eb n\u00eb procesin dialogues me Serbin\u00eb. Marr\u00ebveshja dhe aneksi q\u00eb pranoi n\u00eb Bruksel e Oh\u00ebr i ka dal\u00eb \u201cthik\u00eb me dy teha\u201d kryeministrit Kurti, shkruan Demokracia.com. N\u00eb marr\u00ebveshje parashihet themelimi i \u201cAsociacionit t\u00eb komunave me shumic\u00eb serbe\u201d apo si\u00e7 parap\u00eblqen ta quaj\u00eb Kurti, \u201cZajednica\u201d. Pranimi [&hellip;]","og_url":"https:\/\/permbledhja.com\/sq\/mesazhi-i-lajcak-heqja-e-masave-te-be-se-varet-nga-dergimi-i-zajednices-ne-kushtetuese\/","og_site_name":"Ve\u00e7 artikuj p\u00ebrmbledh\u00ebs","article_publisher":"https:\/\/www.facebook.com\/press07\/","article_published_time":"2024-03-06T14:04:46+00:00","og_image":[{"width":1402,"height":957,"url":"https:\/\/permbledhja.com\/wp-content\/uploads\/2024\/03\/lajcak-kurti-e1719428175219.jpg","type":"image\/jpeg"}],"author":"M M","twitter_card":"summary_large_image","twitter_misc":{"Written by":"M M","Est. reading time":"2 minuta"},"schema":{"@context":"https:\/\/schema.org","@graph":[{"@type":"Article","@id":"https:\/\/permbledhja.com\/sq\/mesazhi-i-lajcak-heqja-e-masave-te-be-se-varet-nga-dergimi-i-zajednices-ne-kushtetuese\/#article","isPartOf":{"@id":"https:\/\/permbledhja.com\/sq\/mesazhi-i-lajcak-heqja-e-masave-te-be-se-varet-nga-dergimi-i-zajednices-ne-kushtetuese\/"},"author":{"name":"M M","@id":"https:\/\/permbledhja.com\/#\/schema\/person\/d23f13f59b5722643933d6780783acf3"},"headline":"Mesazhi i Laj\u00e7ak \u2013 Heqja e masave t\u00eb BE-s\u00eb varet nga d\u00ebrgimi i Zajednic\u00ebs n\u00eb Kushtetuese","datePublished":"2024-03-06T14:04:46+00:00","dateModified":"2024-03-06T14:04:46+00:00","mainEntityOfPage":{"@id":"https:\/\/permbledhja.com\/sq\/mesazhi-i-lajcak-heqja-e-masave-te-be-se-varet-nga-dergimi-i-zajednices-ne-kushtetuese\/"},"wordCount":368,"publisher":{"@id":"https:\/\/permbledhja.com\/#organization"},"keywords":["Miroslav Laj\u00e7ak"],"articleSection":["Kryesoret"],"inLanguage":"sq"},{"@type":"WebPage","@id":"https:\/\/permbledhja.com\/sq\/mesazhi-i-lajcak-heqja-e-masave-te-be-se-varet-nga-dergimi-i-zajednices-ne-kushtetuese\/","url":"https:\/\/permbledhja.com\/sq\/mesazhi-i-lajcak-heqja-e-masave-te-be-se-varet-nga-dergimi-i-zajednices-ne-kushtetuese\/","name":"Mesazhi i Laj\u00e7ak \u2013 Heqja e masave t\u00eb BE-s\u00eb varet nga d\u00ebrgimi i Zajednic\u00ebs n\u00eb Kushtetuese","isPartOf":{"@id":"https:\/\/permbledhja.com\/#website"},"datePublished":"2024-03-06T14:04:46+00:00","dateModified":"2024-03-06T14:04:46+00:00","breadcrumb":{"@id":"https:\/\/permbledhja.com\/sq\/mesazhi-i-lajcak-heqja-e-masave-te-be-se-varet-nga-dergimi-i-zajednices-ne-kushtetuese\/#breadcrumb"},"inLanguage":"sq","potentialAction":[{"@type":"ReadAction","target":["https:\/\/permbledhja.com\/sq\/mesazhi-i-lajcak-heqja-e-masave-te-be-se-varet-nga-dergimi-i-zajednices-ne-kushtetuese\/"]}]},{"@type":"BreadcrumbList","@id":"https:\/\/permbledhja.com\/sq\/mesazhi-i-lajcak-heqja-e-masave-te-be-se-varet-nga-dergimi-i-zajednices-ne-kushtetuese\/#breadcrumb","itemListElement":[{"@type":"ListItem","position":1,"name":"Ballina","item":"https:\/\/permbledhja.com\/sq\/"},{"@type":"ListItem","position":2,"name":"Mesazhi i Laj\u00e7ak \u2013 Heqja e masave t\u00eb BE-s\u00eb varet nga d\u00ebrgimi i Zajednic\u00ebs n\u00eb Kushtetuese"}]},{"@type":"WebSite","@id":"https:\/\/permbledhja.com\/#website","url":"https:\/\/permbledhja.com\/","name":"Ve\u00e7 artikuj p\u00ebrmbledh\u00ebs","description":"","publisher":{"@id":"https:\/\/permbledhja.com\/#organization"},"potentialAction":[{"@type":"SearchAction","target":{"@type":"EntryPoint","urlTemplate":"https:\/\/permbledhja.com\/?s={search_term_string}"},"query-input":"required name=search_term_string"}],"inLanguage":"sq"},{"@type":"Organization","@id":"https:\/\/permbledhja.com\/#organization","name":"MK Media & Pr","url":"https:\/\/permbledhja.com\/","logo":{"@type":"ImageObject","inLanguage":"sq","@id":"https:\/\/permbledhja.com\/#\/schema\/logo\/image\/","url":"https:\/\/permbledhja.com\/wp-content\/uploads\/2021\/12\/07-Press-Logo.jpg","contentUrl":"https:\/\/permbledhja.com\/wp-content\/uploads\/2021\/12\/07-Press-Logo.jpg","width":512,"height":512,"caption":"MK Media & Pr"},"image":{"@id":"https:\/\/permbledhja.com\/#\/schema\/logo\/image\/"},"sameAs":["https:\/\/www.facebook.com\/press07\/"]},{"@type":"Person","@id":"https:\/\/permbledhja.com\/#\/schema\/person\/d23f13f59b5722643933d6780783acf3","name":"M M","image":{"@type":"ImageObject","inLanguage":"sq","@id":"https:\/\/permbledhja.com\/#\/schema\/person\/image\/","url":"https:\/\/secure.gravatar.com\/avatar\/e2835a76ca7c31a2416b2d51c4ec9a8f?s=96&d=mm&r=g","contentUrl":"https:\/\/secure.gravatar.com\/avatar\/e2835a76ca7c31a2416b2d51c4ec9a8f?s=96&d=mm&r=g","caption":"M M"},"sameAs":["http:\/\/MM"],"url":"https:\/\/permbledhja.com\/sq\/author\/muhamet\/"}]}},"_links":{"self":[{"href":"https:\/\/permbledhja.com\/sq\/wp-json\/wp\/v2\/posts\/51484"}],"collection":[{"href":"https:\/\/permbledhja.com\/sq\/wp-json\/wp\/v2\/posts"}],"about":[{"href":"https:\/\/permbledhja.com\/sq\/wp-json\/wp\/v2\/types\/post"}],"author":[{"embeddable":true,"href":"https:\/\/permbledhja.com\/sq\/wp-json\/wp\/v2\/users\/2"}],"replies":[{"embeddable":true,"href":"https:\/\/permbledhja.com\/sq\/wp-json\/wp\/v2\/comments?post=51484"}],"version-history":[{"count":1,"href":"https:\/\/permbledhja.com\/sq\/wp-json\/wp\/v2\/posts\/51484\/revisions"}],"predecessor-version":[{"id":51486,"href":"https:\/\/permbledhja.com\/sq\/wp-json\/wp\/v2\/posts\/51484\/revisions\/51486"}],"wp:featuredmedia":[{"embeddable":true,"href":"https:\/\/permbledhja.com\/sq\/wp-json\/wp\/v2\/media\/51485"}],"wp:attachment":[{"href":"https:\/\/permbledhja.com\/sq\/wp-json\/wp\/v2\/media?parent=51484"}],"wp:term":[{"taxonomy":"category","embeddable":true,"href":"https:\/\/permbledhja.com\/sq\/wp-json\/wp\/v2\/categories?post=51484"},{"taxonomy":"post_tag","embeddable":true,"href":"https:\/\/permbledhja.com\/sq\/wp-json\/wp\/v2\/tags?post=51484"}],"curies":[{"name":"wp","href":"https:\/\/api.w.org\/{rel}","templated":true}]}}