{"id":51427,"date":"2024-03-06T09:59:10","date_gmt":"2024-03-06T09:59:10","guid":{"rendered":"https:\/\/permbledhja.com\/?p=51427"},"modified":"2024-03-06T09:59:10","modified_gmt":"2024-03-06T09:59:10","slug":"krasniqi-me-parti-ben-homazhe-ne-prekaz-ketu-i-ka-rrenjet-liria-e-kosoves","status":"publish","type":"post","link":"https:\/\/permbledhja.com\/sq\/krasniqi-me-parti-ben-homazhe-ne-prekaz-ketu-i-ka-rrenjet-liria-e-kosoves\/","title":{"rendered":"Krasniqi me parti b\u00ebn homazhe n\u00eb Prekaz: K\u00ebtu i ka rr\u00ebnj\u00ebt liria e Kosov\u00ebs"},"content":{"rendered":"<h3>Kryetari i PDK-s\u00eb, Memli Krasniqi bashk\u00eb me strukturat e partis\u00eb, kryetar\u00ebt e Drenasit dhe t\u00eb Skenderajt dhe p\u00ebrfaq\u00ebsuesit e OVL-U\u00c7K-s\u00eb kan\u00eb b\u00ebr\u00eb homazhe n\u00eb kompleksin memorial \u201cAdem Jashari\u201d.<\/h3>\n<p>N\u00eb 26-vjetorin e Epopes\u00eb s\u00eb U\u00c7K-s\u00eb, kryetari i Partis\u00eb Demokratike t\u00eb Kosov\u00ebs, Memli Krasniqi deklaroi se \u00ebsht\u00eb obligim i popullit shqiptar q\u00eb t\u00eb kujtohet sakrifica titanike e familjes Jashari, n\u00eb krye me komandantin e U\u00c7K-s\u00eb, Adem Jashari.<\/p>\n<p>\u201cSa her\u00eb q\u00eb jemi n\u00eb Prekazin legjendar, n\u00eb k\u00ebt\u00eb vend ku i ka rr\u00ebnj\u00ebt liria e Kosov\u00ebs, pa dyshim q\u00eb kemi emocione. E sidomos gjat\u00eb Epopes\u00eb s\u00eb U\u00c7K-s\u00eb, gjat\u00eb epopes\u00eb s\u00eb familjes Jashari. Sepse k\u00ebto jan\u00eb datat t\u00eb cilat sh\u00ebnojn\u00eb kthes\u00ebn m\u00eb t\u00eb madhe n\u00eb historin\u00eb e kombit ton\u00eb, sepse ato q\u00eb kan\u00eb ndodhur n\u00eb viti 1998, jo vet\u00ebm q\u00eb zgjuan vet\u00ebdijen ton\u00eb komb\u00ebtare, por ato p\u00ebr her\u00eb t\u00eb par\u00eb mor\u00ebn edhe v\u00ebmendjen nd\u00ebrkomb\u00ebtare gj\u00eb q\u00eb ndihmoi pastaj n\u00eb masivizimin e luft\u00ebs \u00e7lirimtare t\u00eb U\u00c7K-s\u00eb, n\u00eb kryengritjen e p\u00ebrgjithshme popullore e cila rezultoi me \u00e7lirimin ton\u00eb dhe m\u00eb von\u00eb me nd\u00ebrtimin e shtetit q\u00eb e kemi\u201d, tha Krasniqi.<\/p>\n<p>5,6 dhe 7 marsi njihet si Epopeja e Ushtris\u00eb \u00c7lirimtare t\u00eb Kosov\u00ebs, ku u vran\u00eb 59 an\u00ebtar\u00eb t\u00eb familjes Jashari pas rezistenc\u00ebs tri ditore.<\/p>\n","protected":false},"excerpt":{"rendered":"<p>Kryetari i PDK-s\u00eb, Memli Krasniqi bashk\u00eb me strukturat e partis\u00eb, kryetar\u00ebt e Drenasit dhe t\u00eb Skenderajt dhe p\u00ebrfaq\u00ebsuesit e OVL-U\u00c7K-s\u00eb kan\u00eb b\u00ebr\u00eb homazhe n\u00eb kompleksin memorial \u201cAdem Jashari\u201d. N\u00eb 26-vjetorin e Epopes\u00eb s\u00eb U\u00c7K-s\u00eb, kryetari i Partis\u00eb Demokratike t\u00eb Kosov\u00ebs, Memli Krasniqi deklaroi se \u00ebsht\u00eb obligim i popullit shqiptar q\u00eb t\u00eb kujtohet sakrifica titanike e [&hellip;]<\/p>\n","protected":false},"author":2,"featured_media":51428,"comment_status":"closed","ping_status":"closed","sticky":false,"template":"","format":"standard","meta":{"_monsterinsights_skip_tracking":false,"_monsterinsights_sitenote_active":false,"_monsterinsights_sitenote_note":"","_monsterinsights_sitenote_category":0,"_uf_show_specific_survey":0,"_uf_disable_surveys":false,"footnotes":""},"categories":[15],"tags":[137],"yoast_head":"<!-- This site is optimized with the Yoast SEO plugin v21.5 - https:\/\/yoast.com\/wordpress\/plugins\/seo\/ -->\n<title>Krasniqi me parti b\u00ebn homazhe n\u00eb Prekaz: K\u00ebtu i ka rr\u00ebnj\u00ebt liria e Kosov\u00ebs<\/title>\n<meta name=\"robots\" content=\"index, follow, max-snippet:-1, max-image-preview:large, max-video-preview:-1\" \/>\n<link rel=\"canonical\" href=\"https:\/\/permbledhja.com\/sq\/krasniqi-me-parti-ben-homazhe-ne-prekaz-ketu-i-ka-rrenjet-liria-e-kosoves\/\" \/>\n<meta property=\"og:locale\" content=\"sq_AL\" \/>\n<meta property=\"og:type\" content=\"article\" \/>\n<meta property=\"og:title\" content=\"Krasniqi me parti b\u00ebn homazhe n\u00eb Prekaz: K\u00ebtu i ka rr\u00ebnj\u00ebt liria e Kosov\u00ebs\" \/>\n<meta property=\"og:description\" content=\"Kryetari i PDK-s\u00eb, Memli Krasniqi bashk\u00eb me strukturat e partis\u00eb, kryetar\u00ebt e Drenasit dhe t\u00eb Skenderajt dhe p\u00ebrfaq\u00ebsuesit e OVL-U\u00c7K-s\u00eb kan\u00eb b\u00ebr\u00eb homazhe n\u00eb kompleksin memorial \u201cAdem Jashari\u201d. N\u00eb 26-vjetorin e Epopes\u00eb s\u00eb U\u00c7K-s\u00eb, kryetari i Partis\u00eb Demokratike t\u00eb Kosov\u00ebs, Memli Krasniqi deklaroi se \u00ebsht\u00eb obligim i popullit shqiptar q\u00eb t\u00eb kujtohet sakrifica titanike e [&hellip;]\" \/>\n<meta property=\"og:url\" content=\"https:\/\/permbledhja.com\/sq\/krasniqi-me-parti-ben-homazhe-ne-prekaz-ketu-i-ka-rrenjet-liria-e-kosoves\/\" \/>\n<meta property=\"og:site_name\" content=\"Ve\u00e7 artikuj p\u00ebrmbledh\u00ebs\" \/>\n<meta property=\"article:publisher\" content=\"https:\/\/www.facebook.com\/press07\/\" \/>\n<meta property=\"article:published_time\" content=\"2024-03-06T09:59:10+00:00\" \/>\n<meta property=\"og:image\" content=\"https:\/\/permbledhja.com\/wp-content\/uploads\/2024\/03\/akteret.png\" \/>\n\t<meta property=\"og:image:width\" content=\"953\" \/>\n\t<meta property=\"og:image:height\" content=\"655\" \/>\n\t<meta property=\"og:image:type\" content=\"image\/png\" \/>\n<meta name=\"author\" content=\"M M\" \/>\n<meta name=\"twitter:card\" content=\"summary_large_image\" \/>\n<meta name=\"twitter:label1\" content=\"Written by\" \/>\n\t<meta name=\"twitter:data1\" content=\"M M\" \/>\n\t<meta name=\"twitter:label2\" content=\"Est. reading time\" \/>\n\t<meta name=\"twitter:data2\" content=\"2 minuta\" \/>\n<script type=\"application\/ld+json\" class=\"yoast-schema-graph\">{\"@context\":\"https:\/\/schema.org\",\"@graph\":[{\"@type\":\"Article\",\"@id\":\"https:\/\/permbledhja.com\/krasniqi-me-parti-ben-homazhe-ne-prekaz-ketu-i-ka-rrenjet-liria-e-kosoves\/#article\",\"isPartOf\":{\"@id\":\"https:\/\/permbledhja.com\/krasniqi-me-parti-ben-homazhe-ne-prekaz-ketu-i-ka-rrenjet-liria-e-kosoves\/\"},\"author\":{\"name\":\"M M\",\"@id\":\"https:\/\/permbledhja.com\/#\/schema\/person\/d23f13f59b5722643933d6780783acf3\"},\"headline\":\"Krasniqi me parti b\u00ebn homazhe n\u00eb Prekaz: K\u00ebtu i ka rr\u00ebnj\u00ebt liria e Kosov\u00ebs\",\"datePublished\":\"2024-03-06T09:59:10+00:00\",\"dateModified\":\"2024-03-06T09:59:10+00:00\",\"mainEntityOfPage\":{\"@id\":\"https:\/\/permbledhja.com\/krasniqi-me-parti-ben-homazhe-ne-prekaz-ketu-i-ka-rrenjet-liria-e-kosoves\/\"},\"wordCount\":243,\"publisher\":{\"@id\":\"https:\/\/permbledhja.com\/#organization\"},\"keywords\":[\"Memli Krasniqi\"],\"articleSection\":[\"Lajme\"],\"inLanguage\":\"sq\"},{\"@type\":\"WebPage\",\"@id\":\"https:\/\/permbledhja.com\/krasniqi-me-parti-ben-homazhe-ne-prekaz-ketu-i-ka-rrenjet-liria-e-kosoves\/\",\"url\":\"https:\/\/permbledhja.com\/krasniqi-me-parti-ben-homazhe-ne-prekaz-ketu-i-ka-rrenjet-liria-e-kosoves\/\",\"name\":\"Krasniqi me parti b\u00ebn homazhe n\u00eb Prekaz: K\u00ebtu i ka rr\u00ebnj\u00ebt liria e Kosov\u00ebs\",\"isPartOf\":{\"@id\":\"https:\/\/permbledhja.com\/#website\"},\"datePublished\":\"2024-03-06T09:59:10+00:00\",\"dateModified\":\"2024-03-06T09:59:10+00:00\",\"breadcrumb\":{\"@id\":\"https:\/\/permbledhja.com\/krasniqi-me-parti-ben-homazhe-ne-prekaz-ketu-i-ka-rrenjet-liria-e-kosoves\/#breadcrumb\"},\"inLanguage\":\"sq\",\"potentialAction\":[{\"@type\":\"ReadAction\",\"target\":[\"https:\/\/permbledhja.com\/krasniqi-me-parti-ben-homazhe-ne-prekaz-ketu-i-ka-rrenjet-liria-e-kosoves\/\"]}]},{\"@type\":\"BreadcrumbList\",\"@id\":\"https:\/\/permbledhja.com\/krasniqi-me-parti-ben-homazhe-ne-prekaz-ketu-i-ka-rrenjet-liria-e-kosoves\/#breadcrumb\",\"itemListElement\":[{\"@type\":\"ListItem\",\"position\":1,\"name\":\"Ballina\",\"item\":\"https:\/\/permbledhja.com\/sq\/\"},{\"@type\":\"ListItem\",\"position\":2,\"name\":\"Krasniqi me parti b\u00ebn homazhe n\u00eb Prekaz: K\u00ebtu i ka rr\u00ebnj\u00ebt liria e Kosov\u00ebs\"}]},{\"@type\":\"WebSite\",\"@id\":\"https:\/\/permbledhja.com\/#website\",\"url\":\"https:\/\/permbledhja.com\/\",\"name\":\"Ve\u00e7 artikuj p\u00ebrmbledh\u00ebs\",\"description\":\"\",\"publisher\":{\"@id\":\"https:\/\/permbledhja.com\/#organization\"},\"potentialAction\":[{\"@type\":\"SearchAction\",\"target\":{\"@type\":\"EntryPoint\",\"urlTemplate\":\"https:\/\/permbledhja.com\/?s={search_term_string}\"},\"query-input\":\"required name=search_term_string\"}],\"inLanguage\":\"sq\"},{\"@type\":\"Organization\",\"@id\":\"https:\/\/permbledhja.com\/#organization\",\"name\":\"MK Media & Pr\",\"url\":\"https:\/\/permbledhja.com\/\",\"logo\":{\"@type\":\"ImageObject\",\"inLanguage\":\"sq\",\"@id\":\"https:\/\/permbledhja.com\/#\/schema\/logo\/image\/\",\"url\":\"https:\/\/permbledhja.com\/wp-content\/uploads\/2021\/12\/07-Press-Logo.jpg\",\"contentUrl\":\"https:\/\/permbledhja.com\/wp-content\/uploads\/2021\/12\/07-Press-Logo.jpg\",\"width\":512,\"height\":512,\"caption\":\"MK Media & Pr\"},\"image\":{\"@id\":\"https:\/\/permbledhja.com\/#\/schema\/logo\/image\/\"},\"sameAs\":[\"https:\/\/www.facebook.com\/press07\/\"]},{\"@type\":\"Person\",\"@id\":\"https:\/\/permbledhja.com\/#\/schema\/person\/d23f13f59b5722643933d6780783acf3\",\"name\":\"M M\",\"image\":{\"@type\":\"ImageObject\",\"inLanguage\":\"sq\",\"@id\":\"https:\/\/permbledhja.com\/#\/schema\/person\/image\/\",\"url\":\"https:\/\/secure.gravatar.com\/avatar\/e2835a76ca7c31a2416b2d51c4ec9a8f?s=96&d=mm&r=g\",\"contentUrl\":\"https:\/\/secure.gravatar.com\/avatar\/e2835a76ca7c31a2416b2d51c4ec9a8f?s=96&d=mm&r=g\",\"caption\":\"M M\"},\"sameAs\":[\"http:\/\/MM\"],\"url\":\"https:\/\/permbledhja.com\/sq\/author\/muhamet\/\"}]}<\/script>\n<!-- \/ Yoast SEO plugin. -->","yoast_head_json":{"title":"Krasniqi me parti b\u00ebn homazhe n\u00eb Prekaz: K\u00ebtu i ka rr\u00ebnj\u00ebt liria e Kosov\u00ebs","robots":{"index":"index","follow":"follow","max-snippet":"max-snippet:-1","max-image-preview":"max-image-preview:large","max-video-preview":"max-video-preview:-1"},"canonical":"https:\/\/permbledhja.com\/sq\/krasniqi-me-parti-ben-homazhe-ne-prekaz-ketu-i-ka-rrenjet-liria-e-kosoves\/","og_locale":"sq_AL","og_type":"article","og_title":"Krasniqi me parti b\u00ebn homazhe n\u00eb Prekaz: K\u00ebtu i ka rr\u00ebnj\u00ebt liria e Kosov\u00ebs","og_description":"Kryetari i PDK-s\u00eb, Memli Krasniqi bashk\u00eb me strukturat e partis\u00eb, kryetar\u00ebt e Drenasit dhe t\u00eb Skenderajt dhe p\u00ebrfaq\u00ebsuesit e OVL-U\u00c7K-s\u00eb kan\u00eb b\u00ebr\u00eb homazhe n\u00eb kompleksin memorial \u201cAdem Jashari\u201d. N\u00eb 26-vjetorin e Epopes\u00eb s\u00eb U\u00c7K-s\u00eb, kryetari i Partis\u00eb Demokratike t\u00eb Kosov\u00ebs, Memli Krasniqi deklaroi se \u00ebsht\u00eb obligim i popullit shqiptar q\u00eb t\u00eb kujtohet sakrifica titanike e [&hellip;]","og_url":"https:\/\/permbledhja.com\/sq\/krasniqi-me-parti-ben-homazhe-ne-prekaz-ketu-i-ka-rrenjet-liria-e-kosoves\/","og_site_name":"Ve\u00e7 artikuj p\u00ebrmbledh\u00ebs","article_publisher":"https:\/\/www.facebook.com\/press07\/","article_published_time":"2024-03-06T09:59:10+00:00","og_image":[{"width":953,"height":655,"url":"https:\/\/permbledhja.com\/wp-content\/uploads\/2024\/03\/akteret.png","type":"image\/png"}],"author":"M M","twitter_card":"summary_large_image","twitter_misc":{"Written by":"M M","Est. reading time":"2 minuta"},"schema":{"@context":"https:\/\/schema.org","@graph":[{"@type":"Article","@id":"https:\/\/permbledhja.com\/krasniqi-me-parti-ben-homazhe-ne-prekaz-ketu-i-ka-rrenjet-liria-e-kosoves\/#article","isPartOf":{"@id":"https:\/\/permbledhja.com\/krasniqi-me-parti-ben-homazhe-ne-prekaz-ketu-i-ka-rrenjet-liria-e-kosoves\/"},"author":{"name":"M M","@id":"https:\/\/permbledhja.com\/#\/schema\/person\/d23f13f59b5722643933d6780783acf3"},"headline":"Krasniqi me parti b\u00ebn homazhe n\u00eb Prekaz: K\u00ebtu i ka rr\u00ebnj\u00ebt liria e Kosov\u00ebs","datePublished":"2024-03-06T09:59:10+00:00","dateModified":"2024-03-06T09:59:10+00:00","mainEntityOfPage":{"@id":"https:\/\/permbledhja.com\/krasniqi-me-parti-ben-homazhe-ne-prekaz-ketu-i-ka-rrenjet-liria-e-kosoves\/"},"wordCount":243,"publisher":{"@id":"https:\/\/permbledhja.com\/#organization"},"keywords":["Memli Krasniqi"],"articleSection":["Lajme"],"inLanguage":"sq"},{"@type":"WebPage","@id":"https:\/\/permbledhja.com\/krasniqi-me-parti-ben-homazhe-ne-prekaz-ketu-i-ka-rrenjet-liria-e-kosoves\/","url":"https:\/\/permbledhja.com\/krasniqi-me-parti-ben-homazhe-ne-prekaz-ketu-i-ka-rrenjet-liria-e-kosoves\/","name":"Krasniqi me parti b\u00ebn homazhe n\u00eb Prekaz: K\u00ebtu i ka rr\u00ebnj\u00ebt liria e Kosov\u00ebs","isPartOf":{"@id":"https:\/\/permbledhja.com\/#website"},"datePublished":"2024-03-06T09:59:10+00:00","dateModified":"2024-03-06T09:59:10+00:00","breadcrumb":{"@id":"https:\/\/permbledhja.com\/krasniqi-me-parti-ben-homazhe-ne-prekaz-ketu-i-ka-rrenjet-liria-e-kosoves\/#breadcrumb"},"inLanguage":"sq","potentialAction":[{"@type":"ReadAction","target":["https:\/\/permbledhja.com\/krasniqi-me-parti-ben-homazhe-ne-prekaz-ketu-i-ka-rrenjet-liria-e-kosoves\/"]}]},{"@type":"BreadcrumbList","@id":"https:\/\/permbledhja.com\/krasniqi-me-parti-ben-homazhe-ne-prekaz-ketu-i-ka-rrenjet-liria-e-kosoves\/#breadcrumb","itemListElement":[{"@type":"ListItem","position":1,"name":"Ballina","item":"https:\/\/permbledhja.com\/sq\/"},{"@type":"ListItem","position":2,"name":"Krasniqi me parti b\u00ebn homazhe n\u00eb Prekaz: K\u00ebtu i ka rr\u00ebnj\u00ebt liria e Kosov\u00ebs"}]},{"@type":"WebSite","@id":"https:\/\/permbledhja.com\/#website","url":"https:\/\/permbledhja.com\/","name":"Ve\u00e7 artikuj p\u00ebrmbledh\u00ebs","description":"","publisher":{"@id":"https:\/\/permbledhja.com\/#organization"},"potentialAction":[{"@type":"SearchAction","target":{"@type":"EntryPoint","urlTemplate":"https:\/\/permbledhja.com\/?s={search_term_string}"},"query-input":"required name=search_term_string"}],"inLanguage":"sq"},{"@type":"Organization","@id":"https:\/\/permbledhja.com\/#organization","name":"MK Media & Pr","url":"https:\/\/permbledhja.com\/","logo":{"@type":"ImageObject","inLanguage":"sq","@id":"https:\/\/permbledhja.com\/#\/schema\/logo\/image\/","url":"https:\/\/permbledhja.com\/wp-content\/uploads\/2021\/12\/07-Press-Logo.jpg","contentUrl":"https:\/\/permbledhja.com\/wp-content\/uploads\/2021\/12\/07-Press-Logo.jpg","width":512,"height":512,"caption":"MK Media & Pr"},"image":{"@id":"https:\/\/permbledhja.com\/#\/schema\/logo\/image\/"},"sameAs":["https:\/\/www.facebook.com\/press07\/"]},{"@type":"Person","@id":"https:\/\/permbledhja.com\/#\/schema\/person\/d23f13f59b5722643933d6780783acf3","name":"M M","image":{"@type":"ImageObject","inLanguage":"sq","@id":"https:\/\/permbledhja.com\/#\/schema\/person\/image\/","url":"https:\/\/secure.gravatar.com\/avatar\/e2835a76ca7c31a2416b2d51c4ec9a8f?s=96&d=mm&r=g","contentUrl":"https:\/\/secure.gravatar.com\/avatar\/e2835a76ca7c31a2416b2d51c4ec9a8f?s=96&d=mm&r=g","caption":"M M"},"sameAs":["http:\/\/MM"],"url":"https:\/\/permbledhja.com\/sq\/author\/muhamet\/"}]}},"_links":{"self":[{"href":"https:\/\/permbledhja.com\/sq\/wp-json\/wp\/v2\/posts\/51427"}],"collection":[{"href":"https:\/\/permbledhja.com\/sq\/wp-json\/wp\/v2\/posts"}],"about":[{"href":"https:\/\/permbledhja.com\/sq\/wp-json\/wp\/v2\/types\/post"}],"author":[{"embeddable":true,"href":"https:\/\/permbledhja.com\/sq\/wp-json\/wp\/v2\/users\/2"}],"replies":[{"embeddable":true,"href":"https:\/\/permbledhja.com\/sq\/wp-json\/wp\/v2\/comments?post=51427"}],"version-history":[{"count":1,"href":"https:\/\/permbledhja.com\/sq\/wp-json\/wp\/v2\/posts\/51427\/revisions"}],"predecessor-version":[{"id":51429,"href":"https:\/\/permbledhja.com\/sq\/wp-json\/wp\/v2\/posts\/51427\/revisions\/51429"}],"wp:featuredmedia":[{"embeddable":true,"href":"https:\/\/permbledhja.com\/sq\/wp-json\/wp\/v2\/media\/51428"}],"wp:attachment":[{"href":"https:\/\/permbledhja.com\/sq\/wp-json\/wp\/v2\/media?parent=51427"}],"wp:term":[{"taxonomy":"category","embeddable":true,"href":"https:\/\/permbledhja.com\/sq\/wp-json\/wp\/v2\/categories?post=51427"},{"taxonomy":"post_tag","embeddable":true,"href":"https:\/\/permbledhja.com\/sq\/wp-json\/wp\/v2\/tags?post=51427"}],"curies":[{"name":"wp","href":"https:\/\/api.w.org\/{rel}","templated":true}]}}