{"id":51420,"date":"2024-03-06T09:32:30","date_gmt":"2024-03-06T09:32:30","guid":{"rendered":"https:\/\/permbledhja.com\/?p=51420"},"modified":"2024-03-06T09:32:30","modified_gmt":"2024-03-06T09:32:30","slug":"aak-merr-vendim-ti-votojne-marreveshjet-nderkombetare-e-beme-per-qytetaret-jo-vv-ne","status":"publish","type":"post","link":"https:\/\/permbledhja.com\/sq\/aak-merr-vendim-ti-votojne-marreveshjet-nderkombetare-e-beme-per-qytetaret-jo-vv-ne\/","title":{"rendered":"AAK merr vendim t\u2019i votojn\u00eb marr\u00ebveshjet nd\u00ebrkomb\u00ebtare, e b\u00ebm\u00eb p\u00ebr qytetar\u00ebt, jo VV-n\u00eb"},"content":{"rendered":"<h3>Deputetja e AAK-s\u00eb Time Kadrijaj ka th\u00ebn\u00eb se kan\u00eb marr\u00eb vendim q\u00eb t\u2019i votojn\u00eb marr\u00ebveshjet nd\u00ebrkomb\u00ebtare jo p\u00ebr shkak t\u00eb L\u00ebvizjes Vet\u00ebvendosje, por p\u00ebr shkak q\u00eb jan\u00eb n\u00eb interes t\u00eb qytetar\u00ebve.<\/h3>\n<p>\u201cNe n\u00eb fakt nuk koordinohemi me L\u00ebvizjen Vet\u00ebvendosje. Ne marr\u00ebveshjet nd\u00ebrkomb\u00ebtare nuk i votojm\u00eb p\u00ebr shkak t\u00eb L\u00ebvizjes Vet\u00ebvendosje por i votojm\u00eb se jan\u00eb me interes p\u00ebr qytetar\u00ebt e Kosov\u00ebs, andaj n\u00eb k\u00ebt\u00eb kontekst ne si Aleanc\u00eb kemi vendos q\u00eb meqen\u00ebse jan\u00eb marr\u00ebveshje q\u00eb afektojn\u00eb jet\u00ebn e qytetarit ne kemi vendos q\u00eb t\u00eb nj\u00ebjtat t\u2019i votojm\u00eb dhe n\u00eb asnj\u00eb m\u00ebnyr\u00eb p\u00ebr shkak t\u00eb Qeveris\u00eb e as p\u00ebr shkak t\u00eb grupit parlamentar\u201d, \u00ebsht\u00eb shprehur Kadrijaj.<\/p>\n<p>Sipas saj, ky \u00ebsht\u00eb vendim i Aleanc\u00ebs pa ndonj\u00eb koordinim me asnj\u00eb parti tjet\u00ebr politike e aq m\u00eb pak me L\u00ebvizjen Vet\u00ebvendosje.<\/p>\n<p>Ndryshe p\u00ebr ratifikimin e marr\u00ebveshjeve nd\u00ebrkomb\u00ebtare n\u00eb Kuvendin e Kosov\u00ebs nevojiten 2\/3, respektivisht votat e 80-t\u00eb deputet\u00ebve, shkruan Frontonline.<\/p>\n","protected":false},"excerpt":{"rendered":"<p>Deputetja e AAK-s\u00eb Time Kadrijaj ka th\u00ebn\u00eb se kan\u00eb marr\u00eb vendim q\u00eb t\u2019i votojn\u00eb marr\u00ebveshjet nd\u00ebrkomb\u00ebtare jo p\u00ebr shkak t\u00eb L\u00ebvizjes Vet\u00ebvendosje, por p\u00ebr shkak q\u00eb jan\u00eb n\u00eb interes t\u00eb qytetar\u00ebve. \u201cNe n\u00eb fakt nuk koordinohemi me L\u00ebvizjen Vet\u00ebvendosje. Ne marr\u00ebveshjet nd\u00ebrkomb\u00ebtare nuk i votojm\u00eb p\u00ebr shkak t\u00eb L\u00ebvizjes Vet\u00ebvendosje por i votojm\u00eb se jan\u00eb [&hellip;]<\/p>\n","protected":false},"author":2,"featured_media":51421,"comment_status":"closed","ping_status":"closed","sticky":false,"template":"","format":"standard","meta":{"_monsterinsights_skip_tracking":false,"_monsterinsights_sitenote_active":false,"_monsterinsights_sitenote_note":"","_monsterinsights_sitenote_category":0,"_uf_show_specific_survey":0,"_uf_disable_surveys":false,"footnotes":""},"categories":[2645],"tags":[501],"yoast_head":"<!-- This site is optimized with the Yoast SEO plugin v21.5 - https:\/\/yoast.com\/wordpress\/plugins\/seo\/ -->\n<title>AAK merr vendim t\u2019i votojn\u00eb marr\u00ebveshjet nd\u00ebrkomb\u00ebtare, e b\u00ebm\u00eb p\u00ebr qytetar\u00ebt, jo VV-n\u00eb<\/title>\n<meta name=\"robots\" content=\"index, follow, max-snippet:-1, max-image-preview:large, max-video-preview:-1\" \/>\n<link rel=\"canonical\" href=\"https:\/\/permbledhja.com\/sq\/aak-merr-vendim-ti-votojne-marreveshjet-nderkombetare-e-beme-per-qytetaret-jo-vv-ne\/\" \/>\n<meta property=\"og:locale\" content=\"sq_AL\" \/>\n<meta property=\"og:type\" content=\"article\" \/>\n<meta property=\"og:title\" content=\"AAK merr vendim t\u2019i votojn\u00eb marr\u00ebveshjet nd\u00ebrkomb\u00ebtare, e b\u00ebm\u00eb p\u00ebr qytetar\u00ebt, jo VV-n\u00eb\" \/>\n<meta property=\"og:description\" content=\"Deputetja e AAK-s\u00eb Time Kadrijaj ka th\u00ebn\u00eb se kan\u00eb marr\u00eb vendim q\u00eb t\u2019i votojn\u00eb marr\u00ebveshjet nd\u00ebrkomb\u00ebtare jo p\u00ebr shkak t\u00eb L\u00ebvizjes Vet\u00ebvendosje, por p\u00ebr shkak q\u00eb jan\u00eb n\u00eb interes t\u00eb qytetar\u00ebve. \u201cNe n\u00eb fakt nuk koordinohemi me L\u00ebvizjen Vet\u00ebvendosje. Ne marr\u00ebveshjet nd\u00ebrkomb\u00ebtare nuk i votojm\u00eb p\u00ebr shkak t\u00eb L\u00ebvizjes Vet\u00ebvendosje por i votojm\u00eb se jan\u00eb [&hellip;]\" \/>\n<meta property=\"og:url\" content=\"https:\/\/permbledhja.com\/sq\/aak-merr-vendim-ti-votojne-marreveshjet-nderkombetare-e-beme-per-qytetaret-jo-vv-ne\/\" \/>\n<meta property=\"og:site_name\" content=\"Ve\u00e7 artikuj p\u00ebrmbledh\u00ebs\" \/>\n<meta property=\"article:publisher\" content=\"https:\/\/www.facebook.com\/press07\/\" \/>\n<meta property=\"article:published_time\" content=\"2024-03-06T09:32:30+00:00\" \/>\n<meta property=\"og:image\" content=\"https:\/\/permbledhja.com\/wp-content\/uploads\/2024\/03\/aak-3-635x330-1-600x330-1.jpg\" \/>\n\t<meta property=\"og:image:width\" content=\"600\" \/>\n\t<meta property=\"og:image:height\" content=\"330\" \/>\n\t<meta property=\"og:image:type\" content=\"image\/jpeg\" \/>\n<meta name=\"author\" content=\"M M\" \/>\n<meta name=\"twitter:card\" content=\"summary_large_image\" \/>\n<meta name=\"twitter:label1\" content=\"Written by\" \/>\n\t<meta name=\"twitter:data1\" content=\"M M\" \/>\n\t<meta name=\"twitter:label2\" content=\"Est. reading time\" \/>\n\t<meta name=\"twitter:data2\" content=\"1 minut\u00eb\" \/>\n<script type=\"application\/ld+json\" class=\"yoast-schema-graph\">{\"@context\":\"https:\/\/schema.org\",\"@graph\":[{\"@type\":\"Article\",\"@id\":\"https:\/\/permbledhja.com\/sq\/aak-merr-vendim-ti-votojne-marreveshjet-nderkombetare-e-beme-per-qytetaret-jo-vv-ne\/#article\",\"isPartOf\":{\"@id\":\"https:\/\/permbledhja.com\/sq\/aak-merr-vendim-ti-votojne-marreveshjet-nderkombetare-e-beme-per-qytetaret-jo-vv-ne\/\"},\"author\":{\"name\":\"M M\",\"@id\":\"https:\/\/permbledhja.com\/#\/schema\/person\/d23f13f59b5722643933d6780783acf3\"},\"headline\":\"AAK merr vendim t\u2019i votojn\u00eb marr\u00ebveshjet nd\u00ebrkomb\u00ebtare, e b\u00ebm\u00eb p\u00ebr qytetar\u00ebt, jo VV-n\u00eb\",\"datePublished\":\"2024-03-06T09:32:30+00:00\",\"dateModified\":\"2024-03-06T09:32:30+00:00\",\"mainEntityOfPage\":{\"@id\":\"https:\/\/permbledhja.com\/sq\/aak-merr-vendim-ti-votojne-marreveshjet-nderkombetare-e-beme-per-qytetaret-jo-vv-ne\/\"},\"wordCount\":205,\"publisher\":{\"@id\":\"https:\/\/permbledhja.com\/#organization\"},\"keywords\":[\"AAK\"],\"articleSection\":[\"T\u00eb r\u00ebnd\u00ebsishme\"],\"inLanguage\":\"sq\"},{\"@type\":\"WebPage\",\"@id\":\"https:\/\/permbledhja.com\/sq\/aak-merr-vendim-ti-votojne-marreveshjet-nderkombetare-e-beme-per-qytetaret-jo-vv-ne\/\",\"url\":\"https:\/\/permbledhja.com\/sq\/aak-merr-vendim-ti-votojne-marreveshjet-nderkombetare-e-beme-per-qytetaret-jo-vv-ne\/\",\"name\":\"AAK merr vendim t\u2019i votojn\u00eb marr\u00ebveshjet nd\u00ebrkomb\u00ebtare, e b\u00ebm\u00eb p\u00ebr qytetar\u00ebt, jo VV-n\u00eb\",\"isPartOf\":{\"@id\":\"https:\/\/permbledhja.com\/#website\"},\"datePublished\":\"2024-03-06T09:32:30+00:00\",\"dateModified\":\"2024-03-06T09:32:30+00:00\",\"breadcrumb\":{\"@id\":\"https:\/\/permbledhja.com\/sq\/aak-merr-vendim-ti-votojne-marreveshjet-nderkombetare-e-beme-per-qytetaret-jo-vv-ne\/#breadcrumb\"},\"inLanguage\":\"sq\",\"potentialAction\":[{\"@type\":\"ReadAction\",\"target\":[\"https:\/\/permbledhja.com\/sq\/aak-merr-vendim-ti-votojne-marreveshjet-nderkombetare-e-beme-per-qytetaret-jo-vv-ne\/\"]}]},{\"@type\":\"BreadcrumbList\",\"@id\":\"https:\/\/permbledhja.com\/sq\/aak-merr-vendim-ti-votojne-marreveshjet-nderkombetare-e-beme-per-qytetaret-jo-vv-ne\/#breadcrumb\",\"itemListElement\":[{\"@type\":\"ListItem\",\"position\":1,\"name\":\"Ballina\",\"item\":\"https:\/\/permbledhja.com\/sq\/\"},{\"@type\":\"ListItem\",\"position\":2,\"name\":\"AAK merr vendim t\u2019i votojn\u00eb marr\u00ebveshjet nd\u00ebrkomb\u00ebtare, e b\u00ebm\u00eb p\u00ebr qytetar\u00ebt, jo VV-n\u00eb\"}]},{\"@type\":\"WebSite\",\"@id\":\"https:\/\/permbledhja.com\/#website\",\"url\":\"https:\/\/permbledhja.com\/\",\"name\":\"Ve\u00e7 artikuj p\u00ebrmbledh\u00ebs\",\"description\":\"\",\"publisher\":{\"@id\":\"https:\/\/permbledhja.com\/#organization\"},\"potentialAction\":[{\"@type\":\"SearchAction\",\"target\":{\"@type\":\"EntryPoint\",\"urlTemplate\":\"https:\/\/permbledhja.com\/?s={search_term_string}\"},\"query-input\":\"required name=search_term_string\"}],\"inLanguage\":\"sq\"},{\"@type\":\"Organization\",\"@id\":\"https:\/\/permbledhja.com\/#organization\",\"name\":\"MK Media & Pr\",\"url\":\"https:\/\/permbledhja.com\/\",\"logo\":{\"@type\":\"ImageObject\",\"inLanguage\":\"sq\",\"@id\":\"https:\/\/permbledhja.com\/#\/schema\/logo\/image\/\",\"url\":\"https:\/\/permbledhja.com\/wp-content\/uploads\/2021\/12\/07-Press-Logo.jpg\",\"contentUrl\":\"https:\/\/permbledhja.com\/wp-content\/uploads\/2021\/12\/07-Press-Logo.jpg\",\"width\":512,\"height\":512,\"caption\":\"MK Media & Pr\"},\"image\":{\"@id\":\"https:\/\/permbledhja.com\/#\/schema\/logo\/image\/\"},\"sameAs\":[\"https:\/\/www.facebook.com\/press07\/\"]},{\"@type\":\"Person\",\"@id\":\"https:\/\/permbledhja.com\/#\/schema\/person\/d23f13f59b5722643933d6780783acf3\",\"name\":\"M M\",\"image\":{\"@type\":\"ImageObject\",\"inLanguage\":\"sq\",\"@id\":\"https:\/\/permbledhja.com\/#\/schema\/person\/image\/\",\"url\":\"https:\/\/secure.gravatar.com\/avatar\/e2835a76ca7c31a2416b2d51c4ec9a8f?s=96&d=mm&r=g\",\"contentUrl\":\"https:\/\/secure.gravatar.com\/avatar\/e2835a76ca7c31a2416b2d51c4ec9a8f?s=96&d=mm&r=g\",\"caption\":\"M M\"},\"sameAs\":[\"http:\/\/MM\"],\"url\":\"https:\/\/permbledhja.com\/sq\/author\/muhamet\/\"}]}<\/script>\n<!-- \/ Yoast SEO plugin. -->","yoast_head_json":{"title":"AAK merr vendim t\u2019i votojn\u00eb marr\u00ebveshjet nd\u00ebrkomb\u00ebtare, e b\u00ebm\u00eb p\u00ebr qytetar\u00ebt, jo VV-n\u00eb","robots":{"index":"index","follow":"follow","max-snippet":"max-snippet:-1","max-image-preview":"max-image-preview:large","max-video-preview":"max-video-preview:-1"},"canonical":"https:\/\/permbledhja.com\/sq\/aak-merr-vendim-ti-votojne-marreveshjet-nderkombetare-e-beme-per-qytetaret-jo-vv-ne\/","og_locale":"sq_AL","og_type":"article","og_title":"AAK merr vendim t\u2019i votojn\u00eb marr\u00ebveshjet nd\u00ebrkomb\u00ebtare, e b\u00ebm\u00eb p\u00ebr qytetar\u00ebt, jo VV-n\u00eb","og_description":"Deputetja e AAK-s\u00eb Time Kadrijaj ka th\u00ebn\u00eb se kan\u00eb marr\u00eb vendim q\u00eb t\u2019i votojn\u00eb marr\u00ebveshjet nd\u00ebrkomb\u00ebtare jo p\u00ebr shkak t\u00eb L\u00ebvizjes Vet\u00ebvendosje, por p\u00ebr shkak q\u00eb jan\u00eb n\u00eb interes t\u00eb qytetar\u00ebve. \u201cNe n\u00eb fakt nuk koordinohemi me L\u00ebvizjen Vet\u00ebvendosje. Ne marr\u00ebveshjet nd\u00ebrkomb\u00ebtare nuk i votojm\u00eb p\u00ebr shkak t\u00eb L\u00ebvizjes Vet\u00ebvendosje por i votojm\u00eb se jan\u00eb [&hellip;]","og_url":"https:\/\/permbledhja.com\/sq\/aak-merr-vendim-ti-votojne-marreveshjet-nderkombetare-e-beme-per-qytetaret-jo-vv-ne\/","og_site_name":"Ve\u00e7 artikuj p\u00ebrmbledh\u00ebs","article_publisher":"https:\/\/www.facebook.com\/press07\/","article_published_time":"2024-03-06T09:32:30+00:00","og_image":[{"width":600,"height":330,"url":"https:\/\/permbledhja.com\/wp-content\/uploads\/2024\/03\/aak-3-635x330-1-600x330-1.jpg","type":"image\/jpeg"}],"author":"M M","twitter_card":"summary_large_image","twitter_misc":{"Written by":"M M","Est. reading time":"1 minut\u00eb"},"schema":{"@context":"https:\/\/schema.org","@graph":[{"@type":"Article","@id":"https:\/\/permbledhja.com\/sq\/aak-merr-vendim-ti-votojne-marreveshjet-nderkombetare-e-beme-per-qytetaret-jo-vv-ne\/#article","isPartOf":{"@id":"https:\/\/permbledhja.com\/sq\/aak-merr-vendim-ti-votojne-marreveshjet-nderkombetare-e-beme-per-qytetaret-jo-vv-ne\/"},"author":{"name":"M M","@id":"https:\/\/permbledhja.com\/#\/schema\/person\/d23f13f59b5722643933d6780783acf3"},"headline":"AAK merr vendim t\u2019i votojn\u00eb marr\u00ebveshjet nd\u00ebrkomb\u00ebtare, e b\u00ebm\u00eb p\u00ebr qytetar\u00ebt, jo VV-n\u00eb","datePublished":"2024-03-06T09:32:30+00:00","dateModified":"2024-03-06T09:32:30+00:00","mainEntityOfPage":{"@id":"https:\/\/permbledhja.com\/sq\/aak-merr-vendim-ti-votojne-marreveshjet-nderkombetare-e-beme-per-qytetaret-jo-vv-ne\/"},"wordCount":205,"publisher":{"@id":"https:\/\/permbledhja.com\/#organization"},"keywords":["AAK"],"articleSection":["T\u00eb r\u00ebnd\u00ebsishme"],"inLanguage":"sq"},{"@type":"WebPage","@id":"https:\/\/permbledhja.com\/sq\/aak-merr-vendim-ti-votojne-marreveshjet-nderkombetare-e-beme-per-qytetaret-jo-vv-ne\/","url":"https:\/\/permbledhja.com\/sq\/aak-merr-vendim-ti-votojne-marreveshjet-nderkombetare-e-beme-per-qytetaret-jo-vv-ne\/","name":"AAK merr vendim t\u2019i votojn\u00eb marr\u00ebveshjet nd\u00ebrkomb\u00ebtare, e b\u00ebm\u00eb p\u00ebr qytetar\u00ebt, jo VV-n\u00eb","isPartOf":{"@id":"https:\/\/permbledhja.com\/#website"},"datePublished":"2024-03-06T09:32:30+00:00","dateModified":"2024-03-06T09:32:30+00:00","breadcrumb":{"@id":"https:\/\/permbledhja.com\/sq\/aak-merr-vendim-ti-votojne-marreveshjet-nderkombetare-e-beme-per-qytetaret-jo-vv-ne\/#breadcrumb"},"inLanguage":"sq","potentialAction":[{"@type":"ReadAction","target":["https:\/\/permbledhja.com\/sq\/aak-merr-vendim-ti-votojne-marreveshjet-nderkombetare-e-beme-per-qytetaret-jo-vv-ne\/"]}]},{"@type":"BreadcrumbList","@id":"https:\/\/permbledhja.com\/sq\/aak-merr-vendim-ti-votojne-marreveshjet-nderkombetare-e-beme-per-qytetaret-jo-vv-ne\/#breadcrumb","itemListElement":[{"@type":"ListItem","position":1,"name":"Ballina","item":"https:\/\/permbledhja.com\/sq\/"},{"@type":"ListItem","position":2,"name":"AAK merr vendim t\u2019i votojn\u00eb marr\u00ebveshjet nd\u00ebrkomb\u00ebtare, e b\u00ebm\u00eb p\u00ebr qytetar\u00ebt, jo VV-n\u00eb"}]},{"@type":"WebSite","@id":"https:\/\/permbledhja.com\/#website","url":"https:\/\/permbledhja.com\/","name":"Ve\u00e7 artikuj p\u00ebrmbledh\u00ebs","description":"","publisher":{"@id":"https:\/\/permbledhja.com\/#organization"},"potentialAction":[{"@type":"SearchAction","target":{"@type":"EntryPoint","urlTemplate":"https:\/\/permbledhja.com\/?s={search_term_string}"},"query-input":"required name=search_term_string"}],"inLanguage":"sq"},{"@type":"Organization","@id":"https:\/\/permbledhja.com\/#organization","name":"MK Media & Pr","url":"https:\/\/permbledhja.com\/","logo":{"@type":"ImageObject","inLanguage":"sq","@id":"https:\/\/permbledhja.com\/#\/schema\/logo\/image\/","url":"https:\/\/permbledhja.com\/wp-content\/uploads\/2021\/12\/07-Press-Logo.jpg","contentUrl":"https:\/\/permbledhja.com\/wp-content\/uploads\/2021\/12\/07-Press-Logo.jpg","width":512,"height":512,"caption":"MK Media & Pr"},"image":{"@id":"https:\/\/permbledhja.com\/#\/schema\/logo\/image\/"},"sameAs":["https:\/\/www.facebook.com\/press07\/"]},{"@type":"Person","@id":"https:\/\/permbledhja.com\/#\/schema\/person\/d23f13f59b5722643933d6780783acf3","name":"M M","image":{"@type":"ImageObject","inLanguage":"sq","@id":"https:\/\/permbledhja.com\/#\/schema\/person\/image\/","url":"https:\/\/secure.gravatar.com\/avatar\/e2835a76ca7c31a2416b2d51c4ec9a8f?s=96&d=mm&r=g","contentUrl":"https:\/\/secure.gravatar.com\/avatar\/e2835a76ca7c31a2416b2d51c4ec9a8f?s=96&d=mm&r=g","caption":"M M"},"sameAs":["http:\/\/MM"],"url":"https:\/\/permbledhja.com\/sq\/author\/muhamet\/"}]}},"_links":{"self":[{"href":"https:\/\/permbledhja.com\/sq\/wp-json\/wp\/v2\/posts\/51420"}],"collection":[{"href":"https:\/\/permbledhja.com\/sq\/wp-json\/wp\/v2\/posts"}],"about":[{"href":"https:\/\/permbledhja.com\/sq\/wp-json\/wp\/v2\/types\/post"}],"author":[{"embeddable":true,"href":"https:\/\/permbledhja.com\/sq\/wp-json\/wp\/v2\/users\/2"}],"replies":[{"embeddable":true,"href":"https:\/\/permbledhja.com\/sq\/wp-json\/wp\/v2\/comments?post=51420"}],"version-history":[{"count":1,"href":"https:\/\/permbledhja.com\/sq\/wp-json\/wp\/v2\/posts\/51420\/revisions"}],"predecessor-version":[{"id":51422,"href":"https:\/\/permbledhja.com\/sq\/wp-json\/wp\/v2\/posts\/51420\/revisions\/51422"}],"wp:featuredmedia":[{"embeddable":true,"href":"https:\/\/permbledhja.com\/sq\/wp-json\/wp\/v2\/media\/51421"}],"wp:attachment":[{"href":"https:\/\/permbledhja.com\/sq\/wp-json\/wp\/v2\/media?parent=51420"}],"wp:term":[{"taxonomy":"category","embeddable":true,"href":"https:\/\/permbledhja.com\/sq\/wp-json\/wp\/v2\/categories?post=51420"},{"taxonomy":"post_tag","embeddable":true,"href":"https:\/\/permbledhja.com\/sq\/wp-json\/wp\/v2\/tags?post=51420"}],"curies":[{"name":"wp","href":"https:\/\/api.w.org\/{rel}","templated":true}]}}