{"id":51162,"date":"2024-03-04T21:13:22","date_gmt":"2024-03-04T21:13:22","guid":{"rendered":"https:\/\/permbledhja.com\/?p=51162"},"modified":"2024-03-04T21:13:22","modified_gmt":"2024-03-04T21:13:22","slug":"termet-godet-turqine-ndihen-lekundje-te-forta","status":"publish","type":"post","link":"https:\/\/permbledhja.com\/sq\/termet-godet-turqine-ndihen-lekundje-te-forta\/","title":{"rendered":"T\u00ebrmet godet Turqin\u00eb, ndihen l\u00ebkundje t\u00eb forta"},"content":{"rendered":"<h3>L\u00ebkundje t\u00eb forta t\u00ebrmeti ka pasur n\u00eb Turqi.<\/h3>\n<p>T\u00ebrmeti me magnitud\u00eb 4.9 ka pasur si epiqend\u00ebr \u00c7anakala, duke shkaktuar panik te banor\u00ebt.<\/p>\n<p>Sipas mediave turke, t\u00ebrmeti ka r\u00ebn\u00eb rreth or\u00ebs 21:38 me or\u00ebn lokale.<\/p>\n<p>T\u00ebrmeti \u00ebsht\u00eb ndjer\u00eb edhe n\u00eb provincat p\u00ebrreth si Stamboll, Bal\u0131kesir dhe Bursa.<\/p>\n","protected":false},"excerpt":{"rendered":"<p>L\u00ebkundje t\u00eb forta t\u00ebrmeti ka pasur n\u00eb Turqi. T\u00ebrmeti me magnitud\u00eb 4.9 ka pasur si epiqend\u00ebr \u00c7anakala, duke shkaktuar panik te banor\u00ebt. Sipas mediave turke, t\u00ebrmeti ka r\u00ebn\u00eb rreth or\u00ebs 21:38 me or\u00ebn lokale. T\u00ebrmeti \u00ebsht\u00eb ndjer\u00eb edhe n\u00eb provincat p\u00ebrreth si Stamboll, Bal\u0131kesir dhe Bursa.<\/p>\n","protected":false},"author":5,"featured_media":49985,"comment_status":"closed","ping_status":"closed","sticky":false,"template":"","format":"standard","meta":{"_monsterinsights_skip_tracking":false,"_monsterinsights_sitenote_active":false,"_monsterinsights_sitenote_note":"","_monsterinsights_sitenote_category":0,"_uf_show_specific_survey":0,"_uf_disable_surveys":false,"footnotes":""},"categories":[15],"tags":[],"yoast_head":"<!-- This site is optimized with the Yoast SEO plugin v21.5 - https:\/\/yoast.com\/wordpress\/plugins\/seo\/ -->\n<title>T\u00ebrmet godet Turqin\u00eb, ndihen l\u00ebkundje t\u00eb forta<\/title>\n<meta name=\"robots\" content=\"index, follow, max-snippet:-1, max-image-preview:large, max-video-preview:-1\" \/>\n<link rel=\"canonical\" href=\"https:\/\/permbledhja.com\/sq\/termet-godet-turqine-ndihen-lekundje-te-forta\/\" \/>\n<meta property=\"og:locale\" content=\"sq_AL\" \/>\n<meta property=\"og:type\" content=\"article\" \/>\n<meta property=\"og:title\" content=\"T\u00ebrmet godet Turqin\u00eb, ndihen l\u00ebkundje t\u00eb forta\" \/>\n<meta property=\"og:description\" content=\"L\u00ebkundje t\u00eb forta t\u00ebrmeti ka pasur n\u00eb Turqi. T\u00ebrmeti me magnitud\u00eb 4.9 ka pasur si epiqend\u00ebr \u00c7anakala, duke shkaktuar panik te banor\u00ebt. Sipas mediave turke, t\u00ebrmeti ka r\u00ebn\u00eb rreth or\u00ebs 21:38 me or\u00ebn lokale. T\u00ebrmeti \u00ebsht\u00eb ndjer\u00eb edhe n\u00eb provincat p\u00ebrreth si Stamboll, Bal\u0131kesir dhe Bursa.\" \/>\n<meta property=\"og:url\" content=\"https:\/\/permbledhja.com\/sq\/termet-godet-turqine-ndihen-lekundje-te-forta\/\" \/>\n<meta property=\"og:site_name\" content=\"Ve\u00e7 artikuj p\u00ebrmbledh\u00ebs\" \/>\n<meta property=\"article:publisher\" content=\"https:\/\/www.facebook.com\/press07\/\" \/>\n<meta property=\"article:published_time\" content=\"2024-03-04T21:13:22+00:00\" \/>\n<meta property=\"og:image\" content=\"https:\/\/permbledhja.com\/wp-content\/uploads\/2024\/02\/termet-lajm-i-fundit-1024x576-1.jpg\" \/>\n\t<meta property=\"og:image:width\" content=\"1024\" \/>\n\t<meta property=\"og:image:height\" content=\"576\" \/>\n\t<meta property=\"og:image:type\" content=\"image\/jpeg\" \/>\n<meta name=\"author\" content=\"DL\" \/>\n<meta name=\"twitter:card\" content=\"summary_large_image\" \/>\n<meta name=\"twitter:label1\" content=\"Written by\" \/>\n\t<meta name=\"twitter:data1\" content=\"DL\" \/>\n\t<meta name=\"twitter:label2\" content=\"Est. reading time\" \/>\n\t<meta name=\"twitter:data2\" content=\"1 minut\u00eb\" \/>\n<script type=\"application\/ld+json\" class=\"yoast-schema-graph\">{\"@context\":\"https:\/\/schema.org\",\"@graph\":[{\"@type\":\"Article\",\"@id\":\"https:\/\/permbledhja.com\/sq\/termet-godet-turqine-ndihen-lekundje-te-forta\/#article\",\"isPartOf\":{\"@id\":\"https:\/\/permbledhja.com\/sq\/termet-godet-turqine-ndihen-lekundje-te-forta\/\"},\"author\":{\"name\":\"DL\",\"@id\":\"https:\/\/permbledhja.com\/#\/schema\/person\/9c54260cbc4c6f792cb100550491638c\"},\"headline\":\"T\u00ebrmet godet Turqin\u00eb, ndihen l\u00ebkundje t\u00eb forta\",\"datePublished\":\"2024-03-04T21:13:22+00:00\",\"dateModified\":\"2024-03-04T21:13:22+00:00\",\"mainEntityOfPage\":{\"@id\":\"https:\/\/permbledhja.com\/sq\/termet-godet-turqine-ndihen-lekundje-te-forta\/\"},\"wordCount\":65,\"publisher\":{\"@id\":\"https:\/\/permbledhja.com\/#organization\"},\"articleSection\":[\"Lajme\"],\"inLanguage\":\"sq\"},{\"@type\":\"WebPage\",\"@id\":\"https:\/\/permbledhja.com\/sq\/termet-godet-turqine-ndihen-lekundje-te-forta\/\",\"url\":\"https:\/\/permbledhja.com\/sq\/termet-godet-turqine-ndihen-lekundje-te-forta\/\",\"name\":\"T\u00ebrmet godet Turqin\u00eb, ndihen l\u00ebkundje t\u00eb forta\",\"isPartOf\":{\"@id\":\"https:\/\/permbledhja.com\/#website\"},\"datePublished\":\"2024-03-04T21:13:22+00:00\",\"dateModified\":\"2024-03-04T21:13:22+00:00\",\"breadcrumb\":{\"@id\":\"https:\/\/permbledhja.com\/sq\/termet-godet-turqine-ndihen-lekundje-te-forta\/#breadcrumb\"},\"inLanguage\":\"sq\",\"potentialAction\":[{\"@type\":\"ReadAction\",\"target\":[\"https:\/\/permbledhja.com\/sq\/termet-godet-turqine-ndihen-lekundje-te-forta\/\"]}]},{\"@type\":\"BreadcrumbList\",\"@id\":\"https:\/\/permbledhja.com\/sq\/termet-godet-turqine-ndihen-lekundje-te-forta\/#breadcrumb\",\"itemListElement\":[{\"@type\":\"ListItem\",\"position\":1,\"name\":\"Ballina\",\"item\":\"https:\/\/permbledhja.com\/sq\/\"},{\"@type\":\"ListItem\",\"position\":2,\"name\":\"T\u00ebrmet godet Turqin\u00eb, ndihen l\u00ebkundje t\u00eb forta\"}]},{\"@type\":\"WebSite\",\"@id\":\"https:\/\/permbledhja.com\/#website\",\"url\":\"https:\/\/permbledhja.com\/\",\"name\":\"Ve\u00e7 artikuj p\u00ebrmbledh\u00ebs\",\"description\":\"\",\"publisher\":{\"@id\":\"https:\/\/permbledhja.com\/#organization\"},\"potentialAction\":[{\"@type\":\"SearchAction\",\"target\":{\"@type\":\"EntryPoint\",\"urlTemplate\":\"https:\/\/permbledhja.com\/?s={search_term_string}\"},\"query-input\":\"required name=search_term_string\"}],\"inLanguage\":\"sq\"},{\"@type\":\"Organization\",\"@id\":\"https:\/\/permbledhja.com\/#organization\",\"name\":\"MK Media & Pr\",\"url\":\"https:\/\/permbledhja.com\/\",\"logo\":{\"@type\":\"ImageObject\",\"inLanguage\":\"sq\",\"@id\":\"https:\/\/permbledhja.com\/#\/schema\/logo\/image\/\",\"url\":\"https:\/\/permbledhja.com\/wp-content\/uploads\/2021\/12\/07-Press-Logo.jpg\",\"contentUrl\":\"https:\/\/permbledhja.com\/wp-content\/uploads\/2021\/12\/07-Press-Logo.jpg\",\"width\":512,\"height\":512,\"caption\":\"MK Media & Pr\"},\"image\":{\"@id\":\"https:\/\/permbledhja.com\/#\/schema\/logo\/image\/\"},\"sameAs\":[\"https:\/\/www.facebook.com\/press07\/\"]},{\"@type\":\"Person\",\"@id\":\"https:\/\/permbledhja.com\/#\/schema\/person\/9c54260cbc4c6f792cb100550491638c\",\"name\":\"DL\",\"image\":{\"@type\":\"ImageObject\",\"inLanguage\":\"sq\",\"@id\":\"https:\/\/permbledhja.com\/#\/schema\/person\/image\/\",\"url\":\"https:\/\/secure.gravatar.com\/avatar\/94503eb28d4c4b2005a5c8753e35fc80?s=96&d=mm&r=g\",\"contentUrl\":\"https:\/\/secure.gravatar.com\/avatar\/94503eb28d4c4b2005a5c8753e35fc80?s=96&d=mm&r=g\",\"caption\":\"DL\"},\"url\":\"https:\/\/permbledhja.com\/sq\/author\/dl\/\"}]}<\/script>\n<!-- \/ Yoast SEO plugin. -->","yoast_head_json":{"title":"T\u00ebrmet godet Turqin\u00eb, ndihen l\u00ebkundje t\u00eb forta","robots":{"index":"index","follow":"follow","max-snippet":"max-snippet:-1","max-image-preview":"max-image-preview:large","max-video-preview":"max-video-preview:-1"},"canonical":"https:\/\/permbledhja.com\/sq\/termet-godet-turqine-ndihen-lekundje-te-forta\/","og_locale":"sq_AL","og_type":"article","og_title":"T\u00ebrmet godet Turqin\u00eb, ndihen l\u00ebkundje t\u00eb forta","og_description":"L\u00ebkundje t\u00eb forta t\u00ebrmeti ka pasur n\u00eb Turqi. T\u00ebrmeti me magnitud\u00eb 4.9 ka pasur si epiqend\u00ebr \u00c7anakala, duke shkaktuar panik te banor\u00ebt. Sipas mediave turke, t\u00ebrmeti ka r\u00ebn\u00eb rreth or\u00ebs 21:38 me or\u00ebn lokale. T\u00ebrmeti \u00ebsht\u00eb ndjer\u00eb edhe n\u00eb provincat p\u00ebrreth si Stamboll, Bal\u0131kesir dhe Bursa.","og_url":"https:\/\/permbledhja.com\/sq\/termet-godet-turqine-ndihen-lekundje-te-forta\/","og_site_name":"Ve\u00e7 artikuj p\u00ebrmbledh\u00ebs","article_publisher":"https:\/\/www.facebook.com\/press07\/","article_published_time":"2024-03-04T21:13:22+00:00","og_image":[{"width":1024,"height":576,"url":"https:\/\/permbledhja.com\/wp-content\/uploads\/2024\/02\/termet-lajm-i-fundit-1024x576-1.jpg","type":"image\/jpeg"}],"author":"DL","twitter_card":"summary_large_image","twitter_misc":{"Written by":"DL","Est. reading time":"1 minut\u00eb"},"schema":{"@context":"https:\/\/schema.org","@graph":[{"@type":"Article","@id":"https:\/\/permbledhja.com\/sq\/termet-godet-turqine-ndihen-lekundje-te-forta\/#article","isPartOf":{"@id":"https:\/\/permbledhja.com\/sq\/termet-godet-turqine-ndihen-lekundje-te-forta\/"},"author":{"name":"DL","@id":"https:\/\/permbledhja.com\/#\/schema\/person\/9c54260cbc4c6f792cb100550491638c"},"headline":"T\u00ebrmet godet Turqin\u00eb, ndihen l\u00ebkundje t\u00eb forta","datePublished":"2024-03-04T21:13:22+00:00","dateModified":"2024-03-04T21:13:22+00:00","mainEntityOfPage":{"@id":"https:\/\/permbledhja.com\/sq\/termet-godet-turqine-ndihen-lekundje-te-forta\/"},"wordCount":65,"publisher":{"@id":"https:\/\/permbledhja.com\/#organization"},"articleSection":["Lajme"],"inLanguage":"sq"},{"@type":"WebPage","@id":"https:\/\/permbledhja.com\/sq\/termet-godet-turqine-ndihen-lekundje-te-forta\/","url":"https:\/\/permbledhja.com\/sq\/termet-godet-turqine-ndihen-lekundje-te-forta\/","name":"T\u00ebrmet godet Turqin\u00eb, ndihen l\u00ebkundje t\u00eb forta","isPartOf":{"@id":"https:\/\/permbledhja.com\/#website"},"datePublished":"2024-03-04T21:13:22+00:00","dateModified":"2024-03-04T21:13:22+00:00","breadcrumb":{"@id":"https:\/\/permbledhja.com\/sq\/termet-godet-turqine-ndihen-lekundje-te-forta\/#breadcrumb"},"inLanguage":"sq","potentialAction":[{"@type":"ReadAction","target":["https:\/\/permbledhja.com\/sq\/termet-godet-turqine-ndihen-lekundje-te-forta\/"]}]},{"@type":"BreadcrumbList","@id":"https:\/\/permbledhja.com\/sq\/termet-godet-turqine-ndihen-lekundje-te-forta\/#breadcrumb","itemListElement":[{"@type":"ListItem","position":1,"name":"Ballina","item":"https:\/\/permbledhja.com\/sq\/"},{"@type":"ListItem","position":2,"name":"T\u00ebrmet godet Turqin\u00eb, ndihen l\u00ebkundje t\u00eb forta"}]},{"@type":"WebSite","@id":"https:\/\/permbledhja.com\/#website","url":"https:\/\/permbledhja.com\/","name":"Ve\u00e7 artikuj p\u00ebrmbledh\u00ebs","description":"","publisher":{"@id":"https:\/\/permbledhja.com\/#organization"},"potentialAction":[{"@type":"SearchAction","target":{"@type":"EntryPoint","urlTemplate":"https:\/\/permbledhja.com\/?s={search_term_string}"},"query-input":"required name=search_term_string"}],"inLanguage":"sq"},{"@type":"Organization","@id":"https:\/\/permbledhja.com\/#organization","name":"MK Media & Pr","url":"https:\/\/permbledhja.com\/","logo":{"@type":"ImageObject","inLanguage":"sq","@id":"https:\/\/permbledhja.com\/#\/schema\/logo\/image\/","url":"https:\/\/permbledhja.com\/wp-content\/uploads\/2021\/12\/07-Press-Logo.jpg","contentUrl":"https:\/\/permbledhja.com\/wp-content\/uploads\/2021\/12\/07-Press-Logo.jpg","width":512,"height":512,"caption":"MK Media & Pr"},"image":{"@id":"https:\/\/permbledhja.com\/#\/schema\/logo\/image\/"},"sameAs":["https:\/\/www.facebook.com\/press07\/"]},{"@type":"Person","@id":"https:\/\/permbledhja.com\/#\/schema\/person\/9c54260cbc4c6f792cb100550491638c","name":"DL","image":{"@type":"ImageObject","inLanguage":"sq","@id":"https:\/\/permbledhja.com\/#\/schema\/person\/image\/","url":"https:\/\/secure.gravatar.com\/avatar\/94503eb28d4c4b2005a5c8753e35fc80?s=96&d=mm&r=g","contentUrl":"https:\/\/secure.gravatar.com\/avatar\/94503eb28d4c4b2005a5c8753e35fc80?s=96&d=mm&r=g","caption":"DL"},"url":"https:\/\/permbledhja.com\/sq\/author\/dl\/"}]}},"_links":{"self":[{"href":"https:\/\/permbledhja.com\/sq\/wp-json\/wp\/v2\/posts\/51162"}],"collection":[{"href":"https:\/\/permbledhja.com\/sq\/wp-json\/wp\/v2\/posts"}],"about":[{"href":"https:\/\/permbledhja.com\/sq\/wp-json\/wp\/v2\/types\/post"}],"author":[{"embeddable":true,"href":"https:\/\/permbledhja.com\/sq\/wp-json\/wp\/v2\/users\/5"}],"replies":[{"embeddable":true,"href":"https:\/\/permbledhja.com\/sq\/wp-json\/wp\/v2\/comments?post=51162"}],"version-history":[{"count":1,"href":"https:\/\/permbledhja.com\/sq\/wp-json\/wp\/v2\/posts\/51162\/revisions"}],"predecessor-version":[{"id":51163,"href":"https:\/\/permbledhja.com\/sq\/wp-json\/wp\/v2\/posts\/51162\/revisions\/51163"}],"wp:featuredmedia":[{"embeddable":true,"href":"https:\/\/permbledhja.com\/sq\/wp-json\/wp\/v2\/media\/49985"}],"wp:attachment":[{"href":"https:\/\/permbledhja.com\/sq\/wp-json\/wp\/v2\/media?parent=51162"}],"wp:term":[{"taxonomy":"category","embeddable":true,"href":"https:\/\/permbledhja.com\/sq\/wp-json\/wp\/v2\/categories?post=51162"},{"taxonomy":"post_tag","embeddable":true,"href":"https:\/\/permbledhja.com\/sq\/wp-json\/wp\/v2\/tags?post=51162"}],"curies":[{"name":"wp","href":"https:\/\/api.w.org\/{rel}","templated":true}]}}