{"id":51152,"date":"2024-03-04T20:31:37","date_gmt":"2024-03-04T20:31:37","guid":{"rendered":"https:\/\/permbledhja.com\/?p=51152"},"modified":"2024-03-04T20:31:37","modified_gmt":"2024-03-04T20:31:37","slug":"lajcaku-paralajmeron-takim-me-bislimin-per-dinarin","status":"publish","type":"post","link":"https:\/\/permbledhja.com\/sq\/lajcaku-paralajmeron-takim-me-bislimin-per-dinarin\/","title":{"rendered":"Laj\u00e7aku paralajm\u00ebron takim me Bislimin p\u00ebr dinarin"},"content":{"rendered":"<h3>I d\u00ebrguari i Bashkimit Evropian p\u00ebr dialogun Kosov\u00eb-Serbi, Miroslav Laj\u00e7ak ka marr pjes\u00eb n\u00eb Forumin e Diplomacis\u00eb n\u00eb Antalia n\u00eb Turqis\u00eb.<\/h3>\n<p>Me an\u00eb t\u00eb nj\u00eb postimi n\u00eb llogarin\u00eb e tij n\u00eb Facebook, Laj\u00e7ak ka b\u00ebr\u00eb t\u00eb ditur se ka vizituar edhe qytetin belg Bryzh, ku thot\u00eb t\u00eb ket\u00eb mbajtur nj\u00eb ligj\u00ebrat\u00eb me diplomat\u00ebt e rinj p\u00ebr p\u00ebrvoj\u00ebn e tij aktuale dhe t\u00eb kaluar si P\u00ebrfaq\u00ebsues Special i BE-s\u00eb, p\u00ebrcjell Arbresh.info.<\/p>\n<p>Sipas tij, \u00e7\u00ebshtja kryesore e tij ka qen\u00eb vizita n\u00eb Bruksel jav\u00ebn e kaluar, konkretisht takimi me delegacionin e Kosov\u00ebs dhe Serbis\u00eb rreth \u00e7\u00ebshtjes s\u00eb dinarit, teksa ka paralajm\u00ebruar nj\u00eb takim t\u00eb mundsh\u00ebm me z\u00ebvend\u00ebskryeministrin e Kosov\u00ebs, Besnik Bislimi.<\/p>\n<p>\u201cPika kryesore e agjend\u00ebs sime n\u00eb Bruksel jav\u00ebn e kaluar ishte takimi nd\u00ebrmjet p\u00ebrfaq\u00ebsuesve t\u00eb Kosov\u00ebs dhe Serbis\u00eb p\u00ebr gjetjen e p\u00ebrgjigjeve ndaj pyetjeve t\u00eb hapura lidhur me vendimin e marr\u00eb s\u00eb fundi nga Banka Qendrore e Kosov\u00ebs p\u00ebr operim me kesh \u2013 m\u00eb konkretisht \u00e7\u00ebshtjen e ndihm\u00ebs s\u00eb Serbis\u00eb p\u00ebr njer\u00ebzit q\u00eb jetojn\u00eb n\u00eb Kosov\u00eb. P\u00ebrsh\u00ebndetja p\u00ebrkushtimin e t\u00eb dyja delegacioneve p\u00ebr t\u2019u angazhuar n\u00eb m\u00ebnyr\u00eb konstruktive p\u00ebr gjetje t\u00eb zgjidhjeve t\u00eb q\u00ebndrueshme p\u00ebr komunitetet e prekura. Takimi ishte nj\u00eb hap i r\u00ebnd\u00ebsish\u00ebm para; mir\u00ebpo, shum\u00eb pyetje politike mbesin dhe diskutime shtes\u00eb do t\u00eb nevojiten n\u00eb dit\u00ebt n\u00eb vijim. P\u00ebr k\u00ebt\u00eb arsye si hapin e menj\u00ebhersh\u00ebm t\u00eb ardhsh\u00ebm do t\u00eb vijoj\u00eb diskutimet me z\u00ebvend\u00ebskryeministrin e Kosov\u00ebs dhe kryenegociatorin Besnik Bislimi\u201d, ka shkruar nd\u00ebr t\u00eb tjera Laj\u00e7ak.<\/p>\n<p>Kujtojm\u00eb se jav\u00ebn e kaluar, Laj\u00e7ak n\u00eb Bruksel ka takuar nj\u00eb delegacion nga Kosova dhe Serbia p\u00ebr t\u00eb diskutuar rreth \u00e7\u00ebshtjes s\u00eb dinarit. Kosova \u00ebsht\u00eb p\u00ebrfaq\u00ebsuar nga nj\u00eb delegacion i BQK-s\u00eb.\/Arbresh.info<\/p>\n","protected":false},"excerpt":{"rendered":"<p>I d\u00ebrguari i Bashkimit Evropian p\u00ebr dialogun Kosov\u00eb-Serbi, Miroslav Laj\u00e7ak ka marr pjes\u00eb n\u00eb Forumin e Diplomacis\u00eb n\u00eb Antalia n\u00eb Turqis\u00eb. Me an\u00eb t\u00eb nj\u00eb postimi n\u00eb llogarin\u00eb e tij n\u00eb Facebook, Laj\u00e7ak ka b\u00ebr\u00eb t\u00eb ditur se ka vizituar edhe qytetin belg Bryzh, ku thot\u00eb t\u00eb ket\u00eb mbajtur nj\u00eb ligj\u00ebrat\u00eb me diplomat\u00ebt e rinj [&hellip;]<\/p>\n","protected":false},"author":5,"featured_media":51153,"comment_status":"closed","ping_status":"closed","sticky":false,"template":"","format":"standard","meta":{"_monsterinsights_skip_tracking":false,"_monsterinsights_sitenote_active":false,"_monsterinsights_sitenote_note":"","_monsterinsights_sitenote_category":0,"_uf_show_specific_survey":0,"_uf_disable_surveys":false,"footnotes":""},"categories":[1146],"tags":[],"yoast_head":"<!-- This site is optimized with the Yoast SEO plugin v21.5 - https:\/\/yoast.com\/wordpress\/plugins\/seo\/ -->\n<title>Laj\u00e7aku paralajm\u00ebron takim me Bislimin p\u00ebr dinarin<\/title>\n<meta name=\"robots\" content=\"index, follow, max-snippet:-1, max-image-preview:large, max-video-preview:-1\" \/>\n<link rel=\"canonical\" href=\"https:\/\/permbledhja.com\/sq\/lajcaku-paralajmeron-takim-me-bislimin-per-dinarin\/\" \/>\n<meta property=\"og:locale\" content=\"sq_AL\" \/>\n<meta property=\"og:type\" content=\"article\" \/>\n<meta property=\"og:title\" content=\"Laj\u00e7aku paralajm\u00ebron takim me Bislimin p\u00ebr dinarin\" \/>\n<meta property=\"og:description\" content=\"I d\u00ebrguari i Bashkimit Evropian p\u00ebr dialogun Kosov\u00eb-Serbi, Miroslav Laj\u00e7ak ka marr pjes\u00eb n\u00eb Forumin e Diplomacis\u00eb n\u00eb Antalia n\u00eb Turqis\u00eb. Me an\u00eb t\u00eb nj\u00eb postimi n\u00eb llogarin\u00eb e tij n\u00eb Facebook, Laj\u00e7ak ka b\u00ebr\u00eb t\u00eb ditur se ka vizituar edhe qytetin belg Bryzh, ku thot\u00eb t\u00eb ket\u00eb mbajtur nj\u00eb ligj\u00ebrat\u00eb me diplomat\u00ebt e rinj [&hellip;]\" \/>\n<meta property=\"og:url\" content=\"https:\/\/permbledhja.com\/sq\/lajcaku-paralajmeron-takim-me-bislimin-per-dinarin\/\" \/>\n<meta property=\"og:site_name\" content=\"Ve\u00e7 artikuj p\u00ebrmbledh\u00ebs\" \/>\n<meta property=\"article:publisher\" content=\"https:\/\/www.facebook.com\/press07\/\" \/>\n<meta property=\"article:published_time\" content=\"2024-03-04T20:31:37+00:00\" \/>\n<meta property=\"og:image\" content=\"https:\/\/permbledhja.com\/wp-content\/uploads\/2024\/03\/l.png\" \/>\n\t<meta property=\"og:image:width\" content=\"1031\" \/>\n\t<meta property=\"og:image:height\" content=\"571\" \/>\n\t<meta property=\"og:image:type\" content=\"image\/png\" \/>\n<meta name=\"author\" content=\"DL\" \/>\n<meta name=\"twitter:card\" content=\"summary_large_image\" \/>\n<meta name=\"twitter:label1\" content=\"Written by\" \/>\n\t<meta name=\"twitter:data1\" content=\"DL\" \/>\n\t<meta name=\"twitter:label2\" content=\"Est. reading time\" \/>\n\t<meta name=\"twitter:data2\" content=\"2 minuta\" \/>\n<script type=\"application\/ld+json\" class=\"yoast-schema-graph\">{\"@context\":\"https:\/\/schema.org\",\"@graph\":[{\"@type\":\"Article\",\"@id\":\"https:\/\/permbledhja.com\/lajcaku-paralajmeron-takim-me-bislimin-per-dinarin\/#article\",\"isPartOf\":{\"@id\":\"https:\/\/permbledhja.com\/lajcaku-paralajmeron-takim-me-bislimin-per-dinarin\/\"},\"author\":{\"name\":\"DL\",\"@id\":\"https:\/\/permbledhja.com\/#\/schema\/person\/9c54260cbc4c6f792cb100550491638c\"},\"headline\":\"Laj\u00e7aku paralajm\u00ebron takim me Bislimin p\u00ebr dinarin\",\"datePublished\":\"2024-03-04T20:31:37+00:00\",\"dateModified\":\"2024-03-04T20:31:37+00:00\",\"mainEntityOfPage\":{\"@id\":\"https:\/\/permbledhja.com\/lajcaku-paralajmeron-takim-me-bislimin-per-dinarin\/\"},\"wordCount\":342,\"publisher\":{\"@id\":\"https:\/\/permbledhja.com\/#organization\"},\"articleSection\":[\"Kryesoret\"],\"inLanguage\":\"sq\"},{\"@type\":\"WebPage\",\"@id\":\"https:\/\/permbledhja.com\/lajcaku-paralajmeron-takim-me-bislimin-per-dinarin\/\",\"url\":\"https:\/\/permbledhja.com\/lajcaku-paralajmeron-takim-me-bislimin-per-dinarin\/\",\"name\":\"Laj\u00e7aku paralajm\u00ebron takim me Bislimin p\u00ebr dinarin\",\"isPartOf\":{\"@id\":\"https:\/\/permbledhja.com\/#website\"},\"datePublished\":\"2024-03-04T20:31:37+00:00\",\"dateModified\":\"2024-03-04T20:31:37+00:00\",\"breadcrumb\":{\"@id\":\"https:\/\/permbledhja.com\/lajcaku-paralajmeron-takim-me-bislimin-per-dinarin\/#breadcrumb\"},\"inLanguage\":\"sq\",\"potentialAction\":[{\"@type\":\"ReadAction\",\"target\":[\"https:\/\/permbledhja.com\/lajcaku-paralajmeron-takim-me-bislimin-per-dinarin\/\"]}]},{\"@type\":\"BreadcrumbList\",\"@id\":\"https:\/\/permbledhja.com\/lajcaku-paralajmeron-takim-me-bislimin-per-dinarin\/#breadcrumb\",\"itemListElement\":[{\"@type\":\"ListItem\",\"position\":1,\"name\":\"Ballina\",\"item\":\"https:\/\/permbledhja.com\/sq\/\"},{\"@type\":\"ListItem\",\"position\":2,\"name\":\"Laj\u00e7aku paralajm\u00ebron takim me Bislimin p\u00ebr dinarin\"}]},{\"@type\":\"WebSite\",\"@id\":\"https:\/\/permbledhja.com\/#website\",\"url\":\"https:\/\/permbledhja.com\/\",\"name\":\"Ve\u00e7 artikuj p\u00ebrmbledh\u00ebs\",\"description\":\"\",\"publisher\":{\"@id\":\"https:\/\/permbledhja.com\/#organization\"},\"potentialAction\":[{\"@type\":\"SearchAction\",\"target\":{\"@type\":\"EntryPoint\",\"urlTemplate\":\"https:\/\/permbledhja.com\/?s={search_term_string}\"},\"query-input\":\"required name=search_term_string\"}],\"inLanguage\":\"sq\"},{\"@type\":\"Organization\",\"@id\":\"https:\/\/permbledhja.com\/#organization\",\"name\":\"MK Media & Pr\",\"url\":\"https:\/\/permbledhja.com\/\",\"logo\":{\"@type\":\"ImageObject\",\"inLanguage\":\"sq\",\"@id\":\"https:\/\/permbledhja.com\/#\/schema\/logo\/image\/\",\"url\":\"https:\/\/permbledhja.com\/wp-content\/uploads\/2021\/12\/07-Press-Logo.jpg\",\"contentUrl\":\"https:\/\/permbledhja.com\/wp-content\/uploads\/2021\/12\/07-Press-Logo.jpg\",\"width\":512,\"height\":512,\"caption\":\"MK Media & Pr\"},\"image\":{\"@id\":\"https:\/\/permbledhja.com\/#\/schema\/logo\/image\/\"},\"sameAs\":[\"https:\/\/www.facebook.com\/press07\/\"]},{\"@type\":\"Person\",\"@id\":\"https:\/\/permbledhja.com\/#\/schema\/person\/9c54260cbc4c6f792cb100550491638c\",\"name\":\"DL\",\"image\":{\"@type\":\"ImageObject\",\"inLanguage\":\"sq\",\"@id\":\"https:\/\/permbledhja.com\/#\/schema\/person\/image\/\",\"url\":\"https:\/\/secure.gravatar.com\/avatar\/94503eb28d4c4b2005a5c8753e35fc80?s=96&d=mm&r=g\",\"contentUrl\":\"https:\/\/secure.gravatar.com\/avatar\/94503eb28d4c4b2005a5c8753e35fc80?s=96&d=mm&r=g\",\"caption\":\"DL\"},\"url\":\"https:\/\/permbledhja.com\/sq\/author\/dl\/\"}]}<\/script>\n<!-- \/ Yoast SEO plugin. -->","yoast_head_json":{"title":"Laj\u00e7aku paralajm\u00ebron takim me Bislimin p\u00ebr dinarin","robots":{"index":"index","follow":"follow","max-snippet":"max-snippet:-1","max-image-preview":"max-image-preview:large","max-video-preview":"max-video-preview:-1"},"canonical":"https:\/\/permbledhja.com\/sq\/lajcaku-paralajmeron-takim-me-bislimin-per-dinarin\/","og_locale":"sq_AL","og_type":"article","og_title":"Laj\u00e7aku paralajm\u00ebron takim me Bislimin p\u00ebr dinarin","og_description":"I d\u00ebrguari i Bashkimit Evropian p\u00ebr dialogun Kosov\u00eb-Serbi, Miroslav Laj\u00e7ak ka marr pjes\u00eb n\u00eb Forumin e Diplomacis\u00eb n\u00eb Antalia n\u00eb Turqis\u00eb. Me an\u00eb t\u00eb nj\u00eb postimi n\u00eb llogarin\u00eb e tij n\u00eb Facebook, Laj\u00e7ak ka b\u00ebr\u00eb t\u00eb ditur se ka vizituar edhe qytetin belg Bryzh, ku thot\u00eb t\u00eb ket\u00eb mbajtur nj\u00eb ligj\u00ebrat\u00eb me diplomat\u00ebt e rinj [&hellip;]","og_url":"https:\/\/permbledhja.com\/sq\/lajcaku-paralajmeron-takim-me-bislimin-per-dinarin\/","og_site_name":"Ve\u00e7 artikuj p\u00ebrmbledh\u00ebs","article_publisher":"https:\/\/www.facebook.com\/press07\/","article_published_time":"2024-03-04T20:31:37+00:00","og_image":[{"width":1031,"height":571,"url":"https:\/\/permbledhja.com\/wp-content\/uploads\/2024\/03\/l.png","type":"image\/png"}],"author":"DL","twitter_card":"summary_large_image","twitter_misc":{"Written by":"DL","Est. reading time":"2 minuta"},"schema":{"@context":"https:\/\/schema.org","@graph":[{"@type":"Article","@id":"https:\/\/permbledhja.com\/lajcaku-paralajmeron-takim-me-bislimin-per-dinarin\/#article","isPartOf":{"@id":"https:\/\/permbledhja.com\/lajcaku-paralajmeron-takim-me-bislimin-per-dinarin\/"},"author":{"name":"DL","@id":"https:\/\/permbledhja.com\/#\/schema\/person\/9c54260cbc4c6f792cb100550491638c"},"headline":"Laj\u00e7aku paralajm\u00ebron takim me Bislimin p\u00ebr dinarin","datePublished":"2024-03-04T20:31:37+00:00","dateModified":"2024-03-04T20:31:37+00:00","mainEntityOfPage":{"@id":"https:\/\/permbledhja.com\/lajcaku-paralajmeron-takim-me-bislimin-per-dinarin\/"},"wordCount":342,"publisher":{"@id":"https:\/\/permbledhja.com\/#organization"},"articleSection":["Kryesoret"],"inLanguage":"sq"},{"@type":"WebPage","@id":"https:\/\/permbledhja.com\/lajcaku-paralajmeron-takim-me-bislimin-per-dinarin\/","url":"https:\/\/permbledhja.com\/lajcaku-paralajmeron-takim-me-bislimin-per-dinarin\/","name":"Laj\u00e7aku paralajm\u00ebron takim me Bislimin p\u00ebr dinarin","isPartOf":{"@id":"https:\/\/permbledhja.com\/#website"},"datePublished":"2024-03-04T20:31:37+00:00","dateModified":"2024-03-04T20:31:37+00:00","breadcrumb":{"@id":"https:\/\/permbledhja.com\/lajcaku-paralajmeron-takim-me-bislimin-per-dinarin\/#breadcrumb"},"inLanguage":"sq","potentialAction":[{"@type":"ReadAction","target":["https:\/\/permbledhja.com\/lajcaku-paralajmeron-takim-me-bislimin-per-dinarin\/"]}]},{"@type":"BreadcrumbList","@id":"https:\/\/permbledhja.com\/lajcaku-paralajmeron-takim-me-bislimin-per-dinarin\/#breadcrumb","itemListElement":[{"@type":"ListItem","position":1,"name":"Ballina","item":"https:\/\/permbledhja.com\/sq\/"},{"@type":"ListItem","position":2,"name":"Laj\u00e7aku paralajm\u00ebron takim me Bislimin p\u00ebr dinarin"}]},{"@type":"WebSite","@id":"https:\/\/permbledhja.com\/#website","url":"https:\/\/permbledhja.com\/","name":"Ve\u00e7 artikuj p\u00ebrmbledh\u00ebs","description":"","publisher":{"@id":"https:\/\/permbledhja.com\/#organization"},"potentialAction":[{"@type":"SearchAction","target":{"@type":"EntryPoint","urlTemplate":"https:\/\/permbledhja.com\/?s={search_term_string}"},"query-input":"required name=search_term_string"}],"inLanguage":"sq"},{"@type":"Organization","@id":"https:\/\/permbledhja.com\/#organization","name":"MK Media & Pr","url":"https:\/\/permbledhja.com\/","logo":{"@type":"ImageObject","inLanguage":"sq","@id":"https:\/\/permbledhja.com\/#\/schema\/logo\/image\/","url":"https:\/\/permbledhja.com\/wp-content\/uploads\/2021\/12\/07-Press-Logo.jpg","contentUrl":"https:\/\/permbledhja.com\/wp-content\/uploads\/2021\/12\/07-Press-Logo.jpg","width":512,"height":512,"caption":"MK Media & Pr"},"image":{"@id":"https:\/\/permbledhja.com\/#\/schema\/logo\/image\/"},"sameAs":["https:\/\/www.facebook.com\/press07\/"]},{"@type":"Person","@id":"https:\/\/permbledhja.com\/#\/schema\/person\/9c54260cbc4c6f792cb100550491638c","name":"DL","image":{"@type":"ImageObject","inLanguage":"sq","@id":"https:\/\/permbledhja.com\/#\/schema\/person\/image\/","url":"https:\/\/secure.gravatar.com\/avatar\/94503eb28d4c4b2005a5c8753e35fc80?s=96&d=mm&r=g","contentUrl":"https:\/\/secure.gravatar.com\/avatar\/94503eb28d4c4b2005a5c8753e35fc80?s=96&d=mm&r=g","caption":"DL"},"url":"https:\/\/permbledhja.com\/sq\/author\/dl\/"}]}},"_links":{"self":[{"href":"https:\/\/permbledhja.com\/sq\/wp-json\/wp\/v2\/posts\/51152"}],"collection":[{"href":"https:\/\/permbledhja.com\/sq\/wp-json\/wp\/v2\/posts"}],"about":[{"href":"https:\/\/permbledhja.com\/sq\/wp-json\/wp\/v2\/types\/post"}],"author":[{"embeddable":true,"href":"https:\/\/permbledhja.com\/sq\/wp-json\/wp\/v2\/users\/5"}],"replies":[{"embeddable":true,"href":"https:\/\/permbledhja.com\/sq\/wp-json\/wp\/v2\/comments?post=51152"}],"version-history":[{"count":2,"href":"https:\/\/permbledhja.com\/sq\/wp-json\/wp\/v2\/posts\/51152\/revisions"}],"predecessor-version":[{"id":51155,"href":"https:\/\/permbledhja.com\/sq\/wp-json\/wp\/v2\/posts\/51152\/revisions\/51155"}],"wp:featuredmedia":[{"embeddable":true,"href":"https:\/\/permbledhja.com\/sq\/wp-json\/wp\/v2\/media\/51153"}],"wp:attachment":[{"href":"https:\/\/permbledhja.com\/sq\/wp-json\/wp\/v2\/media?parent=51152"}],"wp:term":[{"taxonomy":"category","embeddable":true,"href":"https:\/\/permbledhja.com\/sq\/wp-json\/wp\/v2\/categories?post=51152"},{"taxonomy":"post_tag","embeddable":true,"href":"https:\/\/permbledhja.com\/sq\/wp-json\/wp\/v2\/tags?post=51152"}],"curies":[{"name":"wp","href":"https:\/\/api.w.org\/{rel}","templated":true}]}}