{"id":51106,"date":"2024-03-04T15:47:09","date_gmt":"2024-03-04T15:47:09","guid":{"rendered":"https:\/\/permbledhja.com\/?p=51106"},"modified":"2024-03-04T15:47:09","modified_gmt":"2024-03-04T15:47:09","slug":"qeveria-me-draft-statut-per-asociacionin-cfare-tha-zevendesja-e-kurtit-nje-muaj-me-pare-dhe-cfare-sot-konjufca","status":"publish","type":"post","link":"https:\/\/permbledhja.com\/sq\/qeveria-me-draft-statut-per-asociacionin-cfare-tha-zevendesja-e-kurtit-nje-muaj-me-pare-dhe-cfare-sot-konjufca\/","title":{"rendered":"\u201cQeveria me draft-statut p\u00ebr Asociacionin\u201d \u2013 \u00e7far\u00eb tha z\u00ebvend\u00ebsja e Kurtit nj\u00eb muaj m\u00eb par\u00eb dhe \u00e7far\u00eb sot Konjufca"},"content":{"rendered":"<h3>Per\u00ebndimi \u00ebsht\u00eb duke pritur nga Qeveria e Kosov\u00ebs q\u00eb ta d\u00ebrgoj\u00eb drarft-statutin e Asociacionit t\u00eb propozuar nga Bashkimi Evropian n\u00eb Gjykat\u00eb Kushtetuese p\u00ebr vler\u00ebsim. P\u00ebr k\u00ebt\u00eb jav\u00ebn q\u00eb shkoi b\u00ebri thirrje ambasadori i SHBA\u2019s\u00eb Jeff Hovenier nd\u00ebrkoh\u00eb q\u00eb t\u00eb tilla nuk mungojn\u00eb as nga Uashingtoni direkt e as nga Bashkimi Evropian. Por, nga pala kosovare po shkojn\u00eb sinjale t\u00eb ndryshme.<\/h3>\n<p>Rrafsh nj\u00eb muaj m\u00eb par\u00eb Z\u00ebvend\u00ebskryeministrja Emilija Rexhepi n\u00eb nj\u00eb intervist\u00eb p\u00ebr Z\u00ebrin e Amerik\u00ebs kishte deklaruar se Qeveria e Kosov\u00ebs do t\u00eb shkruaj nj\u00eb draftstatut pasi Gjykata Kushtetuese ta thot\u00eb vler\u00ebsimin e saj p\u00ebr propozimin evropian q\u00eb \u00ebsht\u00eb dor\u00ebzuar n\u00eb Prishtin\u00eb.<\/p>\n<p>Sipas Rexhepit, statuti i propozuar nga Bashkimi Europian u jep serb\u00ebve \u201cshum\u00eb t\u00eb drejta\u201d dhe se n\u00ebse do t\u00eb themelohej nj\u00eb Asociacion sipas atij propozimi, do t\u00eb d\u00ebmtonte shtetin. Por, ajo tha se do ta presin vler\u00ebsimin e Gjykat\u00ebs Kushtetuese.<\/p>\n<p>\u201cN\u00ebse do t\u00eb themelohej nj\u00eb Asociacion i till\u00eb krijohet mund\u00ebsia q\u00eb t\u00eb themelohet nj\u00eb Republik\u00eb e dyt\u00eb Serbe ashtu si\u00e7 \u00ebsht\u00eb krijuar n\u00eb Bosnje e Hercegovin\u00eb. Ne si qeveri kemi q\u00ebndrimin q\u00eb mb\u00ebshtetet n\u00eb Kushtetut\u00ebn e Republik\u00ebs s\u00eb Kosov\u00ebs dhe do t\u00eb presim q\u00ebndrimin e Gjykat\u00ebs Kushtetuese q\u00eb t\u00eb mos b\u00ebjm\u00eb asgj\u00eb q\u00eb shkon n\u00eb d\u00ebm t\u00eb shtetit ton\u00eb\u201d.<\/p>\n<p>M\u00eb tej ajo kishte paralajm\u00ebruar se Qeveria do ta shkruaj\u00eb draft-statutin e vet pas vler\u00ebsimit t\u00eb Kushtetueses duke l\u00ebn\u00eb t\u00eb kuptohet se dokumenti megjithat\u00eb do t\u00eb shkoj\u00eb n\u00eb Gjykat\u00eb.<\/p>\n<p>\u201cNe kemi bashk\u00ebpunim dhe kemi bisedime t\u00eb ngushta me Shtetet e Bashkuara t\u00eb Amerik\u00ebs, me Bashkimin Evropian dhe rruga drejt BE-s\u00eb \u00ebsht\u00eb di\u00e7ka q\u00eb p\u00ebr ne ofron p\u00ebrparim dhe p\u00ebrspektiv\u00eb dhe ne nuk do t\u00eb heqim dor\u00eb nga ajo. Qeveria jon\u00eb padyshim do t\u00eb mb\u00ebshtetet n\u00eb Gjykat\u00ebn Kushtetuese, do t\u00eb presim q\u00ebndrimin e saj dhe m\u00eb pas do ta marrim \u00e7\u00ebshtjen n\u00eb duart tona dhe do t\u00eb hartojm\u00eb nj\u00eb statut t\u00eb ri p\u00ebr Asociacionin\u201d, tha ajo.<\/p>\n<p>Por, kryeparlamentari Glauk Konjufca jav\u00ebn q\u00eb shkoi tha se BE s\u2019ka kompetenc\u00eb t\u00eb b\u00ebj\u00eb propozime t\u00eb tilla. Nd\u00ebrsa sot theksoi se drafti i BE\u2019s\u00eb nuk do t\u2019i d\u00ebrgohet Gjykat\u00ebs p\u00ebr vler\u00ebsim.<\/p>\n<p>Konjufca tha se Qeveria e Kosov\u00ebs mund ta propozoj\u00eb nj\u00eb draft t\u00eb saj t\u00eb statutit t\u00eb Asociacionit n\u00eb nj\u00eb koh\u00eb t\u00eb caktuar dhe se propozimi do t\u00eb merrte pjes\u00eb t\u00eb draftit t\u00eb propozuar nga BE-ja.<\/p>\n<p>Sipas tij, Qeveria do t\u00eb dal\u00eb me propozimin e saj kur t\u00eb vij\u00eb koha. Konjufca hedh posht\u00eb pohimet se Kosova e ka pranuar draft -statutin e Asociacionit duke th\u00ebn\u00eb se \u00a0me \u201cpranim\u201d n\u00ebnkuptohet vet\u00ebm me \u201cmarrja n\u00eb duar e dokumentit\u201d.<\/p>\n<p>\u201cQeveria n\u00eb momentin q\u00eb do t\u2019i vjen koha do ta propozoj\u00eb vet nj\u00eb draft dhe do t\u00eb marr pjes\u00eb edhe nga ky draft, pra nuk \u00ebsht\u00eb refuzim, Jo nuk mendoj se nj\u00eb draft i till\u00eb duhet t\u00eb d\u00ebrgohet n\u00eb Gjykat\u00ebn Kushtetuese, sipas marr\u00ebveshjes s\u00eb 2013 kjo \u00e7\u00ebshtje \u00ebsht\u00eb komplet e brendshme e Kosov\u00ebs edhe vet Laj\u00e7ak tha se nuk \u00ebsht\u00eb fare \u00e7\u00ebshtje negociatash ndaj Kosov\u00ebs dhe Serbis\u00eb dhe \u00ebsht\u00eb vet\u00ebm nj\u00eb obligim nd\u00ebrkomb\u00ebtar q\u00eb do t\u00eb thot\u00eb t\u00eb zbatohet kur t\u2019i vij\u00eb koha n\u00eb k\u00ebt\u00eb rast sipas qeveris\u00eb kur t\u00eb n\u00ebnshkruhet marr\u00ebveshja e Ohrit. Jo, e ka pranu do t\u00eb thot\u00eb e ka marr\u00eb n\u00eb dor\u00eb, por jo me zbatu i vjen q\u00eb e kemi pranu e kemi marr\u00eb, na e kan\u00eb sjell\u00eb\u201d, tha Konjufca.\/Express<\/p>\n","protected":false},"excerpt":{"rendered":"<p>Per\u00ebndimi \u00ebsht\u00eb duke pritur nga Qeveria e Kosov\u00ebs q\u00eb ta d\u00ebrgoj\u00eb drarft-statutin e Asociacionit t\u00eb propozuar nga Bashkimi Evropian n\u00eb Gjykat\u00eb Kushtetuese p\u00ebr vler\u00ebsim. P\u00ebr k\u00ebt\u00eb jav\u00ebn q\u00eb shkoi b\u00ebri thirrje ambasadori i SHBA\u2019s\u00eb Jeff Hovenier nd\u00ebrkoh\u00eb q\u00eb t\u00eb tilla nuk mungojn\u00eb as nga Uashingtoni direkt e as nga Bashkimi Evropian. Por, nga pala kosovare [&hellip;]<\/p>\n","protected":false},"author":5,"featured_media":51107,"comment_status":"closed","ping_status":"closed","sticky":false,"template":"","format":"standard","meta":{"_monsterinsights_skip_tracking":false,"_monsterinsights_sitenote_active":false,"_monsterinsights_sitenote_note":"","_monsterinsights_sitenote_category":0,"_uf_show_specific_survey":0,"_uf_disable_surveys":false,"footnotes":""},"categories":[1146],"tags":[],"yoast_head":"<!-- This site is optimized with the Yoast SEO plugin v21.5 - https:\/\/yoast.com\/wordpress\/plugins\/seo\/ -->\n<title>\u201cQeveria me draft-statut p\u00ebr Asociacionin\u201d \u2013 \u00e7far\u00eb tha z\u00ebvend\u00ebsja e Kurtit nj\u00eb muaj m\u00eb par\u00eb dhe \u00e7far\u00eb sot Konjufca<\/title>\n<meta name=\"robots\" content=\"index, follow, max-snippet:-1, max-image-preview:large, max-video-preview:-1\" \/>\n<link rel=\"canonical\" href=\"https:\/\/permbledhja.com\/sq\/qeveria-me-draft-statut-per-asociacionin-cfare-tha-zevendesja-e-kurtit-nje-muaj-me-pare-dhe-cfare-sot-konjufca\/\" \/>\n<meta property=\"og:locale\" content=\"sq_AL\" \/>\n<meta property=\"og:type\" content=\"article\" \/>\n<meta property=\"og:title\" content=\"\u201cQeveria me draft-statut p\u00ebr Asociacionin\u201d \u2013 \u00e7far\u00eb tha z\u00ebvend\u00ebsja e Kurtit nj\u00eb muaj m\u00eb par\u00eb dhe \u00e7far\u00eb sot Konjufca\" \/>\n<meta property=\"og:description\" content=\"Per\u00ebndimi \u00ebsht\u00eb duke pritur nga Qeveria e Kosov\u00ebs q\u00eb ta d\u00ebrgoj\u00eb drarft-statutin e Asociacionit t\u00eb propozuar nga Bashkimi Evropian n\u00eb Gjykat\u00eb Kushtetuese p\u00ebr vler\u00ebsim. P\u00ebr k\u00ebt\u00eb jav\u00ebn q\u00eb shkoi b\u00ebri thirrje ambasadori i SHBA\u2019s\u00eb Jeff Hovenier nd\u00ebrkoh\u00eb q\u00eb t\u00eb tilla nuk mungojn\u00eb as nga Uashingtoni direkt e as nga Bashkimi Evropian. Por, nga pala kosovare [&hellip;]\" \/>\n<meta property=\"og:url\" content=\"https:\/\/permbledhja.com\/sq\/qeveria-me-draft-statut-per-asociacionin-cfare-tha-zevendesja-e-kurtit-nje-muaj-me-pare-dhe-cfare-sot-konjufca\/\" \/>\n<meta property=\"og:site_name\" content=\"Ve\u00e7 artikuj p\u00ebrmbledh\u00ebs\" \/>\n<meta property=\"article:publisher\" content=\"https:\/\/www.facebook.com\/press07\/\" \/>\n<meta property=\"article:published_time\" content=\"2024-03-04T15:47:09+00:00\" \/>\n<meta property=\"og:image\" content=\"https:\/\/permbledhja.com\/wp-content\/uploads\/2024\/03\/q-e1709567217589.jpg\" \/>\n\t<meta property=\"og:image:width\" content=\"600\" \/>\n\t<meta property=\"og:image:height\" content=\"297\" \/>\n\t<meta property=\"og:image:type\" content=\"image\/jpeg\" \/>\n<meta name=\"author\" content=\"DL\" \/>\n<meta name=\"twitter:card\" content=\"summary_large_image\" \/>\n<meta name=\"twitter:label1\" content=\"Written by\" \/>\n\t<meta name=\"twitter:data1\" content=\"DL\" \/>\n\t<meta name=\"twitter:label2\" content=\"Est. reading time\" \/>\n\t<meta name=\"twitter:data2\" content=\"3 minuta\" \/>\n<script type=\"application\/ld+json\" class=\"yoast-schema-graph\">{\"@context\":\"https:\/\/schema.org\",\"@graph\":[{\"@type\":\"Article\",\"@id\":\"https:\/\/permbledhja.com\/sq\/qeveria-me-draft-statut-per-asociacionin-cfare-tha-zevendesja-e-kurtit-nje-muaj-me-pare-dhe-cfare-sot-konjufca\/#article\",\"isPartOf\":{\"@id\":\"https:\/\/permbledhja.com\/sq\/qeveria-me-draft-statut-per-asociacionin-cfare-tha-zevendesja-e-kurtit-nje-muaj-me-pare-dhe-cfare-sot-konjufca\/\"},\"author\":{\"name\":\"DL\",\"@id\":\"https:\/\/permbledhja.com\/#\/schema\/person\/9c54260cbc4c6f792cb100550491638c\"},\"headline\":\"\u201cQeveria me draft-statut p\u00ebr Asociacionin\u201d \u2013 \u00e7far\u00eb tha z\u00ebvend\u00ebsja e Kurtit nj\u00eb muaj m\u00eb par\u00eb dhe \u00e7far\u00eb sot Konjufca\",\"datePublished\":\"2024-03-04T15:47:09+00:00\",\"dateModified\":\"2024-03-04T15:47:09+00:00\",\"mainEntityOfPage\":{\"@id\":\"https:\/\/permbledhja.com\/sq\/qeveria-me-draft-statut-per-asociacionin-cfare-tha-zevendesja-e-kurtit-nje-muaj-me-pare-dhe-cfare-sot-konjufca\/\"},\"wordCount\":635,\"publisher\":{\"@id\":\"https:\/\/permbledhja.com\/#organization\"},\"articleSection\":[\"Kryesoret\"],\"inLanguage\":\"sq\"},{\"@type\":\"WebPage\",\"@id\":\"https:\/\/permbledhja.com\/sq\/qeveria-me-draft-statut-per-asociacionin-cfare-tha-zevendesja-e-kurtit-nje-muaj-me-pare-dhe-cfare-sot-konjufca\/\",\"url\":\"https:\/\/permbledhja.com\/sq\/qeveria-me-draft-statut-per-asociacionin-cfare-tha-zevendesja-e-kurtit-nje-muaj-me-pare-dhe-cfare-sot-konjufca\/\",\"name\":\"\u201cQeveria me draft-statut p\u00ebr Asociacionin\u201d \u2013 \u00e7far\u00eb tha z\u00ebvend\u00ebsja e Kurtit nj\u00eb muaj m\u00eb par\u00eb dhe \u00e7far\u00eb sot Konjufca\",\"isPartOf\":{\"@id\":\"https:\/\/permbledhja.com\/#website\"},\"datePublished\":\"2024-03-04T15:47:09+00:00\",\"dateModified\":\"2024-03-04T15:47:09+00:00\",\"breadcrumb\":{\"@id\":\"https:\/\/permbledhja.com\/sq\/qeveria-me-draft-statut-per-asociacionin-cfare-tha-zevendesja-e-kurtit-nje-muaj-me-pare-dhe-cfare-sot-konjufca\/#breadcrumb\"},\"inLanguage\":\"sq\",\"potentialAction\":[{\"@type\":\"ReadAction\",\"target\":[\"https:\/\/permbledhja.com\/sq\/qeveria-me-draft-statut-per-asociacionin-cfare-tha-zevendesja-e-kurtit-nje-muaj-me-pare-dhe-cfare-sot-konjufca\/\"]}]},{\"@type\":\"BreadcrumbList\",\"@id\":\"https:\/\/permbledhja.com\/sq\/qeveria-me-draft-statut-per-asociacionin-cfare-tha-zevendesja-e-kurtit-nje-muaj-me-pare-dhe-cfare-sot-konjufca\/#breadcrumb\",\"itemListElement\":[{\"@type\":\"ListItem\",\"position\":1,\"name\":\"Ballina\",\"item\":\"https:\/\/permbledhja.com\/sq\/\"},{\"@type\":\"ListItem\",\"position\":2,\"name\":\"\u201cQeveria me draft-statut p\u00ebr Asociacionin\u201d \u2013 \u00e7far\u00eb tha z\u00ebvend\u00ebsja e Kurtit nj\u00eb muaj m\u00eb par\u00eb dhe \u00e7far\u00eb sot Konjufca\"}]},{\"@type\":\"WebSite\",\"@id\":\"https:\/\/permbledhja.com\/#website\",\"url\":\"https:\/\/permbledhja.com\/\",\"name\":\"Ve\u00e7 artikuj p\u00ebrmbledh\u00ebs\",\"description\":\"\",\"publisher\":{\"@id\":\"https:\/\/permbledhja.com\/#organization\"},\"potentialAction\":[{\"@type\":\"SearchAction\",\"target\":{\"@type\":\"EntryPoint\",\"urlTemplate\":\"https:\/\/permbledhja.com\/?s={search_term_string}\"},\"query-input\":\"required name=search_term_string\"}],\"inLanguage\":\"sq\"},{\"@type\":\"Organization\",\"@id\":\"https:\/\/permbledhja.com\/#organization\",\"name\":\"MK Media & Pr\",\"url\":\"https:\/\/permbledhja.com\/\",\"logo\":{\"@type\":\"ImageObject\",\"inLanguage\":\"sq\",\"@id\":\"https:\/\/permbledhja.com\/#\/schema\/logo\/image\/\",\"url\":\"https:\/\/permbledhja.com\/wp-content\/uploads\/2021\/12\/07-Press-Logo.jpg\",\"contentUrl\":\"https:\/\/permbledhja.com\/wp-content\/uploads\/2021\/12\/07-Press-Logo.jpg\",\"width\":512,\"height\":512,\"caption\":\"MK Media & Pr\"},\"image\":{\"@id\":\"https:\/\/permbledhja.com\/#\/schema\/logo\/image\/\"},\"sameAs\":[\"https:\/\/www.facebook.com\/press07\/\"]},{\"@type\":\"Person\",\"@id\":\"https:\/\/permbledhja.com\/#\/schema\/person\/9c54260cbc4c6f792cb100550491638c\",\"name\":\"DL\",\"image\":{\"@type\":\"ImageObject\",\"inLanguage\":\"sq\",\"@id\":\"https:\/\/permbledhja.com\/#\/schema\/person\/image\/\",\"url\":\"https:\/\/secure.gravatar.com\/avatar\/94503eb28d4c4b2005a5c8753e35fc80?s=96&d=mm&r=g\",\"contentUrl\":\"https:\/\/secure.gravatar.com\/avatar\/94503eb28d4c4b2005a5c8753e35fc80?s=96&d=mm&r=g\",\"caption\":\"DL\"},\"url\":\"https:\/\/permbledhja.com\/sq\/author\/dl\/\"}]}<\/script>\n<!-- \/ Yoast SEO plugin. -->","yoast_head_json":{"title":"\u201cQeveria me draft-statut p\u00ebr Asociacionin\u201d \u2013 \u00e7far\u00eb tha z\u00ebvend\u00ebsja e Kurtit nj\u00eb muaj m\u00eb par\u00eb dhe \u00e7far\u00eb sot Konjufca","robots":{"index":"index","follow":"follow","max-snippet":"max-snippet:-1","max-image-preview":"max-image-preview:large","max-video-preview":"max-video-preview:-1"},"canonical":"https:\/\/permbledhja.com\/sq\/qeveria-me-draft-statut-per-asociacionin-cfare-tha-zevendesja-e-kurtit-nje-muaj-me-pare-dhe-cfare-sot-konjufca\/","og_locale":"sq_AL","og_type":"article","og_title":"\u201cQeveria me draft-statut p\u00ebr Asociacionin\u201d \u2013 \u00e7far\u00eb tha z\u00ebvend\u00ebsja e Kurtit nj\u00eb muaj m\u00eb par\u00eb dhe \u00e7far\u00eb sot Konjufca","og_description":"Per\u00ebndimi \u00ebsht\u00eb duke pritur nga Qeveria e Kosov\u00ebs q\u00eb ta d\u00ebrgoj\u00eb drarft-statutin e Asociacionit t\u00eb propozuar nga Bashkimi Evropian n\u00eb Gjykat\u00eb Kushtetuese p\u00ebr vler\u00ebsim. P\u00ebr k\u00ebt\u00eb jav\u00ebn q\u00eb shkoi b\u00ebri thirrje ambasadori i SHBA\u2019s\u00eb Jeff Hovenier nd\u00ebrkoh\u00eb q\u00eb t\u00eb tilla nuk mungojn\u00eb as nga Uashingtoni direkt e as nga Bashkimi Evropian. Por, nga pala kosovare [&hellip;]","og_url":"https:\/\/permbledhja.com\/sq\/qeveria-me-draft-statut-per-asociacionin-cfare-tha-zevendesja-e-kurtit-nje-muaj-me-pare-dhe-cfare-sot-konjufca\/","og_site_name":"Ve\u00e7 artikuj p\u00ebrmbledh\u00ebs","article_publisher":"https:\/\/www.facebook.com\/press07\/","article_published_time":"2024-03-04T15:47:09+00:00","og_image":[{"width":600,"height":297,"url":"https:\/\/permbledhja.com\/wp-content\/uploads\/2024\/03\/q-e1709567217589.jpg","type":"image\/jpeg"}],"author":"DL","twitter_card":"summary_large_image","twitter_misc":{"Written by":"DL","Est. reading time":"3 minuta"},"schema":{"@context":"https:\/\/schema.org","@graph":[{"@type":"Article","@id":"https:\/\/permbledhja.com\/sq\/qeveria-me-draft-statut-per-asociacionin-cfare-tha-zevendesja-e-kurtit-nje-muaj-me-pare-dhe-cfare-sot-konjufca\/#article","isPartOf":{"@id":"https:\/\/permbledhja.com\/sq\/qeveria-me-draft-statut-per-asociacionin-cfare-tha-zevendesja-e-kurtit-nje-muaj-me-pare-dhe-cfare-sot-konjufca\/"},"author":{"name":"DL","@id":"https:\/\/permbledhja.com\/#\/schema\/person\/9c54260cbc4c6f792cb100550491638c"},"headline":"\u201cQeveria me draft-statut p\u00ebr Asociacionin\u201d \u2013 \u00e7far\u00eb tha z\u00ebvend\u00ebsja e Kurtit nj\u00eb muaj m\u00eb par\u00eb dhe \u00e7far\u00eb sot Konjufca","datePublished":"2024-03-04T15:47:09+00:00","dateModified":"2024-03-04T15:47:09+00:00","mainEntityOfPage":{"@id":"https:\/\/permbledhja.com\/sq\/qeveria-me-draft-statut-per-asociacionin-cfare-tha-zevendesja-e-kurtit-nje-muaj-me-pare-dhe-cfare-sot-konjufca\/"},"wordCount":635,"publisher":{"@id":"https:\/\/permbledhja.com\/#organization"},"articleSection":["Kryesoret"],"inLanguage":"sq"},{"@type":"WebPage","@id":"https:\/\/permbledhja.com\/sq\/qeveria-me-draft-statut-per-asociacionin-cfare-tha-zevendesja-e-kurtit-nje-muaj-me-pare-dhe-cfare-sot-konjufca\/","url":"https:\/\/permbledhja.com\/sq\/qeveria-me-draft-statut-per-asociacionin-cfare-tha-zevendesja-e-kurtit-nje-muaj-me-pare-dhe-cfare-sot-konjufca\/","name":"\u201cQeveria me draft-statut p\u00ebr Asociacionin\u201d \u2013 \u00e7far\u00eb tha z\u00ebvend\u00ebsja e Kurtit nj\u00eb muaj m\u00eb par\u00eb dhe \u00e7far\u00eb sot Konjufca","isPartOf":{"@id":"https:\/\/permbledhja.com\/#website"},"datePublished":"2024-03-04T15:47:09+00:00","dateModified":"2024-03-04T15:47:09+00:00","breadcrumb":{"@id":"https:\/\/permbledhja.com\/sq\/qeveria-me-draft-statut-per-asociacionin-cfare-tha-zevendesja-e-kurtit-nje-muaj-me-pare-dhe-cfare-sot-konjufca\/#breadcrumb"},"inLanguage":"sq","potentialAction":[{"@type":"ReadAction","target":["https:\/\/permbledhja.com\/sq\/qeveria-me-draft-statut-per-asociacionin-cfare-tha-zevendesja-e-kurtit-nje-muaj-me-pare-dhe-cfare-sot-konjufca\/"]}]},{"@type":"BreadcrumbList","@id":"https:\/\/permbledhja.com\/sq\/qeveria-me-draft-statut-per-asociacionin-cfare-tha-zevendesja-e-kurtit-nje-muaj-me-pare-dhe-cfare-sot-konjufca\/#breadcrumb","itemListElement":[{"@type":"ListItem","position":1,"name":"Ballina","item":"https:\/\/permbledhja.com\/sq\/"},{"@type":"ListItem","position":2,"name":"\u201cQeveria me draft-statut p\u00ebr Asociacionin\u201d \u2013 \u00e7far\u00eb tha z\u00ebvend\u00ebsja e Kurtit nj\u00eb muaj m\u00eb par\u00eb dhe \u00e7far\u00eb sot Konjufca"}]},{"@type":"WebSite","@id":"https:\/\/permbledhja.com\/#website","url":"https:\/\/permbledhja.com\/","name":"Ve\u00e7 artikuj p\u00ebrmbledh\u00ebs","description":"","publisher":{"@id":"https:\/\/permbledhja.com\/#organization"},"potentialAction":[{"@type":"SearchAction","target":{"@type":"EntryPoint","urlTemplate":"https:\/\/permbledhja.com\/?s={search_term_string}"},"query-input":"required name=search_term_string"}],"inLanguage":"sq"},{"@type":"Organization","@id":"https:\/\/permbledhja.com\/#organization","name":"MK Media & Pr","url":"https:\/\/permbledhja.com\/","logo":{"@type":"ImageObject","inLanguage":"sq","@id":"https:\/\/permbledhja.com\/#\/schema\/logo\/image\/","url":"https:\/\/permbledhja.com\/wp-content\/uploads\/2021\/12\/07-Press-Logo.jpg","contentUrl":"https:\/\/permbledhja.com\/wp-content\/uploads\/2021\/12\/07-Press-Logo.jpg","width":512,"height":512,"caption":"MK Media & Pr"},"image":{"@id":"https:\/\/permbledhja.com\/#\/schema\/logo\/image\/"},"sameAs":["https:\/\/www.facebook.com\/press07\/"]},{"@type":"Person","@id":"https:\/\/permbledhja.com\/#\/schema\/person\/9c54260cbc4c6f792cb100550491638c","name":"DL","image":{"@type":"ImageObject","inLanguage":"sq","@id":"https:\/\/permbledhja.com\/#\/schema\/person\/image\/","url":"https:\/\/secure.gravatar.com\/avatar\/94503eb28d4c4b2005a5c8753e35fc80?s=96&d=mm&r=g","contentUrl":"https:\/\/secure.gravatar.com\/avatar\/94503eb28d4c4b2005a5c8753e35fc80?s=96&d=mm&r=g","caption":"DL"},"url":"https:\/\/permbledhja.com\/sq\/author\/dl\/"}]}},"_links":{"self":[{"href":"https:\/\/permbledhja.com\/sq\/wp-json\/wp\/v2\/posts\/51106"}],"collection":[{"href":"https:\/\/permbledhja.com\/sq\/wp-json\/wp\/v2\/posts"}],"about":[{"href":"https:\/\/permbledhja.com\/sq\/wp-json\/wp\/v2\/types\/post"}],"author":[{"embeddable":true,"href":"https:\/\/permbledhja.com\/sq\/wp-json\/wp\/v2\/users\/5"}],"replies":[{"embeddable":true,"href":"https:\/\/permbledhja.com\/sq\/wp-json\/wp\/v2\/comments?post=51106"}],"version-history":[{"count":1,"href":"https:\/\/permbledhja.com\/sq\/wp-json\/wp\/v2\/posts\/51106\/revisions"}],"predecessor-version":[{"id":51108,"href":"https:\/\/permbledhja.com\/sq\/wp-json\/wp\/v2\/posts\/51106\/revisions\/51108"}],"wp:featuredmedia":[{"embeddable":true,"href":"https:\/\/permbledhja.com\/sq\/wp-json\/wp\/v2\/media\/51107"}],"wp:attachment":[{"href":"https:\/\/permbledhja.com\/sq\/wp-json\/wp\/v2\/media?parent=51106"}],"wp:term":[{"taxonomy":"category","embeddable":true,"href":"https:\/\/permbledhja.com\/sq\/wp-json\/wp\/v2\/categories?post=51106"},{"taxonomy":"post_tag","embeddable":true,"href":"https:\/\/permbledhja.com\/sq\/wp-json\/wp\/v2\/tags?post=51106"}],"curies":[{"name":"wp","href":"https:\/\/api.w.org\/{rel}","templated":true}]}}