{"id":50954,"date":"2024-03-03T19:16:18","date_gmt":"2024-03-03T19:16:18","guid":{"rendered":"https:\/\/permbledhja.com\/?p=50954"},"modified":"2024-03-03T19:16:18","modified_gmt":"2024-03-03T19:16:18","slug":"a-do-te-sanksionohet-qeveria-kurti-nga-shtetet-e-bashkuara-te-amerikes-pergjigjet-ambasadori-hovenier","status":"publish","type":"post","link":"https:\/\/permbledhja.com\/sq\/a-do-te-sanksionohet-qeveria-kurti-nga-shtetet-e-bashkuara-te-amerikes-pergjigjet-ambasadori-hovenier\/","title":{"rendered":"A do t\u00eb sanksionohet Qeveria Kurti nga Shtetet e Bashkuara t\u00eb Amerik\u00ebs? P\u00ebrgjigjet ambasadori Hovenier"},"content":{"rendered":"<h3>Ndihma nuk vjen falas, dinari \u00ebsht\u00eb \u00e7\u00ebshtje p\u00ebr dialog, Qeveria ta miratoj\u00eb draft-statutin e Asociacionit, veprimet e qeveris\u00eb kan\u00eb ndikuar t\u00eb cenohen raportet, s\u2019ka nevoj\u00eb p\u00ebr konferenc\u00eb nd\u00ebrkomb\u00ebtare, jan\u00eb mesazhet e Jeffrey Hovenier, p\u00ebr qytetar\u00ebt e Kosov\u00ebs.<\/h3>\n<p>K\u00ebto komente, ambasadori i Shteteve t\u00eb Bashkuara t\u00eb Amerik\u00ebs n\u00eb Kosov\u00eb i b\u00ebri n\u00eb nj\u00eb bashk\u00ebbisedim me gazetar\u00ebt n\u00eb Prishtin\u00eb, m\u00eb 29 shkurt, ku foli gjer\u00eb e gjat\u00eb n\u00eb lidhje me at\u00eb se si shteti q\u00eb ai p\u00ebrfaq\u00ebson q\u00ebndron me \u00e7\u00ebshtjet e ndjeshme n\u00eb t\u00eb cilat \u00ebsht\u00eb duke kaluar aktualisht vendi.<\/p>\n<p>Hovenier, koh\u00ebve t\u00eb fundit, ka shpeshtuar daljet dhe deklaratat e tij publike, dhe krejt kjo pas vendimit t\u00eb Bank\u00ebs Qendrore t\u00eb Kosov\u00ebs (BQK), p\u00ebr ndalimin e dinarit serb p\u00ebr pagesa n\u00eb territorin e Kosov\u00ebs, i cili, si\u00e7 kan\u00eb th\u00ebn\u00eb ShBA-t\u00eb, u mor pa u koordinuar me ta, dhe se i nj\u00ebjti ka cenuar raportet mes dy shteteve respektive.<\/p>\n<p>N\u00eb k\u00ebt\u00eb bashk\u00ebbisedim me gazetar\u00ebt, Hovenier ka folur edhe rreth disa lajmeve se do t\u00eb ket\u00eb sanksione dit\u00ebve t\u00eb ardhshme p\u00ebr ministra e politikan\u00eb t\u00eb Qeveris\u00eb s\u00eb Kosov\u00eb, por tha se t\u00eb nj\u00ebjtat jan\u00eb krejt\u00ebsisht informacione t\u00eb pav\u00ebrteta.<\/p>\n<p>\u201cJam n\u00eb dijeni se gjat\u00eb vikendit kishte disa raportime jo korrekte dhe t\u00eb pap\u00ebrgjegjshme rreth vendimeve nga qeveria e SHBA-ve n\u00eb raport me distancimin ndaj disa individ\u00ebve p\u00ebr shkak t\u00eb politikave t\u00eb caktuara, por ne nuk para-flasim\u00a0 p\u00ebr vendime p\u00ebr sanksione derisa ta b\u00ebjm\u00eb vet\u00eb publikisht\u201d, pohoi Hovenier.<\/p>\n<p>Ai theksoi se kur SHBA-t\u00eb vendosin t\u00eb sanksionojn\u00eb dik\u00eb, ajo kuptohet nga vet\u00eb ata dhe n\u00eb form\u00eb krejt t\u00eb qart\u00eb e direkte.<\/p>\n<p>\u201cMund t\u2019iu them q\u00eb n\u00ebse do ta sanksionojm\u00eb dik\u00eb, do ta dini dhe m\u00ebnyra se si do ta dini nuk \u00ebsht\u00eb p\u00ebr shkak t\u00eb ndonj\u00eb llogarie n\u00eb Twitter nga burime t\u00eb dyshimta, por do t\u00eb jet\u00eb si rezultat i nj\u00eb deklarate krejt\u00ebsisht t\u00eb qart\u00eb t\u00eb Qeveris\u00eb amerikane. Kjo nuk ka ndodhur. Nuk besoj se do t\u00eb ndodh\u00eb\u201d, shtoi.<\/p>\n","protected":false},"excerpt":{"rendered":"<p>Ndihma nuk vjen falas, dinari \u00ebsht\u00eb \u00e7\u00ebshtje p\u00ebr dialog, Qeveria ta miratoj\u00eb draft-statutin e Asociacionit, veprimet e qeveris\u00eb kan\u00eb ndikuar t\u00eb cenohen raportet, s\u2019ka nevoj\u00eb p\u00ebr konferenc\u00eb nd\u00ebrkomb\u00ebtare, jan\u00eb mesazhet e Jeffrey Hovenier, p\u00ebr qytetar\u00ebt e Kosov\u00ebs. K\u00ebto komente, ambasadori i Shteteve t\u00eb Bashkuara t\u00eb Amerik\u00ebs n\u00eb Kosov\u00eb i b\u00ebri n\u00eb nj\u00eb bashk\u00ebbisedim me gazetar\u00ebt [&hellip;]<\/p>\n","protected":false},"author":5,"featured_media":50955,"comment_status":"closed","ping_status":"closed","sticky":false,"template":"","format":"standard","meta":{"_monsterinsights_skip_tracking":false,"_monsterinsights_sitenote_active":false,"_monsterinsights_sitenote_note":"","_monsterinsights_sitenote_category":0,"_uf_show_specific_survey":0,"_uf_disable_surveys":false,"footnotes":""},"categories":[1146],"tags":[],"yoast_head":"<!-- This site is optimized with the Yoast SEO plugin v21.5 - https:\/\/yoast.com\/wordpress\/plugins\/seo\/ -->\n<title>A do t\u00eb sanksionohet Qeveria Kurti nga Shtetet e Bashkuara t\u00eb Amerik\u00ebs? P\u00ebrgjigjet ambasadori Hovenier<\/title>\n<meta name=\"robots\" content=\"index, follow, max-snippet:-1, max-image-preview:large, max-video-preview:-1\" \/>\n<link rel=\"canonical\" href=\"https:\/\/permbledhja.com\/sq\/a-do-te-sanksionohet-qeveria-kurti-nga-shtetet-e-bashkuara-te-amerikes-pergjigjet-ambasadori-hovenier\/\" \/>\n<meta property=\"og:locale\" content=\"sq_AL\" \/>\n<meta property=\"og:type\" content=\"article\" \/>\n<meta property=\"og:title\" content=\"A do t\u00eb sanksionohet Qeveria Kurti nga Shtetet e Bashkuara t\u00eb Amerik\u00ebs? P\u00ebrgjigjet ambasadori Hovenier\" \/>\n<meta property=\"og:description\" content=\"Ndihma nuk vjen falas, dinari \u00ebsht\u00eb \u00e7\u00ebshtje p\u00ebr dialog, Qeveria ta miratoj\u00eb draft-statutin e Asociacionit, veprimet e qeveris\u00eb kan\u00eb ndikuar t\u00eb cenohen raportet, s\u2019ka nevoj\u00eb p\u00ebr konferenc\u00eb nd\u00ebrkomb\u00ebtare, jan\u00eb mesazhet e Jeffrey Hovenier, p\u00ebr qytetar\u00ebt e Kosov\u00ebs. K\u00ebto komente, ambasadori i Shteteve t\u00eb Bashkuara t\u00eb Amerik\u00ebs n\u00eb Kosov\u00eb i b\u00ebri n\u00eb nj\u00eb bashk\u00ebbisedim me gazetar\u00ebt [&hellip;]\" \/>\n<meta property=\"og:url\" content=\"https:\/\/permbledhja.com\/sq\/a-do-te-sanksionohet-qeveria-kurti-nga-shtetet-e-bashkuara-te-amerikes-pergjigjet-ambasadori-hovenier\/\" \/>\n<meta property=\"og:site_name\" content=\"Ve\u00e7 artikuj p\u00ebrmbledh\u00ebs\" \/>\n<meta property=\"article:publisher\" content=\"https:\/\/www.facebook.com\/press07\/\" \/>\n<meta property=\"article:published_time\" content=\"2024-03-03T19:16:18+00:00\" \/>\n<meta property=\"og:image\" content=\"https:\/\/permbledhja.com\/wp-content\/uploads\/2024\/03\/as.jpg\" \/>\n\t<meta property=\"og:image:width\" content=\"960\" \/>\n\t<meta property=\"og:image:height\" content=\"641\" \/>\n\t<meta property=\"og:image:type\" content=\"image\/jpeg\" \/>\n<meta name=\"author\" content=\"DL\" \/>\n<meta name=\"twitter:card\" content=\"summary_large_image\" \/>\n<meta name=\"twitter:label1\" content=\"Written by\" \/>\n\t<meta name=\"twitter:data1\" content=\"DL\" \/>\n\t<meta name=\"twitter:label2\" content=\"Est. reading time\" \/>\n\t<meta name=\"twitter:data2\" content=\"2 minuta\" \/>\n<script type=\"application\/ld+json\" class=\"yoast-schema-graph\">{\"@context\":\"https:\/\/schema.org\",\"@graph\":[{\"@type\":\"Article\",\"@id\":\"https:\/\/permbledhja.com\/a-do-te-sanksionohet-qeveria-kurti-nga-shtetet-e-bashkuara-te-amerikes-pergjigjet-ambasadori-hovenier\/#article\",\"isPartOf\":{\"@id\":\"https:\/\/permbledhja.com\/a-do-te-sanksionohet-qeveria-kurti-nga-shtetet-e-bashkuara-te-amerikes-pergjigjet-ambasadori-hovenier\/\"},\"author\":{\"name\":\"DL\",\"@id\":\"https:\/\/permbledhja.com\/#\/schema\/person\/9c54260cbc4c6f792cb100550491638c\"},\"headline\":\"A do t\u00eb sanksionohet Qeveria Kurti nga Shtetet e Bashkuara t\u00eb Amerik\u00ebs? P\u00ebrgjigjet ambasadori Hovenier\",\"datePublished\":\"2024-03-03T19:16:18+00:00\",\"dateModified\":\"2024-03-03T19:16:18+00:00\",\"mainEntityOfPage\":{\"@id\":\"https:\/\/permbledhja.com\/a-do-te-sanksionohet-qeveria-kurti-nga-shtetet-e-bashkuara-te-amerikes-pergjigjet-ambasadori-hovenier\/\"},\"wordCount\":371,\"publisher\":{\"@id\":\"https:\/\/permbledhja.com\/#organization\"},\"articleSection\":[\"Kryesoret\"],\"inLanguage\":\"sq\"},{\"@type\":\"WebPage\",\"@id\":\"https:\/\/permbledhja.com\/a-do-te-sanksionohet-qeveria-kurti-nga-shtetet-e-bashkuara-te-amerikes-pergjigjet-ambasadori-hovenier\/\",\"url\":\"https:\/\/permbledhja.com\/a-do-te-sanksionohet-qeveria-kurti-nga-shtetet-e-bashkuara-te-amerikes-pergjigjet-ambasadori-hovenier\/\",\"name\":\"A do t\u00eb sanksionohet Qeveria Kurti nga Shtetet e Bashkuara t\u00eb Amerik\u00ebs? P\u00ebrgjigjet ambasadori Hovenier\",\"isPartOf\":{\"@id\":\"https:\/\/permbledhja.com\/#website\"},\"datePublished\":\"2024-03-03T19:16:18+00:00\",\"dateModified\":\"2024-03-03T19:16:18+00:00\",\"breadcrumb\":{\"@id\":\"https:\/\/permbledhja.com\/a-do-te-sanksionohet-qeveria-kurti-nga-shtetet-e-bashkuara-te-amerikes-pergjigjet-ambasadori-hovenier\/#breadcrumb\"},\"inLanguage\":\"sq\",\"potentialAction\":[{\"@type\":\"ReadAction\",\"target\":[\"https:\/\/permbledhja.com\/a-do-te-sanksionohet-qeveria-kurti-nga-shtetet-e-bashkuara-te-amerikes-pergjigjet-ambasadori-hovenier\/\"]}]},{\"@type\":\"BreadcrumbList\",\"@id\":\"https:\/\/permbledhja.com\/a-do-te-sanksionohet-qeveria-kurti-nga-shtetet-e-bashkuara-te-amerikes-pergjigjet-ambasadori-hovenier\/#breadcrumb\",\"itemListElement\":[{\"@type\":\"ListItem\",\"position\":1,\"name\":\"Ballina\",\"item\":\"https:\/\/permbledhja.com\/sq\/\"},{\"@type\":\"ListItem\",\"position\":2,\"name\":\"A do t\u00eb sanksionohet Qeveria Kurti nga Shtetet e Bashkuara t\u00eb Amerik\u00ebs? P\u00ebrgjigjet ambasadori Hovenier\"}]},{\"@type\":\"WebSite\",\"@id\":\"https:\/\/permbledhja.com\/#website\",\"url\":\"https:\/\/permbledhja.com\/\",\"name\":\"Ve\u00e7 artikuj p\u00ebrmbledh\u00ebs\",\"description\":\"\",\"publisher\":{\"@id\":\"https:\/\/permbledhja.com\/#organization\"},\"potentialAction\":[{\"@type\":\"SearchAction\",\"target\":{\"@type\":\"EntryPoint\",\"urlTemplate\":\"https:\/\/permbledhja.com\/?s={search_term_string}\"},\"query-input\":\"required name=search_term_string\"}],\"inLanguage\":\"sq\"},{\"@type\":\"Organization\",\"@id\":\"https:\/\/permbledhja.com\/#organization\",\"name\":\"MK Media & Pr\",\"url\":\"https:\/\/permbledhja.com\/\",\"logo\":{\"@type\":\"ImageObject\",\"inLanguage\":\"sq\",\"@id\":\"https:\/\/permbledhja.com\/#\/schema\/logo\/image\/\",\"url\":\"https:\/\/permbledhja.com\/wp-content\/uploads\/2021\/12\/07-Press-Logo.jpg\",\"contentUrl\":\"https:\/\/permbledhja.com\/wp-content\/uploads\/2021\/12\/07-Press-Logo.jpg\",\"width\":512,\"height\":512,\"caption\":\"MK Media & Pr\"},\"image\":{\"@id\":\"https:\/\/permbledhja.com\/#\/schema\/logo\/image\/\"},\"sameAs\":[\"https:\/\/www.facebook.com\/press07\/\"]},{\"@type\":\"Person\",\"@id\":\"https:\/\/permbledhja.com\/#\/schema\/person\/9c54260cbc4c6f792cb100550491638c\",\"name\":\"DL\",\"image\":{\"@type\":\"ImageObject\",\"inLanguage\":\"sq\",\"@id\":\"https:\/\/permbledhja.com\/#\/schema\/person\/image\/\",\"url\":\"https:\/\/secure.gravatar.com\/avatar\/94503eb28d4c4b2005a5c8753e35fc80?s=96&d=mm&r=g\",\"contentUrl\":\"https:\/\/secure.gravatar.com\/avatar\/94503eb28d4c4b2005a5c8753e35fc80?s=96&d=mm&r=g\",\"caption\":\"DL\"},\"url\":\"https:\/\/permbledhja.com\/sq\/author\/dl\/\"}]}<\/script>\n<!-- \/ Yoast SEO plugin. -->","yoast_head_json":{"title":"A do t\u00eb sanksionohet Qeveria Kurti nga Shtetet e Bashkuara t\u00eb Amerik\u00ebs? P\u00ebrgjigjet ambasadori Hovenier","robots":{"index":"index","follow":"follow","max-snippet":"max-snippet:-1","max-image-preview":"max-image-preview:large","max-video-preview":"max-video-preview:-1"},"canonical":"https:\/\/permbledhja.com\/sq\/a-do-te-sanksionohet-qeveria-kurti-nga-shtetet-e-bashkuara-te-amerikes-pergjigjet-ambasadori-hovenier\/","og_locale":"sq_AL","og_type":"article","og_title":"A do t\u00eb sanksionohet Qeveria Kurti nga Shtetet e Bashkuara t\u00eb Amerik\u00ebs? P\u00ebrgjigjet ambasadori Hovenier","og_description":"Ndihma nuk vjen falas, dinari \u00ebsht\u00eb \u00e7\u00ebshtje p\u00ebr dialog, Qeveria ta miratoj\u00eb draft-statutin e Asociacionit, veprimet e qeveris\u00eb kan\u00eb ndikuar t\u00eb cenohen raportet, s\u2019ka nevoj\u00eb p\u00ebr konferenc\u00eb nd\u00ebrkomb\u00ebtare, jan\u00eb mesazhet e Jeffrey Hovenier, p\u00ebr qytetar\u00ebt e Kosov\u00ebs. K\u00ebto komente, ambasadori i Shteteve t\u00eb Bashkuara t\u00eb Amerik\u00ebs n\u00eb Kosov\u00eb i b\u00ebri n\u00eb nj\u00eb bashk\u00ebbisedim me gazetar\u00ebt [&hellip;]","og_url":"https:\/\/permbledhja.com\/sq\/a-do-te-sanksionohet-qeveria-kurti-nga-shtetet-e-bashkuara-te-amerikes-pergjigjet-ambasadori-hovenier\/","og_site_name":"Ve\u00e7 artikuj p\u00ebrmbledh\u00ebs","article_publisher":"https:\/\/www.facebook.com\/press07\/","article_published_time":"2024-03-03T19:16:18+00:00","og_image":[{"width":960,"height":641,"url":"https:\/\/permbledhja.com\/wp-content\/uploads\/2024\/03\/as.jpg","type":"image\/jpeg"}],"author":"DL","twitter_card":"summary_large_image","twitter_misc":{"Written by":"DL","Est. reading time":"2 minuta"},"schema":{"@context":"https:\/\/schema.org","@graph":[{"@type":"Article","@id":"https:\/\/permbledhja.com\/a-do-te-sanksionohet-qeveria-kurti-nga-shtetet-e-bashkuara-te-amerikes-pergjigjet-ambasadori-hovenier\/#article","isPartOf":{"@id":"https:\/\/permbledhja.com\/a-do-te-sanksionohet-qeveria-kurti-nga-shtetet-e-bashkuara-te-amerikes-pergjigjet-ambasadori-hovenier\/"},"author":{"name":"DL","@id":"https:\/\/permbledhja.com\/#\/schema\/person\/9c54260cbc4c6f792cb100550491638c"},"headline":"A do t\u00eb sanksionohet Qeveria Kurti nga Shtetet e Bashkuara t\u00eb Amerik\u00ebs? P\u00ebrgjigjet ambasadori Hovenier","datePublished":"2024-03-03T19:16:18+00:00","dateModified":"2024-03-03T19:16:18+00:00","mainEntityOfPage":{"@id":"https:\/\/permbledhja.com\/a-do-te-sanksionohet-qeveria-kurti-nga-shtetet-e-bashkuara-te-amerikes-pergjigjet-ambasadori-hovenier\/"},"wordCount":371,"publisher":{"@id":"https:\/\/permbledhja.com\/#organization"},"articleSection":["Kryesoret"],"inLanguage":"sq"},{"@type":"WebPage","@id":"https:\/\/permbledhja.com\/a-do-te-sanksionohet-qeveria-kurti-nga-shtetet-e-bashkuara-te-amerikes-pergjigjet-ambasadori-hovenier\/","url":"https:\/\/permbledhja.com\/a-do-te-sanksionohet-qeveria-kurti-nga-shtetet-e-bashkuara-te-amerikes-pergjigjet-ambasadori-hovenier\/","name":"A do t\u00eb sanksionohet Qeveria Kurti nga Shtetet e Bashkuara t\u00eb Amerik\u00ebs? P\u00ebrgjigjet ambasadori Hovenier","isPartOf":{"@id":"https:\/\/permbledhja.com\/#website"},"datePublished":"2024-03-03T19:16:18+00:00","dateModified":"2024-03-03T19:16:18+00:00","breadcrumb":{"@id":"https:\/\/permbledhja.com\/a-do-te-sanksionohet-qeveria-kurti-nga-shtetet-e-bashkuara-te-amerikes-pergjigjet-ambasadori-hovenier\/#breadcrumb"},"inLanguage":"sq","potentialAction":[{"@type":"ReadAction","target":["https:\/\/permbledhja.com\/a-do-te-sanksionohet-qeveria-kurti-nga-shtetet-e-bashkuara-te-amerikes-pergjigjet-ambasadori-hovenier\/"]}]},{"@type":"BreadcrumbList","@id":"https:\/\/permbledhja.com\/a-do-te-sanksionohet-qeveria-kurti-nga-shtetet-e-bashkuara-te-amerikes-pergjigjet-ambasadori-hovenier\/#breadcrumb","itemListElement":[{"@type":"ListItem","position":1,"name":"Ballina","item":"https:\/\/permbledhja.com\/sq\/"},{"@type":"ListItem","position":2,"name":"A do t\u00eb sanksionohet Qeveria Kurti nga Shtetet e Bashkuara t\u00eb Amerik\u00ebs? P\u00ebrgjigjet ambasadori Hovenier"}]},{"@type":"WebSite","@id":"https:\/\/permbledhja.com\/#website","url":"https:\/\/permbledhja.com\/","name":"Ve\u00e7 artikuj p\u00ebrmbledh\u00ebs","description":"","publisher":{"@id":"https:\/\/permbledhja.com\/#organization"},"potentialAction":[{"@type":"SearchAction","target":{"@type":"EntryPoint","urlTemplate":"https:\/\/permbledhja.com\/?s={search_term_string}"},"query-input":"required name=search_term_string"}],"inLanguage":"sq"},{"@type":"Organization","@id":"https:\/\/permbledhja.com\/#organization","name":"MK Media & Pr","url":"https:\/\/permbledhja.com\/","logo":{"@type":"ImageObject","inLanguage":"sq","@id":"https:\/\/permbledhja.com\/#\/schema\/logo\/image\/","url":"https:\/\/permbledhja.com\/wp-content\/uploads\/2021\/12\/07-Press-Logo.jpg","contentUrl":"https:\/\/permbledhja.com\/wp-content\/uploads\/2021\/12\/07-Press-Logo.jpg","width":512,"height":512,"caption":"MK Media & Pr"},"image":{"@id":"https:\/\/permbledhja.com\/#\/schema\/logo\/image\/"},"sameAs":["https:\/\/www.facebook.com\/press07\/"]},{"@type":"Person","@id":"https:\/\/permbledhja.com\/#\/schema\/person\/9c54260cbc4c6f792cb100550491638c","name":"DL","image":{"@type":"ImageObject","inLanguage":"sq","@id":"https:\/\/permbledhja.com\/#\/schema\/person\/image\/","url":"https:\/\/secure.gravatar.com\/avatar\/94503eb28d4c4b2005a5c8753e35fc80?s=96&d=mm&r=g","contentUrl":"https:\/\/secure.gravatar.com\/avatar\/94503eb28d4c4b2005a5c8753e35fc80?s=96&d=mm&r=g","caption":"DL"},"url":"https:\/\/permbledhja.com\/sq\/author\/dl\/"}]}},"_links":{"self":[{"href":"https:\/\/permbledhja.com\/sq\/wp-json\/wp\/v2\/posts\/50954"}],"collection":[{"href":"https:\/\/permbledhja.com\/sq\/wp-json\/wp\/v2\/posts"}],"about":[{"href":"https:\/\/permbledhja.com\/sq\/wp-json\/wp\/v2\/types\/post"}],"author":[{"embeddable":true,"href":"https:\/\/permbledhja.com\/sq\/wp-json\/wp\/v2\/users\/5"}],"replies":[{"embeddable":true,"href":"https:\/\/permbledhja.com\/sq\/wp-json\/wp\/v2\/comments?post=50954"}],"version-history":[{"count":1,"href":"https:\/\/permbledhja.com\/sq\/wp-json\/wp\/v2\/posts\/50954\/revisions"}],"predecessor-version":[{"id":50956,"href":"https:\/\/permbledhja.com\/sq\/wp-json\/wp\/v2\/posts\/50954\/revisions\/50956"}],"wp:featuredmedia":[{"embeddable":true,"href":"https:\/\/permbledhja.com\/sq\/wp-json\/wp\/v2\/media\/50955"}],"wp:attachment":[{"href":"https:\/\/permbledhja.com\/sq\/wp-json\/wp\/v2\/media?parent=50954"}],"wp:term":[{"taxonomy":"category","embeddable":true,"href":"https:\/\/permbledhja.com\/sq\/wp-json\/wp\/v2\/categories?post=50954"},{"taxonomy":"post_tag","embeddable":true,"href":"https:\/\/permbledhja.com\/sq\/wp-json\/wp\/v2\/tags?post=50954"}],"curies":[{"name":"wp","href":"https:\/\/api.w.org\/{rel}","templated":true}]}}