{"id":50696,"date":"2024-02-29T16:38:07","date_gmt":"2024-02-29T16:38:07","guid":{"rendered":"https:\/\/permbledhja.com\/?p=50696"},"modified":"2024-02-29T16:38:07","modified_gmt":"2024-02-29T16:38:07","slug":"hovenier-keshillon-kosoven-ta-coje-draftin-per-asociacionin-sa-me-shpejt-ne-kushtetuese","status":"publish","type":"post","link":"https:\/\/permbledhja.com\/sq\/hovenier-keshillon-kosoven-ta-coje-draftin-per-asociacionin-sa-me-shpejt-ne-kushtetuese\/","title":{"rendered":"Hovenier k\u00ebshillon Kosov\u00ebn ta \u00e7oj\u00eb draftin p\u00ebr Asociacionin sa m\u00eb shpejt n\u00eb Kushtetuese"},"content":{"rendered":"<h3>Ambasadori amerikan n\u00eb Kosov\u00eb, Jeffrey Hovenier e ka k\u00ebshilluar Qeverin\u00eb e Kosov\u00ebs q\u00eb t\u00eb k\u00ebrkoj\u00eb sa m\u00eb shpejt mendimin e Gjykat\u00ebs Kushtetuese p\u00ebr nj\u00eb draft-statut t\u00eb hartuar prej Per\u00ebndimit p\u00ebr themelim t\u00eb Asociacionit t\u00eb komunave me shumic\u00eb serbe.<\/h3>\n<p>Hovenier i ka b\u00ebr\u00eb k\u00ebto deklarata gjat\u00eb nj\u00eb bashk\u00ebbisedimi me gazetar\u00eb n\u00eb nd\u00ebrtes\u00ebn e Ambasad\u00ebs amerikane n\u00eb Prishtin\u00eb.<\/p>\n<p>\u201cN\u00eb k\u00ebt\u00eb m\u00ebnyr\u00eb, Kosova do t\u00eb p\u00ebrfitonte n\u00eb m\u00ebnyr\u00eb substanciale. Do t\u00eb ekzistoj\u00eb nj\u00eb p\u00ebrgjigje n\u00ebse [dokumenti] \u00ebsht\u00eb kushtetues apo jo, do t\u00eb dihet a ka kompetenca ekzekutive apo jo, dhe mendojm\u00eb se vet\u00ebm Gjykata mund ta jap\u00eb at\u00eb vler\u00ebsim. Di\u00e7ka e till\u00eb do t\u00eb krijoj\u00eb nj\u00eb dinamik\u00eb ndryshe dhe do t\u00eb reflektoj\u00eb p\u00ebrkushtimin e Kosov\u00ebs p\u00ebr t\u2019i p\u00ebrmbushur obligimet q\u00eb ka\u201d.<\/p>\n<p>N\u00eb tetor t\u00eb vitit t\u00eb kaluar, diplomat\u00ebt per\u00ebndimor\u00eb i kan\u00eb paraqitur Kosov\u00ebs dhe Serbis\u00eb nj\u00eb draft-statut p\u00ebr formimin e Asociacionit, t\u00eb cilin pal\u00ebt e kan\u00eb pranuar n\u00eb parim.<\/p>\n<p>Megjithat\u00eb, ende nuk \u00ebsht\u00eb b\u00ebr\u00eb ndonj\u00eb hap drejt themelimit t\u00eb tij.<\/p>\n<p>Kosova dhe Serbia kan\u00eb arritur marr\u00ebveshje p\u00ebr Asociacionin m\u00eb 2013 dhe m\u00eb pas m\u00eb 2015 mbi parimet p\u00ebr themelimin e tij.<\/p>\n<p>Po m\u00eb 2015, Gjykata Kushtetuese e Kosov\u00ebs ka gjetur se marr\u00ebveshja nuk \u00ebsht\u00eb n\u00eb harmoni t\u00eb plot\u00eb me Kushtetut\u00ebn.<\/p>\n<p>Serbia k\u00ebrkon q\u00eb Kosova t\u00eb zbatoj\u00eb marr\u00ebveshjet e arritura, por Qeveria e Kosov\u00ebs \u00ebsht\u00eb deklaruar kund\u00ebr nj\u00eb asociacioni nj\u00ebetnik.<\/p>\n","protected":false},"excerpt":{"rendered":"<p>Ambasadori amerikan n\u00eb Kosov\u00eb, Jeffrey Hovenier e ka k\u00ebshilluar Qeverin\u00eb e Kosov\u00ebs q\u00eb t\u00eb k\u00ebrkoj\u00eb sa m\u00eb shpejt mendimin e Gjykat\u00ebs Kushtetuese p\u00ebr nj\u00eb draft-statut t\u00eb hartuar prej Per\u00ebndimit p\u00ebr themelim t\u00eb Asociacionit t\u00eb komunave me shumic\u00eb serbe. Hovenier i ka b\u00ebr\u00eb k\u00ebto deklarata gjat\u00eb nj\u00eb bashk\u00ebbisedimi me gazetar\u00eb n\u00eb nd\u00ebrtes\u00ebn e Ambasad\u00ebs amerikane n\u00eb [&hellip;]<\/p>\n","protected":false},"author":2,"featured_media":50697,"comment_status":"closed","ping_status":"closed","sticky":false,"template":"","format":"standard","meta":{"_monsterinsights_skip_tracking":false,"_monsterinsights_sitenote_active":false,"_monsterinsights_sitenote_note":"","_monsterinsights_sitenote_category":0,"_uf_show_specific_survey":0,"_uf_disable_surveys":false,"footnotes":""},"categories":[1146],"tags":[1516],"yoast_head":"<!-- This site is optimized with the Yoast SEO plugin v21.5 - https:\/\/yoast.com\/wordpress\/plugins\/seo\/ -->\n<title>Hovenier k\u00ebshillon Kosov\u00ebn ta \u00e7oj\u00eb draftin p\u00ebr Asociacionin sa m\u00eb shpejt n\u00eb Kushtetuese<\/title>\n<meta name=\"robots\" content=\"index, follow, max-snippet:-1, max-image-preview:large, max-video-preview:-1\" \/>\n<link rel=\"canonical\" href=\"https:\/\/permbledhja.com\/sq\/hovenier-keshillon-kosoven-ta-coje-draftin-per-asociacionin-sa-me-shpejt-ne-kushtetuese\/\" \/>\n<meta property=\"og:locale\" content=\"sq_AL\" \/>\n<meta property=\"og:type\" content=\"article\" \/>\n<meta property=\"og:title\" content=\"Hovenier k\u00ebshillon Kosov\u00ebn ta \u00e7oj\u00eb draftin p\u00ebr Asociacionin sa m\u00eb shpejt n\u00eb Kushtetuese\" \/>\n<meta property=\"og:description\" content=\"Ambasadori amerikan n\u00eb Kosov\u00eb, Jeffrey Hovenier e ka k\u00ebshilluar Qeverin\u00eb e Kosov\u00ebs q\u00eb t\u00eb k\u00ebrkoj\u00eb sa m\u00eb shpejt mendimin e Gjykat\u00ebs Kushtetuese p\u00ebr nj\u00eb draft-statut t\u00eb hartuar prej Per\u00ebndimit p\u00ebr themelim t\u00eb Asociacionit t\u00eb komunave me shumic\u00eb serbe. Hovenier i ka b\u00ebr\u00eb k\u00ebto deklarata gjat\u00eb nj\u00eb bashk\u00ebbisedimi me gazetar\u00eb n\u00eb nd\u00ebrtes\u00ebn e Ambasad\u00ebs amerikane n\u00eb [&hellip;]\" \/>\n<meta property=\"og:url\" content=\"https:\/\/permbledhja.com\/sq\/hovenier-keshillon-kosoven-ta-coje-draftin-per-asociacionin-sa-me-shpejt-ne-kushtetuese\/\" \/>\n<meta property=\"og:site_name\" content=\"Ve\u00e7 artikuj p\u00ebrmbledh\u00ebs\" \/>\n<meta property=\"article:publisher\" content=\"https:\/\/www.facebook.com\/press07\/\" \/>\n<meta property=\"article:published_time\" content=\"2024-02-29T16:38:07+00:00\" \/>\n<meta property=\"og:image\" content=\"https:\/\/permbledhja.com\/wp-content\/uploads\/2024\/02\/hovenier-2.png\" \/>\n\t<meta property=\"og:image:width\" content=\"960\" \/>\n\t<meta property=\"og:image:height\" content=\"540\" \/>\n\t<meta property=\"og:image:type\" content=\"image\/png\" \/>\n<meta name=\"author\" content=\"M M\" \/>\n<meta name=\"twitter:card\" content=\"summary_large_image\" \/>\n<meta name=\"twitter:label1\" content=\"Written by\" \/>\n\t<meta name=\"twitter:data1\" content=\"M M\" \/>\n\t<meta name=\"twitter:label2\" content=\"Est. reading time\" \/>\n\t<meta name=\"twitter:data2\" content=\"2 minuta\" \/>\n<script type=\"application\/ld+json\" class=\"yoast-schema-graph\">{\"@context\":\"https:\/\/schema.org\",\"@graph\":[{\"@type\":\"Article\",\"@id\":\"https:\/\/permbledhja.com\/hovenier-keshillon-kosoven-ta-coje-draftin-per-asociacionin-sa-me-shpejt-ne-kushtetuese\/#article\",\"isPartOf\":{\"@id\":\"https:\/\/permbledhja.com\/hovenier-keshillon-kosoven-ta-coje-draftin-per-asociacionin-sa-me-shpejt-ne-kushtetuese\/\"},\"author\":{\"name\":\"M M\",\"@id\":\"https:\/\/permbledhja.com\/#\/schema\/person\/d23f13f59b5722643933d6780783acf3\"},\"headline\":\"Hovenier k\u00ebshillon Kosov\u00ebn ta \u00e7oj\u00eb draftin p\u00ebr Asociacionin sa m\u00eb shpejt n\u00eb Kushtetuese\",\"datePublished\":\"2024-02-29T16:38:07+00:00\",\"dateModified\":\"2024-02-29T16:38:07+00:00\",\"mainEntityOfPage\":{\"@id\":\"https:\/\/permbledhja.com\/hovenier-keshillon-kosoven-ta-coje-draftin-per-asociacionin-sa-me-shpejt-ne-kushtetuese\/\"},\"wordCount\":273,\"publisher\":{\"@id\":\"https:\/\/permbledhja.com\/#organization\"},\"keywords\":[\"Jeff Hovenier\"],\"articleSection\":[\"Kryesoret\"],\"inLanguage\":\"sq\"},{\"@type\":\"WebPage\",\"@id\":\"https:\/\/permbledhja.com\/hovenier-keshillon-kosoven-ta-coje-draftin-per-asociacionin-sa-me-shpejt-ne-kushtetuese\/\",\"url\":\"https:\/\/permbledhja.com\/hovenier-keshillon-kosoven-ta-coje-draftin-per-asociacionin-sa-me-shpejt-ne-kushtetuese\/\",\"name\":\"Hovenier k\u00ebshillon Kosov\u00ebn ta \u00e7oj\u00eb draftin p\u00ebr Asociacionin sa m\u00eb shpejt n\u00eb Kushtetuese\",\"isPartOf\":{\"@id\":\"https:\/\/permbledhja.com\/#website\"},\"datePublished\":\"2024-02-29T16:38:07+00:00\",\"dateModified\":\"2024-02-29T16:38:07+00:00\",\"breadcrumb\":{\"@id\":\"https:\/\/permbledhja.com\/hovenier-keshillon-kosoven-ta-coje-draftin-per-asociacionin-sa-me-shpejt-ne-kushtetuese\/#breadcrumb\"},\"inLanguage\":\"sq\",\"potentialAction\":[{\"@type\":\"ReadAction\",\"target\":[\"https:\/\/permbledhja.com\/hovenier-keshillon-kosoven-ta-coje-draftin-per-asociacionin-sa-me-shpejt-ne-kushtetuese\/\"]}]},{\"@type\":\"BreadcrumbList\",\"@id\":\"https:\/\/permbledhja.com\/hovenier-keshillon-kosoven-ta-coje-draftin-per-asociacionin-sa-me-shpejt-ne-kushtetuese\/#breadcrumb\",\"itemListElement\":[{\"@type\":\"ListItem\",\"position\":1,\"name\":\"Ballina\",\"item\":\"https:\/\/permbledhja.com\/sq\/\"},{\"@type\":\"ListItem\",\"position\":2,\"name\":\"Hovenier k\u00ebshillon Kosov\u00ebn ta \u00e7oj\u00eb draftin p\u00ebr Asociacionin sa m\u00eb shpejt n\u00eb Kushtetuese\"}]},{\"@type\":\"WebSite\",\"@id\":\"https:\/\/permbledhja.com\/#website\",\"url\":\"https:\/\/permbledhja.com\/\",\"name\":\"Ve\u00e7 artikuj p\u00ebrmbledh\u00ebs\",\"description\":\"\",\"publisher\":{\"@id\":\"https:\/\/permbledhja.com\/#organization\"},\"potentialAction\":[{\"@type\":\"SearchAction\",\"target\":{\"@type\":\"EntryPoint\",\"urlTemplate\":\"https:\/\/permbledhja.com\/?s={search_term_string}\"},\"query-input\":\"required name=search_term_string\"}],\"inLanguage\":\"sq\"},{\"@type\":\"Organization\",\"@id\":\"https:\/\/permbledhja.com\/#organization\",\"name\":\"MK Media & Pr\",\"url\":\"https:\/\/permbledhja.com\/\",\"logo\":{\"@type\":\"ImageObject\",\"inLanguage\":\"sq\",\"@id\":\"https:\/\/permbledhja.com\/#\/schema\/logo\/image\/\",\"url\":\"https:\/\/permbledhja.com\/wp-content\/uploads\/2021\/12\/07-Press-Logo.jpg\",\"contentUrl\":\"https:\/\/permbledhja.com\/wp-content\/uploads\/2021\/12\/07-Press-Logo.jpg\",\"width\":512,\"height\":512,\"caption\":\"MK Media & Pr\"},\"image\":{\"@id\":\"https:\/\/permbledhja.com\/#\/schema\/logo\/image\/\"},\"sameAs\":[\"https:\/\/www.facebook.com\/press07\/\"]},{\"@type\":\"Person\",\"@id\":\"https:\/\/permbledhja.com\/#\/schema\/person\/d23f13f59b5722643933d6780783acf3\",\"name\":\"M M\",\"image\":{\"@type\":\"ImageObject\",\"inLanguage\":\"sq\",\"@id\":\"https:\/\/permbledhja.com\/#\/schema\/person\/image\/\",\"url\":\"https:\/\/secure.gravatar.com\/avatar\/e2835a76ca7c31a2416b2d51c4ec9a8f?s=96&d=mm&r=g\",\"contentUrl\":\"https:\/\/secure.gravatar.com\/avatar\/e2835a76ca7c31a2416b2d51c4ec9a8f?s=96&d=mm&r=g\",\"caption\":\"M M\"},\"sameAs\":[\"http:\/\/MM\"],\"url\":\"https:\/\/permbledhja.com\/sq\/author\/muhamet\/\"}]}<\/script>\n<!-- \/ Yoast SEO plugin. -->","yoast_head_json":{"title":"Hovenier k\u00ebshillon Kosov\u00ebn ta \u00e7oj\u00eb draftin p\u00ebr Asociacionin sa m\u00eb shpejt n\u00eb Kushtetuese","robots":{"index":"index","follow":"follow","max-snippet":"max-snippet:-1","max-image-preview":"max-image-preview:large","max-video-preview":"max-video-preview:-1"},"canonical":"https:\/\/permbledhja.com\/sq\/hovenier-keshillon-kosoven-ta-coje-draftin-per-asociacionin-sa-me-shpejt-ne-kushtetuese\/","og_locale":"sq_AL","og_type":"article","og_title":"Hovenier k\u00ebshillon Kosov\u00ebn ta \u00e7oj\u00eb draftin p\u00ebr Asociacionin sa m\u00eb shpejt n\u00eb Kushtetuese","og_description":"Ambasadori amerikan n\u00eb Kosov\u00eb, Jeffrey Hovenier e ka k\u00ebshilluar Qeverin\u00eb e Kosov\u00ebs q\u00eb t\u00eb k\u00ebrkoj\u00eb sa m\u00eb shpejt mendimin e Gjykat\u00ebs Kushtetuese p\u00ebr nj\u00eb draft-statut t\u00eb hartuar prej Per\u00ebndimit p\u00ebr themelim t\u00eb Asociacionit t\u00eb komunave me shumic\u00eb serbe. Hovenier i ka b\u00ebr\u00eb k\u00ebto deklarata gjat\u00eb nj\u00eb bashk\u00ebbisedimi me gazetar\u00eb n\u00eb nd\u00ebrtes\u00ebn e Ambasad\u00ebs amerikane n\u00eb [&hellip;]","og_url":"https:\/\/permbledhja.com\/sq\/hovenier-keshillon-kosoven-ta-coje-draftin-per-asociacionin-sa-me-shpejt-ne-kushtetuese\/","og_site_name":"Ve\u00e7 artikuj p\u00ebrmbledh\u00ebs","article_publisher":"https:\/\/www.facebook.com\/press07\/","article_published_time":"2024-02-29T16:38:07+00:00","og_image":[{"width":960,"height":540,"url":"https:\/\/permbledhja.com\/wp-content\/uploads\/2024\/02\/hovenier-2.png","type":"image\/png"}],"author":"M M","twitter_card":"summary_large_image","twitter_misc":{"Written by":"M M","Est. reading time":"2 minuta"},"schema":{"@context":"https:\/\/schema.org","@graph":[{"@type":"Article","@id":"https:\/\/permbledhja.com\/hovenier-keshillon-kosoven-ta-coje-draftin-per-asociacionin-sa-me-shpejt-ne-kushtetuese\/#article","isPartOf":{"@id":"https:\/\/permbledhja.com\/hovenier-keshillon-kosoven-ta-coje-draftin-per-asociacionin-sa-me-shpejt-ne-kushtetuese\/"},"author":{"name":"M M","@id":"https:\/\/permbledhja.com\/#\/schema\/person\/d23f13f59b5722643933d6780783acf3"},"headline":"Hovenier k\u00ebshillon Kosov\u00ebn ta \u00e7oj\u00eb draftin p\u00ebr Asociacionin sa m\u00eb shpejt n\u00eb Kushtetuese","datePublished":"2024-02-29T16:38:07+00:00","dateModified":"2024-02-29T16:38:07+00:00","mainEntityOfPage":{"@id":"https:\/\/permbledhja.com\/hovenier-keshillon-kosoven-ta-coje-draftin-per-asociacionin-sa-me-shpejt-ne-kushtetuese\/"},"wordCount":273,"publisher":{"@id":"https:\/\/permbledhja.com\/#organization"},"keywords":["Jeff Hovenier"],"articleSection":["Kryesoret"],"inLanguage":"sq"},{"@type":"WebPage","@id":"https:\/\/permbledhja.com\/hovenier-keshillon-kosoven-ta-coje-draftin-per-asociacionin-sa-me-shpejt-ne-kushtetuese\/","url":"https:\/\/permbledhja.com\/hovenier-keshillon-kosoven-ta-coje-draftin-per-asociacionin-sa-me-shpejt-ne-kushtetuese\/","name":"Hovenier k\u00ebshillon Kosov\u00ebn ta \u00e7oj\u00eb draftin p\u00ebr Asociacionin sa m\u00eb shpejt n\u00eb Kushtetuese","isPartOf":{"@id":"https:\/\/permbledhja.com\/#website"},"datePublished":"2024-02-29T16:38:07+00:00","dateModified":"2024-02-29T16:38:07+00:00","breadcrumb":{"@id":"https:\/\/permbledhja.com\/hovenier-keshillon-kosoven-ta-coje-draftin-per-asociacionin-sa-me-shpejt-ne-kushtetuese\/#breadcrumb"},"inLanguage":"sq","potentialAction":[{"@type":"ReadAction","target":["https:\/\/permbledhja.com\/hovenier-keshillon-kosoven-ta-coje-draftin-per-asociacionin-sa-me-shpejt-ne-kushtetuese\/"]}]},{"@type":"BreadcrumbList","@id":"https:\/\/permbledhja.com\/hovenier-keshillon-kosoven-ta-coje-draftin-per-asociacionin-sa-me-shpejt-ne-kushtetuese\/#breadcrumb","itemListElement":[{"@type":"ListItem","position":1,"name":"Ballina","item":"https:\/\/permbledhja.com\/sq\/"},{"@type":"ListItem","position":2,"name":"Hovenier k\u00ebshillon Kosov\u00ebn ta \u00e7oj\u00eb draftin p\u00ebr Asociacionin sa m\u00eb shpejt n\u00eb Kushtetuese"}]},{"@type":"WebSite","@id":"https:\/\/permbledhja.com\/#website","url":"https:\/\/permbledhja.com\/","name":"Ve\u00e7 artikuj p\u00ebrmbledh\u00ebs","description":"","publisher":{"@id":"https:\/\/permbledhja.com\/#organization"},"potentialAction":[{"@type":"SearchAction","target":{"@type":"EntryPoint","urlTemplate":"https:\/\/permbledhja.com\/?s={search_term_string}"},"query-input":"required name=search_term_string"}],"inLanguage":"sq"},{"@type":"Organization","@id":"https:\/\/permbledhja.com\/#organization","name":"MK Media & Pr","url":"https:\/\/permbledhja.com\/","logo":{"@type":"ImageObject","inLanguage":"sq","@id":"https:\/\/permbledhja.com\/#\/schema\/logo\/image\/","url":"https:\/\/permbledhja.com\/wp-content\/uploads\/2021\/12\/07-Press-Logo.jpg","contentUrl":"https:\/\/permbledhja.com\/wp-content\/uploads\/2021\/12\/07-Press-Logo.jpg","width":512,"height":512,"caption":"MK Media & Pr"},"image":{"@id":"https:\/\/permbledhja.com\/#\/schema\/logo\/image\/"},"sameAs":["https:\/\/www.facebook.com\/press07\/"]},{"@type":"Person","@id":"https:\/\/permbledhja.com\/#\/schema\/person\/d23f13f59b5722643933d6780783acf3","name":"M M","image":{"@type":"ImageObject","inLanguage":"sq","@id":"https:\/\/permbledhja.com\/#\/schema\/person\/image\/","url":"https:\/\/secure.gravatar.com\/avatar\/e2835a76ca7c31a2416b2d51c4ec9a8f?s=96&d=mm&r=g","contentUrl":"https:\/\/secure.gravatar.com\/avatar\/e2835a76ca7c31a2416b2d51c4ec9a8f?s=96&d=mm&r=g","caption":"M M"},"sameAs":["http:\/\/MM"],"url":"https:\/\/permbledhja.com\/sq\/author\/muhamet\/"}]}},"_links":{"self":[{"href":"https:\/\/permbledhja.com\/sq\/wp-json\/wp\/v2\/posts\/50696"}],"collection":[{"href":"https:\/\/permbledhja.com\/sq\/wp-json\/wp\/v2\/posts"}],"about":[{"href":"https:\/\/permbledhja.com\/sq\/wp-json\/wp\/v2\/types\/post"}],"author":[{"embeddable":true,"href":"https:\/\/permbledhja.com\/sq\/wp-json\/wp\/v2\/users\/2"}],"replies":[{"embeddable":true,"href":"https:\/\/permbledhja.com\/sq\/wp-json\/wp\/v2\/comments?post=50696"}],"version-history":[{"count":1,"href":"https:\/\/permbledhja.com\/sq\/wp-json\/wp\/v2\/posts\/50696\/revisions"}],"predecessor-version":[{"id":50698,"href":"https:\/\/permbledhja.com\/sq\/wp-json\/wp\/v2\/posts\/50696\/revisions\/50698"}],"wp:featuredmedia":[{"embeddable":true,"href":"https:\/\/permbledhja.com\/sq\/wp-json\/wp\/v2\/media\/50697"}],"wp:attachment":[{"href":"https:\/\/permbledhja.com\/sq\/wp-json\/wp\/v2\/media?parent=50696"}],"wp:term":[{"taxonomy":"category","embeddable":true,"href":"https:\/\/permbledhja.com\/sq\/wp-json\/wp\/v2\/categories?post=50696"},{"taxonomy":"post_tag","embeddable":true,"href":"https:\/\/permbledhja.com\/sq\/wp-json\/wp\/v2\/tags?post=50696"}],"curies":[{"name":"wp","href":"https:\/\/api.w.org\/{rel}","templated":true}]}}