{"id":50612,"date":"2024-02-29T09:01:09","date_gmt":"2024-02-29T09:01:09","guid":{"rendered":"https:\/\/permbledhja.com\/?p=50612"},"modified":"2024-02-29T09:01:09","modified_gmt":"2024-02-29T09:01:09","slug":"nga-pdk-ja-pretendojne-se-kurti-e-ka-pranuar-asociacionin-me-kompetenca-te-shtuara-ekzekutive","status":"publish","type":"post","link":"https:\/\/permbledhja.com\/sq\/nga-pdk-ja-pretendojne-se-kurti-e-ka-pranuar-asociacionin-me-kompetenca-te-shtuara-ekzekutive\/","title":{"rendered":"Nga PDK-ja pretendojn\u00eb se Kurti e ka pranuar Asociacionin me kompetenca t\u00eb shtuara ekzekutive"},"content":{"rendered":"<h3>Deputeti i Partis\u00eb Demokratike t\u00eb Kosov\u00ebs (PDK), Ferat Shala ka vler\u00ebsuar se kryeministri, Albin Kurti n\u00eb negociatat e Ohrit e ka pranuar Asociacionin me kompetenca t\u00eb shtuara ekzekutive.<\/h3>\n<p style=\"box-sizing: border-box; margin-bottom: 15px; font-size: 15px; line-height: 26px; letter-spacing: -0.2px; font-family: Raleway-Regular, sans-serif; color: #212529;\">Madje, Shala ka th\u00ebn\u00eb se qeveria aktuale n\u00eb marr\u00ebveshjen e Ohrit, ka shtuar edhe pasues tjer\u00eb q\u00eb bien ndesh me \u00e7do parim t\u00eb Kushtetues.<\/p>\n<p><span style=\"color: #212529; font-family: Raleway-Regular, sans-serif; font-size: 15px; letter-spacing: -0.2px;\">Qeveria e Kosov\u00ebs, kryeministri n\u00eb negociatat e Ohrit e ka pranuar Asociacionin edhe at\u00eb jasht\u00ebzakonisht keq dhe me kompetenca t\u00eb shtuara ekzekutive, duke shtuar edhe shum\u00eb pasues q\u00eb nuk kan\u00eb qen\u00eb n\u00eb marr\u00ebveshjen e 2013-t\u00ebs e as t\u00eb 2015-\u00ebs, si\u00e7 \u00ebsht\u00eb \u00e7\u00ebshtja e Kish\u00ebs Ortodokse Serbe, \u00e7\u00ebshtja e kompetencave n\u00eb arsim, e rezolut\u00ebs 1244 e shum\u00eb pika tjera t\u00eb cilat tashm\u00eb PDK-ja i ka b\u00ebr\u00eb publike dhe ka shprehur kund\u00ebrshtimin e saj sepse kjo marr\u00ebveshje bie ndesh me \u00e7do parim t\u00eb Kushtetut\u00ebs\u201d, \u00ebsht\u00eb shprehur ai n\u00eb T\u00ebv\u00eb 1.<\/span><\/p>\n<p style=\"box-sizing: border-box; margin-bottom: 15px; font-size: 15px; line-height: 26px; letter-spacing: -0.2px; font-family: Raleway-Regular, sans-serif; color: #212529;\">P\u00ebr Shal\u00ebn, me sjelljet e k\u00ebsaj qeverie partner\u00ebve nd\u00ebrkomb\u00ebtar\u00ebve po u humb durimi.<\/p>\n<p style=\"box-sizing: border-box; margin-bottom: 15px; font-size: 15px; line-height: 26px; letter-spacing: -0.2px; font-family: Raleway-Regular, sans-serif; color: #212529;\">\u201cPas Shteteve t\u00eb Bashkuara, Bashkimit Evropian, lider\u00eb t\u00eb caktuar t\u00eb fuqish\u00ebm t\u00eb shteteve partnere dalin n\u00eb konsistenc\u00eb me q\u00ebndrimin e ShBA-ve dhe paralajm\u00ebrojn\u00eb se po i vije fundi durimit t\u00eb tyre dhe sjelljes s\u00eb k\u00ebsaj qeverie n\u00eb k\u00ebt\u00eb form\u00eb. E dhimbshme p\u00ebr shtetin, institucionet e vendit ton\u00eb, qytetar\u00ebt, ekonomin\u00eb, integrimin dhe fuqizimin e shtetit ton\u00eb\u201d, ka shtuar ai.<\/p>\n","protected":false},"excerpt":{"rendered":"<p>Deputeti i Partis\u00eb Demokratike t\u00eb Kosov\u00ebs (PDK), Ferat Shala ka vler\u00ebsuar se kryeministri, Albin Kurti n\u00eb negociatat e Ohrit e ka pranuar Asociacionin me kompetenca t\u00eb shtuara ekzekutive. Madje, Shala ka th\u00ebn\u00eb se qeveria aktuale n\u00eb marr\u00ebveshjen e Ohrit, ka shtuar edhe pasues tjer\u00eb q\u00eb bien ndesh me \u00e7do parim t\u00eb Kushtetues. Qeveria e Kosov\u00ebs, [&hellip;]<\/p>\n","protected":false},"author":5,"featured_media":23488,"comment_status":"closed","ping_status":"closed","sticky":false,"template":"","format":"standard","meta":{"_monsterinsights_skip_tracking":false,"_monsterinsights_sitenote_active":false,"_monsterinsights_sitenote_note":"","_monsterinsights_sitenote_category":0,"_uf_show_specific_survey":0,"_uf_disable_surveys":false,"footnotes":""},"categories":[15],"tags":[],"yoast_head":"<!-- This site is optimized with the Yoast SEO plugin v21.5 - https:\/\/yoast.com\/wordpress\/plugins\/seo\/ -->\n<title>Nga PDK-ja pretendojn\u00eb se Kurti e ka pranuar Asociacionin me kompetenca t\u00eb shtuara ekzekutive<\/title>\n<meta name=\"robots\" content=\"index, follow, max-snippet:-1, max-image-preview:large, max-video-preview:-1\" \/>\n<link rel=\"canonical\" href=\"https:\/\/permbledhja.com\/sq\/nga-pdk-ja-pretendojne-se-kurti-e-ka-pranuar-asociacionin-me-kompetenca-te-shtuara-ekzekutive\/\" \/>\n<meta property=\"og:locale\" content=\"sq_AL\" \/>\n<meta property=\"og:type\" content=\"article\" \/>\n<meta property=\"og:title\" content=\"Nga PDK-ja pretendojn\u00eb se Kurti e ka pranuar Asociacionin me kompetenca t\u00eb shtuara ekzekutive\" \/>\n<meta property=\"og:description\" content=\"Deputeti i Partis\u00eb Demokratike t\u00eb Kosov\u00ebs (PDK), Ferat Shala ka vler\u00ebsuar se kryeministri, Albin Kurti n\u00eb negociatat e Ohrit e ka pranuar Asociacionin me kompetenca t\u00eb shtuara ekzekutive. Madje, Shala ka th\u00ebn\u00eb se qeveria aktuale n\u00eb marr\u00ebveshjen e Ohrit, ka shtuar edhe pasues tjer\u00eb q\u00eb bien ndesh me \u00e7do parim t\u00eb Kushtetues. Qeveria e Kosov\u00ebs, [&hellip;]\" \/>\n<meta property=\"og:url\" content=\"https:\/\/permbledhja.com\/sq\/nga-pdk-ja-pretendojne-se-kurti-e-ka-pranuar-asociacionin-me-kompetenca-te-shtuara-ekzekutive\/\" \/>\n<meta property=\"og:site_name\" content=\"Ve\u00e7 artikuj p\u00ebrmbledh\u00ebs\" \/>\n<meta property=\"article:publisher\" content=\"https:\/\/www.facebook.com\/press07\/\" \/>\n<meta property=\"article:published_time\" content=\"2024-02-29T09:01:09+00:00\" \/>\n<meta property=\"og:image\" content=\"https:\/\/permbledhja.com\/wp-content\/uploads\/2023\/08\/pdk-21-696x392-1.jpg\" \/>\n\t<meta property=\"og:image:width\" content=\"696\" \/>\n\t<meta property=\"og:image:height\" content=\"392\" \/>\n\t<meta property=\"og:image:type\" content=\"image\/jpeg\" \/>\n<meta name=\"author\" content=\"DL\" \/>\n<meta name=\"twitter:card\" content=\"summary_large_image\" \/>\n<meta name=\"twitter:label1\" content=\"Written by\" \/>\n\t<meta name=\"twitter:data1\" content=\"DL\" \/>\n\t<meta name=\"twitter:label2\" content=\"Est. reading time\" \/>\n\t<meta name=\"twitter:data2\" content=\"2 minuta\" \/>\n<script type=\"application\/ld+json\" class=\"yoast-schema-graph\">{\"@context\":\"https:\/\/schema.org\",\"@graph\":[{\"@type\":\"Article\",\"@id\":\"https:\/\/permbledhja.com\/sq\/nga-pdk-ja-pretendojne-se-kurti-e-ka-pranuar-asociacionin-me-kompetenca-te-shtuara-ekzekutive\/#article\",\"isPartOf\":{\"@id\":\"https:\/\/permbledhja.com\/sq\/nga-pdk-ja-pretendojne-se-kurti-e-ka-pranuar-asociacionin-me-kompetenca-te-shtuara-ekzekutive\/\"},\"author\":{\"name\":\"DL\",\"@id\":\"https:\/\/permbledhja.com\/#\/schema\/person\/9c54260cbc4c6f792cb100550491638c\"},\"headline\":\"Nga PDK-ja pretendojn\u00eb se Kurti e ka pranuar Asociacionin me kompetenca t\u00eb shtuara ekzekutive\",\"datePublished\":\"2024-02-29T09:01:09+00:00\",\"dateModified\":\"2024-02-29T09:01:09+00:00\",\"mainEntityOfPage\":{\"@id\":\"https:\/\/permbledhja.com\/sq\/nga-pdk-ja-pretendojne-se-kurti-e-ka-pranuar-asociacionin-me-kompetenca-te-shtuara-ekzekutive\/\"},\"wordCount\":253,\"publisher\":{\"@id\":\"https:\/\/permbledhja.com\/#organization\"},\"articleSection\":[\"Lajme\"],\"inLanguage\":\"sq\"},{\"@type\":\"WebPage\",\"@id\":\"https:\/\/permbledhja.com\/sq\/nga-pdk-ja-pretendojne-se-kurti-e-ka-pranuar-asociacionin-me-kompetenca-te-shtuara-ekzekutive\/\",\"url\":\"https:\/\/permbledhja.com\/sq\/nga-pdk-ja-pretendojne-se-kurti-e-ka-pranuar-asociacionin-me-kompetenca-te-shtuara-ekzekutive\/\",\"name\":\"Nga PDK-ja pretendojn\u00eb se Kurti e ka pranuar Asociacionin me kompetenca t\u00eb shtuara ekzekutive\",\"isPartOf\":{\"@id\":\"https:\/\/permbledhja.com\/#website\"},\"datePublished\":\"2024-02-29T09:01:09+00:00\",\"dateModified\":\"2024-02-29T09:01:09+00:00\",\"breadcrumb\":{\"@id\":\"https:\/\/permbledhja.com\/sq\/nga-pdk-ja-pretendojne-se-kurti-e-ka-pranuar-asociacionin-me-kompetenca-te-shtuara-ekzekutive\/#breadcrumb\"},\"inLanguage\":\"sq\",\"potentialAction\":[{\"@type\":\"ReadAction\",\"target\":[\"https:\/\/permbledhja.com\/sq\/nga-pdk-ja-pretendojne-se-kurti-e-ka-pranuar-asociacionin-me-kompetenca-te-shtuara-ekzekutive\/\"]}]},{\"@type\":\"BreadcrumbList\",\"@id\":\"https:\/\/permbledhja.com\/sq\/nga-pdk-ja-pretendojne-se-kurti-e-ka-pranuar-asociacionin-me-kompetenca-te-shtuara-ekzekutive\/#breadcrumb\",\"itemListElement\":[{\"@type\":\"ListItem\",\"position\":1,\"name\":\"Ballina\",\"item\":\"https:\/\/permbledhja.com\/sq\/\"},{\"@type\":\"ListItem\",\"position\":2,\"name\":\"Nga PDK-ja pretendojn\u00eb se Kurti e ka pranuar Asociacionin me kompetenca t\u00eb shtuara ekzekutive\"}]},{\"@type\":\"WebSite\",\"@id\":\"https:\/\/permbledhja.com\/#website\",\"url\":\"https:\/\/permbledhja.com\/\",\"name\":\"Ve\u00e7 artikuj p\u00ebrmbledh\u00ebs\",\"description\":\"\",\"publisher\":{\"@id\":\"https:\/\/permbledhja.com\/#organization\"},\"potentialAction\":[{\"@type\":\"SearchAction\",\"target\":{\"@type\":\"EntryPoint\",\"urlTemplate\":\"https:\/\/permbledhja.com\/?s={search_term_string}\"},\"query-input\":\"required name=search_term_string\"}],\"inLanguage\":\"sq\"},{\"@type\":\"Organization\",\"@id\":\"https:\/\/permbledhja.com\/#organization\",\"name\":\"MK Media & Pr\",\"url\":\"https:\/\/permbledhja.com\/\",\"logo\":{\"@type\":\"ImageObject\",\"inLanguage\":\"sq\",\"@id\":\"https:\/\/permbledhja.com\/#\/schema\/logo\/image\/\",\"url\":\"https:\/\/permbledhja.com\/wp-content\/uploads\/2021\/12\/07-Press-Logo.jpg\",\"contentUrl\":\"https:\/\/permbledhja.com\/wp-content\/uploads\/2021\/12\/07-Press-Logo.jpg\",\"width\":512,\"height\":512,\"caption\":\"MK Media & Pr\"},\"image\":{\"@id\":\"https:\/\/permbledhja.com\/#\/schema\/logo\/image\/\"},\"sameAs\":[\"https:\/\/www.facebook.com\/press07\/\"]},{\"@type\":\"Person\",\"@id\":\"https:\/\/permbledhja.com\/#\/schema\/person\/9c54260cbc4c6f792cb100550491638c\",\"name\":\"DL\",\"image\":{\"@type\":\"ImageObject\",\"inLanguage\":\"sq\",\"@id\":\"https:\/\/permbledhja.com\/#\/schema\/person\/image\/\",\"url\":\"https:\/\/secure.gravatar.com\/avatar\/94503eb28d4c4b2005a5c8753e35fc80?s=96&d=mm&r=g\",\"contentUrl\":\"https:\/\/secure.gravatar.com\/avatar\/94503eb28d4c4b2005a5c8753e35fc80?s=96&d=mm&r=g\",\"caption\":\"DL\"},\"url\":\"https:\/\/permbledhja.com\/sq\/author\/dl\/\"}]}<\/script>\n<!-- \/ Yoast SEO plugin. -->","yoast_head_json":{"title":"Nga PDK-ja pretendojn\u00eb se Kurti e ka pranuar Asociacionin me kompetenca t\u00eb shtuara ekzekutive","robots":{"index":"index","follow":"follow","max-snippet":"max-snippet:-1","max-image-preview":"max-image-preview:large","max-video-preview":"max-video-preview:-1"},"canonical":"https:\/\/permbledhja.com\/sq\/nga-pdk-ja-pretendojne-se-kurti-e-ka-pranuar-asociacionin-me-kompetenca-te-shtuara-ekzekutive\/","og_locale":"sq_AL","og_type":"article","og_title":"Nga PDK-ja pretendojn\u00eb se Kurti e ka pranuar Asociacionin me kompetenca t\u00eb shtuara ekzekutive","og_description":"Deputeti i Partis\u00eb Demokratike t\u00eb Kosov\u00ebs (PDK), Ferat Shala ka vler\u00ebsuar se kryeministri, Albin Kurti n\u00eb negociatat e Ohrit e ka pranuar Asociacionin me kompetenca t\u00eb shtuara ekzekutive. Madje, Shala ka th\u00ebn\u00eb se qeveria aktuale n\u00eb marr\u00ebveshjen e Ohrit, ka shtuar edhe pasues tjer\u00eb q\u00eb bien ndesh me \u00e7do parim t\u00eb Kushtetues. Qeveria e Kosov\u00ebs, [&hellip;]","og_url":"https:\/\/permbledhja.com\/sq\/nga-pdk-ja-pretendojne-se-kurti-e-ka-pranuar-asociacionin-me-kompetenca-te-shtuara-ekzekutive\/","og_site_name":"Ve\u00e7 artikuj p\u00ebrmbledh\u00ebs","article_publisher":"https:\/\/www.facebook.com\/press07\/","article_published_time":"2024-02-29T09:01:09+00:00","og_image":[{"width":696,"height":392,"url":"https:\/\/permbledhja.com\/wp-content\/uploads\/2023\/08\/pdk-21-696x392-1.jpg","type":"image\/jpeg"}],"author":"DL","twitter_card":"summary_large_image","twitter_misc":{"Written by":"DL","Est. reading time":"2 minuta"},"schema":{"@context":"https:\/\/schema.org","@graph":[{"@type":"Article","@id":"https:\/\/permbledhja.com\/sq\/nga-pdk-ja-pretendojne-se-kurti-e-ka-pranuar-asociacionin-me-kompetenca-te-shtuara-ekzekutive\/#article","isPartOf":{"@id":"https:\/\/permbledhja.com\/sq\/nga-pdk-ja-pretendojne-se-kurti-e-ka-pranuar-asociacionin-me-kompetenca-te-shtuara-ekzekutive\/"},"author":{"name":"DL","@id":"https:\/\/permbledhja.com\/#\/schema\/person\/9c54260cbc4c6f792cb100550491638c"},"headline":"Nga PDK-ja pretendojn\u00eb se Kurti e ka pranuar Asociacionin me kompetenca t\u00eb shtuara ekzekutive","datePublished":"2024-02-29T09:01:09+00:00","dateModified":"2024-02-29T09:01:09+00:00","mainEntityOfPage":{"@id":"https:\/\/permbledhja.com\/sq\/nga-pdk-ja-pretendojne-se-kurti-e-ka-pranuar-asociacionin-me-kompetenca-te-shtuara-ekzekutive\/"},"wordCount":253,"publisher":{"@id":"https:\/\/permbledhja.com\/#organization"},"articleSection":["Lajme"],"inLanguage":"sq"},{"@type":"WebPage","@id":"https:\/\/permbledhja.com\/sq\/nga-pdk-ja-pretendojne-se-kurti-e-ka-pranuar-asociacionin-me-kompetenca-te-shtuara-ekzekutive\/","url":"https:\/\/permbledhja.com\/sq\/nga-pdk-ja-pretendojne-se-kurti-e-ka-pranuar-asociacionin-me-kompetenca-te-shtuara-ekzekutive\/","name":"Nga PDK-ja pretendojn\u00eb se Kurti e ka pranuar Asociacionin me kompetenca t\u00eb shtuara ekzekutive","isPartOf":{"@id":"https:\/\/permbledhja.com\/#website"},"datePublished":"2024-02-29T09:01:09+00:00","dateModified":"2024-02-29T09:01:09+00:00","breadcrumb":{"@id":"https:\/\/permbledhja.com\/sq\/nga-pdk-ja-pretendojne-se-kurti-e-ka-pranuar-asociacionin-me-kompetenca-te-shtuara-ekzekutive\/#breadcrumb"},"inLanguage":"sq","potentialAction":[{"@type":"ReadAction","target":["https:\/\/permbledhja.com\/sq\/nga-pdk-ja-pretendojne-se-kurti-e-ka-pranuar-asociacionin-me-kompetenca-te-shtuara-ekzekutive\/"]}]},{"@type":"BreadcrumbList","@id":"https:\/\/permbledhja.com\/sq\/nga-pdk-ja-pretendojne-se-kurti-e-ka-pranuar-asociacionin-me-kompetenca-te-shtuara-ekzekutive\/#breadcrumb","itemListElement":[{"@type":"ListItem","position":1,"name":"Ballina","item":"https:\/\/permbledhja.com\/sq\/"},{"@type":"ListItem","position":2,"name":"Nga PDK-ja pretendojn\u00eb se Kurti e ka pranuar Asociacionin me kompetenca t\u00eb shtuara ekzekutive"}]},{"@type":"WebSite","@id":"https:\/\/permbledhja.com\/#website","url":"https:\/\/permbledhja.com\/","name":"Ve\u00e7 artikuj p\u00ebrmbledh\u00ebs","description":"","publisher":{"@id":"https:\/\/permbledhja.com\/#organization"},"potentialAction":[{"@type":"SearchAction","target":{"@type":"EntryPoint","urlTemplate":"https:\/\/permbledhja.com\/?s={search_term_string}"},"query-input":"required name=search_term_string"}],"inLanguage":"sq"},{"@type":"Organization","@id":"https:\/\/permbledhja.com\/#organization","name":"MK Media & Pr","url":"https:\/\/permbledhja.com\/","logo":{"@type":"ImageObject","inLanguage":"sq","@id":"https:\/\/permbledhja.com\/#\/schema\/logo\/image\/","url":"https:\/\/permbledhja.com\/wp-content\/uploads\/2021\/12\/07-Press-Logo.jpg","contentUrl":"https:\/\/permbledhja.com\/wp-content\/uploads\/2021\/12\/07-Press-Logo.jpg","width":512,"height":512,"caption":"MK Media & Pr"},"image":{"@id":"https:\/\/permbledhja.com\/#\/schema\/logo\/image\/"},"sameAs":["https:\/\/www.facebook.com\/press07\/"]},{"@type":"Person","@id":"https:\/\/permbledhja.com\/#\/schema\/person\/9c54260cbc4c6f792cb100550491638c","name":"DL","image":{"@type":"ImageObject","inLanguage":"sq","@id":"https:\/\/permbledhja.com\/#\/schema\/person\/image\/","url":"https:\/\/secure.gravatar.com\/avatar\/94503eb28d4c4b2005a5c8753e35fc80?s=96&d=mm&r=g","contentUrl":"https:\/\/secure.gravatar.com\/avatar\/94503eb28d4c4b2005a5c8753e35fc80?s=96&d=mm&r=g","caption":"DL"},"url":"https:\/\/permbledhja.com\/sq\/author\/dl\/"}]}},"_links":{"self":[{"href":"https:\/\/permbledhja.com\/sq\/wp-json\/wp\/v2\/posts\/50612"}],"collection":[{"href":"https:\/\/permbledhja.com\/sq\/wp-json\/wp\/v2\/posts"}],"about":[{"href":"https:\/\/permbledhja.com\/sq\/wp-json\/wp\/v2\/types\/post"}],"author":[{"embeddable":true,"href":"https:\/\/permbledhja.com\/sq\/wp-json\/wp\/v2\/users\/5"}],"replies":[{"embeddable":true,"href":"https:\/\/permbledhja.com\/sq\/wp-json\/wp\/v2\/comments?post=50612"}],"version-history":[{"count":1,"href":"https:\/\/permbledhja.com\/sq\/wp-json\/wp\/v2\/posts\/50612\/revisions"}],"predecessor-version":[{"id":50613,"href":"https:\/\/permbledhja.com\/sq\/wp-json\/wp\/v2\/posts\/50612\/revisions\/50613"}],"wp:featuredmedia":[{"embeddable":true,"href":"https:\/\/permbledhja.com\/sq\/wp-json\/wp\/v2\/media\/23488"}],"wp:attachment":[{"href":"https:\/\/permbledhja.com\/sq\/wp-json\/wp\/v2\/media?parent=50612"}],"wp:term":[{"taxonomy":"category","embeddable":true,"href":"https:\/\/permbledhja.com\/sq\/wp-json\/wp\/v2\/categories?post=50612"},{"taxonomy":"post_tag","embeddable":true,"href":"https:\/\/permbledhja.com\/sq\/wp-json\/wp\/v2\/tags?post=50612"}],"curies":[{"name":"wp","href":"https:\/\/api.w.org\/{rel}","templated":true}]}}