{"id":50607,"date":"2024-02-29T08:33:31","date_gmt":"2024-02-29T08:33:31","guid":{"rendered":"https:\/\/permbledhja.com\/?p=50607"},"modified":"2024-02-29T08:33:31","modified_gmt":"2024-02-29T08:33:31","slug":"vjosa-osmani-merr-pjese-ne-samitin-be-ballkani-perendimor-ne-tirane","status":"publish","type":"post","link":"https:\/\/permbledhja.com\/sq\/vjosa-osmani-merr-pjese-ne-samitin-be-ballkani-perendimor-ne-tirane\/","title":{"rendered":"Vjosa Osmani merr pjes\u00eb n\u00eb Samitin BE-Ballkani Per\u00ebndimor n\u00eb Tiran\u00eb"},"content":{"rendered":"<h3><span style=\"box-sizing: border-box; font-weight: bolder; color: #000000; font-family: NeueHaas, Arial, sans-serif; font-size: 18px;\">Lider\u00ebt e rajonit mblidhen sot n\u00eb Tiran\u00eb p\u00ebr samitin BE-Ballkani Per\u00ebndimor me fokus integrimin e Ballkanit Per\u00ebndimor drejt Bashkimit Europian, si edhe zbatimin e Planit t\u00eb Rritjes p\u00ebr Ballkanin Per\u00ebndimor.<\/span><\/h3>\n<p style=\"box-sizing: border-box; margin-bottom: 1rem; color: #000000; font-family: NeueHaas, Arial, sans-serif; font-size: 18px;\">Gjithashtu n\u00eb k\u00ebt\u00eb samit do t\u00eb marr\u00eb pjes\u00eb edhe presidentja e Kosov\u00ebs, Vjosa Osmani.<\/p>\n<p style=\"box-sizing: border-box; margin-bottom: 1rem; color: #000000; font-family: NeueHaas, Arial, sans-serif; font-size: 18px;\"><span style=\"box-sizing: border-box; font-weight: bolder;\">Emrat e udh\u00ebheq\u00ebsve t\u00eb cil\u00ebt marrin pjes\u00eb n\u00eb k\u00ebt\u00eb takim jan\u00eb:<\/span><\/p>\n<p style=\"box-sizing: border-box; margin-bottom: 1rem; color: #000000; font-family: NeueHaas, Arial, sans-serif; font-size: 18px;\">Edi Rama \u2013 Kryeminist\u00ebr i Shqip\u00ebris\u00eb<\/p>\n<p style=\"box-sizing: border-box; margin-bottom: 1rem; color: #000000; font-family: NeueHaas, Arial, sans-serif; font-size: 18px;\">Vjosa Osmani\u2013 Presidente e Kosov\u00ebs<\/p>\n<p style=\"box-sizing: border-box; margin-bottom: 1rem; color: #000000; font-family: NeueHaas, Arial, sans-serif; font-size: 18px;\">Aleksand\u00ebr Vu\u00e7i\u00e7 \u2013 President i Serbis\u00eb<\/p>\n<p style=\"box-sizing: border-box; margin-bottom: 1rem; color: #000000; font-family: NeueHaas, Arial, sans-serif; font-size: 18px;\">Milojko Spaji\u00e7 \u2013 Kryeminist\u00ebr i Malit t\u00eb Zi<\/p>\n<p style=\"box-sizing: border-box; margin-bottom: 1rem; color: #000000; font-family: NeueHaas, Arial, sans-serif; font-size: 18px;\">Borjana Kristo \u2013 Presidente e K\u00ebshillit t\u00eb Ministrave t\u00eb Bosnjes dhe Hercegovin\u00ebs<\/p>\n<p style=\"box-sizing: border-box; margin-bottom: 1rem; color: #000000; font-family: NeueHaas, Arial, sans-serif; font-size: 18px;\">Talat Xhaferi \u2013 Kryeminist\u00ebr i Maqedonis\u00eb s\u00eb Veriut<\/p>\n<p style=\"box-sizing: border-box; margin-bottom: 1rem; color: #000000; font-family: NeueHaas, Arial, sans-serif; font-size: 18px;\">Oliver Varhelyi \u2013 Komisioneri i BE-s\u00eb p\u00ebr Zgjerimin.<\/p>\n<p><span style=\"color: #000000; font-family: NeueHaas, Arial, sans-serif; font-size: 18px;\">Ndryshe, dje n\u00eb Tiran\u00eb ka q\u00ebndruar presidentja e vendit, e cila mori pjes\u00eb n\u00eb Samitin p\u00ebr Ukrain\u00ebn, ku ishin grumbulluar lider\u00ebt e shteteve t\u00eb Evrop\u00ebs Juglindore.<\/span><\/p>\n<p>&nbsp;<\/p>\n","protected":false},"excerpt":{"rendered":"<p>Lider\u00ebt e rajonit mblidhen sot n\u00eb Tiran\u00eb p\u00ebr samitin BE-Ballkani Per\u00ebndimor me fokus integrimin e Ballkanit Per\u00ebndimor drejt Bashkimit Europian, si edhe zbatimin e Planit t\u00eb Rritjes p\u00ebr Ballkanin Per\u00ebndimor. Gjithashtu n\u00eb k\u00ebt\u00eb samit do t\u00eb marr\u00eb pjes\u00eb edhe presidentja e Kosov\u00ebs, Vjosa Osmani. Emrat e udh\u00ebheq\u00ebsve t\u00eb cil\u00ebt marrin pjes\u00eb n\u00eb k\u00ebt\u00eb takim jan\u00eb: [&hellip;]<\/p>\n","protected":false},"author":5,"featured_media":50608,"comment_status":"closed","ping_status":"closed","sticky":false,"template":"","format":"standard","meta":{"_monsterinsights_skip_tracking":false,"_monsterinsights_sitenote_active":false,"_monsterinsights_sitenote_note":"","_monsterinsights_sitenote_category":0,"_uf_show_specific_survey":0,"_uf_disable_surveys":false,"footnotes":""},"categories":[2645],"tags":[],"yoast_head":"<!-- This site is optimized with the Yoast SEO plugin v21.5 - https:\/\/yoast.com\/wordpress\/plugins\/seo\/ -->\n<title>Vjosa Osmani merr pjes\u00eb n\u00eb Samitin BE-Ballkani Per\u00ebndimor n\u00eb Tiran\u00eb<\/title>\n<meta name=\"robots\" content=\"index, follow, max-snippet:-1, max-image-preview:large, max-video-preview:-1\" \/>\n<link rel=\"canonical\" href=\"https:\/\/permbledhja.com\/sq\/vjosa-osmani-merr-pjese-ne-samitin-be-ballkani-perendimor-ne-tirane\/\" \/>\n<meta property=\"og:locale\" content=\"sq_AL\" \/>\n<meta property=\"og:type\" content=\"article\" \/>\n<meta property=\"og:title\" content=\"Vjosa Osmani merr pjes\u00eb n\u00eb Samitin BE-Ballkani Per\u00ebndimor n\u00eb Tiran\u00eb\" \/>\n<meta property=\"og:description\" content=\"Lider\u00ebt e rajonit mblidhen sot n\u00eb Tiran\u00eb p\u00ebr samitin BE-Ballkani Per\u00ebndimor me fokus integrimin e Ballkanit Per\u00ebndimor drejt Bashkimit Europian, si edhe zbatimin e Planit t\u00eb Rritjes p\u00ebr Ballkanin Per\u00ebndimor. Gjithashtu n\u00eb k\u00ebt\u00eb samit do t\u00eb marr\u00eb pjes\u00eb edhe presidentja e Kosov\u00ebs, Vjosa Osmani. Emrat e udh\u00ebheq\u00ebsve t\u00eb cil\u00ebt marrin pjes\u00eb n\u00eb k\u00ebt\u00eb takim jan\u00eb: [&hellip;]\" \/>\n<meta property=\"og:url\" content=\"https:\/\/permbledhja.com\/sq\/vjosa-osmani-merr-pjese-ne-samitin-be-ballkani-perendimor-ne-tirane\/\" \/>\n<meta property=\"og:site_name\" content=\"Ve\u00e7 artikuj p\u00ebrmbledh\u00ebs\" \/>\n<meta property=\"article:publisher\" content=\"https:\/\/www.facebook.com\/press07\/\" \/>\n<meta property=\"article:published_time\" content=\"2024-02-29T08:33:31+00:00\" \/>\n<meta property=\"og:image\" content=\"https:\/\/permbledhja.com\/wp-content\/uploads\/2024\/02\/Screenshot_20240229-093038_Facebook.jpg\" \/>\n\t<meta property=\"og:image:width\" content=\"1021\" \/>\n\t<meta property=\"og:image:height\" content=\"579\" \/>\n\t<meta property=\"og:image:type\" content=\"image\/jpeg\" \/>\n<meta name=\"author\" content=\"DL\" \/>\n<meta name=\"twitter:card\" content=\"summary_large_image\" \/>\n<meta name=\"twitter:label1\" content=\"Written by\" \/>\n\t<meta name=\"twitter:data1\" content=\"DL\" \/>\n\t<meta name=\"twitter:label2\" content=\"Est. reading time\" \/>\n\t<meta name=\"twitter:data2\" content=\"1 minut\u00eb\" \/>\n<script type=\"application\/ld+json\" class=\"yoast-schema-graph\">{\"@context\":\"https:\/\/schema.org\",\"@graph\":[{\"@type\":\"Article\",\"@id\":\"https:\/\/permbledhja.com\/sq\/vjosa-osmani-merr-pjese-ne-samitin-be-ballkani-perendimor-ne-tirane\/#article\",\"isPartOf\":{\"@id\":\"https:\/\/permbledhja.com\/sq\/vjosa-osmani-merr-pjese-ne-samitin-be-ballkani-perendimor-ne-tirane\/\"},\"author\":{\"name\":\"DL\",\"@id\":\"https:\/\/permbledhja.com\/#\/schema\/person\/9c54260cbc4c6f792cb100550491638c\"},\"headline\":\"Vjosa Osmani merr pjes\u00eb n\u00eb Samitin BE-Ballkani Per\u00ebndimor n\u00eb Tiran\u00eb\",\"datePublished\":\"2024-02-29T08:33:31+00:00\",\"dateModified\":\"2024-02-29T08:33:31+00:00\",\"mainEntityOfPage\":{\"@id\":\"https:\/\/permbledhja.com\/sq\/vjosa-osmani-merr-pjese-ne-samitin-be-ballkani-perendimor-ne-tirane\/\"},\"wordCount\":167,\"publisher\":{\"@id\":\"https:\/\/permbledhja.com\/#organization\"},\"articleSection\":[\"T\u00eb r\u00ebnd\u00ebsishme\"],\"inLanguage\":\"sq\"},{\"@type\":\"WebPage\",\"@id\":\"https:\/\/permbledhja.com\/sq\/vjosa-osmani-merr-pjese-ne-samitin-be-ballkani-perendimor-ne-tirane\/\",\"url\":\"https:\/\/permbledhja.com\/sq\/vjosa-osmani-merr-pjese-ne-samitin-be-ballkani-perendimor-ne-tirane\/\",\"name\":\"Vjosa Osmani merr pjes\u00eb n\u00eb Samitin BE-Ballkani Per\u00ebndimor n\u00eb Tiran\u00eb\",\"isPartOf\":{\"@id\":\"https:\/\/permbledhja.com\/#website\"},\"datePublished\":\"2024-02-29T08:33:31+00:00\",\"dateModified\":\"2024-02-29T08:33:31+00:00\",\"breadcrumb\":{\"@id\":\"https:\/\/permbledhja.com\/sq\/vjosa-osmani-merr-pjese-ne-samitin-be-ballkani-perendimor-ne-tirane\/#breadcrumb\"},\"inLanguage\":\"sq\",\"potentialAction\":[{\"@type\":\"ReadAction\",\"target\":[\"https:\/\/permbledhja.com\/sq\/vjosa-osmani-merr-pjese-ne-samitin-be-ballkani-perendimor-ne-tirane\/\"]}]},{\"@type\":\"BreadcrumbList\",\"@id\":\"https:\/\/permbledhja.com\/sq\/vjosa-osmani-merr-pjese-ne-samitin-be-ballkani-perendimor-ne-tirane\/#breadcrumb\",\"itemListElement\":[{\"@type\":\"ListItem\",\"position\":1,\"name\":\"Ballina\",\"item\":\"https:\/\/permbledhja.com\/sq\/\"},{\"@type\":\"ListItem\",\"position\":2,\"name\":\"Vjosa Osmani merr pjes\u00eb n\u00eb Samitin BE-Ballkani Per\u00ebndimor n\u00eb Tiran\u00eb\"}]},{\"@type\":\"WebSite\",\"@id\":\"https:\/\/permbledhja.com\/#website\",\"url\":\"https:\/\/permbledhja.com\/\",\"name\":\"Ve\u00e7 artikuj p\u00ebrmbledh\u00ebs\",\"description\":\"\",\"publisher\":{\"@id\":\"https:\/\/permbledhja.com\/#organization\"},\"potentialAction\":[{\"@type\":\"SearchAction\",\"target\":{\"@type\":\"EntryPoint\",\"urlTemplate\":\"https:\/\/permbledhja.com\/?s={search_term_string}\"},\"query-input\":\"required name=search_term_string\"}],\"inLanguage\":\"sq\"},{\"@type\":\"Organization\",\"@id\":\"https:\/\/permbledhja.com\/#organization\",\"name\":\"MK Media & Pr\",\"url\":\"https:\/\/permbledhja.com\/\",\"logo\":{\"@type\":\"ImageObject\",\"inLanguage\":\"sq\",\"@id\":\"https:\/\/permbledhja.com\/#\/schema\/logo\/image\/\",\"url\":\"https:\/\/permbledhja.com\/wp-content\/uploads\/2021\/12\/07-Press-Logo.jpg\",\"contentUrl\":\"https:\/\/permbledhja.com\/wp-content\/uploads\/2021\/12\/07-Press-Logo.jpg\",\"width\":512,\"height\":512,\"caption\":\"MK Media & Pr\"},\"image\":{\"@id\":\"https:\/\/permbledhja.com\/#\/schema\/logo\/image\/\"},\"sameAs\":[\"https:\/\/www.facebook.com\/press07\/\"]},{\"@type\":\"Person\",\"@id\":\"https:\/\/permbledhja.com\/#\/schema\/person\/9c54260cbc4c6f792cb100550491638c\",\"name\":\"DL\",\"image\":{\"@type\":\"ImageObject\",\"inLanguage\":\"sq\",\"@id\":\"https:\/\/permbledhja.com\/#\/schema\/person\/image\/\",\"url\":\"https:\/\/secure.gravatar.com\/avatar\/94503eb28d4c4b2005a5c8753e35fc80?s=96&d=mm&r=g\",\"contentUrl\":\"https:\/\/secure.gravatar.com\/avatar\/94503eb28d4c4b2005a5c8753e35fc80?s=96&d=mm&r=g\",\"caption\":\"DL\"},\"url\":\"https:\/\/permbledhja.com\/sq\/author\/dl\/\"}]}<\/script>\n<!-- \/ Yoast SEO plugin. -->","yoast_head_json":{"title":"Vjosa Osmani merr pjes\u00eb n\u00eb Samitin BE-Ballkani Per\u00ebndimor n\u00eb Tiran\u00eb","robots":{"index":"index","follow":"follow","max-snippet":"max-snippet:-1","max-image-preview":"max-image-preview:large","max-video-preview":"max-video-preview:-1"},"canonical":"https:\/\/permbledhja.com\/sq\/vjosa-osmani-merr-pjese-ne-samitin-be-ballkani-perendimor-ne-tirane\/","og_locale":"sq_AL","og_type":"article","og_title":"Vjosa Osmani merr pjes\u00eb n\u00eb Samitin BE-Ballkani Per\u00ebndimor n\u00eb Tiran\u00eb","og_description":"Lider\u00ebt e rajonit mblidhen sot n\u00eb Tiran\u00eb p\u00ebr samitin BE-Ballkani Per\u00ebndimor me fokus integrimin e Ballkanit Per\u00ebndimor drejt Bashkimit Europian, si edhe zbatimin e Planit t\u00eb Rritjes p\u00ebr Ballkanin Per\u00ebndimor. Gjithashtu n\u00eb k\u00ebt\u00eb samit do t\u00eb marr\u00eb pjes\u00eb edhe presidentja e Kosov\u00ebs, Vjosa Osmani. Emrat e udh\u00ebheq\u00ebsve t\u00eb cil\u00ebt marrin pjes\u00eb n\u00eb k\u00ebt\u00eb takim jan\u00eb: [&hellip;]","og_url":"https:\/\/permbledhja.com\/sq\/vjosa-osmani-merr-pjese-ne-samitin-be-ballkani-perendimor-ne-tirane\/","og_site_name":"Ve\u00e7 artikuj p\u00ebrmbledh\u00ebs","article_publisher":"https:\/\/www.facebook.com\/press07\/","article_published_time":"2024-02-29T08:33:31+00:00","og_image":[{"width":1021,"height":579,"url":"https:\/\/permbledhja.com\/wp-content\/uploads\/2024\/02\/Screenshot_20240229-093038_Facebook.jpg","type":"image\/jpeg"}],"author":"DL","twitter_card":"summary_large_image","twitter_misc":{"Written by":"DL","Est. reading time":"1 minut\u00eb"},"schema":{"@context":"https:\/\/schema.org","@graph":[{"@type":"Article","@id":"https:\/\/permbledhja.com\/sq\/vjosa-osmani-merr-pjese-ne-samitin-be-ballkani-perendimor-ne-tirane\/#article","isPartOf":{"@id":"https:\/\/permbledhja.com\/sq\/vjosa-osmani-merr-pjese-ne-samitin-be-ballkani-perendimor-ne-tirane\/"},"author":{"name":"DL","@id":"https:\/\/permbledhja.com\/#\/schema\/person\/9c54260cbc4c6f792cb100550491638c"},"headline":"Vjosa Osmani merr pjes\u00eb n\u00eb Samitin BE-Ballkani Per\u00ebndimor n\u00eb Tiran\u00eb","datePublished":"2024-02-29T08:33:31+00:00","dateModified":"2024-02-29T08:33:31+00:00","mainEntityOfPage":{"@id":"https:\/\/permbledhja.com\/sq\/vjosa-osmani-merr-pjese-ne-samitin-be-ballkani-perendimor-ne-tirane\/"},"wordCount":167,"publisher":{"@id":"https:\/\/permbledhja.com\/#organization"},"articleSection":["T\u00eb r\u00ebnd\u00ebsishme"],"inLanguage":"sq"},{"@type":"WebPage","@id":"https:\/\/permbledhja.com\/sq\/vjosa-osmani-merr-pjese-ne-samitin-be-ballkani-perendimor-ne-tirane\/","url":"https:\/\/permbledhja.com\/sq\/vjosa-osmani-merr-pjese-ne-samitin-be-ballkani-perendimor-ne-tirane\/","name":"Vjosa Osmani merr pjes\u00eb n\u00eb Samitin BE-Ballkani Per\u00ebndimor n\u00eb Tiran\u00eb","isPartOf":{"@id":"https:\/\/permbledhja.com\/#website"},"datePublished":"2024-02-29T08:33:31+00:00","dateModified":"2024-02-29T08:33:31+00:00","breadcrumb":{"@id":"https:\/\/permbledhja.com\/sq\/vjosa-osmani-merr-pjese-ne-samitin-be-ballkani-perendimor-ne-tirane\/#breadcrumb"},"inLanguage":"sq","potentialAction":[{"@type":"ReadAction","target":["https:\/\/permbledhja.com\/sq\/vjosa-osmani-merr-pjese-ne-samitin-be-ballkani-perendimor-ne-tirane\/"]}]},{"@type":"BreadcrumbList","@id":"https:\/\/permbledhja.com\/sq\/vjosa-osmani-merr-pjese-ne-samitin-be-ballkani-perendimor-ne-tirane\/#breadcrumb","itemListElement":[{"@type":"ListItem","position":1,"name":"Ballina","item":"https:\/\/permbledhja.com\/sq\/"},{"@type":"ListItem","position":2,"name":"Vjosa Osmani merr pjes\u00eb n\u00eb Samitin BE-Ballkani Per\u00ebndimor n\u00eb Tiran\u00eb"}]},{"@type":"WebSite","@id":"https:\/\/permbledhja.com\/#website","url":"https:\/\/permbledhja.com\/","name":"Ve\u00e7 artikuj p\u00ebrmbledh\u00ebs","description":"","publisher":{"@id":"https:\/\/permbledhja.com\/#organization"},"potentialAction":[{"@type":"SearchAction","target":{"@type":"EntryPoint","urlTemplate":"https:\/\/permbledhja.com\/?s={search_term_string}"},"query-input":"required name=search_term_string"}],"inLanguage":"sq"},{"@type":"Organization","@id":"https:\/\/permbledhja.com\/#organization","name":"MK Media & Pr","url":"https:\/\/permbledhja.com\/","logo":{"@type":"ImageObject","inLanguage":"sq","@id":"https:\/\/permbledhja.com\/#\/schema\/logo\/image\/","url":"https:\/\/permbledhja.com\/wp-content\/uploads\/2021\/12\/07-Press-Logo.jpg","contentUrl":"https:\/\/permbledhja.com\/wp-content\/uploads\/2021\/12\/07-Press-Logo.jpg","width":512,"height":512,"caption":"MK Media & Pr"},"image":{"@id":"https:\/\/permbledhja.com\/#\/schema\/logo\/image\/"},"sameAs":["https:\/\/www.facebook.com\/press07\/"]},{"@type":"Person","@id":"https:\/\/permbledhja.com\/#\/schema\/person\/9c54260cbc4c6f792cb100550491638c","name":"DL","image":{"@type":"ImageObject","inLanguage":"sq","@id":"https:\/\/permbledhja.com\/#\/schema\/person\/image\/","url":"https:\/\/secure.gravatar.com\/avatar\/94503eb28d4c4b2005a5c8753e35fc80?s=96&d=mm&r=g","contentUrl":"https:\/\/secure.gravatar.com\/avatar\/94503eb28d4c4b2005a5c8753e35fc80?s=96&d=mm&r=g","caption":"DL"},"url":"https:\/\/permbledhja.com\/sq\/author\/dl\/"}]}},"_links":{"self":[{"href":"https:\/\/permbledhja.com\/sq\/wp-json\/wp\/v2\/posts\/50607"}],"collection":[{"href":"https:\/\/permbledhja.com\/sq\/wp-json\/wp\/v2\/posts"}],"about":[{"href":"https:\/\/permbledhja.com\/sq\/wp-json\/wp\/v2\/types\/post"}],"author":[{"embeddable":true,"href":"https:\/\/permbledhja.com\/sq\/wp-json\/wp\/v2\/users\/5"}],"replies":[{"embeddable":true,"href":"https:\/\/permbledhja.com\/sq\/wp-json\/wp\/v2\/comments?post=50607"}],"version-history":[{"count":1,"href":"https:\/\/permbledhja.com\/sq\/wp-json\/wp\/v2\/posts\/50607\/revisions"}],"predecessor-version":[{"id":50609,"href":"https:\/\/permbledhja.com\/sq\/wp-json\/wp\/v2\/posts\/50607\/revisions\/50609"}],"wp:featuredmedia":[{"embeddable":true,"href":"https:\/\/permbledhja.com\/sq\/wp-json\/wp\/v2\/media\/50608"}],"wp:attachment":[{"href":"https:\/\/permbledhja.com\/sq\/wp-json\/wp\/v2\/media?parent=50607"}],"wp:term":[{"taxonomy":"category","embeddable":true,"href":"https:\/\/permbledhja.com\/sq\/wp-json\/wp\/v2\/categories?post=50607"},{"taxonomy":"post_tag","embeddable":true,"href":"https:\/\/permbledhja.com\/sq\/wp-json\/wp\/v2\/tags?post=50607"}],"curies":[{"name":"wp","href":"https:\/\/api.w.org\/{rel}","templated":true}]}}