{"id":50484,"date":"2024-02-28T16:10:04","date_gmt":"2024-02-28T16:10:04","guid":{"rendered":"https:\/\/permbledhja.com\/?p=50484"},"modified":"2024-02-28T16:10:04","modified_gmt":"2024-02-28T16:10:04","slug":"prokuroria-per-personin-qe-u-gjet-i-vdekur-ne-gjilan-iu-gjeten-86250-franga-zvicerane","status":"publish","type":"post","link":"https:\/\/permbledhja.com\/sq\/prokuroria-per-personin-qe-u-gjet-i-vdekur-ne-gjilan-iu-gjeten-86250-franga-zvicerane\/","title":{"rendered":"Prokuroria p\u00ebr personin q\u00eb u gjet i vdekur n\u00eb Gjilan: Iu gjet\u00ebn 86,250 Franga zvicerane"},"content":{"rendered":"<h2>Prokuroria Themelore n\u00eb Gjilan ka dh\u00ebn\u00eb detaje p\u00ebr personin i cili u gjet i vdekur n\u00eb nj\u00eb ashensor n\u00eb rrug\u00ebn Gjilan-Kamenic\u00eb<\/h2>\n<p>Prokuroria njofton se viktima ishte raportuar i zhdukur nga data 9 janar 2024 dhe se pas raportimit dyshimet e para kan\u00eb qen\u00eb n\u00eb drejtim t\u00eb vepr\u00ebs penale \u201cRr\u00ebmbimi\u201d, meq\u00eb i nj\u00ebjti pas lirimit nga qendra e paraburgimit n\u00eb Lipjan, kishte pasur me vete 86,250 franga zvicerane.<\/p>\n<p>\u201cPas gjetjes s\u00eb personit t\u00eb zhdukur, n\u00eb \u00e7ant\u00ebn e tij \u00ebsht\u00eb gjetur edhe shuma e lartcekur e t\u00eb hollave prej 86,250 Franga zvicerane, si dhe 350 Euro, tre telefona mobil dhe sende tjera personale\u201d, thuhet n\u00eb njoftimin e Prokuroris\u00eb.<\/p>\n<p>Prokuroria Themelore n\u00eb Gjilan njofton se Prokurori i shtetit ka dh\u00ebn\u00eb urdh\u00ebr q\u00eb trupi i pa jet\u00eb i t\u00eb ndjerit t\u00eb d\u00ebrgohet p\u00ebr autopsi n\u00eb Institutin e Mjek\u00ebsis\u00eb Ligjore. Po ashtu jan\u00eb angazhuar ekspert\u00eb nga fakulteti teknik, me q\u00ebllim t\u00eb ekspertimit t\u00eb funksionalitetit teknik t\u00eb ashensorit, jan\u00eb b\u00ebr\u00eb urdh\u00ebresa p\u00ebr ekzaminimin e telefonave dhe jan\u00eb nd\u00ebrmarr\u00eb veprime tjera hetimore<\/p>\n<p>&nbsp;<\/p>\n<p>&nbsp;<\/p>\n","protected":false},"excerpt":{"rendered":"<p>Prokuroria Themelore n\u00eb Gjilan ka dh\u00ebn\u00eb detaje p\u00ebr personin i cili u gjet i vdekur n\u00eb nj\u00eb ashensor n\u00eb rrug\u00ebn Gjilan-Kamenic\u00eb Prokuroria njofton se viktima ishte raportuar i zhdukur nga data 9 janar 2024 dhe se pas raportimit dyshimet e para kan\u00eb qen\u00eb n\u00eb drejtim t\u00eb vepr\u00ebs penale \u201cRr\u00ebmbimi\u201d, meq\u00eb i nj\u00ebjti pas lirimit nga [&hellip;]<\/p>\n","protected":false},"author":2,"featured_media":50485,"comment_status":"closed","ping_status":"closed","sticky":false,"template":"","format":"standard","meta":{"_monsterinsights_skip_tracking":false,"_monsterinsights_sitenote_active":false,"_monsterinsights_sitenote_note":"","_monsterinsights_sitenote_category":0,"_uf_show_specific_survey":0,"_uf_disable_surveys":false,"footnotes":""},"categories":[2645],"tags":[94],"yoast_head":"<!-- This site is optimized with the Yoast SEO plugin v21.5 - https:\/\/yoast.com\/wordpress\/plugins\/seo\/ -->\n<title>Prokuroria p\u00ebr personin q\u00eb u gjet i vdekur n\u00eb Gjilan: Iu gjet\u00ebn 86,250 Franga zvicerane<\/title>\n<meta name=\"robots\" content=\"index, follow, max-snippet:-1, max-image-preview:large, max-video-preview:-1\" \/>\n<link rel=\"canonical\" href=\"https:\/\/permbledhja.com\/sq\/prokuroria-per-personin-qe-u-gjet-i-vdekur-ne-gjilan-iu-gjeten-86250-franga-zvicerane\/\" \/>\n<meta property=\"og:locale\" content=\"sq_AL\" \/>\n<meta property=\"og:type\" content=\"article\" \/>\n<meta property=\"og:title\" content=\"Prokuroria p\u00ebr personin q\u00eb u gjet i vdekur n\u00eb Gjilan: Iu gjet\u00ebn 86,250 Franga zvicerane\" \/>\n<meta property=\"og:description\" content=\"Prokuroria Themelore n\u00eb Gjilan ka dh\u00ebn\u00eb detaje p\u00ebr personin i cili u gjet i vdekur n\u00eb nj\u00eb ashensor n\u00eb rrug\u00ebn Gjilan-Kamenic\u00eb Prokuroria njofton se viktima ishte raportuar i zhdukur nga data 9 janar 2024 dhe se pas raportimit dyshimet e para kan\u00eb qen\u00eb n\u00eb drejtim t\u00eb vepr\u00ebs penale \u201cRr\u00ebmbimi\u201d, meq\u00eb i nj\u00ebjti pas lirimit nga [&hellip;]\" \/>\n<meta property=\"og:url\" content=\"https:\/\/permbledhja.com\/sq\/prokuroria-per-personin-qe-u-gjet-i-vdekur-ne-gjilan-iu-gjeten-86250-franga-zvicerane\/\" \/>\n<meta property=\"og:site_name\" content=\"Ve\u00e7 artikuj p\u00ebrmbledh\u00ebs\" \/>\n<meta property=\"article:publisher\" content=\"https:\/\/www.facebook.com\/press07\/\" \/>\n<meta property=\"article:published_time\" content=\"2024-02-28T16:10:04+00:00\" \/>\n<meta property=\"og:image\" content=\"https:\/\/permbledhja.com\/wp-content\/uploads\/2024\/02\/prokuroria_gjilan2-850x560-1.jpg\" \/>\n\t<meta property=\"og:image:width\" content=\"850\" \/>\n\t<meta property=\"og:image:height\" content=\"560\" \/>\n\t<meta property=\"og:image:type\" content=\"image\/jpeg\" \/>\n<meta name=\"author\" content=\"M M\" \/>\n<meta name=\"twitter:card\" content=\"summary_large_image\" \/>\n<meta name=\"twitter:label1\" content=\"Written by\" \/>\n\t<meta name=\"twitter:data1\" content=\"M M\" \/>\n\t<meta name=\"twitter:label2\" content=\"Est. reading time\" \/>\n\t<meta name=\"twitter:data2\" content=\"1 minut\u00eb\" \/>\n<script type=\"application\/ld+json\" class=\"yoast-schema-graph\">{\"@context\":\"https:\/\/schema.org\",\"@graph\":[{\"@type\":\"Article\",\"@id\":\"https:\/\/permbledhja.com\/prokuroria-per-personin-qe-u-gjet-i-vdekur-ne-gjilan-iu-gjeten-86250-franga-zvicerane\/#article\",\"isPartOf\":{\"@id\":\"https:\/\/permbledhja.com\/prokuroria-per-personin-qe-u-gjet-i-vdekur-ne-gjilan-iu-gjeten-86250-franga-zvicerane\/\"},\"author\":{\"name\":\"M M\",\"@id\":\"https:\/\/permbledhja.com\/#\/schema\/person\/d23f13f59b5722643933d6780783acf3\"},\"headline\":\"Prokuroria p\u00ebr personin q\u00eb u gjet i vdekur n\u00eb Gjilan: Iu gjet\u00ebn 86,250 Franga zvicerane\",\"datePublished\":\"2024-02-28T16:10:04+00:00\",\"dateModified\":\"2024-02-28T16:10:04+00:00\",\"mainEntityOfPage\":{\"@id\":\"https:\/\/permbledhja.com\/prokuroria-per-personin-qe-u-gjet-i-vdekur-ne-gjilan-iu-gjeten-86250-franga-zvicerane\/\"},\"wordCount\":195,\"publisher\":{\"@id\":\"https:\/\/permbledhja.com\/#organization\"},\"keywords\":[\"Gjilan\"],\"articleSection\":[\"T\u00eb r\u00ebnd\u00ebsishme\"],\"inLanguage\":\"sq\"},{\"@type\":\"WebPage\",\"@id\":\"https:\/\/permbledhja.com\/prokuroria-per-personin-qe-u-gjet-i-vdekur-ne-gjilan-iu-gjeten-86250-franga-zvicerane\/\",\"url\":\"https:\/\/permbledhja.com\/prokuroria-per-personin-qe-u-gjet-i-vdekur-ne-gjilan-iu-gjeten-86250-franga-zvicerane\/\",\"name\":\"Prokuroria p\u00ebr personin q\u00eb u gjet i vdekur n\u00eb Gjilan: Iu gjet\u00ebn 86,250 Franga zvicerane\",\"isPartOf\":{\"@id\":\"https:\/\/permbledhja.com\/#website\"},\"datePublished\":\"2024-02-28T16:10:04+00:00\",\"dateModified\":\"2024-02-28T16:10:04+00:00\",\"breadcrumb\":{\"@id\":\"https:\/\/permbledhja.com\/prokuroria-per-personin-qe-u-gjet-i-vdekur-ne-gjilan-iu-gjeten-86250-franga-zvicerane\/#breadcrumb\"},\"inLanguage\":\"sq\",\"potentialAction\":[{\"@type\":\"ReadAction\",\"target\":[\"https:\/\/permbledhja.com\/prokuroria-per-personin-qe-u-gjet-i-vdekur-ne-gjilan-iu-gjeten-86250-franga-zvicerane\/\"]}]},{\"@type\":\"BreadcrumbList\",\"@id\":\"https:\/\/permbledhja.com\/prokuroria-per-personin-qe-u-gjet-i-vdekur-ne-gjilan-iu-gjeten-86250-franga-zvicerane\/#breadcrumb\",\"itemListElement\":[{\"@type\":\"ListItem\",\"position\":1,\"name\":\"Ballina\",\"item\":\"https:\/\/permbledhja.com\/sq\/\"},{\"@type\":\"ListItem\",\"position\":2,\"name\":\"Prokuroria p\u00ebr personin q\u00eb u gjet i vdekur n\u00eb Gjilan: Iu gjet\u00ebn 86,250 Franga zvicerane\"}]},{\"@type\":\"WebSite\",\"@id\":\"https:\/\/permbledhja.com\/#website\",\"url\":\"https:\/\/permbledhja.com\/\",\"name\":\"Ve\u00e7 artikuj p\u00ebrmbledh\u00ebs\",\"description\":\"\",\"publisher\":{\"@id\":\"https:\/\/permbledhja.com\/#organization\"},\"potentialAction\":[{\"@type\":\"SearchAction\",\"target\":{\"@type\":\"EntryPoint\",\"urlTemplate\":\"https:\/\/permbledhja.com\/?s={search_term_string}\"},\"query-input\":\"required name=search_term_string\"}],\"inLanguage\":\"sq\"},{\"@type\":\"Organization\",\"@id\":\"https:\/\/permbledhja.com\/#organization\",\"name\":\"MK Media & Pr\",\"url\":\"https:\/\/permbledhja.com\/\",\"logo\":{\"@type\":\"ImageObject\",\"inLanguage\":\"sq\",\"@id\":\"https:\/\/permbledhja.com\/#\/schema\/logo\/image\/\",\"url\":\"https:\/\/permbledhja.com\/wp-content\/uploads\/2021\/12\/07-Press-Logo.jpg\",\"contentUrl\":\"https:\/\/permbledhja.com\/wp-content\/uploads\/2021\/12\/07-Press-Logo.jpg\",\"width\":512,\"height\":512,\"caption\":\"MK Media & Pr\"},\"image\":{\"@id\":\"https:\/\/permbledhja.com\/#\/schema\/logo\/image\/\"},\"sameAs\":[\"https:\/\/www.facebook.com\/press07\/\"]},{\"@type\":\"Person\",\"@id\":\"https:\/\/permbledhja.com\/#\/schema\/person\/d23f13f59b5722643933d6780783acf3\",\"name\":\"M M\",\"image\":{\"@type\":\"ImageObject\",\"inLanguage\":\"sq\",\"@id\":\"https:\/\/permbledhja.com\/#\/schema\/person\/image\/\",\"url\":\"https:\/\/secure.gravatar.com\/avatar\/e2835a76ca7c31a2416b2d51c4ec9a8f?s=96&d=mm&r=g\",\"contentUrl\":\"https:\/\/secure.gravatar.com\/avatar\/e2835a76ca7c31a2416b2d51c4ec9a8f?s=96&d=mm&r=g\",\"caption\":\"M M\"},\"sameAs\":[\"http:\/\/MM\"],\"url\":\"https:\/\/permbledhja.com\/sq\/author\/muhamet\/\"}]}<\/script>\n<!-- \/ Yoast SEO plugin. -->","yoast_head_json":{"title":"Prokuroria p\u00ebr personin q\u00eb u gjet i vdekur n\u00eb Gjilan: Iu gjet\u00ebn 86,250 Franga zvicerane","robots":{"index":"index","follow":"follow","max-snippet":"max-snippet:-1","max-image-preview":"max-image-preview:large","max-video-preview":"max-video-preview:-1"},"canonical":"https:\/\/permbledhja.com\/sq\/prokuroria-per-personin-qe-u-gjet-i-vdekur-ne-gjilan-iu-gjeten-86250-franga-zvicerane\/","og_locale":"sq_AL","og_type":"article","og_title":"Prokuroria p\u00ebr personin q\u00eb u gjet i vdekur n\u00eb Gjilan: Iu gjet\u00ebn 86,250 Franga zvicerane","og_description":"Prokuroria Themelore n\u00eb Gjilan ka dh\u00ebn\u00eb detaje p\u00ebr personin i cili u gjet i vdekur n\u00eb nj\u00eb ashensor n\u00eb rrug\u00ebn Gjilan-Kamenic\u00eb Prokuroria njofton se viktima ishte raportuar i zhdukur nga data 9 janar 2024 dhe se pas raportimit dyshimet e para kan\u00eb qen\u00eb n\u00eb drejtim t\u00eb vepr\u00ebs penale \u201cRr\u00ebmbimi\u201d, meq\u00eb i nj\u00ebjti pas lirimit nga [&hellip;]","og_url":"https:\/\/permbledhja.com\/sq\/prokuroria-per-personin-qe-u-gjet-i-vdekur-ne-gjilan-iu-gjeten-86250-franga-zvicerane\/","og_site_name":"Ve\u00e7 artikuj p\u00ebrmbledh\u00ebs","article_publisher":"https:\/\/www.facebook.com\/press07\/","article_published_time":"2024-02-28T16:10:04+00:00","og_image":[{"width":850,"height":560,"url":"https:\/\/permbledhja.com\/wp-content\/uploads\/2024\/02\/prokuroria_gjilan2-850x560-1.jpg","type":"image\/jpeg"}],"author":"M M","twitter_card":"summary_large_image","twitter_misc":{"Written by":"M M","Est. reading time":"1 minut\u00eb"},"schema":{"@context":"https:\/\/schema.org","@graph":[{"@type":"Article","@id":"https:\/\/permbledhja.com\/prokuroria-per-personin-qe-u-gjet-i-vdekur-ne-gjilan-iu-gjeten-86250-franga-zvicerane\/#article","isPartOf":{"@id":"https:\/\/permbledhja.com\/prokuroria-per-personin-qe-u-gjet-i-vdekur-ne-gjilan-iu-gjeten-86250-franga-zvicerane\/"},"author":{"name":"M M","@id":"https:\/\/permbledhja.com\/#\/schema\/person\/d23f13f59b5722643933d6780783acf3"},"headline":"Prokuroria p\u00ebr personin q\u00eb u gjet i vdekur n\u00eb Gjilan: Iu gjet\u00ebn 86,250 Franga zvicerane","datePublished":"2024-02-28T16:10:04+00:00","dateModified":"2024-02-28T16:10:04+00:00","mainEntityOfPage":{"@id":"https:\/\/permbledhja.com\/prokuroria-per-personin-qe-u-gjet-i-vdekur-ne-gjilan-iu-gjeten-86250-franga-zvicerane\/"},"wordCount":195,"publisher":{"@id":"https:\/\/permbledhja.com\/#organization"},"keywords":["Gjilan"],"articleSection":["T\u00eb r\u00ebnd\u00ebsishme"],"inLanguage":"sq"},{"@type":"WebPage","@id":"https:\/\/permbledhja.com\/prokuroria-per-personin-qe-u-gjet-i-vdekur-ne-gjilan-iu-gjeten-86250-franga-zvicerane\/","url":"https:\/\/permbledhja.com\/prokuroria-per-personin-qe-u-gjet-i-vdekur-ne-gjilan-iu-gjeten-86250-franga-zvicerane\/","name":"Prokuroria p\u00ebr personin q\u00eb u gjet i vdekur n\u00eb Gjilan: Iu gjet\u00ebn 86,250 Franga zvicerane","isPartOf":{"@id":"https:\/\/permbledhja.com\/#website"},"datePublished":"2024-02-28T16:10:04+00:00","dateModified":"2024-02-28T16:10:04+00:00","breadcrumb":{"@id":"https:\/\/permbledhja.com\/prokuroria-per-personin-qe-u-gjet-i-vdekur-ne-gjilan-iu-gjeten-86250-franga-zvicerane\/#breadcrumb"},"inLanguage":"sq","potentialAction":[{"@type":"ReadAction","target":["https:\/\/permbledhja.com\/prokuroria-per-personin-qe-u-gjet-i-vdekur-ne-gjilan-iu-gjeten-86250-franga-zvicerane\/"]}]},{"@type":"BreadcrumbList","@id":"https:\/\/permbledhja.com\/prokuroria-per-personin-qe-u-gjet-i-vdekur-ne-gjilan-iu-gjeten-86250-franga-zvicerane\/#breadcrumb","itemListElement":[{"@type":"ListItem","position":1,"name":"Ballina","item":"https:\/\/permbledhja.com\/sq\/"},{"@type":"ListItem","position":2,"name":"Prokuroria p\u00ebr personin q\u00eb u gjet i vdekur n\u00eb Gjilan: Iu gjet\u00ebn 86,250 Franga zvicerane"}]},{"@type":"WebSite","@id":"https:\/\/permbledhja.com\/#website","url":"https:\/\/permbledhja.com\/","name":"Ve\u00e7 artikuj p\u00ebrmbledh\u00ebs","description":"","publisher":{"@id":"https:\/\/permbledhja.com\/#organization"},"potentialAction":[{"@type":"SearchAction","target":{"@type":"EntryPoint","urlTemplate":"https:\/\/permbledhja.com\/?s={search_term_string}"},"query-input":"required name=search_term_string"}],"inLanguage":"sq"},{"@type":"Organization","@id":"https:\/\/permbledhja.com\/#organization","name":"MK Media & Pr","url":"https:\/\/permbledhja.com\/","logo":{"@type":"ImageObject","inLanguage":"sq","@id":"https:\/\/permbledhja.com\/#\/schema\/logo\/image\/","url":"https:\/\/permbledhja.com\/wp-content\/uploads\/2021\/12\/07-Press-Logo.jpg","contentUrl":"https:\/\/permbledhja.com\/wp-content\/uploads\/2021\/12\/07-Press-Logo.jpg","width":512,"height":512,"caption":"MK Media & Pr"},"image":{"@id":"https:\/\/permbledhja.com\/#\/schema\/logo\/image\/"},"sameAs":["https:\/\/www.facebook.com\/press07\/"]},{"@type":"Person","@id":"https:\/\/permbledhja.com\/#\/schema\/person\/d23f13f59b5722643933d6780783acf3","name":"M M","image":{"@type":"ImageObject","inLanguage":"sq","@id":"https:\/\/permbledhja.com\/#\/schema\/person\/image\/","url":"https:\/\/secure.gravatar.com\/avatar\/e2835a76ca7c31a2416b2d51c4ec9a8f?s=96&d=mm&r=g","contentUrl":"https:\/\/secure.gravatar.com\/avatar\/e2835a76ca7c31a2416b2d51c4ec9a8f?s=96&d=mm&r=g","caption":"M M"},"sameAs":["http:\/\/MM"],"url":"https:\/\/permbledhja.com\/sq\/author\/muhamet\/"}]}},"_links":{"self":[{"href":"https:\/\/permbledhja.com\/sq\/wp-json\/wp\/v2\/posts\/50484"}],"collection":[{"href":"https:\/\/permbledhja.com\/sq\/wp-json\/wp\/v2\/posts"}],"about":[{"href":"https:\/\/permbledhja.com\/sq\/wp-json\/wp\/v2\/types\/post"}],"author":[{"embeddable":true,"href":"https:\/\/permbledhja.com\/sq\/wp-json\/wp\/v2\/users\/2"}],"replies":[{"embeddable":true,"href":"https:\/\/permbledhja.com\/sq\/wp-json\/wp\/v2\/comments?post=50484"}],"version-history":[{"count":1,"href":"https:\/\/permbledhja.com\/sq\/wp-json\/wp\/v2\/posts\/50484\/revisions"}],"predecessor-version":[{"id":50486,"href":"https:\/\/permbledhja.com\/sq\/wp-json\/wp\/v2\/posts\/50484\/revisions\/50486"}],"wp:featuredmedia":[{"embeddable":true,"href":"https:\/\/permbledhja.com\/sq\/wp-json\/wp\/v2\/media\/50485"}],"wp:attachment":[{"href":"https:\/\/permbledhja.com\/sq\/wp-json\/wp\/v2\/media?parent=50484"}],"wp:term":[{"taxonomy":"category","embeddable":true,"href":"https:\/\/permbledhja.com\/sq\/wp-json\/wp\/v2\/categories?post=50484"},{"taxonomy":"post_tag","embeddable":true,"href":"https:\/\/permbledhja.com\/sq\/wp-json\/wp\/v2\/tags?post=50484"}],"curies":[{"name":"wp","href":"https:\/\/api.w.org\/{rel}","templated":true}]}}