{"id":50348,"date":"2024-02-27T22:08:12","date_gmt":"2024-02-27T22:08:12","guid":{"rendered":"https:\/\/permbledhja.com\/?p=50348"},"modified":"2024-02-27T22:08:41","modified_gmt":"2024-02-27T22:08:41","slug":"takimet-shtese-do-te-jene-te-nevojshme-krejt-cka-dihet-per-takimin-e-sotem-ne-bruksel","status":"publish","type":"post","link":"https:\/\/permbledhja.com\/sq\/takimet-shtese-do-te-jene-te-nevojshme-krejt-cka-dihet-per-takimin-e-sotem-ne-bruksel\/","title":{"rendered":"\u201cTakimet shtes\u00eb do t\u00eb jen\u00eb t\u00eb nevojshme\u201d \u2013 Krejt \u00e7ka dihet p\u00ebr takimin e sot\u00ebm n\u00eb Bruksel"},"content":{"rendered":"<h3>I d\u00ebrguari i Bashkimit Evropian p\u00ebr dialogun Kosov\u00eb-Serbi, Mirosllav Laj\u00e7ak, tha se bisedimet p\u00ebr rregulloren e Bank\u00ebs Qendrore t\u00eb Kosov\u00ebs (BQK), q\u00eb ndalon p\u00ebrdorimin e dinarit serb n\u00eb Kosov\u00eb, ishin \u201cnj\u00eb hap i par\u00eb i r\u00ebnd\u00ebsish\u00ebm\u201d, por se \u201cshum\u00eb pyetje politike\u201d mbeten ende pa p\u00ebrgjigje.<\/h3>\n<p>Me ftes\u00eb t\u00eb tij, p\u00ebrfaq\u00ebsues t\u00eb Kosov\u00ebs dhe t\u00eb Serbis\u00eb u takuan t\u00eb mart\u00ebn n\u00eb Bruksel.<\/p>\n<p>\u201cTakimet shtes\u00eb do t\u00eb jen\u00eb t\u00eb nevojshme\u201d, tha Laj\u00e7ak n\u00eb nj\u00eb postim n\u00eb platform\u00ebn X.<\/p>\n<p>Ai nuk sqaroi n\u00ebse pal\u00ebt kan\u00eb pasur ndonj\u00eb dakordim.<\/p>\n<p>Guvernatori i BQK-s\u00eb, Ahmet Ismaili, i cili udh\u00ebhoqi delegacionin e Kosov\u00ebs, tha se nuk u diskutua p\u00ebr rregulloren, porse p\u00ebr mund\u00ebsit\u00eb q\u00eb i ofron ajo p\u00ebr transferimin e mjeteve nga shtetet e tjera n\u00eb Kosov\u00eb.<\/p>\n<p>\u201cNuk ka asgj\u00eb tjet\u00ebr dhe nuk kemi pranuar diskutime t\u00eb tjera. Rregullorja \u00ebsht\u00eb n\u00eb fuqi dhe nuk ndryshohet. Zbatimi i saj nuk vihet n\u00eb diskutim\u201d, tha Ismaili p\u00ebr Radion Evropa e Lir\u00eb.<\/p>\n<p>Delegacionin e Serbis\u00eb e udh\u00ebhoqi kryenegociatori Petar Petkoviq, i cili tha se rregullorja e BQK-s\u00eb k\u00ebrkon zgjidhje n\u00eb nivel politik.<\/p>\n<p>\u201cPasojat e nj\u00eb vendimi t\u00eb till\u00eb t\u00eb nj\u00ebansh\u00ebm [t\u00eb Kosov\u00ebs] jan\u00eb politike dhe ndikojn\u00eb n\u00eb mbijetes\u00ebn e popullit serb n\u00eb Kosov\u00eb\u201d, tha ai pas takimit.<\/p>\n<p>Rregullorja e BQK-s\u00eb, q\u00eb hyri n\u00eb fuqi m\u00eb 1 shkurt, e p\u00ebrcakton euron si valut\u00ebn e vetme q\u00eb mund t\u00eb p\u00ebrdoret p\u00ebr pagesa t\u00eb gatshme n\u00eb Kosov\u00eb.<\/p>\n<p>Ajo nxiti reagime t\u00eb zem\u00ebruara t\u00eb Beogradit zyrtar, i cili mb\u00ebshtet financiarisht komunitetin serb n\u00eb Kosov\u00eb.<\/p>\n<p>Bashk\u00ebsia nd\u00ebrkomb\u00ebtare shprehu, po ashtu, shqet\u00ebsime p\u00ebr ndikimin e saj n\u00eb jet\u00ebn e qytetar\u00ebve serb\u00eb.<\/p>\n<p>Diplomat\u00ebt per\u00ebndimor\u00eb i k\u00ebrkuan Qeveris\u00eb s\u00eb Kosov\u00ebs q\u00eb ta pezulloj\u00eb zbatimin, p\u00ebr t\u2019u dh\u00ebn\u00eb koh\u00eb qytetar\u00ebve t\u00eb prekur q\u00eb t\u00eb p\u00ebrshtaten me praktik\u00ebn e re.<\/p>\n<p>Por, kryeministri Albin Kurti k\u00ebmb\u00ebnguli se vendimi i BQK-s\u00eb nuk mund t\u00eb anulohet.<\/p>\n<p>Sipas tij, rregullorja nuk i ndalon pagesat nga buxheti i Serbis\u00eb, por se ato duhet t\u00eb b\u00ebhen n\u00eb euro.<\/p>\n<p>\u00c7far\u00eb u tha tjet\u00ebr n\u00eb Bruksel?<\/p>\n<p>Guvernatori i BQK-s\u00eb, Ismaili, tha se n\u00eb takim u prezantuan disa modele teknike se si Serbia mund ta vazhdoj\u00eb financimin e serb\u00ebve n\u00eb Kosov\u00eb n\u00eb m\u00ebnyr\u00eb ligjore dhe transparente.<\/p>\n<p>\u201cEkzistojn\u00eb mund\u00ebsi ligjore p\u00ebr transferim ligjor [t\u00eb parave], n\u00ebse Serbia \u00ebsht\u00eb e gatshme t\u2019i pranoj\u00eb ato\u201d, tha Ismaili pa ofruar m\u00eb shum\u00eb holl\u00ebsi.<\/p>\n<p>Petkoviq tha se p\u00ebr \u00e7\u00ebshtjen e dinarit nuk \u00ebsht\u00eb diskutuar asnj\u00ebher\u00eb n\u00eb kuad\u00ebr t\u00eb dialogut p\u00ebr normalizimin e marr\u00ebdh\u00ebnieve Kosov\u00eb-Serbi, por \u201cduke qen\u00eb se vendimi i s\u00eb ashtuquajtur\u00ebs Bank\u00eb Qendrore t\u00eb Kosov\u00ebs prek drejtp\u00ebrdrejt serb\u00ebt, sigurisht q\u00eb do t\u00eb diskutohet n\u00eb Bruksel\u201d.<\/p>\n<p>Ai shtoi se do t\u00eb b\u00ebj\u00eb \u201cabsolutisht gjith\u00e7ka\u201d p\u00ebr t\u00eb arritur nj\u00eb zgjidhje n\u00eb Bruksel.<\/p>\n<p>\u201cK\u00ebmb\u00ebngul\u00ebm se duhet gjetur nj\u00eb zgjidhje sa m\u00eb shpejt, sepse jemi n\u00eb prag t\u00eb marsit, kur qytetar\u00ebt tan\u00eb duhet t\u2019i marrin t\u00eb ardhurat p\u00ebr muajin shkurt\u201d, tha Petkoviq.<\/p>\n<p>N\u00eb takimin e p\u00ebrbashk\u00ebt Kosov\u00eb-Serbi ishin t\u00eb pranish\u00ebm vet\u00ebm ekspert\u00eb financiar\u00eb nga t\u00eb dyja vendet.<\/p>\n<p>Sipas informacioneve jozyrtare, me insistimin e pal\u00ebs kosovare, Petkoviq nuk ishte i pranish\u00ebm n\u00eb at\u00eb takim.<\/p>\n<p>Kryenegociatori i Kosov\u00ebs, Besnik Bislimi, e refuzoi ftes\u00ebn e Laj\u00e7akut, me arsyetimin se nuk b\u00ebhej fjal\u00eb p\u00ebr nj\u00eb takim ku do t\u00eb duhej t\u00eb shkonte ai, sepse, si\u00e7 tha, \u201c\u00e7\u00ebshtja e dinarit nuk \u00ebsht\u00eb pjes\u00eb e dialogut\u201d p\u00ebr normalizimin e marr\u00ebdh\u00ebnieve Kosov\u00eb-Serbi.<\/p>\n<p>Q\u00eb nga paslufta m\u00eb 1999, komuniteti serb n\u00eb Kosov\u00eb pranon pagesa n\u00eb dinar\u00eb nga Serbia, p\u00ebrfshir\u00eb paga, pensione e shtesa p\u00ebr f\u00ebmij\u00eb.<\/p>\n<p>Banka Popullore e Serbis\u00eb i d\u00ebrgonte dinar\u00ebt n\u00eb kasafort\u00ebn e saj n\u00eb komun\u00ebn e Leposaviqit \u2013 pjesa veriore e Kosov\u00ebs \u2013 prej nga kompania nd\u00ebrkomb\u00ebtare, Henderson, i transportonte n\u00ebp\u00ebr institucionet financiare q\u00eb operojn\u00eb n\u00ebn sistemin serb, t\u00eb tilla si Posta e Serbis\u00eb apo Kursimorja e Post\u00ebs.<\/p>\n<p>BQK-ja k\u00ebmb\u00ebngul tani se kjo praktik\u00eb \u00ebsht\u00eb e kund\u00ebrligjshme, sepse vet\u00ebm ajo mund t\u00eb eksportoj\u00eb dhe importoj\u00eb monedha dhe kart\u00ebmonedha n\u00eb territorin e Kosov\u00ebs.\/REL<\/p>\n","protected":false},"excerpt":{"rendered":"<p>I d\u00ebrguari i Bashkimit Evropian p\u00ebr dialogun Kosov\u00eb-Serbi, Mirosllav Laj\u00e7ak, tha se bisedimet p\u00ebr rregulloren e Bank\u00ebs Qendrore t\u00eb Kosov\u00ebs (BQK), q\u00eb ndalon p\u00ebrdorimin e dinarit serb n\u00eb Kosov\u00eb, ishin \u201cnj\u00eb hap i par\u00eb i r\u00ebnd\u00ebsish\u00ebm\u201d, por se \u201cshum\u00eb pyetje politike\u201d mbeten ende pa p\u00ebrgjigje. Me ftes\u00eb t\u00eb tij, p\u00ebrfaq\u00ebsues t\u00eb Kosov\u00ebs dhe t\u00eb Serbis\u00eb [&hellip;]<\/p>\n","protected":false},"author":2,"featured_media":50349,"comment_status":"closed","ping_status":"closed","sticky":false,"template":"","format":"standard","meta":{"_monsterinsights_skip_tracking":false,"_monsterinsights_sitenote_active":false,"_monsterinsights_sitenote_note":"","_monsterinsights_sitenote_category":0,"_uf_show_specific_survey":0,"_uf_disable_surveys":false,"footnotes":""},"categories":[1146],"tags":[1615],"yoast_head":"<!-- This site is optimized with the Yoast SEO plugin v21.5 - https:\/\/yoast.com\/wordpress\/plugins\/seo\/ -->\n<title>\u201cTakimet shtes\u00eb do t\u00eb jen\u00eb t\u00eb nevojshme\u201d \u2013 Krejt \u00e7ka dihet p\u00ebr takimin e sot\u00ebm n\u00eb Bruksel<\/title>\n<meta name=\"robots\" content=\"index, follow, max-snippet:-1, max-image-preview:large, max-video-preview:-1\" \/>\n<link rel=\"canonical\" href=\"https:\/\/permbledhja.com\/sq\/takimet-shtese-do-te-jene-te-nevojshme-krejt-cka-dihet-per-takimin-e-sotem-ne-bruksel\/\" \/>\n<meta property=\"og:locale\" content=\"sq_AL\" \/>\n<meta property=\"og:type\" content=\"article\" \/>\n<meta property=\"og:title\" content=\"\u201cTakimet shtes\u00eb do t\u00eb jen\u00eb t\u00eb nevojshme\u201d \u2013 Krejt \u00e7ka dihet p\u00ebr takimin e sot\u00ebm n\u00eb Bruksel\" \/>\n<meta property=\"og:description\" content=\"I d\u00ebrguari i Bashkimit Evropian p\u00ebr dialogun Kosov\u00eb-Serbi, Mirosllav Laj\u00e7ak, tha se bisedimet p\u00ebr rregulloren e Bank\u00ebs Qendrore t\u00eb Kosov\u00ebs (BQK), q\u00eb ndalon p\u00ebrdorimin e dinarit serb n\u00eb Kosov\u00eb, ishin \u201cnj\u00eb hap i par\u00eb i r\u00ebnd\u00ebsish\u00ebm\u201d, por se \u201cshum\u00eb pyetje politike\u201d mbeten ende pa p\u00ebrgjigje. Me ftes\u00eb t\u00eb tij, p\u00ebrfaq\u00ebsues t\u00eb Kosov\u00ebs dhe t\u00eb Serbis\u00eb [&hellip;]\" \/>\n<meta property=\"og:url\" content=\"https:\/\/permbledhja.com\/sq\/takimet-shtese-do-te-jene-te-nevojshme-krejt-cka-dihet-per-takimin-e-sotem-ne-bruksel\/\" \/>\n<meta property=\"og:site_name\" content=\"Ve\u00e7 artikuj p\u00ebrmbledh\u00ebs\" \/>\n<meta property=\"article:publisher\" content=\"https:\/\/www.facebook.com\/press07\/\" \/>\n<meta property=\"article:published_time\" content=\"2024-02-27T22:08:12+00:00\" \/>\n<meta property=\"article:modified_time\" content=\"2024-02-27T22:08:41+00:00\" \/>\n<meta property=\"og:image\" content=\"https:\/\/permbledhja.com\/wp-content\/uploads\/2024\/02\/Lajcaku.jpg\" \/>\n\t<meta property=\"og:image:width\" content=\"2048\" \/>\n\t<meta property=\"og:image:height\" content=\"1183\" \/>\n\t<meta property=\"og:image:type\" content=\"image\/jpeg\" \/>\n<meta name=\"author\" content=\"M M\" \/>\n<meta name=\"twitter:card\" content=\"summary_large_image\" \/>\n<meta name=\"twitter:label1\" content=\"Written by\" \/>\n\t<meta name=\"twitter:data1\" content=\"M M\" \/>\n\t<meta name=\"twitter:label2\" content=\"Est. reading time\" \/>\n\t<meta name=\"twitter:data2\" content=\"4 minuta\" \/>\n<script type=\"application\/ld+json\" class=\"yoast-schema-graph\">{\"@context\":\"https:\/\/schema.org\",\"@graph\":[{\"@type\":\"Article\",\"@id\":\"https:\/\/permbledhja.com\/sq\/takimet-shtese-do-te-jene-te-nevojshme-krejt-cka-dihet-per-takimin-e-sotem-ne-bruksel\/#article\",\"isPartOf\":{\"@id\":\"https:\/\/permbledhja.com\/sq\/takimet-shtese-do-te-jene-te-nevojshme-krejt-cka-dihet-per-takimin-e-sotem-ne-bruksel\/\"},\"author\":{\"name\":\"M M\",\"@id\":\"https:\/\/permbledhja.com\/#\/schema\/person\/d23f13f59b5722643933d6780783acf3\"},\"headline\":\"\u201cTakimet shtes\u00eb do t\u00eb jen\u00eb t\u00eb nevojshme\u201d \u2013 Krejt \u00e7ka dihet p\u00ebr takimin e sot\u00ebm n\u00eb Bruksel\",\"datePublished\":\"2024-02-27T22:08:12+00:00\",\"dateModified\":\"2024-02-27T22:08:41+00:00\",\"mainEntityOfPage\":{\"@id\":\"https:\/\/permbledhja.com\/sq\/takimet-shtese-do-te-jene-te-nevojshme-krejt-cka-dihet-per-takimin-e-sotem-ne-bruksel\/\"},\"wordCount\":759,\"publisher\":{\"@id\":\"https:\/\/permbledhja.com\/#organization\"},\"keywords\":[\"Bruksel\"],\"articleSection\":[\"Kryesoret\"],\"inLanguage\":\"sq\"},{\"@type\":\"WebPage\",\"@id\":\"https:\/\/permbledhja.com\/sq\/takimet-shtese-do-te-jene-te-nevojshme-krejt-cka-dihet-per-takimin-e-sotem-ne-bruksel\/\",\"url\":\"https:\/\/permbledhja.com\/sq\/takimet-shtese-do-te-jene-te-nevojshme-krejt-cka-dihet-per-takimin-e-sotem-ne-bruksel\/\",\"name\":\"\u201cTakimet shtes\u00eb do t\u00eb jen\u00eb t\u00eb nevojshme\u201d \u2013 Krejt \u00e7ka dihet p\u00ebr takimin e sot\u00ebm n\u00eb Bruksel\",\"isPartOf\":{\"@id\":\"https:\/\/permbledhja.com\/#website\"},\"datePublished\":\"2024-02-27T22:08:12+00:00\",\"dateModified\":\"2024-02-27T22:08:41+00:00\",\"breadcrumb\":{\"@id\":\"https:\/\/permbledhja.com\/sq\/takimet-shtese-do-te-jene-te-nevojshme-krejt-cka-dihet-per-takimin-e-sotem-ne-bruksel\/#breadcrumb\"},\"inLanguage\":\"sq\",\"potentialAction\":[{\"@type\":\"ReadAction\",\"target\":[\"https:\/\/permbledhja.com\/sq\/takimet-shtese-do-te-jene-te-nevojshme-krejt-cka-dihet-per-takimin-e-sotem-ne-bruksel\/\"]}]},{\"@type\":\"BreadcrumbList\",\"@id\":\"https:\/\/permbledhja.com\/sq\/takimet-shtese-do-te-jene-te-nevojshme-krejt-cka-dihet-per-takimin-e-sotem-ne-bruksel\/#breadcrumb\",\"itemListElement\":[{\"@type\":\"ListItem\",\"position\":1,\"name\":\"Ballina\",\"item\":\"https:\/\/permbledhja.com\/sq\/\"},{\"@type\":\"ListItem\",\"position\":2,\"name\":\"\u201cTakimet shtes\u00eb do t\u00eb jen\u00eb t\u00eb nevojshme\u201d \u2013 Krejt \u00e7ka dihet p\u00ebr takimin e sot\u00ebm n\u00eb Bruksel\"}]},{\"@type\":\"WebSite\",\"@id\":\"https:\/\/permbledhja.com\/#website\",\"url\":\"https:\/\/permbledhja.com\/\",\"name\":\"Ve\u00e7 artikuj p\u00ebrmbledh\u00ebs\",\"description\":\"\",\"publisher\":{\"@id\":\"https:\/\/permbledhja.com\/#organization\"},\"potentialAction\":[{\"@type\":\"SearchAction\",\"target\":{\"@type\":\"EntryPoint\",\"urlTemplate\":\"https:\/\/permbledhja.com\/?s={search_term_string}\"},\"query-input\":\"required name=search_term_string\"}],\"inLanguage\":\"sq\"},{\"@type\":\"Organization\",\"@id\":\"https:\/\/permbledhja.com\/#organization\",\"name\":\"MK Media & Pr\",\"url\":\"https:\/\/permbledhja.com\/\",\"logo\":{\"@type\":\"ImageObject\",\"inLanguage\":\"sq\",\"@id\":\"https:\/\/permbledhja.com\/#\/schema\/logo\/image\/\",\"url\":\"https:\/\/permbledhja.com\/wp-content\/uploads\/2021\/12\/07-Press-Logo.jpg\",\"contentUrl\":\"https:\/\/permbledhja.com\/wp-content\/uploads\/2021\/12\/07-Press-Logo.jpg\",\"width\":512,\"height\":512,\"caption\":\"MK Media & Pr\"},\"image\":{\"@id\":\"https:\/\/permbledhja.com\/#\/schema\/logo\/image\/\"},\"sameAs\":[\"https:\/\/www.facebook.com\/press07\/\"]},{\"@type\":\"Person\",\"@id\":\"https:\/\/permbledhja.com\/#\/schema\/person\/d23f13f59b5722643933d6780783acf3\",\"name\":\"M M\",\"image\":{\"@type\":\"ImageObject\",\"inLanguage\":\"sq\",\"@id\":\"https:\/\/permbledhja.com\/#\/schema\/person\/image\/\",\"url\":\"https:\/\/secure.gravatar.com\/avatar\/e2835a76ca7c31a2416b2d51c4ec9a8f?s=96&d=mm&r=g\",\"contentUrl\":\"https:\/\/secure.gravatar.com\/avatar\/e2835a76ca7c31a2416b2d51c4ec9a8f?s=96&d=mm&r=g\",\"caption\":\"M M\"},\"sameAs\":[\"http:\/\/MM\"],\"url\":\"https:\/\/permbledhja.com\/sq\/author\/muhamet\/\"}]}<\/script>\n<!-- \/ Yoast SEO plugin. -->","yoast_head_json":{"title":"\u201cTakimet shtes\u00eb do t\u00eb jen\u00eb t\u00eb nevojshme\u201d \u2013 Krejt \u00e7ka dihet p\u00ebr takimin e sot\u00ebm n\u00eb Bruksel","robots":{"index":"index","follow":"follow","max-snippet":"max-snippet:-1","max-image-preview":"max-image-preview:large","max-video-preview":"max-video-preview:-1"},"canonical":"https:\/\/permbledhja.com\/sq\/takimet-shtese-do-te-jene-te-nevojshme-krejt-cka-dihet-per-takimin-e-sotem-ne-bruksel\/","og_locale":"sq_AL","og_type":"article","og_title":"\u201cTakimet shtes\u00eb do t\u00eb jen\u00eb t\u00eb nevojshme\u201d \u2013 Krejt \u00e7ka dihet p\u00ebr takimin e sot\u00ebm n\u00eb Bruksel","og_description":"I d\u00ebrguari i Bashkimit Evropian p\u00ebr dialogun Kosov\u00eb-Serbi, Mirosllav Laj\u00e7ak, tha se bisedimet p\u00ebr rregulloren e Bank\u00ebs Qendrore t\u00eb Kosov\u00ebs (BQK), q\u00eb ndalon p\u00ebrdorimin e dinarit serb n\u00eb Kosov\u00eb, ishin \u201cnj\u00eb hap i par\u00eb i r\u00ebnd\u00ebsish\u00ebm\u201d, por se \u201cshum\u00eb pyetje politike\u201d mbeten ende pa p\u00ebrgjigje. Me ftes\u00eb t\u00eb tij, p\u00ebrfaq\u00ebsues t\u00eb Kosov\u00ebs dhe t\u00eb Serbis\u00eb [&hellip;]","og_url":"https:\/\/permbledhja.com\/sq\/takimet-shtese-do-te-jene-te-nevojshme-krejt-cka-dihet-per-takimin-e-sotem-ne-bruksel\/","og_site_name":"Ve\u00e7 artikuj p\u00ebrmbledh\u00ebs","article_publisher":"https:\/\/www.facebook.com\/press07\/","article_published_time":"2024-02-27T22:08:12+00:00","article_modified_time":"2024-02-27T22:08:41+00:00","og_image":[{"width":2048,"height":1183,"url":"https:\/\/permbledhja.com\/wp-content\/uploads\/2024\/02\/Lajcaku.jpg","type":"image\/jpeg"}],"author":"M M","twitter_card":"summary_large_image","twitter_misc":{"Written by":"M M","Est. reading time":"4 minuta"},"schema":{"@context":"https:\/\/schema.org","@graph":[{"@type":"Article","@id":"https:\/\/permbledhja.com\/sq\/takimet-shtese-do-te-jene-te-nevojshme-krejt-cka-dihet-per-takimin-e-sotem-ne-bruksel\/#article","isPartOf":{"@id":"https:\/\/permbledhja.com\/sq\/takimet-shtese-do-te-jene-te-nevojshme-krejt-cka-dihet-per-takimin-e-sotem-ne-bruksel\/"},"author":{"name":"M M","@id":"https:\/\/permbledhja.com\/#\/schema\/person\/d23f13f59b5722643933d6780783acf3"},"headline":"\u201cTakimet shtes\u00eb do t\u00eb jen\u00eb t\u00eb nevojshme\u201d \u2013 Krejt \u00e7ka dihet p\u00ebr takimin e sot\u00ebm n\u00eb Bruksel","datePublished":"2024-02-27T22:08:12+00:00","dateModified":"2024-02-27T22:08:41+00:00","mainEntityOfPage":{"@id":"https:\/\/permbledhja.com\/sq\/takimet-shtese-do-te-jene-te-nevojshme-krejt-cka-dihet-per-takimin-e-sotem-ne-bruksel\/"},"wordCount":759,"publisher":{"@id":"https:\/\/permbledhja.com\/#organization"},"keywords":["Bruksel"],"articleSection":["Kryesoret"],"inLanguage":"sq"},{"@type":"WebPage","@id":"https:\/\/permbledhja.com\/sq\/takimet-shtese-do-te-jene-te-nevojshme-krejt-cka-dihet-per-takimin-e-sotem-ne-bruksel\/","url":"https:\/\/permbledhja.com\/sq\/takimet-shtese-do-te-jene-te-nevojshme-krejt-cka-dihet-per-takimin-e-sotem-ne-bruksel\/","name":"\u201cTakimet shtes\u00eb do t\u00eb jen\u00eb t\u00eb nevojshme\u201d \u2013 Krejt \u00e7ka dihet p\u00ebr takimin e sot\u00ebm n\u00eb Bruksel","isPartOf":{"@id":"https:\/\/permbledhja.com\/#website"},"datePublished":"2024-02-27T22:08:12+00:00","dateModified":"2024-02-27T22:08:41+00:00","breadcrumb":{"@id":"https:\/\/permbledhja.com\/sq\/takimet-shtese-do-te-jene-te-nevojshme-krejt-cka-dihet-per-takimin-e-sotem-ne-bruksel\/#breadcrumb"},"inLanguage":"sq","potentialAction":[{"@type":"ReadAction","target":["https:\/\/permbledhja.com\/sq\/takimet-shtese-do-te-jene-te-nevojshme-krejt-cka-dihet-per-takimin-e-sotem-ne-bruksel\/"]}]},{"@type":"BreadcrumbList","@id":"https:\/\/permbledhja.com\/sq\/takimet-shtese-do-te-jene-te-nevojshme-krejt-cka-dihet-per-takimin-e-sotem-ne-bruksel\/#breadcrumb","itemListElement":[{"@type":"ListItem","position":1,"name":"Ballina","item":"https:\/\/permbledhja.com\/sq\/"},{"@type":"ListItem","position":2,"name":"\u201cTakimet shtes\u00eb do t\u00eb jen\u00eb t\u00eb nevojshme\u201d \u2013 Krejt \u00e7ka dihet p\u00ebr takimin e sot\u00ebm n\u00eb Bruksel"}]},{"@type":"WebSite","@id":"https:\/\/permbledhja.com\/#website","url":"https:\/\/permbledhja.com\/","name":"Ve\u00e7 artikuj p\u00ebrmbledh\u00ebs","description":"","publisher":{"@id":"https:\/\/permbledhja.com\/#organization"},"potentialAction":[{"@type":"SearchAction","target":{"@type":"EntryPoint","urlTemplate":"https:\/\/permbledhja.com\/?s={search_term_string}"},"query-input":"required name=search_term_string"}],"inLanguage":"sq"},{"@type":"Organization","@id":"https:\/\/permbledhja.com\/#organization","name":"MK Media & Pr","url":"https:\/\/permbledhja.com\/","logo":{"@type":"ImageObject","inLanguage":"sq","@id":"https:\/\/permbledhja.com\/#\/schema\/logo\/image\/","url":"https:\/\/permbledhja.com\/wp-content\/uploads\/2021\/12\/07-Press-Logo.jpg","contentUrl":"https:\/\/permbledhja.com\/wp-content\/uploads\/2021\/12\/07-Press-Logo.jpg","width":512,"height":512,"caption":"MK Media & Pr"},"image":{"@id":"https:\/\/permbledhja.com\/#\/schema\/logo\/image\/"},"sameAs":["https:\/\/www.facebook.com\/press07\/"]},{"@type":"Person","@id":"https:\/\/permbledhja.com\/#\/schema\/person\/d23f13f59b5722643933d6780783acf3","name":"M M","image":{"@type":"ImageObject","inLanguage":"sq","@id":"https:\/\/permbledhja.com\/#\/schema\/person\/image\/","url":"https:\/\/secure.gravatar.com\/avatar\/e2835a76ca7c31a2416b2d51c4ec9a8f?s=96&d=mm&r=g","contentUrl":"https:\/\/secure.gravatar.com\/avatar\/e2835a76ca7c31a2416b2d51c4ec9a8f?s=96&d=mm&r=g","caption":"M M"},"sameAs":["http:\/\/MM"],"url":"https:\/\/permbledhja.com\/sq\/author\/muhamet\/"}]}},"_links":{"self":[{"href":"https:\/\/permbledhja.com\/sq\/wp-json\/wp\/v2\/posts\/50348"}],"collection":[{"href":"https:\/\/permbledhja.com\/sq\/wp-json\/wp\/v2\/posts"}],"about":[{"href":"https:\/\/permbledhja.com\/sq\/wp-json\/wp\/v2\/types\/post"}],"author":[{"embeddable":true,"href":"https:\/\/permbledhja.com\/sq\/wp-json\/wp\/v2\/users\/2"}],"replies":[{"embeddable":true,"href":"https:\/\/permbledhja.com\/sq\/wp-json\/wp\/v2\/comments?post=50348"}],"version-history":[{"count":2,"href":"https:\/\/permbledhja.com\/sq\/wp-json\/wp\/v2\/posts\/50348\/revisions"}],"predecessor-version":[{"id":50351,"href":"https:\/\/permbledhja.com\/sq\/wp-json\/wp\/v2\/posts\/50348\/revisions\/50351"}],"wp:featuredmedia":[{"embeddable":true,"href":"https:\/\/permbledhja.com\/sq\/wp-json\/wp\/v2\/media\/50349"}],"wp:attachment":[{"href":"https:\/\/permbledhja.com\/sq\/wp-json\/wp\/v2\/media?parent=50348"}],"wp:term":[{"taxonomy":"category","embeddable":true,"href":"https:\/\/permbledhja.com\/sq\/wp-json\/wp\/v2\/categories?post=50348"},{"taxonomy":"post_tag","embeddable":true,"href":"https:\/\/permbledhja.com\/sq\/wp-json\/wp\/v2\/tags?post=50348"}],"curies":[{"name":"wp","href":"https:\/\/api.w.org\/{rel}","templated":true}]}}