{"id":50345,"date":"2024-02-27T21:48:28","date_gmt":"2024-02-27T21:48:28","guid":{"rendered":"https:\/\/permbledhja.com\/?p=50345"},"modified":"2024-02-27T21:48:28","modified_gmt":"2024-02-27T21:48:28","slug":"deklarata-e-vuciqit-se-mbeshtet-kinen-ne-raport-me-tajvanin-analistet-e-lidhin-me-kosoven","status":"publish","type":"post","link":"https:\/\/permbledhja.com\/sq\/deklarata-e-vuciqit-se-mbeshtet-kinen-ne-raport-me-tajvanin-analistet-e-lidhin-me-kosoven\/","title":{"rendered":"Deklarata e Vu\u00e7iqit se mb\u00ebshtet Kin\u00ebn n\u00eb raport me Tajvanin, analist\u00ebt e lidhin me Kosov\u00ebn"},"content":{"rendered":"<h3>Presidenti i Serbis\u00eb Aleksandar Vu\u00e7iq u shprehu mb\u00ebshtetje t\u00eb vendosur pretendimeve t\u00eb Kin\u00ebs mbi Tajvanin dhe u angazhua p\u00ebr forcimin e lidhjeve me Pekinin, nd\u00ebrsa synon integrimin n\u00eb Bashkimin Evropian, i cili ka nj\u00eb q\u00ebndrim m\u00eb t\u00eb ashp\u00ebr ndaj Kin\u00ebs p\u00ebr shkak t\u00eb mospajtimeve mbi tregtin\u00eb dhe agresionin rus n\u00eb Ukrain\u00eb.<\/h3>\n<p>\u201cTajvani \u00ebsht\u00eb Kin\u00eb dhe varet nga ju se \u00e7far\u00eb, kur, si do ta b\u00ebni, pik\u00eb\u201d, tha presidenti serb Vu\u00e7iq p\u00ebr televizionin CGTN me seli n\u00eb Pekin.<\/p>\n<p>\u201cAi \u00ebsht\u00eb territori juaj, \u00ebsht\u00eb populli juaj dhe ju jeni nj\u00eb komb sovran. I merrni vendimet vet dhe gjithmon\u00eb do t\u00eb keni mb\u00ebshtetjen e Serbis\u00eb\u201d, tha ai.<\/p>\n<p>Kina pretendon se Tajvani \u00ebsht\u00eb pjes\u00eb e territorit t\u00eb saj dhe nuk ka hequr dor\u00eb nga mund\u00ebsia e p\u00ebrdorimit t\u00eb forc\u00ebs p\u00ebr ta vendosur ishullin n\u00ebn kontrollin e Pekinit.<\/p>\n<p>Analist\u00eb evropian\u00eb e shohin deklarat\u00ebn e presidentit serb si nj\u00eb k\u00ebrkes\u00eb mb\u00ebshtetjeje nga Kina p\u00ebr pretendimin e Serbis\u00eb ndaj Kosov\u00ebs.<\/p>\n<p>\u201cSigurisht, kjo \u00ebsht\u00eb pjes\u00eb e ekuacionit\u201d, i tha Z\u00ebrit t\u00eb Amerik\u00ebs analisti politik Bodo Weber, bashk\u00ebpun\u00ebtor i lart\u00eb i K\u00ebshillit t\u00eb Politikave t\u00eb Demokratizimit me seli n\u00eb Berlin.<\/p>\n<p>\u201cP\u00ebr sa koh\u00eb q\u00eb Vu\u00e7iqi ka liri veprimi rreth Kosov\u00ebs, p\u00ebr shkak se per\u00ebndimi nuk \u00ebsht\u00eb i vendosur p\u00ebr nj\u00eb marr\u00ebveshje p\u00ebrfundimtare, gjith\u00ebp\u00ebrfshir\u00ebse n\u00eb dialogun e udh\u00ebhequr nga Bashkimi Evropian, duke p\u00ebrfshir\u00eb njohjen formale t\u00eb Kosov\u00ebs, Vu\u00e7i\u00e7i do t\u00eb vazhdoj\u00eb t\u00eb p\u00ebrdor\u00eb marr\u00ebdh\u00ebniet e tij me Pekinin dhe Mosk\u00ebn p\u00ebr t\u00eb ruajtur hap\u00ebsir\u00ebn e manovrimit\u201d, shtoi ai.<\/p>\n<p>Nd\u00ebrsa, analisti Florian Bieber, drejtor i Qendr\u00ebs p\u00ebr Studime t\u00eb Evrop\u00ebs Juglindore n\u00eb Universitetin e Gracit n\u00eb Austri, tha se deklarimi i presidentit Vu\u00e7iq, nuk paraqet befasi dhe se q\u00ebndrimi ndaj Tajvanit ka kuptim p\u00ebr disa arsye.<\/p>\n<p>\u201cS\u00eb pari, ai t\u00ebrheq n\u00eb m\u00ebnyr\u00eb t\u00eb qart\u00eb nj\u00eb paralele nd\u00ebrmjet Kosov\u00ebs dhe Tajvanit. N\u00ebse Kina pretendon Tajvanin, po ashtu edhe Serbia pretendon Kosov\u00ebn dhe \u00ebsht\u00eb e drejta e Serbis\u00eb ta rimarr\u00eb at\u00eb. Natyrisht, ka dallime t\u00eb r\u00ebnd\u00ebsishme, por \u00ebsht\u00eb e qart\u00eb se Vu\u00e7iqi kishte n\u00eb mendje Kosov\u00ebn kur e b\u00ebri deklarat\u00ebn\u201d, tha Bieber, duke n\u00ebnvizuar se ai mb\u00ebshtetet n\u00eb Kin\u00ebn p\u00ebr p\u00ebrkrahjen e Serbis\u00eb rreth Kosov\u00ebs.<\/p>\n<p>\u201cRusia e ka t\u00eb drejt\u00ebn e vetos, por p\u00ebrndryshe \u00ebsht\u00eb nj\u00eb aleate e dob\u00ebt n\u00eb shkall\u00eb globale dhe e dyta, m\u00eb pak parimore. N\u00eb fund t\u00eb fundit, (Vladimir) Putini, la t\u00eb kuptohet se Kosova mund t\u00eb ishte nj\u00eb mjet pazaresh dhe ai do ta njihte n\u00ebse per\u00ebndimi do t\u00eb njihte pretendimet ruse ndaj territoreve t\u00eb okupuara ukrainase dhe gjeorgjiane\u201d, tha analisti Bieber, sipas t\u00eb cilit arsyeja e tret\u00eb \u00ebsht\u00eb se qeveria serbe dhe presidenti Vu\u00e7iq, \u201ckan\u00eb qen\u00eb t\u00eb kujdessh\u00ebm p\u00ebr t\u00eb miratuar dhe mb\u00ebshtetur objektivat kryesore t\u00eb politik\u00ebs kineze n\u00eb m\u00ebnyr\u00eb q\u00eb t\u00eb marrin mb\u00ebshtetje n\u00eb aspektin e investimeve ekonomike\u201d.<\/p>\n<p>Presidenti serb paralajm\u00ebroi vizit\u00ebn e udh\u00ebheq\u00ebsit kinez Xi Jinping m\u00eb von\u00eb gjat\u00eb k\u00ebtij viti n\u00eb Serbi, por pa dh\u00ebn\u00eb ndonj\u00eb dat\u00eb t\u00eb caktuar.<\/p>\n<p>Vizita do t\u00eb pasoj\u00eb marr\u00ebveshjen p\u00ebr tregti t\u00eb lir\u00eb q\u00eb pal\u00ebt n\u00ebnshkruan n\u00eb tetor t\u00eb vitit t\u00eb kaluar gat\u00eb vizit\u00ebs s\u00eb presidentit Vu\u00e7iq n\u00eb Kin\u00eb n\u00eb kuad\u00ebr t\u00eb forumin e tret\u00eb \u201cNj\u00eb Brez nj\u00eb Rrug\u00eb\u201d.<\/p>\n<p>Gjat\u00eb intervist\u00ebs me CGTN presidenti serb hodhi posht\u00eb vler\u00ebsimet rreth \u201ckurthit t\u00eb borxheve\u201d, q\u00eb kan\u00eb p\u00ebrcjell\u00eb investimet kineze n\u00eb Ballkanin Per\u00ebndimor.<\/p>\n<p>Deklarimet e tij b\u00ebhen vet\u00ebm pak dit\u00eb para takimit t\u00eb radh\u00ebs mbi Planin e Rritjes p\u00ebr Ballkanin Per\u00ebndimor q\u00eb do t\u00eb mbahet t\u00eb enjten n\u00eb Tiran\u00eb. Plani i hartuar nga Komisioni Evropian p\u00ebrfshin\u00eb nj\u00eb paket\u00eb me 6 miliard\u00eb euro investime, 4 nga t\u00eb cilat n\u00eb form\u00eb kredie t\u00eb volitshme p\u00ebr gjat\u00eb vendet q\u00eb aspirojn\u00eb integrimin.<\/p>\n<p>Presidentja e Komisioni Ursula Von der Leyen, ka deklaruar se n\u00ebse zbatohet, plani ka mund\u00ebsit\u00eb q\u00eb t\u00eb dyfishoj\u00eb ekonomit\u00eb e Ballkanit Per\u00ebndimor brenda nj\u00eb dekade.<\/p>\n<p>Bashkimi Evropian \u00ebsht\u00eb mb\u00ebshtet\u00ebsi kryesor financiar i vendeve t\u00eb Ballkanit Per\u00ebndimor. p\u00ebrfshir\u00eb Serbin\u00eb e cila n\u00eb dhjet\u00eb vjet ka p\u00ebrfituar 4 miliard\u00eb euro pa kthim dhe 7 miliard\u00eb n\u00eb kredi t\u00eb \u201cbuta\u201d.<\/p>\n<p>Gjat\u00eb punimeve t\u00eb Forumit Ekonomik n\u00eb Davos t\u00eb Zvicr\u00ebs muajin e kaluar, presidenti serb Vu\u00e7i\u00e7 tha se nuk mund t\u00eb heq dor\u00eb nga investimet e drejtp\u00ebrdrejta kineze q\u00eb arrijn\u00eb n\u00eb rreth 30 p\u00ebr qind, por as nga ato evropiane q\u00eb arrijn\u00eb n\u00eb rreth 65 p\u00ebr qind.<\/p>\n<p>Analisti Bodo Weber thot\u00eb se presidenti Vu\u00e7iq p\u00ebr shum\u00eb vite tani pretendon se d\u00ebshiron q\u00eb Serbia t\u00eb an\u00ebtar\u00ebsohet n\u00eb BE, por n\u00eb fakt gjith\u00e7ka q\u00eb ai d\u00ebshiron, \u00ebsht\u00eb \u201ct\u00eb q\u00ebndroj\u00eb n\u00eb pushtet\u201d.<\/p>\n<p>\u201cOrientimi gjeopolitik q\u00eb i sh\u00ebrben k\u00ebtij q\u00ebllimi \u00ebsht\u00eb politika e tij p\u00ebr t\u2019u ulur n\u00eb dy karrige, p\u00ebr t\u00eb balancuar mes Per\u00ebndimit dhe Lindjes, p\u00ebr t\u00eb q\u00ebndruar n\u00eb loj\u00eb si me BE-n\u00eb, ashtu edhe me SHBA-n\u00eb n\u00eb krah, dhe Kin\u00ebn e Rusin\u00eb nga ana tjet\u00ebr. Mendoj se intervista, fjal\u00ebt e tij t\u00eb forta p\u00ebr Tajvanin, duhet t\u00eb shihen gjithashtu n\u00eb kontekstin e problemeve aktuale t\u00eb brendshme t\u00eb regjimit t\u00eb Vu\u00e7iqit, lidhur me zgjedhjet 17 dhjetorit, dhe trysnin\u00eb politike n\u00ebn t\u00eb cil\u00ebn aiu gjen veten nga BE-ja, ve\u00e7an\u00ebrisht nga Parlamenti Evropian q\u00eb k\u00ebrkon nj\u00eb hetim nd\u00ebrkomb\u00ebtar\u201d, tha Weber. \/VoA\/<\/p>\n<p>&nbsp;<\/p>\n","protected":false},"excerpt":{"rendered":"<p>Presidenti i Serbis\u00eb Aleksandar Vu\u00e7iq u shprehu mb\u00ebshtetje t\u00eb vendosur pretendimeve t\u00eb Kin\u00ebs mbi Tajvanin dhe u angazhua p\u00ebr forcimin e lidhjeve me Pekinin, nd\u00ebrsa synon integrimin n\u00eb Bashkimin Evropian, i cili ka nj\u00eb q\u00ebndrim m\u00eb t\u00eb ashp\u00ebr ndaj Kin\u00ebs p\u00ebr shkak t\u00eb mospajtimeve mbi tregtin\u00eb dhe agresionin rus n\u00eb Ukrain\u00eb. \u201cTajvani \u00ebsht\u00eb Kin\u00eb dhe [&hellip;]<\/p>\n","protected":false},"author":2,"featured_media":50346,"comment_status":"closed","ping_status":"closed","sticky":false,"template":"","format":"standard","meta":{"_monsterinsights_skip_tracking":false,"_monsterinsights_sitenote_active":false,"_monsterinsights_sitenote_note":"","_monsterinsights_sitenote_category":0,"_uf_show_specific_survey":0,"_uf_disable_surveys":false,"footnotes":""},"categories":[15],"tags":[658],"yoast_head":"<!-- This site is optimized with the Yoast SEO plugin v21.5 - https:\/\/yoast.com\/wordpress\/plugins\/seo\/ -->\n<title>Deklarata e Vu\u00e7iqit se mb\u00ebshtet Kin\u00ebn n\u00eb raport me Tajvanin, analist\u00ebt e lidhin me Kosov\u00ebn<\/title>\n<meta name=\"robots\" content=\"index, follow, max-snippet:-1, max-image-preview:large, max-video-preview:-1\" \/>\n<link rel=\"canonical\" href=\"https:\/\/permbledhja.com\/sq\/deklarata-e-vuciqit-se-mbeshtet-kinen-ne-raport-me-tajvanin-analistet-e-lidhin-me-kosoven\/\" \/>\n<meta property=\"og:locale\" content=\"sq_AL\" \/>\n<meta property=\"og:type\" content=\"article\" \/>\n<meta property=\"og:title\" content=\"Deklarata e Vu\u00e7iqit se mb\u00ebshtet Kin\u00ebn n\u00eb raport me Tajvanin, analist\u00ebt e lidhin me Kosov\u00ebn\" \/>\n<meta property=\"og:description\" content=\"Presidenti i Serbis\u00eb Aleksandar Vu\u00e7iq u shprehu mb\u00ebshtetje t\u00eb vendosur pretendimeve t\u00eb Kin\u00ebs mbi Tajvanin dhe u angazhua p\u00ebr forcimin e lidhjeve me Pekinin, nd\u00ebrsa synon integrimin n\u00eb Bashkimin Evropian, i cili ka nj\u00eb q\u00ebndrim m\u00eb t\u00eb ashp\u00ebr ndaj Kin\u00ebs p\u00ebr shkak t\u00eb mospajtimeve mbi tregtin\u00eb dhe agresionin rus n\u00eb Ukrain\u00eb. \u201cTajvani \u00ebsht\u00eb Kin\u00eb dhe [&hellip;]\" \/>\n<meta property=\"og:url\" content=\"https:\/\/permbledhja.com\/sq\/deklarata-e-vuciqit-se-mbeshtet-kinen-ne-raport-me-tajvanin-analistet-e-lidhin-me-kosoven\/\" \/>\n<meta property=\"og:site_name\" content=\"Ve\u00e7 artikuj p\u00ebrmbledh\u00ebs\" \/>\n<meta property=\"article:publisher\" content=\"https:\/\/www.facebook.com\/press07\/\" \/>\n<meta property=\"article:published_time\" content=\"2024-02-27T21:48:28+00:00\" \/>\n<meta property=\"og:image\" content=\"https:\/\/permbledhja.com\/wp-content\/uploads\/2024\/02\/vucic.jpg\" \/>\n\t<meta property=\"og:image:width\" content=\"600\" \/>\n\t<meta property=\"og:image:height\" content=\"360\" \/>\n\t<meta property=\"og:image:type\" content=\"image\/jpeg\" \/>\n<meta name=\"author\" content=\"M M\" \/>\n<meta name=\"twitter:card\" content=\"summary_large_image\" \/>\n<meta name=\"twitter:label1\" content=\"Written by\" \/>\n\t<meta name=\"twitter:data1\" content=\"M M\" \/>\n\t<meta name=\"twitter:label2\" content=\"Est. reading time\" \/>\n\t<meta name=\"twitter:data2\" content=\"5 minuta\" \/>\n<script type=\"application\/ld+json\" class=\"yoast-schema-graph\">{\"@context\":\"https:\/\/schema.org\",\"@graph\":[{\"@type\":\"Article\",\"@id\":\"https:\/\/permbledhja.com\/deklarata-e-vuciqit-se-mbeshtet-kinen-ne-raport-me-tajvanin-analistet-e-lidhin-me-kosoven\/#article\",\"isPartOf\":{\"@id\":\"https:\/\/permbledhja.com\/deklarata-e-vuciqit-se-mbeshtet-kinen-ne-raport-me-tajvanin-analistet-e-lidhin-me-kosoven\/\"},\"author\":{\"name\":\"M M\",\"@id\":\"https:\/\/permbledhja.com\/#\/schema\/person\/d23f13f59b5722643933d6780783acf3\"},\"headline\":\"Deklarata e Vu\u00e7iqit se mb\u00ebshtet Kin\u00ebn n\u00eb raport me Tajvanin, analist\u00ebt e lidhin me Kosov\u00ebn\",\"datePublished\":\"2024-02-27T21:48:28+00:00\",\"dateModified\":\"2024-02-27T21:48:28+00:00\",\"mainEntityOfPage\":{\"@id\":\"https:\/\/permbledhja.com\/deklarata-e-vuciqit-se-mbeshtet-kinen-ne-raport-me-tajvanin-analistet-e-lidhin-me-kosoven\/\"},\"wordCount\":977,\"publisher\":{\"@id\":\"https:\/\/permbledhja.com\/#organization\"},\"keywords\":[\"Aleksandar Vu\u00e7iq\"],\"articleSection\":[\"Lajme\"],\"inLanguage\":\"sq\"},{\"@type\":\"WebPage\",\"@id\":\"https:\/\/permbledhja.com\/deklarata-e-vuciqit-se-mbeshtet-kinen-ne-raport-me-tajvanin-analistet-e-lidhin-me-kosoven\/\",\"url\":\"https:\/\/permbledhja.com\/deklarata-e-vuciqit-se-mbeshtet-kinen-ne-raport-me-tajvanin-analistet-e-lidhin-me-kosoven\/\",\"name\":\"Deklarata e Vu\u00e7iqit se mb\u00ebshtet Kin\u00ebn n\u00eb raport me Tajvanin, analist\u00ebt e lidhin me Kosov\u00ebn\",\"isPartOf\":{\"@id\":\"https:\/\/permbledhja.com\/#website\"},\"datePublished\":\"2024-02-27T21:48:28+00:00\",\"dateModified\":\"2024-02-27T21:48:28+00:00\",\"breadcrumb\":{\"@id\":\"https:\/\/permbledhja.com\/deklarata-e-vuciqit-se-mbeshtet-kinen-ne-raport-me-tajvanin-analistet-e-lidhin-me-kosoven\/#breadcrumb\"},\"inLanguage\":\"sq\",\"potentialAction\":[{\"@type\":\"ReadAction\",\"target\":[\"https:\/\/permbledhja.com\/deklarata-e-vuciqit-se-mbeshtet-kinen-ne-raport-me-tajvanin-analistet-e-lidhin-me-kosoven\/\"]}]},{\"@type\":\"BreadcrumbList\",\"@id\":\"https:\/\/permbledhja.com\/deklarata-e-vuciqit-se-mbeshtet-kinen-ne-raport-me-tajvanin-analistet-e-lidhin-me-kosoven\/#breadcrumb\",\"itemListElement\":[{\"@type\":\"ListItem\",\"position\":1,\"name\":\"Ballina\",\"item\":\"https:\/\/permbledhja.com\/sq\/\"},{\"@type\":\"ListItem\",\"position\":2,\"name\":\"Deklarata e Vu\u00e7iqit se mb\u00ebshtet Kin\u00ebn n\u00eb raport me Tajvanin, analist\u00ebt e lidhin me Kosov\u00ebn\"}]},{\"@type\":\"WebSite\",\"@id\":\"https:\/\/permbledhja.com\/#website\",\"url\":\"https:\/\/permbledhja.com\/\",\"name\":\"Ve\u00e7 artikuj p\u00ebrmbledh\u00ebs\",\"description\":\"\",\"publisher\":{\"@id\":\"https:\/\/permbledhja.com\/#organization\"},\"potentialAction\":[{\"@type\":\"SearchAction\",\"target\":{\"@type\":\"EntryPoint\",\"urlTemplate\":\"https:\/\/permbledhja.com\/?s={search_term_string}\"},\"query-input\":\"required name=search_term_string\"}],\"inLanguage\":\"sq\"},{\"@type\":\"Organization\",\"@id\":\"https:\/\/permbledhja.com\/#organization\",\"name\":\"MK Media & Pr\",\"url\":\"https:\/\/permbledhja.com\/\",\"logo\":{\"@type\":\"ImageObject\",\"inLanguage\":\"sq\",\"@id\":\"https:\/\/permbledhja.com\/#\/schema\/logo\/image\/\",\"url\":\"https:\/\/permbledhja.com\/wp-content\/uploads\/2021\/12\/07-Press-Logo.jpg\",\"contentUrl\":\"https:\/\/permbledhja.com\/wp-content\/uploads\/2021\/12\/07-Press-Logo.jpg\",\"width\":512,\"height\":512,\"caption\":\"MK Media & Pr\"},\"image\":{\"@id\":\"https:\/\/permbledhja.com\/#\/schema\/logo\/image\/\"},\"sameAs\":[\"https:\/\/www.facebook.com\/press07\/\"]},{\"@type\":\"Person\",\"@id\":\"https:\/\/permbledhja.com\/#\/schema\/person\/d23f13f59b5722643933d6780783acf3\",\"name\":\"M M\",\"image\":{\"@type\":\"ImageObject\",\"inLanguage\":\"sq\",\"@id\":\"https:\/\/permbledhja.com\/#\/schema\/person\/image\/\",\"url\":\"https:\/\/secure.gravatar.com\/avatar\/e2835a76ca7c31a2416b2d51c4ec9a8f?s=96&d=mm&r=g\",\"contentUrl\":\"https:\/\/secure.gravatar.com\/avatar\/e2835a76ca7c31a2416b2d51c4ec9a8f?s=96&d=mm&r=g\",\"caption\":\"M M\"},\"sameAs\":[\"http:\/\/MM\"],\"url\":\"https:\/\/permbledhja.com\/sq\/author\/muhamet\/\"}]}<\/script>\n<!-- \/ Yoast SEO plugin. -->","yoast_head_json":{"title":"Deklarata e Vu\u00e7iqit se mb\u00ebshtet Kin\u00ebn n\u00eb raport me Tajvanin, analist\u00ebt e lidhin me Kosov\u00ebn","robots":{"index":"index","follow":"follow","max-snippet":"max-snippet:-1","max-image-preview":"max-image-preview:large","max-video-preview":"max-video-preview:-1"},"canonical":"https:\/\/permbledhja.com\/sq\/deklarata-e-vuciqit-se-mbeshtet-kinen-ne-raport-me-tajvanin-analistet-e-lidhin-me-kosoven\/","og_locale":"sq_AL","og_type":"article","og_title":"Deklarata e Vu\u00e7iqit se mb\u00ebshtet Kin\u00ebn n\u00eb raport me Tajvanin, analist\u00ebt e lidhin me Kosov\u00ebn","og_description":"Presidenti i Serbis\u00eb Aleksandar Vu\u00e7iq u shprehu mb\u00ebshtetje t\u00eb vendosur pretendimeve t\u00eb Kin\u00ebs mbi Tajvanin dhe u angazhua p\u00ebr forcimin e lidhjeve me Pekinin, nd\u00ebrsa synon integrimin n\u00eb Bashkimin Evropian, i cili ka nj\u00eb q\u00ebndrim m\u00eb t\u00eb ashp\u00ebr ndaj Kin\u00ebs p\u00ebr shkak t\u00eb mospajtimeve mbi tregtin\u00eb dhe agresionin rus n\u00eb Ukrain\u00eb. \u201cTajvani \u00ebsht\u00eb Kin\u00eb dhe [&hellip;]","og_url":"https:\/\/permbledhja.com\/sq\/deklarata-e-vuciqit-se-mbeshtet-kinen-ne-raport-me-tajvanin-analistet-e-lidhin-me-kosoven\/","og_site_name":"Ve\u00e7 artikuj p\u00ebrmbledh\u00ebs","article_publisher":"https:\/\/www.facebook.com\/press07\/","article_published_time":"2024-02-27T21:48:28+00:00","og_image":[{"width":600,"height":360,"url":"https:\/\/permbledhja.com\/wp-content\/uploads\/2024\/02\/vucic.jpg","type":"image\/jpeg"}],"author":"M M","twitter_card":"summary_large_image","twitter_misc":{"Written by":"M M","Est. reading time":"5 minuta"},"schema":{"@context":"https:\/\/schema.org","@graph":[{"@type":"Article","@id":"https:\/\/permbledhja.com\/deklarata-e-vuciqit-se-mbeshtet-kinen-ne-raport-me-tajvanin-analistet-e-lidhin-me-kosoven\/#article","isPartOf":{"@id":"https:\/\/permbledhja.com\/deklarata-e-vuciqit-se-mbeshtet-kinen-ne-raport-me-tajvanin-analistet-e-lidhin-me-kosoven\/"},"author":{"name":"M M","@id":"https:\/\/permbledhja.com\/#\/schema\/person\/d23f13f59b5722643933d6780783acf3"},"headline":"Deklarata e Vu\u00e7iqit se mb\u00ebshtet Kin\u00ebn n\u00eb raport me Tajvanin, analist\u00ebt e lidhin me Kosov\u00ebn","datePublished":"2024-02-27T21:48:28+00:00","dateModified":"2024-02-27T21:48:28+00:00","mainEntityOfPage":{"@id":"https:\/\/permbledhja.com\/deklarata-e-vuciqit-se-mbeshtet-kinen-ne-raport-me-tajvanin-analistet-e-lidhin-me-kosoven\/"},"wordCount":977,"publisher":{"@id":"https:\/\/permbledhja.com\/#organization"},"keywords":["Aleksandar Vu\u00e7iq"],"articleSection":["Lajme"],"inLanguage":"sq"},{"@type":"WebPage","@id":"https:\/\/permbledhja.com\/deklarata-e-vuciqit-se-mbeshtet-kinen-ne-raport-me-tajvanin-analistet-e-lidhin-me-kosoven\/","url":"https:\/\/permbledhja.com\/deklarata-e-vuciqit-se-mbeshtet-kinen-ne-raport-me-tajvanin-analistet-e-lidhin-me-kosoven\/","name":"Deklarata e Vu\u00e7iqit se mb\u00ebshtet Kin\u00ebn n\u00eb raport me Tajvanin, analist\u00ebt e lidhin me Kosov\u00ebn","isPartOf":{"@id":"https:\/\/permbledhja.com\/#website"},"datePublished":"2024-02-27T21:48:28+00:00","dateModified":"2024-02-27T21:48:28+00:00","breadcrumb":{"@id":"https:\/\/permbledhja.com\/deklarata-e-vuciqit-se-mbeshtet-kinen-ne-raport-me-tajvanin-analistet-e-lidhin-me-kosoven\/#breadcrumb"},"inLanguage":"sq","potentialAction":[{"@type":"ReadAction","target":["https:\/\/permbledhja.com\/deklarata-e-vuciqit-se-mbeshtet-kinen-ne-raport-me-tajvanin-analistet-e-lidhin-me-kosoven\/"]}]},{"@type":"BreadcrumbList","@id":"https:\/\/permbledhja.com\/deklarata-e-vuciqit-se-mbeshtet-kinen-ne-raport-me-tajvanin-analistet-e-lidhin-me-kosoven\/#breadcrumb","itemListElement":[{"@type":"ListItem","position":1,"name":"Ballina","item":"https:\/\/permbledhja.com\/sq\/"},{"@type":"ListItem","position":2,"name":"Deklarata e Vu\u00e7iqit se mb\u00ebshtet Kin\u00ebn n\u00eb raport me Tajvanin, analist\u00ebt e lidhin me Kosov\u00ebn"}]},{"@type":"WebSite","@id":"https:\/\/permbledhja.com\/#website","url":"https:\/\/permbledhja.com\/","name":"Ve\u00e7 artikuj p\u00ebrmbledh\u00ebs","description":"","publisher":{"@id":"https:\/\/permbledhja.com\/#organization"},"potentialAction":[{"@type":"SearchAction","target":{"@type":"EntryPoint","urlTemplate":"https:\/\/permbledhja.com\/?s={search_term_string}"},"query-input":"required name=search_term_string"}],"inLanguage":"sq"},{"@type":"Organization","@id":"https:\/\/permbledhja.com\/#organization","name":"MK Media & Pr","url":"https:\/\/permbledhja.com\/","logo":{"@type":"ImageObject","inLanguage":"sq","@id":"https:\/\/permbledhja.com\/#\/schema\/logo\/image\/","url":"https:\/\/permbledhja.com\/wp-content\/uploads\/2021\/12\/07-Press-Logo.jpg","contentUrl":"https:\/\/permbledhja.com\/wp-content\/uploads\/2021\/12\/07-Press-Logo.jpg","width":512,"height":512,"caption":"MK Media & Pr"},"image":{"@id":"https:\/\/permbledhja.com\/#\/schema\/logo\/image\/"},"sameAs":["https:\/\/www.facebook.com\/press07\/"]},{"@type":"Person","@id":"https:\/\/permbledhja.com\/#\/schema\/person\/d23f13f59b5722643933d6780783acf3","name":"M M","image":{"@type":"ImageObject","inLanguage":"sq","@id":"https:\/\/permbledhja.com\/#\/schema\/person\/image\/","url":"https:\/\/secure.gravatar.com\/avatar\/e2835a76ca7c31a2416b2d51c4ec9a8f?s=96&d=mm&r=g","contentUrl":"https:\/\/secure.gravatar.com\/avatar\/e2835a76ca7c31a2416b2d51c4ec9a8f?s=96&d=mm&r=g","caption":"M M"},"sameAs":["http:\/\/MM"],"url":"https:\/\/permbledhja.com\/sq\/author\/muhamet\/"}]}},"_links":{"self":[{"href":"https:\/\/permbledhja.com\/sq\/wp-json\/wp\/v2\/posts\/50345"}],"collection":[{"href":"https:\/\/permbledhja.com\/sq\/wp-json\/wp\/v2\/posts"}],"about":[{"href":"https:\/\/permbledhja.com\/sq\/wp-json\/wp\/v2\/types\/post"}],"author":[{"embeddable":true,"href":"https:\/\/permbledhja.com\/sq\/wp-json\/wp\/v2\/users\/2"}],"replies":[{"embeddable":true,"href":"https:\/\/permbledhja.com\/sq\/wp-json\/wp\/v2\/comments?post=50345"}],"version-history":[{"count":1,"href":"https:\/\/permbledhja.com\/sq\/wp-json\/wp\/v2\/posts\/50345\/revisions"}],"predecessor-version":[{"id":50347,"href":"https:\/\/permbledhja.com\/sq\/wp-json\/wp\/v2\/posts\/50345\/revisions\/50347"}],"wp:featuredmedia":[{"embeddable":true,"href":"https:\/\/permbledhja.com\/sq\/wp-json\/wp\/v2\/media\/50346"}],"wp:attachment":[{"href":"https:\/\/permbledhja.com\/sq\/wp-json\/wp\/v2\/media?parent=50345"}],"wp:term":[{"taxonomy":"category","embeddable":true,"href":"https:\/\/permbledhja.com\/sq\/wp-json\/wp\/v2\/categories?post=50345"},{"taxonomy":"post_tag","embeddable":true,"href":"https:\/\/permbledhja.com\/sq\/wp-json\/wp\/v2\/tags?post=50345"}],"curies":[{"name":"wp","href":"https:\/\/api.w.org\/{rel}","templated":true}]}}