{"id":50281,"date":"2024-02-27T16:35:29","date_gmt":"2024-02-27T16:35:29","guid":{"rendered":"https:\/\/permbledhja.com\/?p=50281"},"modified":"2024-02-27T16:35:29","modified_gmt":"2024-02-27T16:35:29","slug":"emisari-gjerman-manuel-sarrazin-ne-zyrat-e-ldkse-abdixhiku-jep-detaje-per-takimin-me-te","status":"publish","type":"post","link":"https:\/\/permbledhja.com\/sq\/emisari-gjerman-manuel-sarrazin-ne-zyrat-e-ldkse-abdixhiku-jep-detaje-per-takimin-me-te\/","title":{"rendered":"Emisari gjerman Manuel Sarrazin n\u00eb zyrat e LDK\u2019s\u00eb, Abdixhiku jep detaje p\u00ebr takimin me t\u00eb"},"content":{"rendered":"<h3>Kryetari i LDK\u2019s\u00eb, Lumir Abdixhiku, ka pritur n\u00eb takim emisarin gjerman p\u00ebr Ballkanin Per\u00ebndimor, Manuel Sarrazin.<\/h3>\n<p>LDK ka njoftuar se n\u00eb takim Abdixhiku dhe Sarrazin kan\u00eb diskutuar rreth situat\u00ebs aktuale politike n\u00eb Kosov\u00eb dhe p\u00ebr q\u00ebndrimin e LDK\u2019s\u00eb p\u00ebr k\u00ebto tema.<\/p>\n<p>\u201cKryetari i Lidhjes Demokratike t\u00eb Kosov\u00ebs, Lumir Abdixhiku ka pritur n\u00eb takim emisarin gjerman p\u00ebr Ballkanin Per\u00ebndimor, Manuel Sarrazin. N\u00eb k\u00ebt\u00eb takim kryetari Abdixhiku dhe emisari Sarrazin diskutuan rreth situat\u00ebs aktuale politike n\u00eb Kosov\u00eb si dhe q\u00ebndrimeve t\u00eb LDK-s\u00eb lidhur me k\u00ebto tema.\u201d<\/p>\n<p>Abdixhiku e ka fal\u00ebnderuar Sarrazin p\u00ebr mb\u00ebshtjetjen e vazhdueshme t\u00eb Gjermanis\u00eb p\u00ebr Kosov\u00ebn, duke theksuar mb\u00ebshtetjen n\u00eb procesin e liberalizimit t\u00eb vizave.<\/p>\n<p>Kreu i LDK\u2019s\u00eb ka th\u00ebn\u00eb se kjo parti \u00ebsht\u00eb e p\u00ebrkushtuar dhe gjithmon\u00eb e gatshme p\u00ebr bashk\u00ebpunim me aleat\u00ebt nd\u00ebrkomb\u00ebtar\u00eb n\u00eb proceset e r\u00ebnd\u00ebsishme p\u00ebr Kosov\u00ebn.<\/p>\n<p>\u201cKryetari Abdixhiku e fal\u00ebnderoi z. Sarrazin p\u00ebr mb\u00ebshtetjen e vazhdueshme q\u00eb Gjermania i ka dh\u00ebn\u00eb Kosov\u00ebs n\u00eb t\u00eb gjitha proceset, n\u00eb ve\u00e7anti n\u00eb procesin e liberalizimit t\u00eb vizave. Kryetari Abdixhiku po ashtu ritheksoi se LDK mbetet e p\u00ebrkushtuar dhe gjithmon\u00eb e gatshme p\u00ebr bashk\u00ebpunim me aleat\u00ebt nd\u00ebrkomb\u00ebtar n\u00eb proceset e r\u00ebnd\u00ebsishme t\u00eb Kosov\u00ebs.\u201d<\/p>\n","protected":false},"excerpt":{"rendered":"<p>Kryetari i LDK\u2019s\u00eb, Lumir Abdixhiku, ka pritur n\u00eb takim emisarin gjerman p\u00ebr Ballkanin Per\u00ebndimor, Manuel Sarrazin. LDK ka njoftuar se n\u00eb takim Abdixhiku dhe Sarrazin kan\u00eb diskutuar rreth situat\u00ebs aktuale politike n\u00eb Kosov\u00eb dhe p\u00ebr q\u00ebndrimin e LDK\u2019s\u00eb p\u00ebr k\u00ebto tema. \u201cKryetari i Lidhjes Demokratike t\u00eb Kosov\u00ebs, Lumir Abdixhiku ka pritur n\u00eb takim emisarin gjerman [&hellip;]<\/p>\n","protected":false},"author":2,"featured_media":50282,"comment_status":"closed","ping_status":"closed","sticky":false,"template":"","format":"standard","meta":{"_monsterinsights_skip_tracking":false,"_monsterinsights_sitenote_active":false,"_monsterinsights_sitenote_note":"","_monsterinsights_sitenote_category":0,"_uf_show_specific_survey":0,"_uf_disable_surveys":false,"footnotes":""},"categories":[2645],"tags":[427,2365],"yoast_head":"<!-- This site is optimized with the Yoast SEO plugin v21.5 - https:\/\/yoast.com\/wordpress\/plugins\/seo\/ -->\n<title>Emisari gjerman Manuel Sarrazin n\u00eb zyrat e LDK\u2019s\u00eb, Abdixhiku jep detaje p\u00ebr takimin me t\u00eb<\/title>\n<meta name=\"robots\" content=\"index, follow, max-snippet:-1, max-image-preview:large, max-video-preview:-1\" \/>\n<link rel=\"canonical\" href=\"https:\/\/permbledhja.com\/sq\/emisari-gjerman-manuel-sarrazin-ne-zyrat-e-ldkse-abdixhiku-jep-detaje-per-takimin-me-te\/\" \/>\n<meta property=\"og:locale\" content=\"sq_AL\" \/>\n<meta property=\"og:type\" content=\"article\" \/>\n<meta property=\"og:title\" content=\"Emisari gjerman Manuel Sarrazin n\u00eb zyrat e LDK\u2019s\u00eb, Abdixhiku jep detaje p\u00ebr takimin me t\u00eb\" \/>\n<meta property=\"og:description\" content=\"Kryetari i LDK\u2019s\u00eb, Lumir Abdixhiku, ka pritur n\u00eb takim emisarin gjerman p\u00ebr Ballkanin Per\u00ebndimor, Manuel Sarrazin. LDK ka njoftuar se n\u00eb takim Abdixhiku dhe Sarrazin kan\u00eb diskutuar rreth situat\u00ebs aktuale politike n\u00eb Kosov\u00eb dhe p\u00ebr q\u00ebndrimin e LDK\u2019s\u00eb p\u00ebr k\u00ebto tema. \u201cKryetari i Lidhjes Demokratike t\u00eb Kosov\u00ebs, Lumir Abdixhiku ka pritur n\u00eb takim emisarin gjerman [&hellip;]\" \/>\n<meta property=\"og:url\" content=\"https:\/\/permbledhja.com\/sq\/emisari-gjerman-manuel-sarrazin-ne-zyrat-e-ldkse-abdixhiku-jep-detaje-per-takimin-me-te\/\" \/>\n<meta property=\"og:site_name\" content=\"Ve\u00e7 artikuj p\u00ebrmbledh\u00ebs\" \/>\n<meta property=\"article:publisher\" content=\"https:\/\/www.facebook.com\/press07\/\" \/>\n<meta property=\"article:published_time\" content=\"2024-02-27T16:35:29+00:00\" \/>\n<meta property=\"og:image\" content=\"https:\/\/permbledhja.com\/wp-content\/uploads\/2024\/02\/428693823_932617941566959_3816721436694000593_n-600x360-1.jpg\" \/>\n\t<meta property=\"og:image:width\" content=\"600\" \/>\n\t<meta property=\"og:image:height\" content=\"360\" \/>\n\t<meta property=\"og:image:type\" content=\"image\/jpeg\" \/>\n<meta name=\"author\" content=\"M M\" \/>\n<meta name=\"twitter:card\" content=\"summary_large_image\" \/>\n<meta name=\"twitter:label1\" content=\"Written by\" \/>\n\t<meta name=\"twitter:data1\" content=\"M M\" \/>\n\t<meta name=\"twitter:label2\" content=\"Est. reading time\" \/>\n\t<meta name=\"twitter:data2\" content=\"2 minuta\" \/>\n<script type=\"application\/ld+json\" class=\"yoast-schema-graph\">{\"@context\":\"https:\/\/schema.org\",\"@graph\":[{\"@type\":\"Article\",\"@id\":\"https:\/\/permbledhja.com\/emisari-gjerman-manuel-sarrazin-ne-zyrat-e-ldkse-abdixhiku-jep-detaje-per-takimin-me-te\/#article\",\"isPartOf\":{\"@id\":\"https:\/\/permbledhja.com\/emisari-gjerman-manuel-sarrazin-ne-zyrat-e-ldkse-abdixhiku-jep-detaje-per-takimin-me-te\/\"},\"author\":{\"name\":\"M M\",\"@id\":\"https:\/\/permbledhja.com\/#\/schema\/person\/d23f13f59b5722643933d6780783acf3\"},\"headline\":\"Emisari gjerman Manuel Sarrazin n\u00eb zyrat e LDK\u2019s\u00eb, Abdixhiku jep detaje p\u00ebr takimin me t\u00eb\",\"datePublished\":\"2024-02-27T16:35:29+00:00\",\"dateModified\":\"2024-02-27T16:35:29+00:00\",\"mainEntityOfPage\":{\"@id\":\"https:\/\/permbledhja.com\/emisari-gjerman-manuel-sarrazin-ne-zyrat-e-ldkse-abdixhiku-jep-detaje-per-takimin-me-te\/\"},\"wordCount\":251,\"publisher\":{\"@id\":\"https:\/\/permbledhja.com\/#organization\"},\"keywords\":[\"Lumir Abdixhiku\",\"Sarrazin\"],\"articleSection\":[\"T\u00eb r\u00ebnd\u00ebsishme\"],\"inLanguage\":\"sq\"},{\"@type\":\"WebPage\",\"@id\":\"https:\/\/permbledhja.com\/emisari-gjerman-manuel-sarrazin-ne-zyrat-e-ldkse-abdixhiku-jep-detaje-per-takimin-me-te\/\",\"url\":\"https:\/\/permbledhja.com\/emisari-gjerman-manuel-sarrazin-ne-zyrat-e-ldkse-abdixhiku-jep-detaje-per-takimin-me-te\/\",\"name\":\"Emisari gjerman Manuel Sarrazin n\u00eb zyrat e LDK\u2019s\u00eb, Abdixhiku jep detaje p\u00ebr takimin me t\u00eb\",\"isPartOf\":{\"@id\":\"https:\/\/permbledhja.com\/#website\"},\"datePublished\":\"2024-02-27T16:35:29+00:00\",\"dateModified\":\"2024-02-27T16:35:29+00:00\",\"breadcrumb\":{\"@id\":\"https:\/\/permbledhja.com\/emisari-gjerman-manuel-sarrazin-ne-zyrat-e-ldkse-abdixhiku-jep-detaje-per-takimin-me-te\/#breadcrumb\"},\"inLanguage\":\"sq\",\"potentialAction\":[{\"@type\":\"ReadAction\",\"target\":[\"https:\/\/permbledhja.com\/emisari-gjerman-manuel-sarrazin-ne-zyrat-e-ldkse-abdixhiku-jep-detaje-per-takimin-me-te\/\"]}]},{\"@type\":\"BreadcrumbList\",\"@id\":\"https:\/\/permbledhja.com\/emisari-gjerman-manuel-sarrazin-ne-zyrat-e-ldkse-abdixhiku-jep-detaje-per-takimin-me-te\/#breadcrumb\",\"itemListElement\":[{\"@type\":\"ListItem\",\"position\":1,\"name\":\"Ballina\",\"item\":\"https:\/\/permbledhja.com\/sq\/\"},{\"@type\":\"ListItem\",\"position\":2,\"name\":\"Emisari gjerman Manuel Sarrazin n\u00eb zyrat e LDK\u2019s\u00eb, Abdixhiku jep detaje p\u00ebr takimin me t\u00eb\"}]},{\"@type\":\"WebSite\",\"@id\":\"https:\/\/permbledhja.com\/#website\",\"url\":\"https:\/\/permbledhja.com\/\",\"name\":\"Ve\u00e7 artikuj p\u00ebrmbledh\u00ebs\",\"description\":\"\",\"publisher\":{\"@id\":\"https:\/\/permbledhja.com\/#organization\"},\"potentialAction\":[{\"@type\":\"SearchAction\",\"target\":{\"@type\":\"EntryPoint\",\"urlTemplate\":\"https:\/\/permbledhja.com\/?s={search_term_string}\"},\"query-input\":\"required name=search_term_string\"}],\"inLanguage\":\"sq\"},{\"@type\":\"Organization\",\"@id\":\"https:\/\/permbledhja.com\/#organization\",\"name\":\"MK Media & Pr\",\"url\":\"https:\/\/permbledhja.com\/\",\"logo\":{\"@type\":\"ImageObject\",\"inLanguage\":\"sq\",\"@id\":\"https:\/\/permbledhja.com\/#\/schema\/logo\/image\/\",\"url\":\"https:\/\/permbledhja.com\/wp-content\/uploads\/2021\/12\/07-Press-Logo.jpg\",\"contentUrl\":\"https:\/\/permbledhja.com\/wp-content\/uploads\/2021\/12\/07-Press-Logo.jpg\",\"width\":512,\"height\":512,\"caption\":\"MK Media & Pr\"},\"image\":{\"@id\":\"https:\/\/permbledhja.com\/#\/schema\/logo\/image\/\"},\"sameAs\":[\"https:\/\/www.facebook.com\/press07\/\"]},{\"@type\":\"Person\",\"@id\":\"https:\/\/permbledhja.com\/#\/schema\/person\/d23f13f59b5722643933d6780783acf3\",\"name\":\"M M\",\"image\":{\"@type\":\"ImageObject\",\"inLanguage\":\"sq\",\"@id\":\"https:\/\/permbledhja.com\/#\/schema\/person\/image\/\",\"url\":\"https:\/\/secure.gravatar.com\/avatar\/e2835a76ca7c31a2416b2d51c4ec9a8f?s=96&d=mm&r=g\",\"contentUrl\":\"https:\/\/secure.gravatar.com\/avatar\/e2835a76ca7c31a2416b2d51c4ec9a8f?s=96&d=mm&r=g\",\"caption\":\"M M\"},\"sameAs\":[\"http:\/\/MM\"],\"url\":\"https:\/\/permbledhja.com\/sq\/author\/muhamet\/\"}]}<\/script>\n<!-- \/ Yoast SEO plugin. -->","yoast_head_json":{"title":"Emisari gjerman Manuel Sarrazin n\u00eb zyrat e LDK\u2019s\u00eb, Abdixhiku jep detaje p\u00ebr takimin me t\u00eb","robots":{"index":"index","follow":"follow","max-snippet":"max-snippet:-1","max-image-preview":"max-image-preview:large","max-video-preview":"max-video-preview:-1"},"canonical":"https:\/\/permbledhja.com\/sq\/emisari-gjerman-manuel-sarrazin-ne-zyrat-e-ldkse-abdixhiku-jep-detaje-per-takimin-me-te\/","og_locale":"sq_AL","og_type":"article","og_title":"Emisari gjerman Manuel Sarrazin n\u00eb zyrat e LDK\u2019s\u00eb, Abdixhiku jep detaje p\u00ebr takimin me t\u00eb","og_description":"Kryetari i LDK\u2019s\u00eb, Lumir Abdixhiku, ka pritur n\u00eb takim emisarin gjerman p\u00ebr Ballkanin Per\u00ebndimor, Manuel Sarrazin. LDK ka njoftuar se n\u00eb takim Abdixhiku dhe Sarrazin kan\u00eb diskutuar rreth situat\u00ebs aktuale politike n\u00eb Kosov\u00eb dhe p\u00ebr q\u00ebndrimin e LDK\u2019s\u00eb p\u00ebr k\u00ebto tema. \u201cKryetari i Lidhjes Demokratike t\u00eb Kosov\u00ebs, Lumir Abdixhiku ka pritur n\u00eb takim emisarin gjerman [&hellip;]","og_url":"https:\/\/permbledhja.com\/sq\/emisari-gjerman-manuel-sarrazin-ne-zyrat-e-ldkse-abdixhiku-jep-detaje-per-takimin-me-te\/","og_site_name":"Ve\u00e7 artikuj p\u00ebrmbledh\u00ebs","article_publisher":"https:\/\/www.facebook.com\/press07\/","article_published_time":"2024-02-27T16:35:29+00:00","og_image":[{"width":600,"height":360,"url":"https:\/\/permbledhja.com\/wp-content\/uploads\/2024\/02\/428693823_932617941566959_3816721436694000593_n-600x360-1.jpg","type":"image\/jpeg"}],"author":"M M","twitter_card":"summary_large_image","twitter_misc":{"Written by":"M M","Est. reading time":"2 minuta"},"schema":{"@context":"https:\/\/schema.org","@graph":[{"@type":"Article","@id":"https:\/\/permbledhja.com\/emisari-gjerman-manuel-sarrazin-ne-zyrat-e-ldkse-abdixhiku-jep-detaje-per-takimin-me-te\/#article","isPartOf":{"@id":"https:\/\/permbledhja.com\/emisari-gjerman-manuel-sarrazin-ne-zyrat-e-ldkse-abdixhiku-jep-detaje-per-takimin-me-te\/"},"author":{"name":"M M","@id":"https:\/\/permbledhja.com\/#\/schema\/person\/d23f13f59b5722643933d6780783acf3"},"headline":"Emisari gjerman Manuel Sarrazin n\u00eb zyrat e LDK\u2019s\u00eb, Abdixhiku jep detaje p\u00ebr takimin me t\u00eb","datePublished":"2024-02-27T16:35:29+00:00","dateModified":"2024-02-27T16:35:29+00:00","mainEntityOfPage":{"@id":"https:\/\/permbledhja.com\/emisari-gjerman-manuel-sarrazin-ne-zyrat-e-ldkse-abdixhiku-jep-detaje-per-takimin-me-te\/"},"wordCount":251,"publisher":{"@id":"https:\/\/permbledhja.com\/#organization"},"keywords":["Lumir Abdixhiku","Sarrazin"],"articleSection":["T\u00eb r\u00ebnd\u00ebsishme"],"inLanguage":"sq"},{"@type":"WebPage","@id":"https:\/\/permbledhja.com\/emisari-gjerman-manuel-sarrazin-ne-zyrat-e-ldkse-abdixhiku-jep-detaje-per-takimin-me-te\/","url":"https:\/\/permbledhja.com\/emisari-gjerman-manuel-sarrazin-ne-zyrat-e-ldkse-abdixhiku-jep-detaje-per-takimin-me-te\/","name":"Emisari gjerman Manuel Sarrazin n\u00eb zyrat e LDK\u2019s\u00eb, Abdixhiku jep detaje p\u00ebr takimin me t\u00eb","isPartOf":{"@id":"https:\/\/permbledhja.com\/#website"},"datePublished":"2024-02-27T16:35:29+00:00","dateModified":"2024-02-27T16:35:29+00:00","breadcrumb":{"@id":"https:\/\/permbledhja.com\/emisari-gjerman-manuel-sarrazin-ne-zyrat-e-ldkse-abdixhiku-jep-detaje-per-takimin-me-te\/#breadcrumb"},"inLanguage":"sq","potentialAction":[{"@type":"ReadAction","target":["https:\/\/permbledhja.com\/emisari-gjerman-manuel-sarrazin-ne-zyrat-e-ldkse-abdixhiku-jep-detaje-per-takimin-me-te\/"]}]},{"@type":"BreadcrumbList","@id":"https:\/\/permbledhja.com\/emisari-gjerman-manuel-sarrazin-ne-zyrat-e-ldkse-abdixhiku-jep-detaje-per-takimin-me-te\/#breadcrumb","itemListElement":[{"@type":"ListItem","position":1,"name":"Ballina","item":"https:\/\/permbledhja.com\/sq\/"},{"@type":"ListItem","position":2,"name":"Emisari gjerman Manuel Sarrazin n\u00eb zyrat e LDK\u2019s\u00eb, Abdixhiku jep detaje p\u00ebr takimin me t\u00eb"}]},{"@type":"WebSite","@id":"https:\/\/permbledhja.com\/#website","url":"https:\/\/permbledhja.com\/","name":"Ve\u00e7 artikuj p\u00ebrmbledh\u00ebs","description":"","publisher":{"@id":"https:\/\/permbledhja.com\/#organization"},"potentialAction":[{"@type":"SearchAction","target":{"@type":"EntryPoint","urlTemplate":"https:\/\/permbledhja.com\/?s={search_term_string}"},"query-input":"required name=search_term_string"}],"inLanguage":"sq"},{"@type":"Organization","@id":"https:\/\/permbledhja.com\/#organization","name":"MK Media & Pr","url":"https:\/\/permbledhja.com\/","logo":{"@type":"ImageObject","inLanguage":"sq","@id":"https:\/\/permbledhja.com\/#\/schema\/logo\/image\/","url":"https:\/\/permbledhja.com\/wp-content\/uploads\/2021\/12\/07-Press-Logo.jpg","contentUrl":"https:\/\/permbledhja.com\/wp-content\/uploads\/2021\/12\/07-Press-Logo.jpg","width":512,"height":512,"caption":"MK Media & Pr"},"image":{"@id":"https:\/\/permbledhja.com\/#\/schema\/logo\/image\/"},"sameAs":["https:\/\/www.facebook.com\/press07\/"]},{"@type":"Person","@id":"https:\/\/permbledhja.com\/#\/schema\/person\/d23f13f59b5722643933d6780783acf3","name":"M M","image":{"@type":"ImageObject","inLanguage":"sq","@id":"https:\/\/permbledhja.com\/#\/schema\/person\/image\/","url":"https:\/\/secure.gravatar.com\/avatar\/e2835a76ca7c31a2416b2d51c4ec9a8f?s=96&d=mm&r=g","contentUrl":"https:\/\/secure.gravatar.com\/avatar\/e2835a76ca7c31a2416b2d51c4ec9a8f?s=96&d=mm&r=g","caption":"M M"},"sameAs":["http:\/\/MM"],"url":"https:\/\/permbledhja.com\/sq\/author\/muhamet\/"}]}},"_links":{"self":[{"href":"https:\/\/permbledhja.com\/sq\/wp-json\/wp\/v2\/posts\/50281"}],"collection":[{"href":"https:\/\/permbledhja.com\/sq\/wp-json\/wp\/v2\/posts"}],"about":[{"href":"https:\/\/permbledhja.com\/sq\/wp-json\/wp\/v2\/types\/post"}],"author":[{"embeddable":true,"href":"https:\/\/permbledhja.com\/sq\/wp-json\/wp\/v2\/users\/2"}],"replies":[{"embeddable":true,"href":"https:\/\/permbledhja.com\/sq\/wp-json\/wp\/v2\/comments?post=50281"}],"version-history":[{"count":1,"href":"https:\/\/permbledhja.com\/sq\/wp-json\/wp\/v2\/posts\/50281\/revisions"}],"predecessor-version":[{"id":50283,"href":"https:\/\/permbledhja.com\/sq\/wp-json\/wp\/v2\/posts\/50281\/revisions\/50283"}],"wp:featuredmedia":[{"embeddable":true,"href":"https:\/\/permbledhja.com\/sq\/wp-json\/wp\/v2\/media\/50282"}],"wp:attachment":[{"href":"https:\/\/permbledhja.com\/sq\/wp-json\/wp\/v2\/media?parent=50281"}],"wp:term":[{"taxonomy":"category","embeddable":true,"href":"https:\/\/permbledhja.com\/sq\/wp-json\/wp\/v2\/categories?post=50281"},{"taxonomy":"post_tag","embeddable":true,"href":"https:\/\/permbledhja.com\/sq\/wp-json\/wp\/v2\/tags?post=50281"}],"curies":[{"name":"wp","href":"https:\/\/api.w.org\/{rel}","templated":true}]}}