{"id":50272,"date":"2024-02-27T16:13:56","date_gmt":"2024-02-27T16:13:56","guid":{"rendered":"https:\/\/permbledhja.com\/?p=50272"},"modified":"2024-02-27T16:13:56","modified_gmt":"2024-02-27T16:13:56","slug":"iu-vazhdohet-paraburgimi-naim-murselit-dhe-dy-te-dyshuarve-te-tjere-ne-rastin-e-liridona-ademajt","status":"publish","type":"post","link":"https:\/\/permbledhja.com\/sq\/iu-vazhdohet-paraburgimi-naim-murselit-dhe-dy-te-dyshuarve-te-tjere-ne-rastin-e-liridona-ademajt\/","title":{"rendered":"Iu vazhdohet paraburgimi Naim Murselit dhe dy t\u00eb dyshuarve t\u00eb tjer\u00eb n\u00eb rastin e Liridona Ademajt"},"content":{"rendered":"<h3>Gjykata Themelore e Prishtin\u00ebs, ua ka vazhduar edhe p\u00ebr dy muaj, Naim Murselit, Granit Plav\u00ebs dhe Kushtrim Kokall\u00ebs, t\u00eb cil\u00ebt dyshohen p\u00ebr vrasjen e Liridona Ademajt.<\/h3>\n<p>Kjo u konfirmua p\u00ebr Klankosova.tv nga z\u00ebdh\u00ebn\u00ebsja e k\u00ebsaj gjykate Mirlinda Gashi.<\/p>\n<p>\u201d Masa e paraburgimit t\u00eb pandehurve iu llogaritet prej dat\u00ebs 29.02.2024 deri m\u00eb dat\u00eb 28.04.2024\u2033, tha ajo p\u00ebr Klankosova.tv<\/p>\n<p>Ngjarja e r\u00ebnd\u00eb ndodhi m\u00eb 29 n\u00ebntor 2023, ku Naim Murseli, dyshohet se ka urdh\u00ebruar vrasjen e gruas s\u00eb tij Liridona Ademaj.<\/p>\n<p>Sipas prokuroris\u00eb, derisa Naim Murseli me bashk\u00ebshorten dhe dy f\u00ebmij\u00ebt ishin n\u00eb makin\u00ebn e tyre, papritmas del para vetur\u00ebs i dyshuari Granit Plava me mas\u00eb n\u00eb kok\u00eb dhe revole n\u00eb dor\u00eb ku sipas marr\u00ebveshjes paraprake i pandehuri Naim Murseli me f\u00ebmij\u00eb ka dal\u00eb nga vetura dhe \u00ebsht\u00eb larguar nga vendi i ngjarjes kinse p\u00ebr t\u00eb ikur nd\u00ebrsa n\u00eb vetur\u00eb ka mbetur tani e ndjera Liridona Murseli.<\/p>\n<p>Ajo nuk kishte arritur t\u00eb dal\u00eb nga vetura, pasi dyshohet se ishte q\u00eblluar n\u00eb pjes\u00ebn e qaf\u00ebs m\u00eb nj\u00eb plumb, duke mbetur e vdekur n\u00eb vend. Nd\u00ebrkaq, n\u00eb deklarat\u00ebn e tij n\u00eb polici, Naim Murseli ishte shprehur se kishin pasur probleme martesore dhe q\u00eb e kishin pamund\u00ebsuar vazhdim\u00ebsin\u00eb e lidhjes s\u00eb tyre, mir\u00ebpo sipas tij ai nuk ka qen\u00eb i informuar q\u00eb Plava do e kryente vrasjen at\u00eb dit\u00eb.<\/p>\n<p>T\u00eb ndryshme kan\u00eb qen\u00eb deklaratat e Granit Plav\u00ebs dhe Kushtrim Kokall\u00ebs. Plava kishte th\u00ebn\u00eb se kishte koh\u00eb q\u00eb Murseli i b\u00ebnte presion p\u00ebr t\u2019ia vrar\u00eb gruan dhe se ky ishte detyruar sepse kishte probleme financiare dhe sh\u00ebndet\u00ebsore.<\/p>\n<p>Nd\u00ebrkaq, Kokalla ka deklaruar se ai nuk ka qen\u00eb n\u00eb dijeni mbi vrasjen e Liridona Ademajt. P\u00ebr vrasjen e Liridona Ademajt ka pasur reagime t\u00eb shumta, ku edhe u k\u00ebrkua d\u00ebnim maksimal p\u00ebr personat q\u00eb kan\u00eb kryer vrasjen.<\/p>\n<p>Liridona Ademaj, ka l\u00ebn\u00eb pas vetes dy f\u00ebmij\u00eb.<\/p>\n","protected":false},"excerpt":{"rendered":"<p>Gjykata Themelore e Prishtin\u00ebs, ua ka vazhduar edhe p\u00ebr dy muaj, Naim Murselit, Granit Plav\u00ebs dhe Kushtrim Kokall\u00ebs, t\u00eb cil\u00ebt dyshohen p\u00ebr vrasjen e Liridona Ademajt. Kjo u konfirmua p\u00ebr Klankosova.tv nga z\u00ebdh\u00ebn\u00ebsja e k\u00ebsaj gjykate Mirlinda Gashi. \u201d Masa e paraburgimit t\u00eb pandehurve iu llogaritet prej dat\u00ebs 29.02.2024 deri m\u00eb dat\u00eb 28.04.2024\u2033, tha ajo [&hellip;]<\/p>\n","protected":false},"author":2,"featured_media":50273,"comment_status":"closed","ping_status":"closed","sticky":false,"template":"","format":"standard","meta":{"_monsterinsights_skip_tracking":false,"_monsterinsights_sitenote_active":false,"_monsterinsights_sitenote_note":"","_monsterinsights_sitenote_category":0,"_uf_show_specific_survey":0,"_uf_disable_surveys":false,"footnotes":""},"categories":[2645],"tags":[2721],"yoast_head":"<!-- This site is optimized with the Yoast SEO plugin v21.5 - https:\/\/yoast.com\/wordpress\/plugins\/seo\/ -->\n<title>Iu vazhdohet paraburgimi Naim Murselit dhe dy t\u00eb dyshuarve t\u00eb tjer\u00eb n\u00eb rastin e Liridona Ademajt<\/title>\n<meta name=\"robots\" content=\"index, follow, max-snippet:-1, max-image-preview:large, max-video-preview:-1\" \/>\n<link rel=\"canonical\" href=\"https:\/\/permbledhja.com\/sq\/iu-vazhdohet-paraburgimi-naim-murselit-dhe-dy-te-dyshuarve-te-tjere-ne-rastin-e-liridona-ademajt\/\" \/>\n<meta property=\"og:locale\" content=\"sq_AL\" \/>\n<meta property=\"og:type\" content=\"article\" \/>\n<meta property=\"og:title\" content=\"Iu vazhdohet paraburgimi Naim Murselit dhe dy t\u00eb dyshuarve t\u00eb tjer\u00eb n\u00eb rastin e Liridona Ademajt\" \/>\n<meta property=\"og:description\" content=\"Gjykata Themelore e Prishtin\u00ebs, ua ka vazhduar edhe p\u00ebr dy muaj, Naim Murselit, Granit Plav\u00ebs dhe Kushtrim Kokall\u00ebs, t\u00eb cil\u00ebt dyshohen p\u00ebr vrasjen e Liridona Ademajt. Kjo u konfirmua p\u00ebr Klankosova.tv nga z\u00ebdh\u00ebn\u00ebsja e k\u00ebsaj gjykate Mirlinda Gashi. \u201d Masa e paraburgimit t\u00eb pandehurve iu llogaritet prej dat\u00ebs 29.02.2024 deri m\u00eb dat\u00eb 28.04.2024\u2033, tha ajo [&hellip;]\" \/>\n<meta property=\"og:url\" content=\"https:\/\/permbledhja.com\/sq\/iu-vazhdohet-paraburgimi-naim-murselit-dhe-dy-te-dyshuarve-te-tjere-ne-rastin-e-liridona-ademajt\/\" \/>\n<meta property=\"og:site_name\" content=\"Ve\u00e7 artikuj p\u00ebrmbledh\u00ebs\" \/>\n<meta property=\"article:publisher\" content=\"https:\/\/www.facebook.com\/press07\/\" \/>\n<meta property=\"article:published_time\" content=\"2024-02-27T16:13:56+00:00\" \/>\n<meta property=\"og:image\" content=\"https:\/\/permbledhja.com\/wp-content\/uploads\/2024\/02\/naim-murseli-granit-plava.jpg\" \/>\n\t<meta property=\"og:image:width\" content=\"634\" \/>\n\t<meta property=\"og:image:height\" content=\"401\" \/>\n\t<meta property=\"og:image:type\" content=\"image\/jpeg\" \/>\n<meta name=\"author\" content=\"M M\" \/>\n<meta name=\"twitter:card\" content=\"summary_large_image\" \/>\n<meta name=\"twitter:label1\" content=\"Written by\" \/>\n\t<meta name=\"twitter:data1\" content=\"M M\" \/>\n\t<meta name=\"twitter:label2\" content=\"Est. reading time\" \/>\n\t<meta name=\"twitter:data2\" content=\"2 minuta\" \/>\n<script type=\"application\/ld+json\" class=\"yoast-schema-graph\">{\"@context\":\"https:\/\/schema.org\",\"@graph\":[{\"@type\":\"Article\",\"@id\":\"https:\/\/permbledhja.com\/iu-vazhdohet-paraburgimi-naim-murselit-dhe-dy-te-dyshuarve-te-tjere-ne-rastin-e-liridona-ademajt\/#article\",\"isPartOf\":{\"@id\":\"https:\/\/permbledhja.com\/iu-vazhdohet-paraburgimi-naim-murselit-dhe-dy-te-dyshuarve-te-tjere-ne-rastin-e-liridona-ademajt\/\"},\"author\":{\"name\":\"M M\",\"@id\":\"https:\/\/permbledhja.com\/#\/schema\/person\/d23f13f59b5722643933d6780783acf3\"},\"headline\":\"Iu vazhdohet paraburgimi Naim Murselit dhe dy t\u00eb dyshuarve t\u00eb tjer\u00eb n\u00eb rastin e Liridona Ademajt\",\"datePublished\":\"2024-02-27T16:13:56+00:00\",\"dateModified\":\"2024-02-27T16:13:56+00:00\",\"mainEntityOfPage\":{\"@id\":\"https:\/\/permbledhja.com\/iu-vazhdohet-paraburgimi-naim-murselit-dhe-dy-te-dyshuarve-te-tjere-ne-rastin-e-liridona-ademajt\/\"},\"wordCount\":358,\"publisher\":{\"@id\":\"https:\/\/permbledhja.com\/#organization\"},\"keywords\":[\"Naim Murseli\"],\"articleSection\":[\"T\u00eb r\u00ebnd\u00ebsishme\"],\"inLanguage\":\"sq\"},{\"@type\":\"WebPage\",\"@id\":\"https:\/\/permbledhja.com\/iu-vazhdohet-paraburgimi-naim-murselit-dhe-dy-te-dyshuarve-te-tjere-ne-rastin-e-liridona-ademajt\/\",\"url\":\"https:\/\/permbledhja.com\/iu-vazhdohet-paraburgimi-naim-murselit-dhe-dy-te-dyshuarve-te-tjere-ne-rastin-e-liridona-ademajt\/\",\"name\":\"Iu vazhdohet paraburgimi Naim Murselit dhe dy t\u00eb dyshuarve t\u00eb tjer\u00eb n\u00eb rastin e Liridona Ademajt\",\"isPartOf\":{\"@id\":\"https:\/\/permbledhja.com\/#website\"},\"datePublished\":\"2024-02-27T16:13:56+00:00\",\"dateModified\":\"2024-02-27T16:13:56+00:00\",\"breadcrumb\":{\"@id\":\"https:\/\/permbledhja.com\/iu-vazhdohet-paraburgimi-naim-murselit-dhe-dy-te-dyshuarve-te-tjere-ne-rastin-e-liridona-ademajt\/#breadcrumb\"},\"inLanguage\":\"sq\",\"potentialAction\":[{\"@type\":\"ReadAction\",\"target\":[\"https:\/\/permbledhja.com\/iu-vazhdohet-paraburgimi-naim-murselit-dhe-dy-te-dyshuarve-te-tjere-ne-rastin-e-liridona-ademajt\/\"]}]},{\"@type\":\"BreadcrumbList\",\"@id\":\"https:\/\/permbledhja.com\/iu-vazhdohet-paraburgimi-naim-murselit-dhe-dy-te-dyshuarve-te-tjere-ne-rastin-e-liridona-ademajt\/#breadcrumb\",\"itemListElement\":[{\"@type\":\"ListItem\",\"position\":1,\"name\":\"Ballina\",\"item\":\"https:\/\/permbledhja.com\/sq\/\"},{\"@type\":\"ListItem\",\"position\":2,\"name\":\"Iu vazhdohet paraburgimi Naim Murselit dhe dy t\u00eb dyshuarve t\u00eb tjer\u00eb n\u00eb rastin e Liridona Ademajt\"}]},{\"@type\":\"WebSite\",\"@id\":\"https:\/\/permbledhja.com\/#website\",\"url\":\"https:\/\/permbledhja.com\/\",\"name\":\"Ve\u00e7 artikuj p\u00ebrmbledh\u00ebs\",\"description\":\"\",\"publisher\":{\"@id\":\"https:\/\/permbledhja.com\/#organization\"},\"potentialAction\":[{\"@type\":\"SearchAction\",\"target\":{\"@type\":\"EntryPoint\",\"urlTemplate\":\"https:\/\/permbledhja.com\/?s={search_term_string}\"},\"query-input\":\"required name=search_term_string\"}],\"inLanguage\":\"sq\"},{\"@type\":\"Organization\",\"@id\":\"https:\/\/permbledhja.com\/#organization\",\"name\":\"MK Media & Pr\",\"url\":\"https:\/\/permbledhja.com\/\",\"logo\":{\"@type\":\"ImageObject\",\"inLanguage\":\"sq\",\"@id\":\"https:\/\/permbledhja.com\/#\/schema\/logo\/image\/\",\"url\":\"https:\/\/permbledhja.com\/wp-content\/uploads\/2021\/12\/07-Press-Logo.jpg\",\"contentUrl\":\"https:\/\/permbledhja.com\/wp-content\/uploads\/2021\/12\/07-Press-Logo.jpg\",\"width\":512,\"height\":512,\"caption\":\"MK Media & Pr\"},\"image\":{\"@id\":\"https:\/\/permbledhja.com\/#\/schema\/logo\/image\/\"},\"sameAs\":[\"https:\/\/www.facebook.com\/press07\/\"]},{\"@type\":\"Person\",\"@id\":\"https:\/\/permbledhja.com\/#\/schema\/person\/d23f13f59b5722643933d6780783acf3\",\"name\":\"M M\",\"image\":{\"@type\":\"ImageObject\",\"inLanguage\":\"sq\",\"@id\":\"https:\/\/permbledhja.com\/#\/schema\/person\/image\/\",\"url\":\"https:\/\/secure.gravatar.com\/avatar\/e2835a76ca7c31a2416b2d51c4ec9a8f?s=96&d=mm&r=g\",\"contentUrl\":\"https:\/\/secure.gravatar.com\/avatar\/e2835a76ca7c31a2416b2d51c4ec9a8f?s=96&d=mm&r=g\",\"caption\":\"M M\"},\"sameAs\":[\"http:\/\/MM\"],\"url\":\"https:\/\/permbledhja.com\/sq\/author\/muhamet\/\"}]}<\/script>\n<!-- \/ Yoast SEO plugin. -->","yoast_head_json":{"title":"Iu vazhdohet paraburgimi Naim Murselit dhe dy t\u00eb dyshuarve t\u00eb tjer\u00eb n\u00eb rastin e Liridona Ademajt","robots":{"index":"index","follow":"follow","max-snippet":"max-snippet:-1","max-image-preview":"max-image-preview:large","max-video-preview":"max-video-preview:-1"},"canonical":"https:\/\/permbledhja.com\/sq\/iu-vazhdohet-paraburgimi-naim-murselit-dhe-dy-te-dyshuarve-te-tjere-ne-rastin-e-liridona-ademajt\/","og_locale":"sq_AL","og_type":"article","og_title":"Iu vazhdohet paraburgimi Naim Murselit dhe dy t\u00eb dyshuarve t\u00eb tjer\u00eb n\u00eb rastin e Liridona Ademajt","og_description":"Gjykata Themelore e Prishtin\u00ebs, ua ka vazhduar edhe p\u00ebr dy muaj, Naim Murselit, Granit Plav\u00ebs dhe Kushtrim Kokall\u00ebs, t\u00eb cil\u00ebt dyshohen p\u00ebr vrasjen e Liridona Ademajt. Kjo u konfirmua p\u00ebr Klankosova.tv nga z\u00ebdh\u00ebn\u00ebsja e k\u00ebsaj gjykate Mirlinda Gashi. \u201d Masa e paraburgimit t\u00eb pandehurve iu llogaritet prej dat\u00ebs 29.02.2024 deri m\u00eb dat\u00eb 28.04.2024\u2033, tha ajo [&hellip;]","og_url":"https:\/\/permbledhja.com\/sq\/iu-vazhdohet-paraburgimi-naim-murselit-dhe-dy-te-dyshuarve-te-tjere-ne-rastin-e-liridona-ademajt\/","og_site_name":"Ve\u00e7 artikuj p\u00ebrmbledh\u00ebs","article_publisher":"https:\/\/www.facebook.com\/press07\/","article_published_time":"2024-02-27T16:13:56+00:00","og_image":[{"width":634,"height":401,"url":"https:\/\/permbledhja.com\/wp-content\/uploads\/2024\/02\/naim-murseli-granit-plava.jpg","type":"image\/jpeg"}],"author":"M M","twitter_card":"summary_large_image","twitter_misc":{"Written by":"M M","Est. reading time":"2 minuta"},"schema":{"@context":"https:\/\/schema.org","@graph":[{"@type":"Article","@id":"https:\/\/permbledhja.com\/iu-vazhdohet-paraburgimi-naim-murselit-dhe-dy-te-dyshuarve-te-tjere-ne-rastin-e-liridona-ademajt\/#article","isPartOf":{"@id":"https:\/\/permbledhja.com\/iu-vazhdohet-paraburgimi-naim-murselit-dhe-dy-te-dyshuarve-te-tjere-ne-rastin-e-liridona-ademajt\/"},"author":{"name":"M M","@id":"https:\/\/permbledhja.com\/#\/schema\/person\/d23f13f59b5722643933d6780783acf3"},"headline":"Iu vazhdohet paraburgimi Naim Murselit dhe dy t\u00eb dyshuarve t\u00eb tjer\u00eb n\u00eb rastin e Liridona Ademajt","datePublished":"2024-02-27T16:13:56+00:00","dateModified":"2024-02-27T16:13:56+00:00","mainEntityOfPage":{"@id":"https:\/\/permbledhja.com\/iu-vazhdohet-paraburgimi-naim-murselit-dhe-dy-te-dyshuarve-te-tjere-ne-rastin-e-liridona-ademajt\/"},"wordCount":358,"publisher":{"@id":"https:\/\/permbledhja.com\/#organization"},"keywords":["Naim Murseli"],"articleSection":["T\u00eb r\u00ebnd\u00ebsishme"],"inLanguage":"sq"},{"@type":"WebPage","@id":"https:\/\/permbledhja.com\/iu-vazhdohet-paraburgimi-naim-murselit-dhe-dy-te-dyshuarve-te-tjere-ne-rastin-e-liridona-ademajt\/","url":"https:\/\/permbledhja.com\/iu-vazhdohet-paraburgimi-naim-murselit-dhe-dy-te-dyshuarve-te-tjere-ne-rastin-e-liridona-ademajt\/","name":"Iu vazhdohet paraburgimi Naim Murselit dhe dy t\u00eb dyshuarve t\u00eb tjer\u00eb n\u00eb rastin e Liridona Ademajt","isPartOf":{"@id":"https:\/\/permbledhja.com\/#website"},"datePublished":"2024-02-27T16:13:56+00:00","dateModified":"2024-02-27T16:13:56+00:00","breadcrumb":{"@id":"https:\/\/permbledhja.com\/iu-vazhdohet-paraburgimi-naim-murselit-dhe-dy-te-dyshuarve-te-tjere-ne-rastin-e-liridona-ademajt\/#breadcrumb"},"inLanguage":"sq","potentialAction":[{"@type":"ReadAction","target":["https:\/\/permbledhja.com\/iu-vazhdohet-paraburgimi-naim-murselit-dhe-dy-te-dyshuarve-te-tjere-ne-rastin-e-liridona-ademajt\/"]}]},{"@type":"BreadcrumbList","@id":"https:\/\/permbledhja.com\/iu-vazhdohet-paraburgimi-naim-murselit-dhe-dy-te-dyshuarve-te-tjere-ne-rastin-e-liridona-ademajt\/#breadcrumb","itemListElement":[{"@type":"ListItem","position":1,"name":"Ballina","item":"https:\/\/permbledhja.com\/sq\/"},{"@type":"ListItem","position":2,"name":"Iu vazhdohet paraburgimi Naim Murselit dhe dy t\u00eb dyshuarve t\u00eb tjer\u00eb n\u00eb rastin e Liridona Ademajt"}]},{"@type":"WebSite","@id":"https:\/\/permbledhja.com\/#website","url":"https:\/\/permbledhja.com\/","name":"Ve\u00e7 artikuj p\u00ebrmbledh\u00ebs","description":"","publisher":{"@id":"https:\/\/permbledhja.com\/#organization"},"potentialAction":[{"@type":"SearchAction","target":{"@type":"EntryPoint","urlTemplate":"https:\/\/permbledhja.com\/?s={search_term_string}"},"query-input":"required name=search_term_string"}],"inLanguage":"sq"},{"@type":"Organization","@id":"https:\/\/permbledhja.com\/#organization","name":"MK Media & Pr","url":"https:\/\/permbledhja.com\/","logo":{"@type":"ImageObject","inLanguage":"sq","@id":"https:\/\/permbledhja.com\/#\/schema\/logo\/image\/","url":"https:\/\/permbledhja.com\/wp-content\/uploads\/2021\/12\/07-Press-Logo.jpg","contentUrl":"https:\/\/permbledhja.com\/wp-content\/uploads\/2021\/12\/07-Press-Logo.jpg","width":512,"height":512,"caption":"MK Media & Pr"},"image":{"@id":"https:\/\/permbledhja.com\/#\/schema\/logo\/image\/"},"sameAs":["https:\/\/www.facebook.com\/press07\/"]},{"@type":"Person","@id":"https:\/\/permbledhja.com\/#\/schema\/person\/d23f13f59b5722643933d6780783acf3","name":"M M","image":{"@type":"ImageObject","inLanguage":"sq","@id":"https:\/\/permbledhja.com\/#\/schema\/person\/image\/","url":"https:\/\/secure.gravatar.com\/avatar\/e2835a76ca7c31a2416b2d51c4ec9a8f?s=96&d=mm&r=g","contentUrl":"https:\/\/secure.gravatar.com\/avatar\/e2835a76ca7c31a2416b2d51c4ec9a8f?s=96&d=mm&r=g","caption":"M M"},"sameAs":["http:\/\/MM"],"url":"https:\/\/permbledhja.com\/sq\/author\/muhamet\/"}]}},"_links":{"self":[{"href":"https:\/\/permbledhja.com\/sq\/wp-json\/wp\/v2\/posts\/50272"}],"collection":[{"href":"https:\/\/permbledhja.com\/sq\/wp-json\/wp\/v2\/posts"}],"about":[{"href":"https:\/\/permbledhja.com\/sq\/wp-json\/wp\/v2\/types\/post"}],"author":[{"embeddable":true,"href":"https:\/\/permbledhja.com\/sq\/wp-json\/wp\/v2\/users\/2"}],"replies":[{"embeddable":true,"href":"https:\/\/permbledhja.com\/sq\/wp-json\/wp\/v2\/comments?post=50272"}],"version-history":[{"count":1,"href":"https:\/\/permbledhja.com\/sq\/wp-json\/wp\/v2\/posts\/50272\/revisions"}],"predecessor-version":[{"id":50274,"href":"https:\/\/permbledhja.com\/sq\/wp-json\/wp\/v2\/posts\/50272\/revisions\/50274"}],"wp:featuredmedia":[{"embeddable":true,"href":"https:\/\/permbledhja.com\/sq\/wp-json\/wp\/v2\/media\/50273"}],"wp:attachment":[{"href":"https:\/\/permbledhja.com\/sq\/wp-json\/wp\/v2\/media?parent=50272"}],"wp:term":[{"taxonomy":"category","embeddable":true,"href":"https:\/\/permbledhja.com\/sq\/wp-json\/wp\/v2\/categories?post=50272"},{"taxonomy":"post_tag","embeddable":true,"href":"https:\/\/permbledhja.com\/sq\/wp-json\/wp\/v2\/tags?post=50272"}],"curies":[{"name":"wp","href":"https:\/\/api.w.org\/{rel}","templated":true}]}}