{"id":50188,"date":"2024-02-27T07:51:23","date_gmt":"2024-02-27T07:51:23","guid":{"rendered":"https:\/\/permbledhja.com\/?p=50188"},"modified":"2024-02-27T07:51:23","modified_gmt":"2024-02-27T07:51:23","slug":"kfor-i-thote-se-nuk-nderhyn-ne-lirine-e-levizjes-se-individeve-neper-kosove","status":"publish","type":"post","link":"https:\/\/permbledhja.com\/sq\/kfor-i-thote-se-nuk-nderhyn-ne-lirine-e-levizjes-se-individeve-neper-kosove\/","title":{"rendered":"KFOR-i thot\u00eb se nuk nd\u00ebrhyn n\u00eb lirin\u00eb e l\u00ebvizjes s\u00eb individ\u00ebve n\u00ebp\u00ebr Kosov\u00eb"},"content":{"rendered":"<h3>Misioni i KFOR-it, i udh\u00ebhequr nga NATO ka reguar lidhur me disa spekulime t\u00eb b\u00ebra n\u00eb rrjetet sociale, se KFOR po ndalon disa zyrtar\u00eb kosovar\u00eb t\u00eb kalojn\u00eb n\u00eb veri t\u00eb Kosov\u00ebs.<\/h3>\n<p>Sipas KFOR-it k\u00ebto spekulime jan\u00eb t\u00eb pabaza dhe se KFOR-i nuk nd\u00ebrhyn kurr\u00eb n\u00eb lirin\u00eb e l\u00ebvizjes s\u00eb individ\u00ebve n\u00ebp\u00ebr Kosov\u00eb.<\/p>\n<p>\u201dKFOR-i nuk nd\u00ebrhyn kurr\u00eb n\u00eb lirin\u00eb e l\u00ebvizjes s\u00eb individ\u00ebve n\u00ebp\u00ebr Kosov\u00eb. Ne vazhdojm\u00eb t\u00eb ofrojm\u00eb nj\u00eb mjedis t\u00eb sigurt dhe t\u00eb sigurt p\u00ebr t\u00eb gjitha komunitetet q\u00eb jetojn\u00eb n\u00eb Kosov\u00eb, n\u00eb p\u00ebrputhje me mandatin ton\u00eb t\u00eb OKB-s\u00eb, n\u00eb \u00e7do koh\u00eb dhe n\u00eb m\u00ebnyr\u00eb t\u00eb paanshme. KFOR-i \u00ebsht\u00eb reaguesi i tret\u00eb i siguris\u00eb, pas Policis\u00eb s\u00eb Kosov\u00ebs dhe misionit t\u00eb BE-s\u00eb p\u00ebr Sundimin e Ligjit (EULEX), respektivisht, me t\u00eb cil\u00ebt punojm\u00eb n\u00eb koordinim t\u00eb ngusht\u00eb. Ne vazhdojm\u00eb t\u00eb bashk\u00ebpunojm\u00eb me institucionet n\u00eb Kosov\u00eb n\u00eb baza ditore\u201d, thuhet n\u00eb reagimin e KFOR-it.<\/p>\n<div>\n<div id=\"div-gpt-ad-1634289484286-0\" data-google-query-id=\"CI-rlbOCy4QDFbPPEQgd-q0GHQ\"><\/div>\n<\/div>\n","protected":false},"excerpt":{"rendered":"<p>Misioni i KFOR-it, i udh\u00ebhequr nga NATO ka reguar lidhur me disa spekulime t\u00eb b\u00ebra n\u00eb rrjetet sociale, se KFOR po ndalon disa zyrtar\u00eb kosovar\u00eb t\u00eb kalojn\u00eb n\u00eb veri t\u00eb Kosov\u00ebs. Sipas KFOR-it k\u00ebto spekulime jan\u00eb t\u00eb pabaza dhe se KFOR-i nuk nd\u00ebrhyn kurr\u00eb n\u00eb lirin\u00eb e l\u00ebvizjes s\u00eb individ\u00ebve n\u00ebp\u00ebr Kosov\u00eb. \u201dKFOR-i nuk nd\u00ebrhyn [&hellip;]<\/p>\n","protected":false},"author":5,"featured_media":50189,"comment_status":"closed","ping_status":"closed","sticky":false,"template":"","format":"standard","meta":{"_monsterinsights_skip_tracking":false,"_monsterinsights_sitenote_active":false,"_monsterinsights_sitenote_note":"","_monsterinsights_sitenote_category":0,"_uf_show_specific_survey":0,"_uf_disable_surveys":false,"footnotes":""},"categories":[2645],"tags":[],"yoast_head":"<!-- This site is optimized with the Yoast SEO plugin v21.5 - https:\/\/yoast.com\/wordpress\/plugins\/seo\/ -->\n<title>KFOR-i thot\u00eb se nuk nd\u00ebrhyn n\u00eb lirin\u00eb e l\u00ebvizjes s\u00eb individ\u00ebve n\u00ebp\u00ebr Kosov\u00eb<\/title>\n<meta name=\"robots\" content=\"index, follow, max-snippet:-1, max-image-preview:large, max-video-preview:-1\" \/>\n<link rel=\"canonical\" href=\"https:\/\/permbledhja.com\/sq\/kfor-i-thote-se-nuk-nderhyn-ne-lirine-e-levizjes-se-individeve-neper-kosove\/\" \/>\n<meta property=\"og:locale\" content=\"sq_AL\" \/>\n<meta property=\"og:type\" content=\"article\" \/>\n<meta property=\"og:title\" content=\"KFOR-i thot\u00eb se nuk nd\u00ebrhyn n\u00eb lirin\u00eb e l\u00ebvizjes s\u00eb individ\u00ebve n\u00ebp\u00ebr Kosov\u00eb\" \/>\n<meta property=\"og:description\" content=\"Misioni i KFOR-it, i udh\u00ebhequr nga NATO ka reguar lidhur me disa spekulime t\u00eb b\u00ebra n\u00eb rrjetet sociale, se KFOR po ndalon disa zyrtar\u00eb kosovar\u00eb t\u00eb kalojn\u00eb n\u00eb veri t\u00eb Kosov\u00ebs. Sipas KFOR-it k\u00ebto spekulime jan\u00eb t\u00eb pabaza dhe se KFOR-i nuk nd\u00ebrhyn kurr\u00eb n\u00eb lirin\u00eb e l\u00ebvizjes s\u00eb individ\u00ebve n\u00ebp\u00ebr Kosov\u00eb. \u201dKFOR-i nuk nd\u00ebrhyn [&hellip;]\" \/>\n<meta property=\"og:url\" content=\"https:\/\/permbledhja.com\/sq\/kfor-i-thote-se-nuk-nderhyn-ne-lirine-e-levizjes-se-individeve-neper-kosove\/\" \/>\n<meta property=\"og:site_name\" content=\"Ve\u00e7 artikuj p\u00ebrmbledh\u00ebs\" \/>\n<meta property=\"article:publisher\" content=\"https:\/\/www.facebook.com\/press07\/\" \/>\n<meta property=\"article:published_time\" content=\"2024-02-27T07:51:23+00:00\" \/>\n<meta property=\"og:image\" content=\"https:\/\/permbledhja.com\/wp-content\/uploads\/2024\/02\/kfor.jpg\" \/>\n\t<meta property=\"og:image:width\" content=\"600\" \/>\n\t<meta property=\"og:image:height\" content=\"360\" \/>\n\t<meta property=\"og:image:type\" content=\"image\/jpeg\" \/>\n<meta name=\"author\" content=\"DL\" \/>\n<meta name=\"twitter:card\" content=\"summary_large_image\" \/>\n<meta name=\"twitter:label1\" content=\"Written by\" \/>\n\t<meta name=\"twitter:data1\" content=\"DL\" \/>\n\t<meta name=\"twitter:label2\" content=\"Est. reading time\" \/>\n\t<meta name=\"twitter:data2\" content=\"1 minut\u00eb\" \/>\n<script type=\"application\/ld+json\" class=\"yoast-schema-graph\">{\"@context\":\"https:\/\/schema.org\",\"@graph\":[{\"@type\":\"Article\",\"@id\":\"https:\/\/permbledhja.com\/sq\/kfor-i-thote-se-nuk-nderhyn-ne-lirine-e-levizjes-se-individeve-neper-kosove\/#article\",\"isPartOf\":{\"@id\":\"https:\/\/permbledhja.com\/sq\/kfor-i-thote-se-nuk-nderhyn-ne-lirine-e-levizjes-se-individeve-neper-kosove\/\"},\"author\":{\"name\":\"DL\",\"@id\":\"https:\/\/permbledhja.com\/#\/schema\/person\/9c54260cbc4c6f792cb100550491638c\"},\"headline\":\"KFOR-i thot\u00eb se nuk nd\u00ebrhyn n\u00eb lirin\u00eb e l\u00ebvizjes s\u00eb individ\u00ebve n\u00ebp\u00ebr Kosov\u00eb\",\"datePublished\":\"2024-02-27T07:51:23+00:00\",\"dateModified\":\"2024-02-27T07:51:23+00:00\",\"mainEntityOfPage\":{\"@id\":\"https:\/\/permbledhja.com\/sq\/kfor-i-thote-se-nuk-nderhyn-ne-lirine-e-levizjes-se-individeve-neper-kosove\/\"},\"wordCount\":182,\"publisher\":{\"@id\":\"https:\/\/permbledhja.com\/#organization\"},\"articleSection\":[\"T\u00eb r\u00ebnd\u00ebsishme\"],\"inLanguage\":\"sq\"},{\"@type\":\"WebPage\",\"@id\":\"https:\/\/permbledhja.com\/sq\/kfor-i-thote-se-nuk-nderhyn-ne-lirine-e-levizjes-se-individeve-neper-kosove\/\",\"url\":\"https:\/\/permbledhja.com\/sq\/kfor-i-thote-se-nuk-nderhyn-ne-lirine-e-levizjes-se-individeve-neper-kosove\/\",\"name\":\"KFOR-i thot\u00eb se nuk nd\u00ebrhyn n\u00eb lirin\u00eb e l\u00ebvizjes s\u00eb individ\u00ebve n\u00ebp\u00ebr Kosov\u00eb\",\"isPartOf\":{\"@id\":\"https:\/\/permbledhja.com\/#website\"},\"datePublished\":\"2024-02-27T07:51:23+00:00\",\"dateModified\":\"2024-02-27T07:51:23+00:00\",\"breadcrumb\":{\"@id\":\"https:\/\/permbledhja.com\/sq\/kfor-i-thote-se-nuk-nderhyn-ne-lirine-e-levizjes-se-individeve-neper-kosove\/#breadcrumb\"},\"inLanguage\":\"sq\",\"potentialAction\":[{\"@type\":\"ReadAction\",\"target\":[\"https:\/\/permbledhja.com\/sq\/kfor-i-thote-se-nuk-nderhyn-ne-lirine-e-levizjes-se-individeve-neper-kosove\/\"]}]},{\"@type\":\"BreadcrumbList\",\"@id\":\"https:\/\/permbledhja.com\/sq\/kfor-i-thote-se-nuk-nderhyn-ne-lirine-e-levizjes-se-individeve-neper-kosove\/#breadcrumb\",\"itemListElement\":[{\"@type\":\"ListItem\",\"position\":1,\"name\":\"Ballina\",\"item\":\"https:\/\/permbledhja.com\/sq\/\"},{\"@type\":\"ListItem\",\"position\":2,\"name\":\"KFOR-i thot\u00eb se nuk nd\u00ebrhyn n\u00eb lirin\u00eb e l\u00ebvizjes s\u00eb individ\u00ebve n\u00ebp\u00ebr Kosov\u00eb\"}]},{\"@type\":\"WebSite\",\"@id\":\"https:\/\/permbledhja.com\/#website\",\"url\":\"https:\/\/permbledhja.com\/\",\"name\":\"Ve\u00e7 artikuj p\u00ebrmbledh\u00ebs\",\"description\":\"\",\"publisher\":{\"@id\":\"https:\/\/permbledhja.com\/#organization\"},\"potentialAction\":[{\"@type\":\"SearchAction\",\"target\":{\"@type\":\"EntryPoint\",\"urlTemplate\":\"https:\/\/permbledhja.com\/?s={search_term_string}\"},\"query-input\":\"required name=search_term_string\"}],\"inLanguage\":\"sq\"},{\"@type\":\"Organization\",\"@id\":\"https:\/\/permbledhja.com\/#organization\",\"name\":\"MK Media & Pr\",\"url\":\"https:\/\/permbledhja.com\/\",\"logo\":{\"@type\":\"ImageObject\",\"inLanguage\":\"sq\",\"@id\":\"https:\/\/permbledhja.com\/#\/schema\/logo\/image\/\",\"url\":\"https:\/\/permbledhja.com\/wp-content\/uploads\/2021\/12\/07-Press-Logo.jpg\",\"contentUrl\":\"https:\/\/permbledhja.com\/wp-content\/uploads\/2021\/12\/07-Press-Logo.jpg\",\"width\":512,\"height\":512,\"caption\":\"MK Media & Pr\"},\"image\":{\"@id\":\"https:\/\/permbledhja.com\/#\/schema\/logo\/image\/\"},\"sameAs\":[\"https:\/\/www.facebook.com\/press07\/\"]},{\"@type\":\"Person\",\"@id\":\"https:\/\/permbledhja.com\/#\/schema\/person\/9c54260cbc4c6f792cb100550491638c\",\"name\":\"DL\",\"image\":{\"@type\":\"ImageObject\",\"inLanguage\":\"sq\",\"@id\":\"https:\/\/permbledhja.com\/#\/schema\/person\/image\/\",\"url\":\"https:\/\/secure.gravatar.com\/avatar\/94503eb28d4c4b2005a5c8753e35fc80?s=96&d=mm&r=g\",\"contentUrl\":\"https:\/\/secure.gravatar.com\/avatar\/94503eb28d4c4b2005a5c8753e35fc80?s=96&d=mm&r=g\",\"caption\":\"DL\"},\"url\":\"https:\/\/permbledhja.com\/sq\/author\/dl\/\"}]}<\/script>\n<!-- \/ Yoast SEO plugin. -->","yoast_head_json":{"title":"KFOR-i thot\u00eb se nuk nd\u00ebrhyn n\u00eb lirin\u00eb e l\u00ebvizjes s\u00eb individ\u00ebve n\u00ebp\u00ebr Kosov\u00eb","robots":{"index":"index","follow":"follow","max-snippet":"max-snippet:-1","max-image-preview":"max-image-preview:large","max-video-preview":"max-video-preview:-1"},"canonical":"https:\/\/permbledhja.com\/sq\/kfor-i-thote-se-nuk-nderhyn-ne-lirine-e-levizjes-se-individeve-neper-kosove\/","og_locale":"sq_AL","og_type":"article","og_title":"KFOR-i thot\u00eb se nuk nd\u00ebrhyn n\u00eb lirin\u00eb e l\u00ebvizjes s\u00eb individ\u00ebve n\u00ebp\u00ebr Kosov\u00eb","og_description":"Misioni i KFOR-it, i udh\u00ebhequr nga NATO ka reguar lidhur me disa spekulime t\u00eb b\u00ebra n\u00eb rrjetet sociale, se KFOR po ndalon disa zyrtar\u00eb kosovar\u00eb t\u00eb kalojn\u00eb n\u00eb veri t\u00eb Kosov\u00ebs. Sipas KFOR-it k\u00ebto spekulime jan\u00eb t\u00eb pabaza dhe se KFOR-i nuk nd\u00ebrhyn kurr\u00eb n\u00eb lirin\u00eb e l\u00ebvizjes s\u00eb individ\u00ebve n\u00ebp\u00ebr Kosov\u00eb. \u201dKFOR-i nuk nd\u00ebrhyn [&hellip;]","og_url":"https:\/\/permbledhja.com\/sq\/kfor-i-thote-se-nuk-nderhyn-ne-lirine-e-levizjes-se-individeve-neper-kosove\/","og_site_name":"Ve\u00e7 artikuj p\u00ebrmbledh\u00ebs","article_publisher":"https:\/\/www.facebook.com\/press07\/","article_published_time":"2024-02-27T07:51:23+00:00","og_image":[{"width":600,"height":360,"url":"https:\/\/permbledhja.com\/wp-content\/uploads\/2024\/02\/kfor.jpg","type":"image\/jpeg"}],"author":"DL","twitter_card":"summary_large_image","twitter_misc":{"Written by":"DL","Est. reading time":"1 minut\u00eb"},"schema":{"@context":"https:\/\/schema.org","@graph":[{"@type":"Article","@id":"https:\/\/permbledhja.com\/sq\/kfor-i-thote-se-nuk-nderhyn-ne-lirine-e-levizjes-se-individeve-neper-kosove\/#article","isPartOf":{"@id":"https:\/\/permbledhja.com\/sq\/kfor-i-thote-se-nuk-nderhyn-ne-lirine-e-levizjes-se-individeve-neper-kosove\/"},"author":{"name":"DL","@id":"https:\/\/permbledhja.com\/#\/schema\/person\/9c54260cbc4c6f792cb100550491638c"},"headline":"KFOR-i thot\u00eb se nuk nd\u00ebrhyn n\u00eb lirin\u00eb e l\u00ebvizjes s\u00eb individ\u00ebve n\u00ebp\u00ebr Kosov\u00eb","datePublished":"2024-02-27T07:51:23+00:00","dateModified":"2024-02-27T07:51:23+00:00","mainEntityOfPage":{"@id":"https:\/\/permbledhja.com\/sq\/kfor-i-thote-se-nuk-nderhyn-ne-lirine-e-levizjes-se-individeve-neper-kosove\/"},"wordCount":182,"publisher":{"@id":"https:\/\/permbledhja.com\/#organization"},"articleSection":["T\u00eb r\u00ebnd\u00ebsishme"],"inLanguage":"sq"},{"@type":"WebPage","@id":"https:\/\/permbledhja.com\/sq\/kfor-i-thote-se-nuk-nderhyn-ne-lirine-e-levizjes-se-individeve-neper-kosove\/","url":"https:\/\/permbledhja.com\/sq\/kfor-i-thote-se-nuk-nderhyn-ne-lirine-e-levizjes-se-individeve-neper-kosove\/","name":"KFOR-i thot\u00eb se nuk nd\u00ebrhyn n\u00eb lirin\u00eb e l\u00ebvizjes s\u00eb individ\u00ebve n\u00ebp\u00ebr Kosov\u00eb","isPartOf":{"@id":"https:\/\/permbledhja.com\/#website"},"datePublished":"2024-02-27T07:51:23+00:00","dateModified":"2024-02-27T07:51:23+00:00","breadcrumb":{"@id":"https:\/\/permbledhja.com\/sq\/kfor-i-thote-se-nuk-nderhyn-ne-lirine-e-levizjes-se-individeve-neper-kosove\/#breadcrumb"},"inLanguage":"sq","potentialAction":[{"@type":"ReadAction","target":["https:\/\/permbledhja.com\/sq\/kfor-i-thote-se-nuk-nderhyn-ne-lirine-e-levizjes-se-individeve-neper-kosove\/"]}]},{"@type":"BreadcrumbList","@id":"https:\/\/permbledhja.com\/sq\/kfor-i-thote-se-nuk-nderhyn-ne-lirine-e-levizjes-se-individeve-neper-kosove\/#breadcrumb","itemListElement":[{"@type":"ListItem","position":1,"name":"Ballina","item":"https:\/\/permbledhja.com\/sq\/"},{"@type":"ListItem","position":2,"name":"KFOR-i thot\u00eb se nuk nd\u00ebrhyn n\u00eb lirin\u00eb e l\u00ebvizjes s\u00eb individ\u00ebve n\u00ebp\u00ebr Kosov\u00eb"}]},{"@type":"WebSite","@id":"https:\/\/permbledhja.com\/#website","url":"https:\/\/permbledhja.com\/","name":"Ve\u00e7 artikuj p\u00ebrmbledh\u00ebs","description":"","publisher":{"@id":"https:\/\/permbledhja.com\/#organization"},"potentialAction":[{"@type":"SearchAction","target":{"@type":"EntryPoint","urlTemplate":"https:\/\/permbledhja.com\/?s={search_term_string}"},"query-input":"required name=search_term_string"}],"inLanguage":"sq"},{"@type":"Organization","@id":"https:\/\/permbledhja.com\/#organization","name":"MK Media & Pr","url":"https:\/\/permbledhja.com\/","logo":{"@type":"ImageObject","inLanguage":"sq","@id":"https:\/\/permbledhja.com\/#\/schema\/logo\/image\/","url":"https:\/\/permbledhja.com\/wp-content\/uploads\/2021\/12\/07-Press-Logo.jpg","contentUrl":"https:\/\/permbledhja.com\/wp-content\/uploads\/2021\/12\/07-Press-Logo.jpg","width":512,"height":512,"caption":"MK Media & Pr"},"image":{"@id":"https:\/\/permbledhja.com\/#\/schema\/logo\/image\/"},"sameAs":["https:\/\/www.facebook.com\/press07\/"]},{"@type":"Person","@id":"https:\/\/permbledhja.com\/#\/schema\/person\/9c54260cbc4c6f792cb100550491638c","name":"DL","image":{"@type":"ImageObject","inLanguage":"sq","@id":"https:\/\/permbledhja.com\/#\/schema\/person\/image\/","url":"https:\/\/secure.gravatar.com\/avatar\/94503eb28d4c4b2005a5c8753e35fc80?s=96&d=mm&r=g","contentUrl":"https:\/\/secure.gravatar.com\/avatar\/94503eb28d4c4b2005a5c8753e35fc80?s=96&d=mm&r=g","caption":"DL"},"url":"https:\/\/permbledhja.com\/sq\/author\/dl\/"}]}},"_links":{"self":[{"href":"https:\/\/permbledhja.com\/sq\/wp-json\/wp\/v2\/posts\/50188"}],"collection":[{"href":"https:\/\/permbledhja.com\/sq\/wp-json\/wp\/v2\/posts"}],"about":[{"href":"https:\/\/permbledhja.com\/sq\/wp-json\/wp\/v2\/types\/post"}],"author":[{"embeddable":true,"href":"https:\/\/permbledhja.com\/sq\/wp-json\/wp\/v2\/users\/5"}],"replies":[{"embeddable":true,"href":"https:\/\/permbledhja.com\/sq\/wp-json\/wp\/v2\/comments?post=50188"}],"version-history":[{"count":1,"href":"https:\/\/permbledhja.com\/sq\/wp-json\/wp\/v2\/posts\/50188\/revisions"}],"predecessor-version":[{"id":50190,"href":"https:\/\/permbledhja.com\/sq\/wp-json\/wp\/v2\/posts\/50188\/revisions\/50190"}],"wp:featuredmedia":[{"embeddable":true,"href":"https:\/\/permbledhja.com\/sq\/wp-json\/wp\/v2\/media\/50189"}],"wp:attachment":[{"href":"https:\/\/permbledhja.com\/sq\/wp-json\/wp\/v2\/media?parent=50188"}],"wp:term":[{"taxonomy":"category","embeddable":true,"href":"https:\/\/permbledhja.com\/sq\/wp-json\/wp\/v2\/categories?post=50188"},{"taxonomy":"post_tag","embeddable":true,"href":"https:\/\/permbledhja.com\/sq\/wp-json\/wp\/v2\/tags?post=50188"}],"curies":[{"name":"wp","href":"https:\/\/api.w.org\/{rel}","templated":true}]}}