{"id":50173,"date":"2024-02-26T22:20:47","date_gmt":"2024-02-26T22:20:47","guid":{"rendered":"https:\/\/permbledhja.com\/?p=50173"},"modified":"2024-02-26T22:20:47","modified_gmt":"2024-02-26T22:20:47","slug":"gervalla-takon-ambasadorin-hovenier-flasin-per-situaten-aktuale-ne-vend","status":"publish","type":"post","link":"https:\/\/permbledhja.com\/sq\/gervalla-takon-ambasadorin-hovenier-flasin-per-situaten-aktuale-ne-vend\/","title":{"rendered":"G\u00ebrvalla takon ambasadorin Hovenier, flasin p\u00ebr situat\u00ebn aktuale n\u00eb vend"},"content":{"rendered":"<h3>Ministrja e Pun\u00ebve t\u00eb Jashtme, Donika G\u00ebrvalla ka takuar sot ambasadorin amerikan Jeffrey Hovenier.<\/h3>\n<p>P\u00ebr k\u00ebt\u00eb takim, G\u00ebrvalla ka njoftuar p\u00ebrmes rrjetit social \u201cX\u201d, ku ka treguar se kan\u00eb biseduar p\u00ebr ngjarjet aktuale n\u00eb vend.<\/p>\n<p>\u201cN\u00eb takimin tim t\u00eb rregullt me ambasadorin amerikan Jeff Hovenier, diskutuam p\u00ebr ngjarjet aktuale, perspektiv\u00ebn ton\u00eb euroatlantike dhe p\u00ebrpjekjet e p\u00ebrbashk\u00ebta t\u00eb Kosov\u00ebs s\u00eb bashku me aleat\u00ebt e saj n\u00eb NATO dhe BE p\u00ebr t\u00eb forcuar sigurin\u00eb dhe stabilitetin p\u00ebr k\u00ebt\u00eb pjes\u00eb vendimtare t\u00eb Evrop\u00ebs\u201d, ka shkruar Donika G\u00ebrvalla n\u00eb \u2018X\u2019.<\/p>\n","protected":false},"excerpt":{"rendered":"<p>Ministrja e Pun\u00ebve t\u00eb Jashtme, Donika G\u00ebrvalla ka takuar sot ambasadorin amerikan Jeffrey Hovenier. P\u00ebr k\u00ebt\u00eb takim, G\u00ebrvalla ka njoftuar p\u00ebrmes rrjetit social \u201cX\u201d, ku ka treguar se kan\u00eb biseduar p\u00ebr ngjarjet aktuale n\u00eb vend. \u201cN\u00eb takimin tim t\u00eb rregullt me ambasadorin amerikan Jeff Hovenier, diskutuam p\u00ebr ngjarjet aktuale, perspektiv\u00ebn ton\u00eb euroatlantike dhe p\u00ebrpjekjet e [&hellip;]<\/p>\n","protected":false},"author":2,"featured_media":50174,"comment_status":"closed","ping_status":"closed","sticky":false,"template":"","format":"standard","meta":{"_monsterinsights_skip_tracking":false,"_monsterinsights_sitenote_active":false,"_monsterinsights_sitenote_note":"","_monsterinsights_sitenote_category":0,"_uf_show_specific_survey":0,"_uf_disable_surveys":false,"footnotes":""},"categories":[1146],"tags":[259],"yoast_head":"<!-- This site is optimized with the Yoast SEO plugin v21.5 - https:\/\/yoast.com\/wordpress\/plugins\/seo\/ -->\n<title>G\u00ebrvalla takon ambasadorin Hovenier, flasin p\u00ebr situat\u00ebn aktuale n\u00eb vend<\/title>\n<meta name=\"robots\" content=\"index, follow, max-snippet:-1, max-image-preview:large, max-video-preview:-1\" \/>\n<link rel=\"canonical\" href=\"https:\/\/permbledhja.com\/sq\/gervalla-takon-ambasadorin-hovenier-flasin-per-situaten-aktuale-ne-vend\/\" \/>\n<meta property=\"og:locale\" content=\"sq_AL\" \/>\n<meta property=\"og:type\" content=\"article\" \/>\n<meta property=\"og:title\" content=\"G\u00ebrvalla takon ambasadorin Hovenier, flasin p\u00ebr situat\u00ebn aktuale n\u00eb vend\" \/>\n<meta property=\"og:description\" content=\"Ministrja e Pun\u00ebve t\u00eb Jashtme, Donika G\u00ebrvalla ka takuar sot ambasadorin amerikan Jeffrey Hovenier. P\u00ebr k\u00ebt\u00eb takim, G\u00ebrvalla ka njoftuar p\u00ebrmes rrjetit social \u201cX\u201d, ku ka treguar se kan\u00eb biseduar p\u00ebr ngjarjet aktuale n\u00eb vend. \u201cN\u00eb takimin tim t\u00eb rregullt me ambasadorin amerikan Jeff Hovenier, diskutuam p\u00ebr ngjarjet aktuale, perspektiv\u00ebn ton\u00eb euroatlantike dhe p\u00ebrpjekjet e [&hellip;]\" \/>\n<meta property=\"og:url\" content=\"https:\/\/permbledhja.com\/sq\/gervalla-takon-ambasadorin-hovenier-flasin-per-situaten-aktuale-ne-vend\/\" \/>\n<meta property=\"og:site_name\" content=\"Ve\u00e7 artikuj p\u00ebrmbledh\u00ebs\" \/>\n<meta property=\"article:publisher\" content=\"https:\/\/www.facebook.com\/press07\/\" \/>\n<meta property=\"article:published_time\" content=\"2024-02-26T22:20:47+00:00\" \/>\n<meta property=\"og:image\" content=\"https:\/\/permbledhja.com\/wp-content\/uploads\/2024\/02\/donika-gervalla.jpg\" \/>\n\t<meta property=\"og:image:width\" content=\"1252\" \/>\n\t<meta property=\"og:image:height\" content=\"814\" \/>\n\t<meta property=\"og:image:type\" content=\"image\/jpeg\" \/>\n<meta name=\"author\" content=\"M M\" \/>\n<meta name=\"twitter:card\" content=\"summary_large_image\" \/>\n<meta name=\"twitter:label1\" content=\"Written by\" \/>\n\t<meta name=\"twitter:data1\" content=\"M M\" \/>\n\t<meta name=\"twitter:label2\" content=\"Est. reading time\" \/>\n\t<meta name=\"twitter:data2\" content=\"1 minut\u00eb\" \/>\n<script type=\"application\/ld+json\" class=\"yoast-schema-graph\">{\"@context\":\"https:\/\/schema.org\",\"@graph\":[{\"@type\":\"Article\",\"@id\":\"https:\/\/permbledhja.com\/sq\/gervalla-takon-ambasadorin-hovenier-flasin-per-situaten-aktuale-ne-vend\/#article\",\"isPartOf\":{\"@id\":\"https:\/\/permbledhja.com\/sq\/gervalla-takon-ambasadorin-hovenier-flasin-per-situaten-aktuale-ne-vend\/\"},\"author\":{\"name\":\"M M\",\"@id\":\"https:\/\/permbledhja.com\/#\/schema\/person\/d23f13f59b5722643933d6780783acf3\"},\"headline\":\"G\u00ebrvalla takon ambasadorin Hovenier, flasin p\u00ebr situat\u00ebn aktuale n\u00eb vend\",\"datePublished\":\"2024-02-26T22:20:47+00:00\",\"dateModified\":\"2024-02-26T22:20:47+00:00\",\"mainEntityOfPage\":{\"@id\":\"https:\/\/permbledhja.com\/sq\/gervalla-takon-ambasadorin-hovenier-flasin-per-situaten-aktuale-ne-vend\/\"},\"wordCount\":118,\"publisher\":{\"@id\":\"https:\/\/permbledhja.com\/#organization\"},\"keywords\":[\"Donika G\u00ebrvalla\"],\"articleSection\":[\"Kryesoret\"],\"inLanguage\":\"sq\"},{\"@type\":\"WebPage\",\"@id\":\"https:\/\/permbledhja.com\/sq\/gervalla-takon-ambasadorin-hovenier-flasin-per-situaten-aktuale-ne-vend\/\",\"url\":\"https:\/\/permbledhja.com\/sq\/gervalla-takon-ambasadorin-hovenier-flasin-per-situaten-aktuale-ne-vend\/\",\"name\":\"G\u00ebrvalla takon ambasadorin Hovenier, flasin p\u00ebr situat\u00ebn aktuale n\u00eb vend\",\"isPartOf\":{\"@id\":\"https:\/\/permbledhja.com\/#website\"},\"datePublished\":\"2024-02-26T22:20:47+00:00\",\"dateModified\":\"2024-02-26T22:20:47+00:00\",\"breadcrumb\":{\"@id\":\"https:\/\/permbledhja.com\/sq\/gervalla-takon-ambasadorin-hovenier-flasin-per-situaten-aktuale-ne-vend\/#breadcrumb\"},\"inLanguage\":\"sq\",\"potentialAction\":[{\"@type\":\"ReadAction\",\"target\":[\"https:\/\/permbledhja.com\/sq\/gervalla-takon-ambasadorin-hovenier-flasin-per-situaten-aktuale-ne-vend\/\"]}]},{\"@type\":\"BreadcrumbList\",\"@id\":\"https:\/\/permbledhja.com\/sq\/gervalla-takon-ambasadorin-hovenier-flasin-per-situaten-aktuale-ne-vend\/#breadcrumb\",\"itemListElement\":[{\"@type\":\"ListItem\",\"position\":1,\"name\":\"Ballina\",\"item\":\"https:\/\/permbledhja.com\/sq\/\"},{\"@type\":\"ListItem\",\"position\":2,\"name\":\"G\u00ebrvalla takon ambasadorin Hovenier, flasin p\u00ebr situat\u00ebn aktuale n\u00eb vend\"}]},{\"@type\":\"WebSite\",\"@id\":\"https:\/\/permbledhja.com\/#website\",\"url\":\"https:\/\/permbledhja.com\/\",\"name\":\"Ve\u00e7 artikuj p\u00ebrmbledh\u00ebs\",\"description\":\"\",\"publisher\":{\"@id\":\"https:\/\/permbledhja.com\/#organization\"},\"potentialAction\":[{\"@type\":\"SearchAction\",\"target\":{\"@type\":\"EntryPoint\",\"urlTemplate\":\"https:\/\/permbledhja.com\/?s={search_term_string}\"},\"query-input\":\"required name=search_term_string\"}],\"inLanguage\":\"sq\"},{\"@type\":\"Organization\",\"@id\":\"https:\/\/permbledhja.com\/#organization\",\"name\":\"MK Media & Pr\",\"url\":\"https:\/\/permbledhja.com\/\",\"logo\":{\"@type\":\"ImageObject\",\"inLanguage\":\"sq\",\"@id\":\"https:\/\/permbledhja.com\/#\/schema\/logo\/image\/\",\"url\":\"https:\/\/permbledhja.com\/wp-content\/uploads\/2021\/12\/07-Press-Logo.jpg\",\"contentUrl\":\"https:\/\/permbledhja.com\/wp-content\/uploads\/2021\/12\/07-Press-Logo.jpg\",\"width\":512,\"height\":512,\"caption\":\"MK Media & Pr\"},\"image\":{\"@id\":\"https:\/\/permbledhja.com\/#\/schema\/logo\/image\/\"},\"sameAs\":[\"https:\/\/www.facebook.com\/press07\/\"]},{\"@type\":\"Person\",\"@id\":\"https:\/\/permbledhja.com\/#\/schema\/person\/d23f13f59b5722643933d6780783acf3\",\"name\":\"M M\",\"image\":{\"@type\":\"ImageObject\",\"inLanguage\":\"sq\",\"@id\":\"https:\/\/permbledhja.com\/#\/schema\/person\/image\/\",\"url\":\"https:\/\/secure.gravatar.com\/avatar\/e2835a76ca7c31a2416b2d51c4ec9a8f?s=96&d=mm&r=g\",\"contentUrl\":\"https:\/\/secure.gravatar.com\/avatar\/e2835a76ca7c31a2416b2d51c4ec9a8f?s=96&d=mm&r=g\",\"caption\":\"M M\"},\"sameAs\":[\"http:\/\/MM\"],\"url\":\"https:\/\/permbledhja.com\/sq\/author\/muhamet\/\"}]}<\/script>\n<!-- \/ Yoast SEO plugin. -->","yoast_head_json":{"title":"G\u00ebrvalla takon ambasadorin Hovenier, flasin p\u00ebr situat\u00ebn aktuale n\u00eb vend","robots":{"index":"index","follow":"follow","max-snippet":"max-snippet:-1","max-image-preview":"max-image-preview:large","max-video-preview":"max-video-preview:-1"},"canonical":"https:\/\/permbledhja.com\/sq\/gervalla-takon-ambasadorin-hovenier-flasin-per-situaten-aktuale-ne-vend\/","og_locale":"sq_AL","og_type":"article","og_title":"G\u00ebrvalla takon ambasadorin Hovenier, flasin p\u00ebr situat\u00ebn aktuale n\u00eb vend","og_description":"Ministrja e Pun\u00ebve t\u00eb Jashtme, Donika G\u00ebrvalla ka takuar sot ambasadorin amerikan Jeffrey Hovenier. P\u00ebr k\u00ebt\u00eb takim, G\u00ebrvalla ka njoftuar p\u00ebrmes rrjetit social \u201cX\u201d, ku ka treguar se kan\u00eb biseduar p\u00ebr ngjarjet aktuale n\u00eb vend. \u201cN\u00eb takimin tim t\u00eb rregullt me ambasadorin amerikan Jeff Hovenier, diskutuam p\u00ebr ngjarjet aktuale, perspektiv\u00ebn ton\u00eb euroatlantike dhe p\u00ebrpjekjet e [&hellip;]","og_url":"https:\/\/permbledhja.com\/sq\/gervalla-takon-ambasadorin-hovenier-flasin-per-situaten-aktuale-ne-vend\/","og_site_name":"Ve\u00e7 artikuj p\u00ebrmbledh\u00ebs","article_publisher":"https:\/\/www.facebook.com\/press07\/","article_published_time":"2024-02-26T22:20:47+00:00","og_image":[{"width":1252,"height":814,"url":"https:\/\/permbledhja.com\/wp-content\/uploads\/2024\/02\/donika-gervalla.jpg","type":"image\/jpeg"}],"author":"M M","twitter_card":"summary_large_image","twitter_misc":{"Written by":"M M","Est. reading time":"1 minut\u00eb"},"schema":{"@context":"https:\/\/schema.org","@graph":[{"@type":"Article","@id":"https:\/\/permbledhja.com\/sq\/gervalla-takon-ambasadorin-hovenier-flasin-per-situaten-aktuale-ne-vend\/#article","isPartOf":{"@id":"https:\/\/permbledhja.com\/sq\/gervalla-takon-ambasadorin-hovenier-flasin-per-situaten-aktuale-ne-vend\/"},"author":{"name":"M M","@id":"https:\/\/permbledhja.com\/#\/schema\/person\/d23f13f59b5722643933d6780783acf3"},"headline":"G\u00ebrvalla takon ambasadorin Hovenier, flasin p\u00ebr situat\u00ebn aktuale n\u00eb vend","datePublished":"2024-02-26T22:20:47+00:00","dateModified":"2024-02-26T22:20:47+00:00","mainEntityOfPage":{"@id":"https:\/\/permbledhja.com\/sq\/gervalla-takon-ambasadorin-hovenier-flasin-per-situaten-aktuale-ne-vend\/"},"wordCount":118,"publisher":{"@id":"https:\/\/permbledhja.com\/#organization"},"keywords":["Donika G\u00ebrvalla"],"articleSection":["Kryesoret"],"inLanguage":"sq"},{"@type":"WebPage","@id":"https:\/\/permbledhja.com\/sq\/gervalla-takon-ambasadorin-hovenier-flasin-per-situaten-aktuale-ne-vend\/","url":"https:\/\/permbledhja.com\/sq\/gervalla-takon-ambasadorin-hovenier-flasin-per-situaten-aktuale-ne-vend\/","name":"G\u00ebrvalla takon ambasadorin Hovenier, flasin p\u00ebr situat\u00ebn aktuale n\u00eb vend","isPartOf":{"@id":"https:\/\/permbledhja.com\/#website"},"datePublished":"2024-02-26T22:20:47+00:00","dateModified":"2024-02-26T22:20:47+00:00","breadcrumb":{"@id":"https:\/\/permbledhja.com\/sq\/gervalla-takon-ambasadorin-hovenier-flasin-per-situaten-aktuale-ne-vend\/#breadcrumb"},"inLanguage":"sq","potentialAction":[{"@type":"ReadAction","target":["https:\/\/permbledhja.com\/sq\/gervalla-takon-ambasadorin-hovenier-flasin-per-situaten-aktuale-ne-vend\/"]}]},{"@type":"BreadcrumbList","@id":"https:\/\/permbledhja.com\/sq\/gervalla-takon-ambasadorin-hovenier-flasin-per-situaten-aktuale-ne-vend\/#breadcrumb","itemListElement":[{"@type":"ListItem","position":1,"name":"Ballina","item":"https:\/\/permbledhja.com\/sq\/"},{"@type":"ListItem","position":2,"name":"G\u00ebrvalla takon ambasadorin Hovenier, flasin p\u00ebr situat\u00ebn aktuale n\u00eb vend"}]},{"@type":"WebSite","@id":"https:\/\/permbledhja.com\/#website","url":"https:\/\/permbledhja.com\/","name":"Ve\u00e7 artikuj p\u00ebrmbledh\u00ebs","description":"","publisher":{"@id":"https:\/\/permbledhja.com\/#organization"},"potentialAction":[{"@type":"SearchAction","target":{"@type":"EntryPoint","urlTemplate":"https:\/\/permbledhja.com\/?s={search_term_string}"},"query-input":"required name=search_term_string"}],"inLanguage":"sq"},{"@type":"Organization","@id":"https:\/\/permbledhja.com\/#organization","name":"MK Media & Pr","url":"https:\/\/permbledhja.com\/","logo":{"@type":"ImageObject","inLanguage":"sq","@id":"https:\/\/permbledhja.com\/#\/schema\/logo\/image\/","url":"https:\/\/permbledhja.com\/wp-content\/uploads\/2021\/12\/07-Press-Logo.jpg","contentUrl":"https:\/\/permbledhja.com\/wp-content\/uploads\/2021\/12\/07-Press-Logo.jpg","width":512,"height":512,"caption":"MK Media & Pr"},"image":{"@id":"https:\/\/permbledhja.com\/#\/schema\/logo\/image\/"},"sameAs":["https:\/\/www.facebook.com\/press07\/"]},{"@type":"Person","@id":"https:\/\/permbledhja.com\/#\/schema\/person\/d23f13f59b5722643933d6780783acf3","name":"M M","image":{"@type":"ImageObject","inLanguage":"sq","@id":"https:\/\/permbledhja.com\/#\/schema\/person\/image\/","url":"https:\/\/secure.gravatar.com\/avatar\/e2835a76ca7c31a2416b2d51c4ec9a8f?s=96&d=mm&r=g","contentUrl":"https:\/\/secure.gravatar.com\/avatar\/e2835a76ca7c31a2416b2d51c4ec9a8f?s=96&d=mm&r=g","caption":"M M"},"sameAs":["http:\/\/MM"],"url":"https:\/\/permbledhja.com\/sq\/author\/muhamet\/"}]}},"_links":{"self":[{"href":"https:\/\/permbledhja.com\/sq\/wp-json\/wp\/v2\/posts\/50173"}],"collection":[{"href":"https:\/\/permbledhja.com\/sq\/wp-json\/wp\/v2\/posts"}],"about":[{"href":"https:\/\/permbledhja.com\/sq\/wp-json\/wp\/v2\/types\/post"}],"author":[{"embeddable":true,"href":"https:\/\/permbledhja.com\/sq\/wp-json\/wp\/v2\/users\/2"}],"replies":[{"embeddable":true,"href":"https:\/\/permbledhja.com\/sq\/wp-json\/wp\/v2\/comments?post=50173"}],"version-history":[{"count":1,"href":"https:\/\/permbledhja.com\/sq\/wp-json\/wp\/v2\/posts\/50173\/revisions"}],"predecessor-version":[{"id":50175,"href":"https:\/\/permbledhja.com\/sq\/wp-json\/wp\/v2\/posts\/50173\/revisions\/50175"}],"wp:featuredmedia":[{"embeddable":true,"href":"https:\/\/permbledhja.com\/sq\/wp-json\/wp\/v2\/media\/50174"}],"wp:attachment":[{"href":"https:\/\/permbledhja.com\/sq\/wp-json\/wp\/v2\/media?parent=50173"}],"wp:term":[{"taxonomy":"category","embeddable":true,"href":"https:\/\/permbledhja.com\/sq\/wp-json\/wp\/v2\/categories?post=50173"},{"taxonomy":"post_tag","embeddable":true,"href":"https:\/\/permbledhja.com\/sq\/wp-json\/wp\/v2\/tags?post=50173"}],"curies":[{"name":"wp","href":"https:\/\/api.w.org\/{rel}","templated":true}]}}