{"id":50170,"date":"2024-02-26T21:59:39","date_gmt":"2024-02-26T21:59:39","guid":{"rendered":"https:\/\/permbledhja.com\/?p=50170"},"modified":"2024-02-26T21:59:39","modified_gmt":"2024-02-26T21:59:39","slug":"rrahmani-projektligjin-per-ivf-e-mbeshtes-vetem-per-ciftet-jo-per-nje-grua-18-vjecare-te-pamartuar","status":"publish","type":"post","link":"https:\/\/permbledhja.com\/sq\/rrahmani-projektligjin-per-ivf-e-mbeshtes-vetem-per-ciftet-jo-per-nje-grua-18-vjecare-te-pamartuar\/","title":{"rendered":"Rrahmani: Projektligjin p\u00ebr IVF e mb\u00ebshtes vet\u00ebm p\u00ebr \u00e7iftet, jo p\u00ebr nj\u00eb grua 18-vje\u00e7are t\u00eb pamartuar"},"content":{"rendered":"<h3>Deputeti nga radh\u00ebt e L\u00ebvizjes Vet\u00ebvendosje, Eman Rrahmani, lidhur me fertilizimin e asistuar, ka th\u00ebn\u00eb se e mb\u00ebshtet fertilizimin p\u00ebr nj\u00eb \u00e7ift si burr\u00eb e grua, por jo edhe p\u00ebr nj\u00eb grua 18-vje\u00e7are, e cila \u00ebsht\u00eb e pamartuar dhe q\u00eb e ndalon t\u00eb drejt\u00ebn p\u00ebr t\u00eb njohur familjen, pasi mund t\u00eb d\u00ebrgojn\u00eb n\u00eb incest.<\/h3>\n<p>K\u00ebshtu \u00ebsht\u00eb shprehur n\u00eb RTV Dukagjini, ku po diskutohet projektligjin p\u00ebr sh\u00ebndetin riprodhues dhe fertilizimin e asistuar, i njohur si IVF.<\/p>\n<p>\u201cFertilizimi i asistuar t\u00eb jet\u00eb vet\u00ebm p\u00ebr \u00e7iftin, burr\u00eb dhe grua e jo p\u00ebr nj\u00eb grua 18-vje\u00e7are, e cila \u00ebsht\u00eb e pamartuar dhe q\u00eb e ia ndalon f\u00ebmij\u00ebs t\u00eb drejt\u00ebn t\u00eb njoh\u00eb babain, n\u00ebn\u00ebn, v\u00ebllain apo motr\u00ebn. Nuk mb\u00ebshtesim ligje t\u00eb tilla q\u00eb mund t\u00eb d\u00ebrgojn\u00eb n\u00eb incest dhe do t\u00eb japim angazhimin ton\u00eb derisa na lejohet neve si deputet\u201d, \u00ebsht\u00eb shprehur Rrahmani.<\/p>\n<p>Nd\u00ebrsa, deputeti Eman Rrahmani i ka b\u00ebr\u00eb thirrje Ministris\u00eb s\u00eb Sh\u00ebndet\u00ebsis\u00eb dhe ministrit Arben Vitia p\u00ebr kryerjen e pun\u00ebve t\u00eb tyre, duke ua mund\u00ebsuar \u00e7ifteve q\u00eb kan\u00eb probleme me sh\u00ebndetin e tyre riprodhues t\u00eb kryejn\u00eb IFV n\u00eb institucionet publike t\u00eb vendit.<\/p>\n<p>\u201cFertilizimi mund t\u00eb ndodh\u00eb n\u00eb Institucione Publike. Nuk ka pasur vullnet nga Qeverit\u00eb e kaluara prej m\u00eb shum\u00eb se dhjet\u00eb vite prej kur ekziston udh\u00ebzimi administrative. Nuk ka vullnet, as nuk ka pasur vullnet dhe nuk \u00ebsht\u00eb duke vazhduar t\u00eb ket\u00eb vullnet edhe nga kjo qeverisje p\u00ebr k\u00ebto tri vite. P\u00ebr \u00e7iftet q\u00eb kan\u00eb problem p\u00ebr fertilizim, ta kryejn\u00eb k\u00ebt\u00eb sh\u00ebrbim me kosto zero n\u00eb Institucione Publike\u201d.<\/p>\n<p>\u201cMinistri me angazhimin e tij dhe investimet t\u00eb cilat duhen, q\u00eb ta b\u00ebj\u00eb n\u00eb Institucionet publike mir\u00ebpo arsyetimi i munges\u00ebs s\u00eb ligjit \u00ebsht\u00eb thjesht\u00eb sa p\u00ebr t\u00eb shpenzuar debatet publike apo p\u00ebr t\u2019u arsyetuar p\u00ebr mos investime t\u00eb cilat kan\u00eb mundur. Natyrisht bashk\u00eb me 10 deputet\u00eb t\u00eb tjer\u00eb t\u00eb cil\u00ebt i kemi paraqitur k\u00ebto amandamente, e mb\u00ebshtesim fertilizimin e asistuar tek \u00e7iftet dhe i b\u00ebjm\u00eb thirrje ministrit Vitia t\u00eb i kryej\u00eb k\u00ebto pun\u00ebt dhe detyrat e tyre p\u00ebr t\u00eb mund\u00ebsuar \u00e7ifteve q\u00eb k\u00ebto procedura t\u00eb kryhen n\u00eb Institucione Publike. Ku duhet nd\u00ebrtuar dhe jan\u00eb mjete t\u00eb qytetar\u00ebve dhe duhet investuar, duke mos dh\u00ebn\u00eb para n\u00eb institucione private\u201d, \u00ebsht\u00eb shprehur Rrahmani.<\/p>\n","protected":false},"excerpt":{"rendered":"<p>Deputeti nga radh\u00ebt e L\u00ebvizjes Vet\u00ebvendosje, Eman Rrahmani, lidhur me fertilizimin e asistuar, ka th\u00ebn\u00eb se e mb\u00ebshtet fertilizimin p\u00ebr nj\u00eb \u00e7ift si burr\u00eb e grua, por jo edhe p\u00ebr nj\u00eb grua 18-vje\u00e7are, e cila \u00ebsht\u00eb e pamartuar dhe q\u00eb e ndalon t\u00eb drejt\u00ebn p\u00ebr t\u00eb njohur familjen, pasi mund t\u00eb d\u00ebrgojn\u00eb n\u00eb incest. K\u00ebshtu [&hellip;]<\/p>\n","protected":false},"author":2,"featured_media":50171,"comment_status":"closed","ping_status":"closed","sticky":false,"template":"","format":"standard","meta":{"_monsterinsights_skip_tracking":false,"_monsterinsights_sitenote_active":false,"_monsterinsights_sitenote_note":"","_monsterinsights_sitenote_category":0,"_uf_show_specific_survey":0,"_uf_disable_surveys":false,"footnotes":""},"categories":[15],"tags":[1350],"yoast_head":"<!-- This site is optimized with the Yoast SEO plugin v21.5 - https:\/\/yoast.com\/wordpress\/plugins\/seo\/ -->\n<title>Rrahmani: Projektligjin p\u00ebr IVF e mb\u00ebshtes vet\u00ebm p\u00ebr \u00e7iftet, jo p\u00ebr nj\u00eb grua 18-vje\u00e7are t\u00eb pamartuar<\/title>\n<meta name=\"robots\" content=\"index, follow, max-snippet:-1, max-image-preview:large, max-video-preview:-1\" \/>\n<link rel=\"canonical\" href=\"https:\/\/permbledhja.com\/sq\/rrahmani-projektligjin-per-ivf-e-mbeshtes-vetem-per-ciftet-jo-per-nje-grua-18-vjecare-te-pamartuar\/\" \/>\n<meta property=\"og:locale\" content=\"sq_AL\" \/>\n<meta property=\"og:type\" content=\"article\" \/>\n<meta property=\"og:title\" content=\"Rrahmani: Projektligjin p\u00ebr IVF e mb\u00ebshtes vet\u00ebm p\u00ebr \u00e7iftet, jo p\u00ebr nj\u00eb grua 18-vje\u00e7are t\u00eb pamartuar\" \/>\n<meta property=\"og:description\" content=\"Deputeti nga radh\u00ebt e L\u00ebvizjes Vet\u00ebvendosje, Eman Rrahmani, lidhur me fertilizimin e asistuar, ka th\u00ebn\u00eb se e mb\u00ebshtet fertilizimin p\u00ebr nj\u00eb \u00e7ift si burr\u00eb e grua, por jo edhe p\u00ebr nj\u00eb grua 18-vje\u00e7are, e cila \u00ebsht\u00eb e pamartuar dhe q\u00eb e ndalon t\u00eb drejt\u00ebn p\u00ebr t\u00eb njohur familjen, pasi mund t\u00eb d\u00ebrgojn\u00eb n\u00eb incest. K\u00ebshtu [&hellip;]\" \/>\n<meta property=\"og:url\" content=\"https:\/\/permbledhja.com\/sq\/rrahmani-projektligjin-per-ivf-e-mbeshtes-vetem-per-ciftet-jo-per-nje-grua-18-vjecare-te-pamartuar\/\" \/>\n<meta property=\"og:site_name\" content=\"Ve\u00e7 artikuj p\u00ebrmbledh\u00ebs\" \/>\n<meta property=\"article:publisher\" content=\"https:\/\/www.facebook.com\/press07\/\" \/>\n<meta property=\"article:published_time\" content=\"2024-02-26T21:59:39+00:00\" \/>\n<meta property=\"og:image\" content=\"https:\/\/permbledhja.com\/wp-content\/uploads\/2024\/02\/Eman-Rrahmani-1.jpg\" \/>\n\t<meta property=\"og:image:width\" content=\"768\" \/>\n\t<meta property=\"og:image:height\" content=\"616\" \/>\n\t<meta property=\"og:image:type\" content=\"image\/jpeg\" \/>\n<meta name=\"author\" content=\"M M\" \/>\n<meta name=\"twitter:card\" content=\"summary_large_image\" \/>\n<meta name=\"twitter:label1\" content=\"Written by\" \/>\n\t<meta name=\"twitter:data1\" content=\"M M\" \/>\n\t<meta name=\"twitter:label2\" content=\"Est. reading time\" \/>\n\t<meta name=\"twitter:data2\" content=\"2 minuta\" \/>\n<script type=\"application\/ld+json\" class=\"yoast-schema-graph\">{\"@context\":\"https:\/\/schema.org\",\"@graph\":[{\"@type\":\"Article\",\"@id\":\"https:\/\/permbledhja.com\/rrahmani-projektligjin-per-ivf-e-mbeshtes-vetem-per-ciftet-jo-per-nje-grua-18-vjecare-te-pamartuar\/#article\",\"isPartOf\":{\"@id\":\"https:\/\/permbledhja.com\/rrahmani-projektligjin-per-ivf-e-mbeshtes-vetem-per-ciftet-jo-per-nje-grua-18-vjecare-te-pamartuar\/\"},\"author\":{\"name\":\"M M\",\"@id\":\"https:\/\/permbledhja.com\/#\/schema\/person\/d23f13f59b5722643933d6780783acf3\"},\"headline\":\"Rrahmani: Projektligjin p\u00ebr IVF e mb\u00ebshtes vet\u00ebm p\u00ebr \u00e7iftet, jo p\u00ebr nj\u00eb grua 18-vje\u00e7are t\u00eb pamartuar\",\"datePublished\":\"2024-02-26T21:59:39+00:00\",\"dateModified\":\"2024-02-26T21:59:39+00:00\",\"mainEntityOfPage\":{\"@id\":\"https:\/\/permbledhja.com\/rrahmani-projektligjin-per-ivf-e-mbeshtes-vetem-per-ciftet-jo-per-nje-grua-18-vjecare-te-pamartuar\/\"},\"wordCount\":438,\"publisher\":{\"@id\":\"https:\/\/permbledhja.com\/#organization\"},\"keywords\":[\"Eman Rrahmani\"],\"articleSection\":[\"Lajme\"],\"inLanguage\":\"sq\"},{\"@type\":\"WebPage\",\"@id\":\"https:\/\/permbledhja.com\/rrahmani-projektligjin-per-ivf-e-mbeshtes-vetem-per-ciftet-jo-per-nje-grua-18-vjecare-te-pamartuar\/\",\"url\":\"https:\/\/permbledhja.com\/rrahmani-projektligjin-per-ivf-e-mbeshtes-vetem-per-ciftet-jo-per-nje-grua-18-vjecare-te-pamartuar\/\",\"name\":\"Rrahmani: Projektligjin p\u00ebr IVF e mb\u00ebshtes vet\u00ebm p\u00ebr \u00e7iftet, jo p\u00ebr nj\u00eb grua 18-vje\u00e7are t\u00eb pamartuar\",\"isPartOf\":{\"@id\":\"https:\/\/permbledhja.com\/#website\"},\"datePublished\":\"2024-02-26T21:59:39+00:00\",\"dateModified\":\"2024-02-26T21:59:39+00:00\",\"breadcrumb\":{\"@id\":\"https:\/\/permbledhja.com\/rrahmani-projektligjin-per-ivf-e-mbeshtes-vetem-per-ciftet-jo-per-nje-grua-18-vjecare-te-pamartuar\/#breadcrumb\"},\"inLanguage\":\"sq\",\"potentialAction\":[{\"@type\":\"ReadAction\",\"target\":[\"https:\/\/permbledhja.com\/rrahmani-projektligjin-per-ivf-e-mbeshtes-vetem-per-ciftet-jo-per-nje-grua-18-vjecare-te-pamartuar\/\"]}]},{\"@type\":\"BreadcrumbList\",\"@id\":\"https:\/\/permbledhja.com\/rrahmani-projektligjin-per-ivf-e-mbeshtes-vetem-per-ciftet-jo-per-nje-grua-18-vjecare-te-pamartuar\/#breadcrumb\",\"itemListElement\":[{\"@type\":\"ListItem\",\"position\":1,\"name\":\"Ballina\",\"item\":\"https:\/\/permbledhja.com\/sq\/\"},{\"@type\":\"ListItem\",\"position\":2,\"name\":\"Rrahmani: Projektligjin p\u00ebr IVF e mb\u00ebshtes vet\u00ebm p\u00ebr \u00e7iftet, jo p\u00ebr nj\u00eb grua 18-vje\u00e7are t\u00eb pamartuar\"}]},{\"@type\":\"WebSite\",\"@id\":\"https:\/\/permbledhja.com\/#website\",\"url\":\"https:\/\/permbledhja.com\/\",\"name\":\"Ve\u00e7 artikuj p\u00ebrmbledh\u00ebs\",\"description\":\"\",\"publisher\":{\"@id\":\"https:\/\/permbledhja.com\/#organization\"},\"potentialAction\":[{\"@type\":\"SearchAction\",\"target\":{\"@type\":\"EntryPoint\",\"urlTemplate\":\"https:\/\/permbledhja.com\/?s={search_term_string}\"},\"query-input\":\"required name=search_term_string\"}],\"inLanguage\":\"sq\"},{\"@type\":\"Organization\",\"@id\":\"https:\/\/permbledhja.com\/#organization\",\"name\":\"MK Media & Pr\",\"url\":\"https:\/\/permbledhja.com\/\",\"logo\":{\"@type\":\"ImageObject\",\"inLanguage\":\"sq\",\"@id\":\"https:\/\/permbledhja.com\/#\/schema\/logo\/image\/\",\"url\":\"https:\/\/permbledhja.com\/wp-content\/uploads\/2021\/12\/07-Press-Logo.jpg\",\"contentUrl\":\"https:\/\/permbledhja.com\/wp-content\/uploads\/2021\/12\/07-Press-Logo.jpg\",\"width\":512,\"height\":512,\"caption\":\"MK Media & Pr\"},\"image\":{\"@id\":\"https:\/\/permbledhja.com\/#\/schema\/logo\/image\/\"},\"sameAs\":[\"https:\/\/www.facebook.com\/press07\/\"]},{\"@type\":\"Person\",\"@id\":\"https:\/\/permbledhja.com\/#\/schema\/person\/d23f13f59b5722643933d6780783acf3\",\"name\":\"M M\",\"image\":{\"@type\":\"ImageObject\",\"inLanguage\":\"sq\",\"@id\":\"https:\/\/permbledhja.com\/#\/schema\/person\/image\/\",\"url\":\"https:\/\/secure.gravatar.com\/avatar\/e2835a76ca7c31a2416b2d51c4ec9a8f?s=96&d=mm&r=g\",\"contentUrl\":\"https:\/\/secure.gravatar.com\/avatar\/e2835a76ca7c31a2416b2d51c4ec9a8f?s=96&d=mm&r=g\",\"caption\":\"M M\"},\"sameAs\":[\"http:\/\/MM\"],\"url\":\"https:\/\/permbledhja.com\/sq\/author\/muhamet\/\"}]}<\/script>\n<!-- \/ Yoast SEO plugin. -->","yoast_head_json":{"title":"Rrahmani: Projektligjin p\u00ebr IVF e mb\u00ebshtes vet\u00ebm p\u00ebr \u00e7iftet, jo p\u00ebr nj\u00eb grua 18-vje\u00e7are t\u00eb pamartuar","robots":{"index":"index","follow":"follow","max-snippet":"max-snippet:-1","max-image-preview":"max-image-preview:large","max-video-preview":"max-video-preview:-1"},"canonical":"https:\/\/permbledhja.com\/sq\/rrahmani-projektligjin-per-ivf-e-mbeshtes-vetem-per-ciftet-jo-per-nje-grua-18-vjecare-te-pamartuar\/","og_locale":"sq_AL","og_type":"article","og_title":"Rrahmani: Projektligjin p\u00ebr IVF e mb\u00ebshtes vet\u00ebm p\u00ebr \u00e7iftet, jo p\u00ebr nj\u00eb grua 18-vje\u00e7are t\u00eb pamartuar","og_description":"Deputeti nga radh\u00ebt e L\u00ebvizjes Vet\u00ebvendosje, Eman Rrahmani, lidhur me fertilizimin e asistuar, ka th\u00ebn\u00eb se e mb\u00ebshtet fertilizimin p\u00ebr nj\u00eb \u00e7ift si burr\u00eb e grua, por jo edhe p\u00ebr nj\u00eb grua 18-vje\u00e7are, e cila \u00ebsht\u00eb e pamartuar dhe q\u00eb e ndalon t\u00eb drejt\u00ebn p\u00ebr t\u00eb njohur familjen, pasi mund t\u00eb d\u00ebrgojn\u00eb n\u00eb incest. K\u00ebshtu [&hellip;]","og_url":"https:\/\/permbledhja.com\/sq\/rrahmani-projektligjin-per-ivf-e-mbeshtes-vetem-per-ciftet-jo-per-nje-grua-18-vjecare-te-pamartuar\/","og_site_name":"Ve\u00e7 artikuj p\u00ebrmbledh\u00ebs","article_publisher":"https:\/\/www.facebook.com\/press07\/","article_published_time":"2024-02-26T21:59:39+00:00","og_image":[{"width":768,"height":616,"url":"https:\/\/permbledhja.com\/wp-content\/uploads\/2024\/02\/Eman-Rrahmani-1.jpg","type":"image\/jpeg"}],"author":"M M","twitter_card":"summary_large_image","twitter_misc":{"Written by":"M M","Est. reading time":"2 minuta"},"schema":{"@context":"https:\/\/schema.org","@graph":[{"@type":"Article","@id":"https:\/\/permbledhja.com\/rrahmani-projektligjin-per-ivf-e-mbeshtes-vetem-per-ciftet-jo-per-nje-grua-18-vjecare-te-pamartuar\/#article","isPartOf":{"@id":"https:\/\/permbledhja.com\/rrahmani-projektligjin-per-ivf-e-mbeshtes-vetem-per-ciftet-jo-per-nje-grua-18-vjecare-te-pamartuar\/"},"author":{"name":"M M","@id":"https:\/\/permbledhja.com\/#\/schema\/person\/d23f13f59b5722643933d6780783acf3"},"headline":"Rrahmani: Projektligjin p\u00ebr IVF e mb\u00ebshtes vet\u00ebm p\u00ebr \u00e7iftet, jo p\u00ebr nj\u00eb grua 18-vje\u00e7are t\u00eb pamartuar","datePublished":"2024-02-26T21:59:39+00:00","dateModified":"2024-02-26T21:59:39+00:00","mainEntityOfPage":{"@id":"https:\/\/permbledhja.com\/rrahmani-projektligjin-per-ivf-e-mbeshtes-vetem-per-ciftet-jo-per-nje-grua-18-vjecare-te-pamartuar\/"},"wordCount":438,"publisher":{"@id":"https:\/\/permbledhja.com\/#organization"},"keywords":["Eman Rrahmani"],"articleSection":["Lajme"],"inLanguage":"sq"},{"@type":"WebPage","@id":"https:\/\/permbledhja.com\/rrahmani-projektligjin-per-ivf-e-mbeshtes-vetem-per-ciftet-jo-per-nje-grua-18-vjecare-te-pamartuar\/","url":"https:\/\/permbledhja.com\/rrahmani-projektligjin-per-ivf-e-mbeshtes-vetem-per-ciftet-jo-per-nje-grua-18-vjecare-te-pamartuar\/","name":"Rrahmani: Projektligjin p\u00ebr IVF e mb\u00ebshtes vet\u00ebm p\u00ebr \u00e7iftet, jo p\u00ebr nj\u00eb grua 18-vje\u00e7are t\u00eb pamartuar","isPartOf":{"@id":"https:\/\/permbledhja.com\/#website"},"datePublished":"2024-02-26T21:59:39+00:00","dateModified":"2024-02-26T21:59:39+00:00","breadcrumb":{"@id":"https:\/\/permbledhja.com\/rrahmani-projektligjin-per-ivf-e-mbeshtes-vetem-per-ciftet-jo-per-nje-grua-18-vjecare-te-pamartuar\/#breadcrumb"},"inLanguage":"sq","potentialAction":[{"@type":"ReadAction","target":["https:\/\/permbledhja.com\/rrahmani-projektligjin-per-ivf-e-mbeshtes-vetem-per-ciftet-jo-per-nje-grua-18-vjecare-te-pamartuar\/"]}]},{"@type":"BreadcrumbList","@id":"https:\/\/permbledhja.com\/rrahmani-projektligjin-per-ivf-e-mbeshtes-vetem-per-ciftet-jo-per-nje-grua-18-vjecare-te-pamartuar\/#breadcrumb","itemListElement":[{"@type":"ListItem","position":1,"name":"Ballina","item":"https:\/\/permbledhja.com\/sq\/"},{"@type":"ListItem","position":2,"name":"Rrahmani: Projektligjin p\u00ebr IVF e mb\u00ebshtes vet\u00ebm p\u00ebr \u00e7iftet, jo p\u00ebr nj\u00eb grua 18-vje\u00e7are t\u00eb pamartuar"}]},{"@type":"WebSite","@id":"https:\/\/permbledhja.com\/#website","url":"https:\/\/permbledhja.com\/","name":"Ve\u00e7 artikuj p\u00ebrmbledh\u00ebs","description":"","publisher":{"@id":"https:\/\/permbledhja.com\/#organization"},"potentialAction":[{"@type":"SearchAction","target":{"@type":"EntryPoint","urlTemplate":"https:\/\/permbledhja.com\/?s={search_term_string}"},"query-input":"required name=search_term_string"}],"inLanguage":"sq"},{"@type":"Organization","@id":"https:\/\/permbledhja.com\/#organization","name":"MK Media & Pr","url":"https:\/\/permbledhja.com\/","logo":{"@type":"ImageObject","inLanguage":"sq","@id":"https:\/\/permbledhja.com\/#\/schema\/logo\/image\/","url":"https:\/\/permbledhja.com\/wp-content\/uploads\/2021\/12\/07-Press-Logo.jpg","contentUrl":"https:\/\/permbledhja.com\/wp-content\/uploads\/2021\/12\/07-Press-Logo.jpg","width":512,"height":512,"caption":"MK Media & Pr"},"image":{"@id":"https:\/\/permbledhja.com\/#\/schema\/logo\/image\/"},"sameAs":["https:\/\/www.facebook.com\/press07\/"]},{"@type":"Person","@id":"https:\/\/permbledhja.com\/#\/schema\/person\/d23f13f59b5722643933d6780783acf3","name":"M M","image":{"@type":"ImageObject","inLanguage":"sq","@id":"https:\/\/permbledhja.com\/#\/schema\/person\/image\/","url":"https:\/\/secure.gravatar.com\/avatar\/e2835a76ca7c31a2416b2d51c4ec9a8f?s=96&d=mm&r=g","contentUrl":"https:\/\/secure.gravatar.com\/avatar\/e2835a76ca7c31a2416b2d51c4ec9a8f?s=96&d=mm&r=g","caption":"M M"},"sameAs":["http:\/\/MM"],"url":"https:\/\/permbledhja.com\/sq\/author\/muhamet\/"}]}},"_links":{"self":[{"href":"https:\/\/permbledhja.com\/sq\/wp-json\/wp\/v2\/posts\/50170"}],"collection":[{"href":"https:\/\/permbledhja.com\/sq\/wp-json\/wp\/v2\/posts"}],"about":[{"href":"https:\/\/permbledhja.com\/sq\/wp-json\/wp\/v2\/types\/post"}],"author":[{"embeddable":true,"href":"https:\/\/permbledhja.com\/sq\/wp-json\/wp\/v2\/users\/2"}],"replies":[{"embeddable":true,"href":"https:\/\/permbledhja.com\/sq\/wp-json\/wp\/v2\/comments?post=50170"}],"version-history":[{"count":1,"href":"https:\/\/permbledhja.com\/sq\/wp-json\/wp\/v2\/posts\/50170\/revisions"}],"predecessor-version":[{"id":50172,"href":"https:\/\/permbledhja.com\/sq\/wp-json\/wp\/v2\/posts\/50170\/revisions\/50172"}],"wp:featuredmedia":[{"embeddable":true,"href":"https:\/\/permbledhja.com\/sq\/wp-json\/wp\/v2\/media\/50171"}],"wp:attachment":[{"href":"https:\/\/permbledhja.com\/sq\/wp-json\/wp\/v2\/media?parent=50170"}],"wp:term":[{"taxonomy":"category","embeddable":true,"href":"https:\/\/permbledhja.com\/sq\/wp-json\/wp\/v2\/categories?post=50170"},{"taxonomy":"post_tag","embeddable":true,"href":"https:\/\/permbledhja.com\/sq\/wp-json\/wp\/v2\/tags?post=50170"}],"curies":[{"name":"wp","href":"https:\/\/api.w.org\/{rel}","templated":true}]}}