{"id":50000,"date":"2024-02-26T07:03:12","date_gmt":"2024-02-26T07:03:12","guid":{"rendered":"https:\/\/permbledhja.com\/?p=50000"},"modified":"2024-02-26T07:03:12","modified_gmt":"2024-02-26T07:03:12","slug":"moti-sot-edhe-diell-por-edhe-vranesira","status":"publish","type":"post","link":"https:\/\/permbledhja.com\/sq\/moti-sot-edhe-diell-por-edhe-vranesira\/","title":{"rendered":"Moti sot, edhe diell por edhe vran\u00ebsira"},"content":{"rendered":"<h3 style=\"box-sizing: border-box; margin-bottom: 20px; padding: 0px; border: 0px; vertical-align: baseline; list-style: outside none none; color: var(--black); line-height: 22px; clear: both; font-family: Montserrat, sans-serif;\">Sot n\u00eb Kosov\u00eb pritet t\u00eb mbaj\u00eb mot edhe me diell por edhe me vran\u00ebsira.<\/h3>\n<p style=\"box-sizing: border-box; margin-bottom: 20px; padding: 0px; border: 0px; vertical-align: baseline; list-style: outside none none; color: var(--black); line-height: 22px; clear: both; font-family: Montserrat, sans-serif;\">\u201cP\u00ebr t\u00eb h\u00ebn\u00ebn parashikohet t\u00eb mbaj\u00eb mot me diell dhe vran\u00ebsira. Ka mund\u00ebsi t\u00eb ket\u00eb ndonj\u00eb reshje t\u00eb izoluar n\u00eb lokalitete\u201d, thot\u00eb\u00a0<em style=\"box-sizing: border-box; margin: 0px; padding: 0px; border: 0px; vertical-align: baseline; list-style: outside none none;\">Meteo Kosova<\/em>.<\/p>\n<p style=\"box-sizing: border-box; margin-bottom: 20px; padding: 0px; border: 0px; vertical-align: baseline; list-style: outside none none; color: var(--black); line-height: 22px; clear: both; font-family: Montserrat, sans-serif;\">\u201cEra do t\u00eb fryj\u00eb nga juglindja, e cila koh\u00eb pas kohe pritet t\u00eb jet\u00eb e fuqishme, me shpejt\u00ebsi prej 17-46 km\/h\u201d.<\/p>\n<p style=\"box-sizing: border-box; margin-bottom: 20px; padding: 0px; border: 0px; vertical-align: baseline; list-style: outside none none; color: var(--black); line-height: 22px; clear: both; font-family: Montserrat, sans-serif;\">\u201cTemperaturat minimale do t\u00eb l\u00ebvizin prej 5 deri n\u00eb 7\u00b0C, nd\u00ebrsa ato maksimale prej 15 deri n\u00eb 18\u00b0C\u201d.<\/p>\n","protected":false},"excerpt":{"rendered":"<p>Sot n\u00eb Kosov\u00eb pritet t\u00eb mbaj\u00eb mot edhe me diell por edhe me vran\u00ebsira. \u201cP\u00ebr t\u00eb h\u00ebn\u00ebn parashikohet t\u00eb mbaj\u00eb mot me diell dhe vran\u00ebsira. Ka mund\u00ebsi t\u00eb ket\u00eb ndonj\u00eb reshje t\u00eb izoluar n\u00eb lokalitete\u201d, thot\u00eb\u00a0Meteo Kosova. \u201cEra do t\u00eb fryj\u00eb nga juglindja, e cila koh\u00eb pas kohe pritet t\u00eb jet\u00eb e fuqishme, me shpejt\u00ebsi [&hellip;]<\/p>\n","protected":false},"author":5,"featured_media":48874,"comment_status":"closed","ping_status":"closed","sticky":false,"template":"","format":"standard","meta":{"_monsterinsights_skip_tracking":false,"_monsterinsights_sitenote_active":false,"_monsterinsights_sitenote_note":"","_monsterinsights_sitenote_category":0,"_uf_show_specific_survey":0,"_uf_disable_surveys":false,"footnotes":""},"categories":[15],"tags":[],"yoast_head":"<!-- This site is optimized with the Yoast SEO plugin v21.5 - https:\/\/yoast.com\/wordpress\/plugins\/seo\/ -->\n<title>Moti sot, edhe diell por edhe vran\u00ebsira<\/title>\n<meta name=\"robots\" content=\"index, follow, max-snippet:-1, max-image-preview:large, max-video-preview:-1\" \/>\n<link rel=\"canonical\" href=\"https:\/\/permbledhja.com\/sq\/moti-sot-edhe-diell-por-edhe-vranesira\/\" \/>\n<meta property=\"og:locale\" content=\"sq_AL\" \/>\n<meta property=\"og:type\" content=\"article\" \/>\n<meta property=\"og:title\" content=\"Moti sot, edhe diell por edhe vran\u00ebsira\" \/>\n<meta property=\"og:description\" content=\"Sot n\u00eb Kosov\u00eb pritet t\u00eb mbaj\u00eb mot edhe me diell por edhe me vran\u00ebsira. \u201cP\u00ebr t\u00eb h\u00ebn\u00ebn parashikohet t\u00eb mbaj\u00eb mot me diell dhe vran\u00ebsira. Ka mund\u00ebsi t\u00eb ket\u00eb ndonj\u00eb reshje t\u00eb izoluar n\u00eb lokalitete\u201d, thot\u00eb\u00a0Meteo Kosova. \u201cEra do t\u00eb fryj\u00eb nga juglindja, e cila koh\u00eb pas kohe pritet t\u00eb jet\u00eb e fuqishme, me shpejt\u00ebsi [&hellip;]\" \/>\n<meta property=\"og:url\" content=\"https:\/\/permbledhja.com\/sq\/moti-sot-edhe-diell-por-edhe-vranesira\/\" \/>\n<meta property=\"og:site_name\" content=\"Ve\u00e7 artikuj p\u00ebrmbledh\u00ebs\" \/>\n<meta property=\"article:publisher\" content=\"https:\/\/www.facebook.com\/press07\/\" \/>\n<meta property=\"article:published_time\" content=\"2024-02-26T07:03:12+00:00\" \/>\n<meta property=\"og:image\" content=\"https:\/\/permbledhja.com\/wp-content\/uploads\/2024\/02\/Motiii.jpg\" \/>\n\t<meta property=\"og:image:width\" content=\"766\" \/>\n\t<meta property=\"og:image:height\" content=\"463\" \/>\n\t<meta property=\"og:image:type\" content=\"image\/jpeg\" \/>\n<meta name=\"author\" content=\"DL\" \/>\n<meta name=\"twitter:card\" content=\"summary_large_image\" \/>\n<meta name=\"twitter:label1\" content=\"Written by\" \/>\n\t<meta name=\"twitter:data1\" content=\"DL\" \/>\n\t<meta name=\"twitter:label2\" content=\"Est. reading time\" \/>\n\t<meta name=\"twitter:data2\" content=\"1 minut\u00eb\" \/>\n<script type=\"application\/ld+json\" class=\"yoast-schema-graph\">{\"@context\":\"https:\/\/schema.org\",\"@graph\":[{\"@type\":\"Article\",\"@id\":\"https:\/\/permbledhja.com\/sq\/moti-sot-edhe-diell-por-edhe-vranesira\/#article\",\"isPartOf\":{\"@id\":\"https:\/\/permbledhja.com\/sq\/moti-sot-edhe-diell-por-edhe-vranesira\/\"},\"author\":{\"name\":\"DL\",\"@id\":\"https:\/\/permbledhja.com\/#\/schema\/person\/9c54260cbc4c6f792cb100550491638c\"},\"headline\":\"Moti sot, edhe diell por edhe vran\u00ebsira\",\"datePublished\":\"2024-02-26T07:03:12+00:00\",\"dateModified\":\"2024-02-26T07:03:12+00:00\",\"mainEntityOfPage\":{\"@id\":\"https:\/\/permbledhja.com\/sq\/moti-sot-edhe-diell-por-edhe-vranesira\/\"},\"wordCount\":93,\"publisher\":{\"@id\":\"https:\/\/permbledhja.com\/#organization\"},\"articleSection\":[\"Lajme\"],\"inLanguage\":\"sq\"},{\"@type\":\"WebPage\",\"@id\":\"https:\/\/permbledhja.com\/sq\/moti-sot-edhe-diell-por-edhe-vranesira\/\",\"url\":\"https:\/\/permbledhja.com\/sq\/moti-sot-edhe-diell-por-edhe-vranesira\/\",\"name\":\"Moti sot, edhe diell por edhe vran\u00ebsira\",\"isPartOf\":{\"@id\":\"https:\/\/permbledhja.com\/#website\"},\"datePublished\":\"2024-02-26T07:03:12+00:00\",\"dateModified\":\"2024-02-26T07:03:12+00:00\",\"breadcrumb\":{\"@id\":\"https:\/\/permbledhja.com\/sq\/moti-sot-edhe-diell-por-edhe-vranesira\/#breadcrumb\"},\"inLanguage\":\"sq\",\"potentialAction\":[{\"@type\":\"ReadAction\",\"target\":[\"https:\/\/permbledhja.com\/sq\/moti-sot-edhe-diell-por-edhe-vranesira\/\"]}]},{\"@type\":\"BreadcrumbList\",\"@id\":\"https:\/\/permbledhja.com\/sq\/moti-sot-edhe-diell-por-edhe-vranesira\/#breadcrumb\",\"itemListElement\":[{\"@type\":\"ListItem\",\"position\":1,\"name\":\"Ballina\",\"item\":\"https:\/\/permbledhja.com\/sq\/\"},{\"@type\":\"ListItem\",\"position\":2,\"name\":\"Moti sot, edhe diell por edhe vran\u00ebsira\"}]},{\"@type\":\"WebSite\",\"@id\":\"https:\/\/permbledhja.com\/#website\",\"url\":\"https:\/\/permbledhja.com\/\",\"name\":\"Ve\u00e7 artikuj p\u00ebrmbledh\u00ebs\",\"description\":\"\",\"publisher\":{\"@id\":\"https:\/\/permbledhja.com\/#organization\"},\"potentialAction\":[{\"@type\":\"SearchAction\",\"target\":{\"@type\":\"EntryPoint\",\"urlTemplate\":\"https:\/\/permbledhja.com\/?s={search_term_string}\"},\"query-input\":\"required name=search_term_string\"}],\"inLanguage\":\"sq\"},{\"@type\":\"Organization\",\"@id\":\"https:\/\/permbledhja.com\/#organization\",\"name\":\"MK Media & Pr\",\"url\":\"https:\/\/permbledhja.com\/\",\"logo\":{\"@type\":\"ImageObject\",\"inLanguage\":\"sq\",\"@id\":\"https:\/\/permbledhja.com\/#\/schema\/logo\/image\/\",\"url\":\"https:\/\/permbledhja.com\/wp-content\/uploads\/2021\/12\/07-Press-Logo.jpg\",\"contentUrl\":\"https:\/\/permbledhja.com\/wp-content\/uploads\/2021\/12\/07-Press-Logo.jpg\",\"width\":512,\"height\":512,\"caption\":\"MK Media & Pr\"},\"image\":{\"@id\":\"https:\/\/permbledhja.com\/#\/schema\/logo\/image\/\"},\"sameAs\":[\"https:\/\/www.facebook.com\/press07\/\"]},{\"@type\":\"Person\",\"@id\":\"https:\/\/permbledhja.com\/#\/schema\/person\/9c54260cbc4c6f792cb100550491638c\",\"name\":\"DL\",\"image\":{\"@type\":\"ImageObject\",\"inLanguage\":\"sq\",\"@id\":\"https:\/\/permbledhja.com\/#\/schema\/person\/image\/\",\"url\":\"https:\/\/secure.gravatar.com\/avatar\/94503eb28d4c4b2005a5c8753e35fc80?s=96&d=mm&r=g\",\"contentUrl\":\"https:\/\/secure.gravatar.com\/avatar\/94503eb28d4c4b2005a5c8753e35fc80?s=96&d=mm&r=g\",\"caption\":\"DL\"},\"url\":\"https:\/\/permbledhja.com\/sq\/author\/dl\/\"}]}<\/script>\n<!-- \/ Yoast SEO plugin. -->","yoast_head_json":{"title":"Moti sot, edhe diell por edhe vran\u00ebsira","robots":{"index":"index","follow":"follow","max-snippet":"max-snippet:-1","max-image-preview":"max-image-preview:large","max-video-preview":"max-video-preview:-1"},"canonical":"https:\/\/permbledhja.com\/sq\/moti-sot-edhe-diell-por-edhe-vranesira\/","og_locale":"sq_AL","og_type":"article","og_title":"Moti sot, edhe diell por edhe vran\u00ebsira","og_description":"Sot n\u00eb Kosov\u00eb pritet t\u00eb mbaj\u00eb mot edhe me diell por edhe me vran\u00ebsira. \u201cP\u00ebr t\u00eb h\u00ebn\u00ebn parashikohet t\u00eb mbaj\u00eb mot me diell dhe vran\u00ebsira. Ka mund\u00ebsi t\u00eb ket\u00eb ndonj\u00eb reshje t\u00eb izoluar n\u00eb lokalitete\u201d, thot\u00eb\u00a0Meteo Kosova. \u201cEra do t\u00eb fryj\u00eb nga juglindja, e cila koh\u00eb pas kohe pritet t\u00eb jet\u00eb e fuqishme, me shpejt\u00ebsi [&hellip;]","og_url":"https:\/\/permbledhja.com\/sq\/moti-sot-edhe-diell-por-edhe-vranesira\/","og_site_name":"Ve\u00e7 artikuj p\u00ebrmbledh\u00ebs","article_publisher":"https:\/\/www.facebook.com\/press07\/","article_published_time":"2024-02-26T07:03:12+00:00","og_image":[{"width":766,"height":463,"url":"https:\/\/permbledhja.com\/wp-content\/uploads\/2024\/02\/Motiii.jpg","type":"image\/jpeg"}],"author":"DL","twitter_card":"summary_large_image","twitter_misc":{"Written by":"DL","Est. reading time":"1 minut\u00eb"},"schema":{"@context":"https:\/\/schema.org","@graph":[{"@type":"Article","@id":"https:\/\/permbledhja.com\/sq\/moti-sot-edhe-diell-por-edhe-vranesira\/#article","isPartOf":{"@id":"https:\/\/permbledhja.com\/sq\/moti-sot-edhe-diell-por-edhe-vranesira\/"},"author":{"name":"DL","@id":"https:\/\/permbledhja.com\/#\/schema\/person\/9c54260cbc4c6f792cb100550491638c"},"headline":"Moti sot, edhe diell por edhe vran\u00ebsira","datePublished":"2024-02-26T07:03:12+00:00","dateModified":"2024-02-26T07:03:12+00:00","mainEntityOfPage":{"@id":"https:\/\/permbledhja.com\/sq\/moti-sot-edhe-diell-por-edhe-vranesira\/"},"wordCount":93,"publisher":{"@id":"https:\/\/permbledhja.com\/#organization"},"articleSection":["Lajme"],"inLanguage":"sq"},{"@type":"WebPage","@id":"https:\/\/permbledhja.com\/sq\/moti-sot-edhe-diell-por-edhe-vranesira\/","url":"https:\/\/permbledhja.com\/sq\/moti-sot-edhe-diell-por-edhe-vranesira\/","name":"Moti sot, edhe diell por edhe vran\u00ebsira","isPartOf":{"@id":"https:\/\/permbledhja.com\/#website"},"datePublished":"2024-02-26T07:03:12+00:00","dateModified":"2024-02-26T07:03:12+00:00","breadcrumb":{"@id":"https:\/\/permbledhja.com\/sq\/moti-sot-edhe-diell-por-edhe-vranesira\/#breadcrumb"},"inLanguage":"sq","potentialAction":[{"@type":"ReadAction","target":["https:\/\/permbledhja.com\/sq\/moti-sot-edhe-diell-por-edhe-vranesira\/"]}]},{"@type":"BreadcrumbList","@id":"https:\/\/permbledhja.com\/sq\/moti-sot-edhe-diell-por-edhe-vranesira\/#breadcrumb","itemListElement":[{"@type":"ListItem","position":1,"name":"Ballina","item":"https:\/\/permbledhja.com\/sq\/"},{"@type":"ListItem","position":2,"name":"Moti sot, edhe diell por edhe vran\u00ebsira"}]},{"@type":"WebSite","@id":"https:\/\/permbledhja.com\/#website","url":"https:\/\/permbledhja.com\/","name":"Ve\u00e7 artikuj p\u00ebrmbledh\u00ebs","description":"","publisher":{"@id":"https:\/\/permbledhja.com\/#organization"},"potentialAction":[{"@type":"SearchAction","target":{"@type":"EntryPoint","urlTemplate":"https:\/\/permbledhja.com\/?s={search_term_string}"},"query-input":"required name=search_term_string"}],"inLanguage":"sq"},{"@type":"Organization","@id":"https:\/\/permbledhja.com\/#organization","name":"MK Media & Pr","url":"https:\/\/permbledhja.com\/","logo":{"@type":"ImageObject","inLanguage":"sq","@id":"https:\/\/permbledhja.com\/#\/schema\/logo\/image\/","url":"https:\/\/permbledhja.com\/wp-content\/uploads\/2021\/12\/07-Press-Logo.jpg","contentUrl":"https:\/\/permbledhja.com\/wp-content\/uploads\/2021\/12\/07-Press-Logo.jpg","width":512,"height":512,"caption":"MK Media & Pr"},"image":{"@id":"https:\/\/permbledhja.com\/#\/schema\/logo\/image\/"},"sameAs":["https:\/\/www.facebook.com\/press07\/"]},{"@type":"Person","@id":"https:\/\/permbledhja.com\/#\/schema\/person\/9c54260cbc4c6f792cb100550491638c","name":"DL","image":{"@type":"ImageObject","inLanguage":"sq","@id":"https:\/\/permbledhja.com\/#\/schema\/person\/image\/","url":"https:\/\/secure.gravatar.com\/avatar\/94503eb28d4c4b2005a5c8753e35fc80?s=96&d=mm&r=g","contentUrl":"https:\/\/secure.gravatar.com\/avatar\/94503eb28d4c4b2005a5c8753e35fc80?s=96&d=mm&r=g","caption":"DL"},"url":"https:\/\/permbledhja.com\/sq\/author\/dl\/"}]}},"_links":{"self":[{"href":"https:\/\/permbledhja.com\/sq\/wp-json\/wp\/v2\/posts\/50000"}],"collection":[{"href":"https:\/\/permbledhja.com\/sq\/wp-json\/wp\/v2\/posts"}],"about":[{"href":"https:\/\/permbledhja.com\/sq\/wp-json\/wp\/v2\/types\/post"}],"author":[{"embeddable":true,"href":"https:\/\/permbledhja.com\/sq\/wp-json\/wp\/v2\/users\/5"}],"replies":[{"embeddable":true,"href":"https:\/\/permbledhja.com\/sq\/wp-json\/wp\/v2\/comments?post=50000"}],"version-history":[{"count":1,"href":"https:\/\/permbledhja.com\/sq\/wp-json\/wp\/v2\/posts\/50000\/revisions"}],"predecessor-version":[{"id":50001,"href":"https:\/\/permbledhja.com\/sq\/wp-json\/wp\/v2\/posts\/50000\/revisions\/50001"}],"wp:featuredmedia":[{"embeddable":true,"href":"https:\/\/permbledhja.com\/sq\/wp-json\/wp\/v2\/media\/48874"}],"wp:attachment":[{"href":"https:\/\/permbledhja.com\/sq\/wp-json\/wp\/v2\/media?parent=50000"}],"wp:term":[{"taxonomy":"category","embeddable":true,"href":"https:\/\/permbledhja.com\/sq\/wp-json\/wp\/v2\/categories?post=50000"},{"taxonomy":"post_tag","embeddable":true,"href":"https:\/\/permbledhja.com\/sq\/wp-json\/wp\/v2\/tags?post=50000"}],"curies":[{"name":"wp","href":"https:\/\/api.w.org\/{rel}","templated":true}]}}