{"id":49944,"date":"2024-02-25T17:58:15","date_gmt":"2024-02-25T17:58:15","guid":{"rendered":"https:\/\/permbledhja.com\/?p=49944"},"modified":"2024-02-25T17:58:15","modified_gmt":"2024-02-25T17:58:15","slug":"gati-baza-ajrore-e-natos-ne-kucove-te-shqiperise","status":"publish","type":"post","link":"https:\/\/permbledhja.com\/sq\/gati-baza-ajrore-e-natos-ne-kucove-te-shqiperise\/","title":{"rendered":"Gati baza ajrore e NATO\u2019s n\u00eb Ku\u00e7ov\u00eb t\u00eb Shqip\u00ebris\u00eb"},"content":{"rendered":"<h3>Ministria e Mbrojtjes e Shqip\u00ebris\u00eb tha t\u00eb diel\u00ebn se p\u00ebrgatitjet jan\u00eb drejt p\u00ebrfundimit n\u00eb baz\u00ebn ajrore t\u00eb aleanc\u00ebs ushtarake t\u00eb NATO-s n\u00eb qytez\u00ebn jugqendrore t\u00eb Shqip\u00ebris\u00eb, Ku\u00e7ov\u00eb, para se ajo t\u00eb p\u00ebrurohet m\u00eb 4 mars.<\/h3>\n<p>Komandanti i Forc\u00ebs Ajrore t\u00eb Shqip\u00ebris\u00eb, gjeneral brigade Ferdinand Dimo, tha se trupat e NATO-s dhe mjetet fluturuese t\u00eb saj s\u00eb shpejti do t\u00eb akomodohen, st\u00ebrviten dhe fluturojn\u00eb duke u nisur nga baza ajrore e Ku\u00e7ov\u00ebs, tashm\u00eb baz\u00eb ajrore taktike e NATO-s.<\/p>\n<p>Shqip\u00ebria \u00ebsht\u00eb an\u00ebtare e NATO-s prej vitit 2009.<\/p>\n<p>Ministri i Mbrojtjes, Niko Peleshi, p\u00ebrmes nj\u00eb postimi n\u00eb rrjetet sociale theksoi se kjo baz\u00eb do t\u00eb luaj\u00eb rol ky\u00e7 n\u00eb mb\u00ebshtetjen e operacioneve dhe st\u00ebrvitjeve t\u00eb NATO-s.<\/p>\n<p>\u201cKjo baz\u00eb do t\u00eb sh\u00ebrbej\u00eb si qend\u00ebr p\u00ebr aktivitetet e Forc\u00ebs son\u00eb Ajrore, duke ofruar infrastruktur\u00eb t\u00eb avancuar p\u00ebr avion\u00ebt luftarak\u00eb dhe ata t\u00eb transportit t\u00eb Aleanc\u00ebs. Ky hap sh\u00ebnon nj\u00eb faz\u00eb t\u00eb re n\u00eb forcimin e kapaciteteve tona p\u00ebr bashk\u00ebpunim nd\u00ebrkomb\u00ebtar dhe siguri rajonale\u201d, shkruan Peleshi n\u00eb Facebook.<\/p>\n<p>Baza e Ku\u00e7ov\u00ebs u p\u00ebrmend edhe nga sekretari amerikan i Shtetit, Antony Blinken gjat\u00eb vizit\u00ebs s\u00eb tij n\u00eb Tiran\u00eb m\u00eb 15 shkurt.<\/p>\n<p>\u201cP\u00ebrgjat\u00eb 15 viteve t\u00eb saj n\u00eb NATO Shqip\u00ebria ka dh\u00ebn\u00eb kontribute dometh\u00ebn\u00ebse p\u00ebr aleanc\u00ebn ton\u00eb. Muajin e ardhsh\u00ebm do t\u00eb p\u00ebrurohet baza ajrore t\u00eb NATO-s n\u00eb Ku\u00e7ov\u00eb, tha Blinken.<\/p>\n<p>Punimet p\u00ebr rikonstruksionin e saj nis\u00ebn n\u00eb janar t\u00eb vitit 2022. Prej asaj kohe \u00ebsht\u00eb punuar p\u00ebr sistemin e rrethimit dhe t\u00eb siguris\u00eb e po ashtu t\u00eb mbrojtjes n\u00eb perimetrin ku shtrihet kjo baz\u00eb.<\/p>\n<p>Nga NATO jan\u00eb t\u00eb investuara af\u00ebrsisht 50 milion\u00eb euro dhe m\u00eb shum\u00eb se 5 milion\u00eb euro jan\u00eb investuar nga qeveria shqiptare. Autoritetet shqiptare kan\u00eb marr\u00eb p\u00ebrsip\u00ebr nd\u00ebrtimin e perimetrit t\u00eb siguris\u00eb dhe rrug\u00ebve lidh\u00ebse, ndri\u00e7imit, vendosjen e kamerave t\u00eb siguris\u00eb s\u00eb baz\u00ebs si dhe t\u00eb sensor\u00ebve t\u00eb zbulimit t\u00eb nd\u00ebrhyrjeve p\u00ebrgjat\u00eb rrethimit t\u00eb baz\u00ebs.<\/p>\n<p>N\u00eb koh\u00ebn kur nisi nd\u00ebrtimi i k\u00ebsaj baze, ministri Niko Peleshi pati deklaruar se ky ishte nj\u00eb mesazh i qart\u00eb \u201cp\u00ebr aktor\u00ebt e tjer\u00eb me q\u00ebllime t\u00eb k\u00ebqija\u201d n\u00eb rajonin e Ballkanit Per\u00ebndimor.<\/p>\n<p>P\u00ebr autoritetet shqiptare p\u00ebrzgjedhja e baz\u00ebs s\u00eb Ku\u00e7ov\u00ebs lidhet sa me pozicionin gjeo-strategjik t\u00eb vendit, si dhe t\u00eb vet aeroportit, aq dhe me besueshm\u00ebrin\u00eb q\u00eb Shqip\u00ebria ka krijuar n\u00eb gjirin e aleanc\u00ebs ushtarake.<\/p>\n<p>N\u00eb ceremonin\u00eb p\u00ebr p\u00ebrurimin e baz\u00ebs ajrore do t\u00eb marrin pjes\u00eb p\u00ebrfaq\u00ebsues t\u00eb lart\u00eb t\u00eb shtetit shqiptar, t\u00eb NATO-s dhe t\u00eb SHBA-s\u00eb.<\/p>\n<p>Baza ajrore e Ku\u00e7ov\u00ebs \u00ebsht\u00eb nd\u00ebrtuar n\u00eb vitet 1950, por doli jasht\u00eb p\u00ebrdorimit n\u00eb vitet \u201990.<\/p>\n<p>Pas rikonstruksionit t\u00eb baz\u00ebs s\u00eb Ku\u00e7ov\u00ebs, Qeveria e kryeministrit Edi Rama k\u00ebrkoi q\u00eb t\u00eb procedohet sa m\u00eb shpejt n\u00eb lidhje me aplikimin e Shqip\u00ebris\u00eb p\u00ebr ta bashk\u00ebfinancuar me NATO-n rikonstruksionin e baz\u00ebs s\u00eb re detare n\u00eb Porto Romano. \/Rel<\/p>\n","protected":false},"excerpt":{"rendered":"<p>Ministria e Mbrojtjes e Shqip\u00ebris\u00eb tha t\u00eb diel\u00ebn se p\u00ebrgatitjet jan\u00eb drejt p\u00ebrfundimit n\u00eb baz\u00ebn ajrore t\u00eb aleanc\u00ebs ushtarake t\u00eb NATO-s n\u00eb qytez\u00ebn jugqendrore t\u00eb Shqip\u00ebris\u00eb, Ku\u00e7ov\u00eb, para se ajo t\u00eb p\u00ebrurohet m\u00eb 4 mars. Komandanti i Forc\u00ebs Ajrore t\u00eb Shqip\u00ebris\u00eb, gjeneral brigade Ferdinand Dimo, tha se trupat e NATO-s dhe mjetet fluturuese t\u00eb saj [&hellip;]<\/p>\n","protected":false},"author":2,"featured_media":49945,"comment_status":"closed","ping_status":"closed","sticky":false,"template":"","format":"standard","meta":{"_monsterinsights_skip_tracking":false,"_monsterinsights_sitenote_active":false,"_monsterinsights_sitenote_note":"","_monsterinsights_sitenote_category":0,"_uf_show_specific_survey":0,"_uf_disable_surveys":false,"footnotes":""},"categories":[2645],"tags":[250],"yoast_head":"<!-- This site is optimized with the Yoast SEO plugin v21.5 - https:\/\/yoast.com\/wordpress\/plugins\/seo\/ -->\n<title>Gati baza ajrore e NATO\u2019s n\u00eb Ku\u00e7ov\u00eb t\u00eb Shqip\u00ebris\u00eb<\/title>\n<meta name=\"robots\" content=\"index, follow, max-snippet:-1, max-image-preview:large, max-video-preview:-1\" \/>\n<link rel=\"canonical\" href=\"https:\/\/permbledhja.com\/sq\/gati-baza-ajrore-e-natos-ne-kucove-te-shqiperise\/\" \/>\n<meta property=\"og:locale\" content=\"sq_AL\" \/>\n<meta property=\"og:type\" content=\"article\" \/>\n<meta property=\"og:title\" content=\"Gati baza ajrore e NATO\u2019s n\u00eb Ku\u00e7ov\u00eb t\u00eb Shqip\u00ebris\u00eb\" \/>\n<meta property=\"og:description\" content=\"Ministria e Mbrojtjes e Shqip\u00ebris\u00eb tha t\u00eb diel\u00ebn se p\u00ebrgatitjet jan\u00eb drejt p\u00ebrfundimit n\u00eb baz\u00ebn ajrore t\u00eb aleanc\u00ebs ushtarake t\u00eb NATO-s n\u00eb qytez\u00ebn jugqendrore t\u00eb Shqip\u00ebris\u00eb, Ku\u00e7ov\u00eb, para se ajo t\u00eb p\u00ebrurohet m\u00eb 4 mars. Komandanti i Forc\u00ebs Ajrore t\u00eb Shqip\u00ebris\u00eb, gjeneral brigade Ferdinand Dimo, tha se trupat e NATO-s dhe mjetet fluturuese t\u00eb saj [&hellip;]\" \/>\n<meta property=\"og:url\" content=\"https:\/\/permbledhja.com\/sq\/gati-baza-ajrore-e-natos-ne-kucove-te-shqiperise\/\" \/>\n<meta property=\"og:site_name\" content=\"Ve\u00e7 artikuj p\u00ebrmbledh\u00ebs\" \/>\n<meta property=\"article:publisher\" content=\"https:\/\/www.facebook.com\/press07\/\" \/>\n<meta property=\"article:published_time\" content=\"2024-02-25T17:58:15+00:00\" \/>\n<meta property=\"og:image\" content=\"https:\/\/permbledhja.com\/wp-content\/uploads\/2024\/02\/baza-1.png\" \/>\n\t<meta property=\"og:image:width\" content=\"822\" \/>\n\t<meta property=\"og:image:height\" content=\"431\" \/>\n\t<meta property=\"og:image:type\" content=\"image\/png\" \/>\n<meta name=\"author\" content=\"M M\" \/>\n<meta name=\"twitter:card\" content=\"summary_large_image\" \/>\n<meta name=\"twitter:label1\" content=\"Written by\" \/>\n\t<meta name=\"twitter:data1\" content=\"M M\" \/>\n\t<meta name=\"twitter:label2\" content=\"Est. reading time\" \/>\n\t<meta name=\"twitter:data2\" content=\"3 minuta\" \/>\n<script type=\"application\/ld+json\" class=\"yoast-schema-graph\">{\"@context\":\"https:\/\/schema.org\",\"@graph\":[{\"@type\":\"Article\",\"@id\":\"https:\/\/permbledhja.com\/gati-baza-ajrore-e-natos-ne-kucove-te-shqiperise\/#article\",\"isPartOf\":{\"@id\":\"https:\/\/permbledhja.com\/gati-baza-ajrore-e-natos-ne-kucove-te-shqiperise\/\"},\"author\":{\"name\":\"M M\",\"@id\":\"https:\/\/permbledhja.com\/#\/schema\/person\/d23f13f59b5722643933d6780783acf3\"},\"headline\":\"Gati baza ajrore e NATO\u2019s n\u00eb Ku\u00e7ov\u00eb t\u00eb Shqip\u00ebris\u00eb\",\"datePublished\":\"2024-02-25T17:58:15+00:00\",\"dateModified\":\"2024-02-25T17:58:15+00:00\",\"mainEntityOfPage\":{\"@id\":\"https:\/\/permbledhja.com\/gati-baza-ajrore-e-natos-ne-kucove-te-shqiperise\/\"},\"wordCount\":541,\"publisher\":{\"@id\":\"https:\/\/permbledhja.com\/#organization\"},\"keywords\":[\"NATO\"],\"articleSection\":[\"T\u00eb r\u00ebnd\u00ebsishme\"],\"inLanguage\":\"sq\"},{\"@type\":\"WebPage\",\"@id\":\"https:\/\/permbledhja.com\/gati-baza-ajrore-e-natos-ne-kucove-te-shqiperise\/\",\"url\":\"https:\/\/permbledhja.com\/gati-baza-ajrore-e-natos-ne-kucove-te-shqiperise\/\",\"name\":\"Gati baza ajrore e NATO\u2019s n\u00eb Ku\u00e7ov\u00eb t\u00eb Shqip\u00ebris\u00eb\",\"isPartOf\":{\"@id\":\"https:\/\/permbledhja.com\/#website\"},\"datePublished\":\"2024-02-25T17:58:15+00:00\",\"dateModified\":\"2024-02-25T17:58:15+00:00\",\"breadcrumb\":{\"@id\":\"https:\/\/permbledhja.com\/gati-baza-ajrore-e-natos-ne-kucove-te-shqiperise\/#breadcrumb\"},\"inLanguage\":\"sq\",\"potentialAction\":[{\"@type\":\"ReadAction\",\"target\":[\"https:\/\/permbledhja.com\/gati-baza-ajrore-e-natos-ne-kucove-te-shqiperise\/\"]}]},{\"@type\":\"BreadcrumbList\",\"@id\":\"https:\/\/permbledhja.com\/gati-baza-ajrore-e-natos-ne-kucove-te-shqiperise\/#breadcrumb\",\"itemListElement\":[{\"@type\":\"ListItem\",\"position\":1,\"name\":\"Ballina\",\"item\":\"https:\/\/permbledhja.com\/sq\/\"},{\"@type\":\"ListItem\",\"position\":2,\"name\":\"Gati baza ajrore e NATO\u2019s n\u00eb Ku\u00e7ov\u00eb t\u00eb Shqip\u00ebris\u00eb\"}]},{\"@type\":\"WebSite\",\"@id\":\"https:\/\/permbledhja.com\/#website\",\"url\":\"https:\/\/permbledhja.com\/\",\"name\":\"Ve\u00e7 artikuj p\u00ebrmbledh\u00ebs\",\"description\":\"\",\"publisher\":{\"@id\":\"https:\/\/permbledhja.com\/#organization\"},\"potentialAction\":[{\"@type\":\"SearchAction\",\"target\":{\"@type\":\"EntryPoint\",\"urlTemplate\":\"https:\/\/permbledhja.com\/?s={search_term_string}\"},\"query-input\":\"required name=search_term_string\"}],\"inLanguage\":\"sq\"},{\"@type\":\"Organization\",\"@id\":\"https:\/\/permbledhja.com\/#organization\",\"name\":\"MK Media & Pr\",\"url\":\"https:\/\/permbledhja.com\/\",\"logo\":{\"@type\":\"ImageObject\",\"inLanguage\":\"sq\",\"@id\":\"https:\/\/permbledhja.com\/#\/schema\/logo\/image\/\",\"url\":\"https:\/\/permbledhja.com\/wp-content\/uploads\/2021\/12\/07-Press-Logo.jpg\",\"contentUrl\":\"https:\/\/permbledhja.com\/wp-content\/uploads\/2021\/12\/07-Press-Logo.jpg\",\"width\":512,\"height\":512,\"caption\":\"MK Media & Pr\"},\"image\":{\"@id\":\"https:\/\/permbledhja.com\/#\/schema\/logo\/image\/\"},\"sameAs\":[\"https:\/\/www.facebook.com\/press07\/\"]},{\"@type\":\"Person\",\"@id\":\"https:\/\/permbledhja.com\/#\/schema\/person\/d23f13f59b5722643933d6780783acf3\",\"name\":\"M M\",\"image\":{\"@type\":\"ImageObject\",\"inLanguage\":\"sq\",\"@id\":\"https:\/\/permbledhja.com\/#\/schema\/person\/image\/\",\"url\":\"https:\/\/secure.gravatar.com\/avatar\/e2835a76ca7c31a2416b2d51c4ec9a8f?s=96&d=mm&r=g\",\"contentUrl\":\"https:\/\/secure.gravatar.com\/avatar\/e2835a76ca7c31a2416b2d51c4ec9a8f?s=96&d=mm&r=g\",\"caption\":\"M M\"},\"sameAs\":[\"http:\/\/MM\"],\"url\":\"https:\/\/permbledhja.com\/sq\/author\/muhamet\/\"}]}<\/script>\n<!-- \/ Yoast SEO plugin. -->","yoast_head_json":{"title":"Gati baza ajrore e NATO\u2019s n\u00eb Ku\u00e7ov\u00eb t\u00eb Shqip\u00ebris\u00eb","robots":{"index":"index","follow":"follow","max-snippet":"max-snippet:-1","max-image-preview":"max-image-preview:large","max-video-preview":"max-video-preview:-1"},"canonical":"https:\/\/permbledhja.com\/sq\/gati-baza-ajrore-e-natos-ne-kucove-te-shqiperise\/","og_locale":"sq_AL","og_type":"article","og_title":"Gati baza ajrore e NATO\u2019s n\u00eb Ku\u00e7ov\u00eb t\u00eb Shqip\u00ebris\u00eb","og_description":"Ministria e Mbrojtjes e Shqip\u00ebris\u00eb tha t\u00eb diel\u00ebn se p\u00ebrgatitjet jan\u00eb drejt p\u00ebrfundimit n\u00eb baz\u00ebn ajrore t\u00eb aleanc\u00ebs ushtarake t\u00eb NATO-s n\u00eb qytez\u00ebn jugqendrore t\u00eb Shqip\u00ebris\u00eb, Ku\u00e7ov\u00eb, para se ajo t\u00eb p\u00ebrurohet m\u00eb 4 mars. Komandanti i Forc\u00ebs Ajrore t\u00eb Shqip\u00ebris\u00eb, gjeneral brigade Ferdinand Dimo, tha se trupat e NATO-s dhe mjetet fluturuese t\u00eb saj [&hellip;]","og_url":"https:\/\/permbledhja.com\/sq\/gati-baza-ajrore-e-natos-ne-kucove-te-shqiperise\/","og_site_name":"Ve\u00e7 artikuj p\u00ebrmbledh\u00ebs","article_publisher":"https:\/\/www.facebook.com\/press07\/","article_published_time":"2024-02-25T17:58:15+00:00","og_image":[{"width":822,"height":431,"url":"https:\/\/permbledhja.com\/wp-content\/uploads\/2024\/02\/baza-1.png","type":"image\/png"}],"author":"M M","twitter_card":"summary_large_image","twitter_misc":{"Written by":"M M","Est. reading time":"3 minuta"},"schema":{"@context":"https:\/\/schema.org","@graph":[{"@type":"Article","@id":"https:\/\/permbledhja.com\/gati-baza-ajrore-e-natos-ne-kucove-te-shqiperise\/#article","isPartOf":{"@id":"https:\/\/permbledhja.com\/gati-baza-ajrore-e-natos-ne-kucove-te-shqiperise\/"},"author":{"name":"M M","@id":"https:\/\/permbledhja.com\/#\/schema\/person\/d23f13f59b5722643933d6780783acf3"},"headline":"Gati baza ajrore e NATO\u2019s n\u00eb Ku\u00e7ov\u00eb t\u00eb Shqip\u00ebris\u00eb","datePublished":"2024-02-25T17:58:15+00:00","dateModified":"2024-02-25T17:58:15+00:00","mainEntityOfPage":{"@id":"https:\/\/permbledhja.com\/gati-baza-ajrore-e-natos-ne-kucove-te-shqiperise\/"},"wordCount":541,"publisher":{"@id":"https:\/\/permbledhja.com\/#organization"},"keywords":["NATO"],"articleSection":["T\u00eb r\u00ebnd\u00ebsishme"],"inLanguage":"sq"},{"@type":"WebPage","@id":"https:\/\/permbledhja.com\/gati-baza-ajrore-e-natos-ne-kucove-te-shqiperise\/","url":"https:\/\/permbledhja.com\/gati-baza-ajrore-e-natos-ne-kucove-te-shqiperise\/","name":"Gati baza ajrore e NATO\u2019s n\u00eb Ku\u00e7ov\u00eb t\u00eb Shqip\u00ebris\u00eb","isPartOf":{"@id":"https:\/\/permbledhja.com\/#website"},"datePublished":"2024-02-25T17:58:15+00:00","dateModified":"2024-02-25T17:58:15+00:00","breadcrumb":{"@id":"https:\/\/permbledhja.com\/gati-baza-ajrore-e-natos-ne-kucove-te-shqiperise\/#breadcrumb"},"inLanguage":"sq","potentialAction":[{"@type":"ReadAction","target":["https:\/\/permbledhja.com\/gati-baza-ajrore-e-natos-ne-kucove-te-shqiperise\/"]}]},{"@type":"BreadcrumbList","@id":"https:\/\/permbledhja.com\/gati-baza-ajrore-e-natos-ne-kucove-te-shqiperise\/#breadcrumb","itemListElement":[{"@type":"ListItem","position":1,"name":"Ballina","item":"https:\/\/permbledhja.com\/sq\/"},{"@type":"ListItem","position":2,"name":"Gati baza ajrore e NATO\u2019s n\u00eb Ku\u00e7ov\u00eb t\u00eb Shqip\u00ebris\u00eb"}]},{"@type":"WebSite","@id":"https:\/\/permbledhja.com\/#website","url":"https:\/\/permbledhja.com\/","name":"Ve\u00e7 artikuj p\u00ebrmbledh\u00ebs","description":"","publisher":{"@id":"https:\/\/permbledhja.com\/#organization"},"potentialAction":[{"@type":"SearchAction","target":{"@type":"EntryPoint","urlTemplate":"https:\/\/permbledhja.com\/?s={search_term_string}"},"query-input":"required name=search_term_string"}],"inLanguage":"sq"},{"@type":"Organization","@id":"https:\/\/permbledhja.com\/#organization","name":"MK Media & Pr","url":"https:\/\/permbledhja.com\/","logo":{"@type":"ImageObject","inLanguage":"sq","@id":"https:\/\/permbledhja.com\/#\/schema\/logo\/image\/","url":"https:\/\/permbledhja.com\/wp-content\/uploads\/2021\/12\/07-Press-Logo.jpg","contentUrl":"https:\/\/permbledhja.com\/wp-content\/uploads\/2021\/12\/07-Press-Logo.jpg","width":512,"height":512,"caption":"MK Media & Pr"},"image":{"@id":"https:\/\/permbledhja.com\/#\/schema\/logo\/image\/"},"sameAs":["https:\/\/www.facebook.com\/press07\/"]},{"@type":"Person","@id":"https:\/\/permbledhja.com\/#\/schema\/person\/d23f13f59b5722643933d6780783acf3","name":"M M","image":{"@type":"ImageObject","inLanguage":"sq","@id":"https:\/\/permbledhja.com\/#\/schema\/person\/image\/","url":"https:\/\/secure.gravatar.com\/avatar\/e2835a76ca7c31a2416b2d51c4ec9a8f?s=96&d=mm&r=g","contentUrl":"https:\/\/secure.gravatar.com\/avatar\/e2835a76ca7c31a2416b2d51c4ec9a8f?s=96&d=mm&r=g","caption":"M M"},"sameAs":["http:\/\/MM"],"url":"https:\/\/permbledhja.com\/sq\/author\/muhamet\/"}]}},"_links":{"self":[{"href":"https:\/\/permbledhja.com\/sq\/wp-json\/wp\/v2\/posts\/49944"}],"collection":[{"href":"https:\/\/permbledhja.com\/sq\/wp-json\/wp\/v2\/posts"}],"about":[{"href":"https:\/\/permbledhja.com\/sq\/wp-json\/wp\/v2\/types\/post"}],"author":[{"embeddable":true,"href":"https:\/\/permbledhja.com\/sq\/wp-json\/wp\/v2\/users\/2"}],"replies":[{"embeddable":true,"href":"https:\/\/permbledhja.com\/sq\/wp-json\/wp\/v2\/comments?post=49944"}],"version-history":[{"count":1,"href":"https:\/\/permbledhja.com\/sq\/wp-json\/wp\/v2\/posts\/49944\/revisions"}],"predecessor-version":[{"id":49946,"href":"https:\/\/permbledhja.com\/sq\/wp-json\/wp\/v2\/posts\/49944\/revisions\/49946"}],"wp:featuredmedia":[{"embeddable":true,"href":"https:\/\/permbledhja.com\/sq\/wp-json\/wp\/v2\/media\/49945"}],"wp:attachment":[{"href":"https:\/\/permbledhja.com\/sq\/wp-json\/wp\/v2\/media?parent=49944"}],"wp:term":[{"taxonomy":"category","embeddable":true,"href":"https:\/\/permbledhja.com\/sq\/wp-json\/wp\/v2\/categories?post=49944"},{"taxonomy":"post_tag","embeddable":true,"href":"https:\/\/permbledhja.com\/sq\/wp-json\/wp\/v2\/tags?post=49944"}],"curies":[{"name":"wp","href":"https:\/\/api.w.org\/{rel}","templated":true}]}}