{"id":49673,"date":"2024-02-22T14:40:07","date_gmt":"2024-02-22T14:40:07","guid":{"rendered":"https:\/\/permbledhja.com\/?p=49673"},"modified":"2024-02-22T14:40:07","modified_gmt":"2024-02-22T14:40:07","slug":"gjykimi-ndaj-thacit-dhe-te-tjereve-deshmitari-flet-per-hierarkine-e-uck-se","status":"publish","type":"post","link":"https:\/\/permbledhja.com\/sq\/gjykimi-ndaj-thacit-dhe-te-tjereve-deshmitari-flet-per-hierarkine-e-uck-se\/","title":{"rendered":"Gjykimi ndaj Tha\u00e7it dhe t\u00eb tjer\u00ebve, d\u00ebshmitari flet p\u00ebr hierarkin\u00eb e U\u00c7K-s\u00eb"},"content":{"rendered":"<h3>N\u00eb vazhdim t\u00eb d\u00ebshmis\u00eb s\u00eb tij, t\u00eb enjten n\u00eb Dhomat e Specializuara t\u00eb Kosov\u00ebs, d\u00ebshmitari Hajrush Kurtaj ka folur p\u00ebr hierarkin\u00eb raportuese t\u00eb Ushtris\u00eb \u00c7lirimtare t\u00eb Kosov\u00ebs (U\u00c7K).<\/h3>\n<p>N\u00eb k\u00ebt\u00eb pjes\u00eb t\u00eb seanc\u00eb, d\u00ebshmitari \u00ebsht\u00eb marr\u00eb n\u00eb pyetje nga gjyqtari Gu\u00e9na\u00ebl Mettraux, i cili u fokusua t\u00eb hierarkin\u00eb raportuese duke filluar nga Policia Ushtarake e Brigad\u00ebs 162, deri t\u00eb Shtabi i P\u00ebrgjithsh\u00ebm i U\u00c7K-s\u00eb, raporton \u201cBetimi p\u00ebr Drejt\u00ebsi\u201d.<\/p>\n<p>Gjyqtari Mettraux pyetjet i ka fokusuar n\u00eb baz\u00eb t\u00eb intervist\u00ebs s\u00eb d\u00ebshmitarit dh\u00ebn\u00eb p\u00ebr ZPS-n\u00eb, n\u00eb dokumentet e publikuara n\u00eb librin e tij dhe n\u00eb p\u00ebrgjith\u00ebsi p\u00ebr librin.<\/p>\n<p>I pyetur se a ishte Xhabir Elezi komandant i Policis\u00eb Ushtarake t\u00eb Brigad\u00ebs 162, d\u00ebshmitari tha se n\u00eb baz\u00eb t\u00eb atij dokumenti po.<\/p>\n<p>\u201cKa qen\u00eb kompetenc\u00eb e Komandantit t\u00eb Brigad\u00ebs dhe un\u00eb nuk e kam vendosur n\u00eb at\u00eb detyr\u00eb\u201d, tha d\u00ebshmitari Kurtaj.<\/p>\n<p>Gjyqtari Mettraux pasi e lexoi nj\u00eb deklarat\u00eb t\u00eb d\u00ebshmitarit dh\u00ebn\u00eb p\u00ebr ZPS-s\u00eb, ku ai kishte th\u00ebn\u00eb se Xhabir Elezi i raportonte Qamil Iliazit (Komandant i Brigades 162 n\u00eb Ka\u00e7anik), e pyeti se a i q\u00ebndron k\u00ebsaj deklarate.<\/p>\n<p>\u201cMund t\u00eb kem th\u00ebn\u00eb, megjithat\u00eb prap\u00eb po e p\u00ebrs\u00ebris, kompetenca e mia nuk kan\u00eb qen\u00eb me dit\u00eb se kujt-kush i raporton\u201d, tha Kurtaj.<\/p>\n<p>Kurse, d\u00ebshmitari u ballafaqua edhe me nj\u00eb deklarat\u00eb tjet\u00ebr t\u00eb dh\u00ebn\u00eb p\u00ebr ZPS-n\u00eb, ku sipas gjyqtarit n\u00eb pyetjen se kujt i raporton Komandanti i Zon\u00ebs, d\u00ebshmitari ishte p\u00ebrgjigjur se ai nuk ka qen\u00eb komandant Zone, por normalisht i raporton Shefit t\u00eb Shtabit t\u00eb P\u00ebrgjithsh\u00ebm.<\/p>\n<p>Lidhur me at\u00eb p\u00ebrgjigje, d\u00ebshmitari tha se ka mundur t\u00eb jet\u00eb vet\u00ebm nj\u00eb supozim i tij dhe se ai nuk mund ta konfirmoj\u00eb nj\u00eb gj\u00eb t\u00eb till\u00eb.<\/p>\n<p>\u201cNuk muj me konfirmu, derisa nuk kam marr\u00eb pjes\u00eb nuk muj me konfirmu q\u00eb \u00ebsht\u00eb ashtu\u201d, tha d\u00ebshmitari.<\/p>\n<p>I ballafaquar edhe me pjes\u00eb tjera q\u00eb ka shkruar n\u00eb librin e tij lidhur me hierarkin\u00eb e U\u00c7K-s\u00eb, d\u00ebshmitari ka th\u00ebn\u00eb se ato kan\u00eb qen\u00eb vet\u00ebm supozime t\u00eb tija, por nuk ka pasur njohuri.<\/p>\n<p>Paraprakisht, kund\u00ebrpyetje p\u00ebr d\u00ebshmitarin Kurtaj pati prokurorit James Pace, i cili u fokusua tek nj\u00eb foto dhe nj\u00eb deklarat\u00eb e m\u00ebhershme e d\u00ebshmitarit t\u00eb dh\u00ebn\u00eb si p\u00ebrgjigje p\u00ebr mbrojtjen e t\u00eb akuzuarve.<\/p>\n<p>Gjat\u00eb d\u00ebshmis\u00eb s\u00eb tij, Kurtaj thuhet ka th\u00ebn\u00eb se p\u00ebr shkaqe sigurie nuk kan\u00eb p\u00ebrdorur telefona mobil dhe se ai nuk ka pasur.<\/p>\n<p>Lidhur me k\u00ebt\u00eb deklarat\u00eb, prokurori Pace e ballafaqoi d\u00ebshmitarin me nj\u00eb video ku shihen tre ushtar\u00eb t\u00eb U\u00c7K-s\u00eb, nj\u00ebri nga ta d\u00ebshmitari, duke p\u00ebrdorur nj\u00eb telefon mobil.<\/p>\n<p>P\u00ebr k\u00ebt\u00eb, Kurtaj tha se telefonin e kishte marr\u00eb p\u00ebr p\u00ebrdorim nga nj\u00eb civil, p\u00ebr t\u00eb biseduar me familjet e tyre.\/betimiperdrejtesi\/<\/p>\n","protected":false},"excerpt":{"rendered":"<p>N\u00eb vazhdim t\u00eb d\u00ebshmis\u00eb s\u00eb tij, t\u00eb enjten n\u00eb Dhomat e Specializuara t\u00eb Kosov\u00ebs, d\u00ebshmitari Hajrush Kurtaj ka folur p\u00ebr hierarkin\u00eb raportuese t\u00eb Ushtris\u00eb \u00c7lirimtare t\u00eb Kosov\u00ebs (U\u00c7K). N\u00eb k\u00ebt\u00eb pjes\u00eb t\u00eb seanc\u00eb, d\u00ebshmitari \u00ebsht\u00eb marr\u00eb n\u00eb pyetje nga gjyqtari Gu\u00e9na\u00ebl Mettraux, i cili u fokusua t\u00eb hierarkin\u00eb raportuese duke filluar nga Policia Ushtarake e [&hellip;]<\/p>\n","protected":false},"author":2,"featured_media":49674,"comment_status":"closed","ping_status":"closed","sticky":false,"template":"","format":"standard","meta":{"_monsterinsights_skip_tracking":false,"_monsterinsights_sitenote_active":false,"_monsterinsights_sitenote_note":"","_monsterinsights_sitenote_category":0,"_uf_show_specific_survey":0,"_uf_disable_surveys":false,"footnotes":""},"categories":[2645],"tags":[2468],"yoast_head":"<!-- This site is optimized with the Yoast SEO plugin v21.5 - https:\/\/yoast.com\/wordpress\/plugins\/seo\/ -->\n<title>Gjykimi ndaj Tha\u00e7it dhe t\u00eb tjer\u00ebve, d\u00ebshmitari flet p\u00ebr hierarkin\u00eb e U\u00c7K-s\u00eb<\/title>\n<meta name=\"robots\" content=\"index, follow, max-snippet:-1, max-image-preview:large, max-video-preview:-1\" \/>\n<link rel=\"canonical\" href=\"https:\/\/permbledhja.com\/sq\/gjykimi-ndaj-thacit-dhe-te-tjereve-deshmitari-flet-per-hierarkine-e-uck-se\/\" \/>\n<meta property=\"og:locale\" content=\"sq_AL\" \/>\n<meta property=\"og:type\" content=\"article\" \/>\n<meta property=\"og:title\" content=\"Gjykimi ndaj Tha\u00e7it dhe t\u00eb tjer\u00ebve, d\u00ebshmitari flet p\u00ebr hierarkin\u00eb e U\u00c7K-s\u00eb\" \/>\n<meta property=\"og:description\" content=\"N\u00eb vazhdim t\u00eb d\u00ebshmis\u00eb s\u00eb tij, t\u00eb enjten n\u00eb Dhomat e Specializuara t\u00eb Kosov\u00ebs, d\u00ebshmitari Hajrush Kurtaj ka folur p\u00ebr hierarkin\u00eb raportuese t\u00eb Ushtris\u00eb \u00c7lirimtare t\u00eb Kosov\u00ebs (U\u00c7K). N\u00eb k\u00ebt\u00eb pjes\u00eb t\u00eb seanc\u00eb, d\u00ebshmitari \u00ebsht\u00eb marr\u00eb n\u00eb pyetje nga gjyqtari Gu\u00e9na\u00ebl Mettraux, i cili u fokusua t\u00eb hierarkin\u00eb raportuese duke filluar nga Policia Ushtarake e [&hellip;]\" \/>\n<meta property=\"og:url\" content=\"https:\/\/permbledhja.com\/sq\/gjykimi-ndaj-thacit-dhe-te-tjereve-deshmitari-flet-per-hierarkine-e-uck-se\/\" \/>\n<meta property=\"og:site_name\" content=\"Ve\u00e7 artikuj p\u00ebrmbledh\u00ebs\" \/>\n<meta property=\"article:publisher\" content=\"https:\/\/www.facebook.com\/press07\/\" \/>\n<meta property=\"article:published_time\" content=\"2024-02-22T14:40:07+00:00\" \/>\n<meta property=\"og:image\" content=\"https:\/\/permbledhja.com\/wp-content\/uploads\/2024\/02\/Thaci-dhe-te-tjeret-3.jpg\" \/>\n\t<meta property=\"og:image:width\" content=\"743\" \/>\n\t<meta property=\"og:image:height\" content=\"419\" \/>\n\t<meta property=\"og:image:type\" content=\"image\/jpeg\" \/>\n<meta name=\"author\" content=\"M M\" \/>\n<meta name=\"twitter:card\" content=\"summary_large_image\" \/>\n<meta name=\"twitter:label1\" content=\"Written by\" \/>\n\t<meta name=\"twitter:data1\" content=\"M M\" \/>\n\t<meta name=\"twitter:label2\" content=\"Est. reading time\" \/>\n\t<meta name=\"twitter:data2\" content=\"3 minuta\" \/>\n<script type=\"application\/ld+json\" class=\"yoast-schema-graph\">{\"@context\":\"https:\/\/schema.org\",\"@graph\":[{\"@type\":\"Article\",\"@id\":\"https:\/\/permbledhja.com\/gjykimi-ndaj-thacit-dhe-te-tjereve-deshmitari-flet-per-hierarkine-e-uck-se\/#article\",\"isPartOf\":{\"@id\":\"https:\/\/permbledhja.com\/gjykimi-ndaj-thacit-dhe-te-tjereve-deshmitari-flet-per-hierarkine-e-uck-se\/\"},\"author\":{\"name\":\"M M\",\"@id\":\"https:\/\/permbledhja.com\/#\/schema\/person\/d23f13f59b5722643933d6780783acf3\"},\"headline\":\"Gjykimi ndaj Tha\u00e7it dhe t\u00eb tjer\u00ebve, d\u00ebshmitari flet p\u00ebr hierarkin\u00eb e U\u00c7K-s\u00eb\",\"datePublished\":\"2024-02-22T14:40:07+00:00\",\"dateModified\":\"2024-02-22T14:40:07+00:00\",\"mainEntityOfPage\":{\"@id\":\"https:\/\/permbledhja.com\/gjykimi-ndaj-thacit-dhe-te-tjereve-deshmitari-flet-per-hierarkine-e-uck-se\/\"},\"wordCount\":516,\"publisher\":{\"@id\":\"https:\/\/permbledhja.com\/#organization\"},\"keywords\":[\"Gjykata e Hag\u00ebs\"],\"articleSection\":[\"T\u00eb r\u00ebnd\u00ebsishme\"],\"inLanguage\":\"sq\"},{\"@type\":\"WebPage\",\"@id\":\"https:\/\/permbledhja.com\/gjykimi-ndaj-thacit-dhe-te-tjereve-deshmitari-flet-per-hierarkine-e-uck-se\/\",\"url\":\"https:\/\/permbledhja.com\/gjykimi-ndaj-thacit-dhe-te-tjereve-deshmitari-flet-per-hierarkine-e-uck-se\/\",\"name\":\"Gjykimi ndaj Tha\u00e7it dhe t\u00eb tjer\u00ebve, d\u00ebshmitari flet p\u00ebr hierarkin\u00eb e U\u00c7K-s\u00eb\",\"isPartOf\":{\"@id\":\"https:\/\/permbledhja.com\/#website\"},\"datePublished\":\"2024-02-22T14:40:07+00:00\",\"dateModified\":\"2024-02-22T14:40:07+00:00\",\"breadcrumb\":{\"@id\":\"https:\/\/permbledhja.com\/gjykimi-ndaj-thacit-dhe-te-tjereve-deshmitari-flet-per-hierarkine-e-uck-se\/#breadcrumb\"},\"inLanguage\":\"sq\",\"potentialAction\":[{\"@type\":\"ReadAction\",\"target\":[\"https:\/\/permbledhja.com\/gjykimi-ndaj-thacit-dhe-te-tjereve-deshmitari-flet-per-hierarkine-e-uck-se\/\"]}]},{\"@type\":\"BreadcrumbList\",\"@id\":\"https:\/\/permbledhja.com\/gjykimi-ndaj-thacit-dhe-te-tjereve-deshmitari-flet-per-hierarkine-e-uck-se\/#breadcrumb\",\"itemListElement\":[{\"@type\":\"ListItem\",\"position\":1,\"name\":\"Ballina\",\"item\":\"https:\/\/permbledhja.com\/sq\/\"},{\"@type\":\"ListItem\",\"position\":2,\"name\":\"Gjykimi ndaj Tha\u00e7it dhe t\u00eb tjer\u00ebve, d\u00ebshmitari flet p\u00ebr hierarkin\u00eb e U\u00c7K-s\u00eb\"}]},{\"@type\":\"WebSite\",\"@id\":\"https:\/\/permbledhja.com\/#website\",\"url\":\"https:\/\/permbledhja.com\/\",\"name\":\"Ve\u00e7 artikuj p\u00ebrmbledh\u00ebs\",\"description\":\"\",\"publisher\":{\"@id\":\"https:\/\/permbledhja.com\/#organization\"},\"potentialAction\":[{\"@type\":\"SearchAction\",\"target\":{\"@type\":\"EntryPoint\",\"urlTemplate\":\"https:\/\/permbledhja.com\/?s={search_term_string}\"},\"query-input\":\"required name=search_term_string\"}],\"inLanguage\":\"sq\"},{\"@type\":\"Organization\",\"@id\":\"https:\/\/permbledhja.com\/#organization\",\"name\":\"MK Media & Pr\",\"url\":\"https:\/\/permbledhja.com\/\",\"logo\":{\"@type\":\"ImageObject\",\"inLanguage\":\"sq\",\"@id\":\"https:\/\/permbledhja.com\/#\/schema\/logo\/image\/\",\"url\":\"https:\/\/permbledhja.com\/wp-content\/uploads\/2021\/12\/07-Press-Logo.jpg\",\"contentUrl\":\"https:\/\/permbledhja.com\/wp-content\/uploads\/2021\/12\/07-Press-Logo.jpg\",\"width\":512,\"height\":512,\"caption\":\"MK Media & Pr\"},\"image\":{\"@id\":\"https:\/\/permbledhja.com\/#\/schema\/logo\/image\/\"},\"sameAs\":[\"https:\/\/www.facebook.com\/press07\/\"]},{\"@type\":\"Person\",\"@id\":\"https:\/\/permbledhja.com\/#\/schema\/person\/d23f13f59b5722643933d6780783acf3\",\"name\":\"M M\",\"image\":{\"@type\":\"ImageObject\",\"inLanguage\":\"sq\",\"@id\":\"https:\/\/permbledhja.com\/#\/schema\/person\/image\/\",\"url\":\"https:\/\/secure.gravatar.com\/avatar\/e2835a76ca7c31a2416b2d51c4ec9a8f?s=96&d=mm&r=g\",\"contentUrl\":\"https:\/\/secure.gravatar.com\/avatar\/e2835a76ca7c31a2416b2d51c4ec9a8f?s=96&d=mm&r=g\",\"caption\":\"M M\"},\"sameAs\":[\"http:\/\/MM\"],\"url\":\"https:\/\/permbledhja.com\/sq\/author\/muhamet\/\"}]}<\/script>\n<!-- \/ Yoast SEO plugin. -->","yoast_head_json":{"title":"Gjykimi ndaj Tha\u00e7it dhe t\u00eb tjer\u00ebve, d\u00ebshmitari flet p\u00ebr hierarkin\u00eb e U\u00c7K-s\u00eb","robots":{"index":"index","follow":"follow","max-snippet":"max-snippet:-1","max-image-preview":"max-image-preview:large","max-video-preview":"max-video-preview:-1"},"canonical":"https:\/\/permbledhja.com\/sq\/gjykimi-ndaj-thacit-dhe-te-tjereve-deshmitari-flet-per-hierarkine-e-uck-se\/","og_locale":"sq_AL","og_type":"article","og_title":"Gjykimi ndaj Tha\u00e7it dhe t\u00eb tjer\u00ebve, d\u00ebshmitari flet p\u00ebr hierarkin\u00eb e U\u00c7K-s\u00eb","og_description":"N\u00eb vazhdim t\u00eb d\u00ebshmis\u00eb s\u00eb tij, t\u00eb enjten n\u00eb Dhomat e Specializuara t\u00eb Kosov\u00ebs, d\u00ebshmitari Hajrush Kurtaj ka folur p\u00ebr hierarkin\u00eb raportuese t\u00eb Ushtris\u00eb \u00c7lirimtare t\u00eb Kosov\u00ebs (U\u00c7K). N\u00eb k\u00ebt\u00eb pjes\u00eb t\u00eb seanc\u00eb, d\u00ebshmitari \u00ebsht\u00eb marr\u00eb n\u00eb pyetje nga gjyqtari Gu\u00e9na\u00ebl Mettraux, i cili u fokusua t\u00eb hierarkin\u00eb raportuese duke filluar nga Policia Ushtarake e [&hellip;]","og_url":"https:\/\/permbledhja.com\/sq\/gjykimi-ndaj-thacit-dhe-te-tjereve-deshmitari-flet-per-hierarkine-e-uck-se\/","og_site_name":"Ve\u00e7 artikuj p\u00ebrmbledh\u00ebs","article_publisher":"https:\/\/www.facebook.com\/press07\/","article_published_time":"2024-02-22T14:40:07+00:00","og_image":[{"width":743,"height":419,"url":"https:\/\/permbledhja.com\/wp-content\/uploads\/2024\/02\/Thaci-dhe-te-tjeret-3.jpg","type":"image\/jpeg"}],"author":"M M","twitter_card":"summary_large_image","twitter_misc":{"Written by":"M M","Est. reading time":"3 minuta"},"schema":{"@context":"https:\/\/schema.org","@graph":[{"@type":"Article","@id":"https:\/\/permbledhja.com\/gjykimi-ndaj-thacit-dhe-te-tjereve-deshmitari-flet-per-hierarkine-e-uck-se\/#article","isPartOf":{"@id":"https:\/\/permbledhja.com\/gjykimi-ndaj-thacit-dhe-te-tjereve-deshmitari-flet-per-hierarkine-e-uck-se\/"},"author":{"name":"M M","@id":"https:\/\/permbledhja.com\/#\/schema\/person\/d23f13f59b5722643933d6780783acf3"},"headline":"Gjykimi ndaj Tha\u00e7it dhe t\u00eb tjer\u00ebve, d\u00ebshmitari flet p\u00ebr hierarkin\u00eb e U\u00c7K-s\u00eb","datePublished":"2024-02-22T14:40:07+00:00","dateModified":"2024-02-22T14:40:07+00:00","mainEntityOfPage":{"@id":"https:\/\/permbledhja.com\/gjykimi-ndaj-thacit-dhe-te-tjereve-deshmitari-flet-per-hierarkine-e-uck-se\/"},"wordCount":516,"publisher":{"@id":"https:\/\/permbledhja.com\/#organization"},"keywords":["Gjykata e Hag\u00ebs"],"articleSection":["T\u00eb r\u00ebnd\u00ebsishme"],"inLanguage":"sq"},{"@type":"WebPage","@id":"https:\/\/permbledhja.com\/gjykimi-ndaj-thacit-dhe-te-tjereve-deshmitari-flet-per-hierarkine-e-uck-se\/","url":"https:\/\/permbledhja.com\/gjykimi-ndaj-thacit-dhe-te-tjereve-deshmitari-flet-per-hierarkine-e-uck-se\/","name":"Gjykimi ndaj Tha\u00e7it dhe t\u00eb tjer\u00ebve, d\u00ebshmitari flet p\u00ebr hierarkin\u00eb e U\u00c7K-s\u00eb","isPartOf":{"@id":"https:\/\/permbledhja.com\/#website"},"datePublished":"2024-02-22T14:40:07+00:00","dateModified":"2024-02-22T14:40:07+00:00","breadcrumb":{"@id":"https:\/\/permbledhja.com\/gjykimi-ndaj-thacit-dhe-te-tjereve-deshmitari-flet-per-hierarkine-e-uck-se\/#breadcrumb"},"inLanguage":"sq","potentialAction":[{"@type":"ReadAction","target":["https:\/\/permbledhja.com\/gjykimi-ndaj-thacit-dhe-te-tjereve-deshmitari-flet-per-hierarkine-e-uck-se\/"]}]},{"@type":"BreadcrumbList","@id":"https:\/\/permbledhja.com\/gjykimi-ndaj-thacit-dhe-te-tjereve-deshmitari-flet-per-hierarkine-e-uck-se\/#breadcrumb","itemListElement":[{"@type":"ListItem","position":1,"name":"Ballina","item":"https:\/\/permbledhja.com\/sq\/"},{"@type":"ListItem","position":2,"name":"Gjykimi ndaj Tha\u00e7it dhe t\u00eb tjer\u00ebve, d\u00ebshmitari flet p\u00ebr hierarkin\u00eb e U\u00c7K-s\u00eb"}]},{"@type":"WebSite","@id":"https:\/\/permbledhja.com\/#website","url":"https:\/\/permbledhja.com\/","name":"Ve\u00e7 artikuj p\u00ebrmbledh\u00ebs","description":"","publisher":{"@id":"https:\/\/permbledhja.com\/#organization"},"potentialAction":[{"@type":"SearchAction","target":{"@type":"EntryPoint","urlTemplate":"https:\/\/permbledhja.com\/?s={search_term_string}"},"query-input":"required name=search_term_string"}],"inLanguage":"sq"},{"@type":"Organization","@id":"https:\/\/permbledhja.com\/#organization","name":"MK Media & Pr","url":"https:\/\/permbledhja.com\/","logo":{"@type":"ImageObject","inLanguage":"sq","@id":"https:\/\/permbledhja.com\/#\/schema\/logo\/image\/","url":"https:\/\/permbledhja.com\/wp-content\/uploads\/2021\/12\/07-Press-Logo.jpg","contentUrl":"https:\/\/permbledhja.com\/wp-content\/uploads\/2021\/12\/07-Press-Logo.jpg","width":512,"height":512,"caption":"MK Media & Pr"},"image":{"@id":"https:\/\/permbledhja.com\/#\/schema\/logo\/image\/"},"sameAs":["https:\/\/www.facebook.com\/press07\/"]},{"@type":"Person","@id":"https:\/\/permbledhja.com\/#\/schema\/person\/d23f13f59b5722643933d6780783acf3","name":"M M","image":{"@type":"ImageObject","inLanguage":"sq","@id":"https:\/\/permbledhja.com\/#\/schema\/person\/image\/","url":"https:\/\/secure.gravatar.com\/avatar\/e2835a76ca7c31a2416b2d51c4ec9a8f?s=96&d=mm&r=g","contentUrl":"https:\/\/secure.gravatar.com\/avatar\/e2835a76ca7c31a2416b2d51c4ec9a8f?s=96&d=mm&r=g","caption":"M M"},"sameAs":["http:\/\/MM"],"url":"https:\/\/permbledhja.com\/sq\/author\/muhamet\/"}]}},"_links":{"self":[{"href":"https:\/\/permbledhja.com\/sq\/wp-json\/wp\/v2\/posts\/49673"}],"collection":[{"href":"https:\/\/permbledhja.com\/sq\/wp-json\/wp\/v2\/posts"}],"about":[{"href":"https:\/\/permbledhja.com\/sq\/wp-json\/wp\/v2\/types\/post"}],"author":[{"embeddable":true,"href":"https:\/\/permbledhja.com\/sq\/wp-json\/wp\/v2\/users\/2"}],"replies":[{"embeddable":true,"href":"https:\/\/permbledhja.com\/sq\/wp-json\/wp\/v2\/comments?post=49673"}],"version-history":[{"count":1,"href":"https:\/\/permbledhja.com\/sq\/wp-json\/wp\/v2\/posts\/49673\/revisions"}],"predecessor-version":[{"id":49675,"href":"https:\/\/permbledhja.com\/sq\/wp-json\/wp\/v2\/posts\/49673\/revisions\/49675"}],"wp:featuredmedia":[{"embeddable":true,"href":"https:\/\/permbledhja.com\/sq\/wp-json\/wp\/v2\/media\/49674"}],"wp:attachment":[{"href":"https:\/\/permbledhja.com\/sq\/wp-json\/wp\/v2\/media?parent=49673"}],"wp:term":[{"taxonomy":"category","embeddable":true,"href":"https:\/\/permbledhja.com\/sq\/wp-json\/wp\/v2\/categories?post=49673"},{"taxonomy":"post_tag","embeddable":true,"href":"https:\/\/permbledhja.com\/sq\/wp-json\/wp\/v2\/tags?post=49673"}],"curies":[{"name":"wp","href":"https:\/\/api.w.org\/{rel}","templated":true}]}}