{"id":49365,"date":"2024-02-21T08:40:09","date_gmt":"2024-02-21T08:40:09","guid":{"rendered":"https:\/\/permbledhja.com\/?p=49365"},"modified":"2024-02-21T08:40:09","modified_gmt":"2024-02-21T08:40:09","slug":"ti-je-rrenc-nuk-duroj-ma-rrena-perplasje-e-ashper-mes-vehbi-kajtazit-e-gazmir-racit","status":"publish","type":"post","link":"https:\/\/permbledhja.com\/sq\/ti-je-rrenc-nuk-duroj-ma-rrena-perplasje-e-ashper-mes-vehbi-kajtazit-e-gazmir-racit\/","title":{"rendered":"Ti je rrenc\u201d \u2013 \u201cNuk duroj ma rrena\u201d: P\u00ebrplasje e ashp\u00ebr mes Vehbi Kajtazit e Gazmir Racit"},"content":{"rendered":"<h3>P\u00ebrplasje verbale ka ndodhur mes gazetarit Vehbi Kajtazit dhe analistit Gazmir Raci n\u00eb Rubikon ku po diskutohej p\u00ebr leximin e deklarat\u00ebs s\u00eb pavar\u00ebsis\u00eb s\u00eb Kosov\u00ebs, dhe rolin e Hashim Tha\u00e7it gjat\u00eb asaj kohe.<\/h3>\n<p>Derisa Kajtazi po diskutonte p\u00ebr videon e L\u00ebvizjes Vet\u00ebvendosje p\u00ebr 16-vjetorin e pavar\u00ebsis\u00eb dhe tendenc\u00ebn e k\u00ebsaj partie p\u00ebr ta \u201cfshir\u00eb\u201d historin\u00eb e Hashim Tha\u00e7it, nd\u00ebrhyri Raci duke th\u00ebn\u00eb se \u201cTha\u00e7i ka q\u00ebllu kryeminist\u00ebr\u201d.<\/p>\n<p>\u201cE pam\u00eb p\u00ebrvejtorin e pavar\u00ebsis\u00eb, e pam\u00eb videon e qeveris\u00eb, sen ma t\u00eb turpsh\u00ebm skam pa. Kush e ka fshi historin\u00eb, regjimet komuniste. N\u00ebse ti po provon me fshi historin\u00eb q\u00eb Hashim Tha\u00e7i \u00ebsht\u00eb jo lexues i deklarat\u00ebs. K\u00ebtu ka nj\u00eb dallim thelb\u00ebsor. Leximi i deklarat\u00ebs s\u00eb pavar\u00ebsis\u00eb ka nj\u00eb histori n\u00eb vete. Ka nj\u00eb p\u00ebrpjekje shum\u00ebvje\u00e7are\u201d, tha Kajtazi.<\/p>\n<p>Adriatik Kelmendi: Nuk i ka r\u00ebn\u00eb me short, ai ka qen\u00eb kryeminist\u00ebr.<\/p>\n<p>Vehbi Kajtazi: N\u00eb fund \u00ebsht\u00eb akti i leximit t\u00eb shpalljes.<\/p>\n<p>Gazmir Raci: As historia sja ka caktu<\/p>\n<p>Rrahman Pa\u00e7arizi: Ka pas merit\u00eb para asaj<\/p>\n<p>Vehbi Kajtazi: Dhe tash n\u00ebse.. qetu \u00ebsht\u00eb ideja.<\/p>\n<p>Gazmir Raci: Ka q\u00ebllu kryeminist\u00ebr, ka mund t\u00eb jet\u00eb kryeminist\u00ebr dikush tjet\u00ebr, psh n\u00eb negociata deri te shpallja e pavar\u00ebsis\u00eb Ibrahim Rugova, ka qen\u00eb edhe Bajram Kosumi, Agim Qeku, mos i moho<\/p>\n<p>Vehbi Kajtazi: Nuk ka qellu.. un\u00eb e kam qetu nj\u00eb aktgjykim t\u00eb gjykat\u00ebs t\u00eb qarkut t\u00eb Prishtin\u00ebs..<\/p>\n<p>Gazmir Raci: Ve\u00e7 ti m\u00ebher\u00ebt akuzove p\u00ebr ndryshim t\u00eb historis\u00eb e ti tash po ndryshon<\/p>\n<p>Vehbi Kajtazi: Rren\u00eb \u00ebsht\u00eb kjo, rren\u00eb, rren cka ka than qeveria dhe rren krejt ju q\u00eb e p\u00ebrkrahni. Ju jeni krejt rrenca. Ti je rrenc m\u00eb i madhi. Ti je rrenc. Nuk duroj m\u00eb rrena n\u00eb k\u00ebt\u00eb studio. As manipulim. Rrenca jan\u00eb k\u00ebta. I ka sh\u00ebrby Hashim Tha\u00e7it, tash i ka than\u00eb Albini p\u00ebrkrahem mu, rrenca jeni ju. Sot e 100 vjet nuk toleroj rren\u00eb k\u00ebtu ku jam un\u00eb. Rren\u00eb, manipulim.<\/p>\n","protected":false},"excerpt":{"rendered":"<p>P\u00ebrplasje verbale ka ndodhur mes gazetarit Vehbi Kajtazit dhe analistit Gazmir Raci n\u00eb Rubikon ku po diskutohej p\u00ebr leximin e deklarat\u00ebs s\u00eb pavar\u00ebsis\u00eb s\u00eb Kosov\u00ebs, dhe rolin e Hashim Tha\u00e7it gjat\u00eb asaj kohe. Derisa Kajtazi po diskutonte p\u00ebr videon e L\u00ebvizjes Vet\u00ebvendosje p\u00ebr 16-vjetorin e pavar\u00ebsis\u00eb dhe tendenc\u00ebn e k\u00ebsaj partie p\u00ebr ta \u201cfshir\u00eb\u201d historin\u00eb [&hellip;]<\/p>\n","protected":false},"author":2,"featured_media":49366,"comment_status":"closed","ping_status":"closed","sticky":false,"template":"","format":"standard","meta":{"_monsterinsights_skip_tracking":false,"_monsterinsights_sitenote_active":false,"_monsterinsights_sitenote_note":"","_monsterinsights_sitenote_category":0,"_uf_show_specific_survey":0,"_uf_disable_surveys":false,"footnotes":""},"categories":[2645],"tags":[1338],"yoast_head":"<!-- This site is optimized with the Yoast SEO plugin v21.5 - https:\/\/yoast.com\/wordpress\/plugins\/seo\/ -->\n<title>Ti je rrenc\u201d \u2013 \u201cNuk duroj ma rrena\u201d: P\u00ebrplasje e ashp\u00ebr mes Vehbi Kajtazit e Gazmir Racit<\/title>\n<meta name=\"robots\" content=\"index, follow, max-snippet:-1, max-image-preview:large, max-video-preview:-1\" \/>\n<link rel=\"canonical\" href=\"https:\/\/permbledhja.com\/sq\/ti-je-rrenc-nuk-duroj-ma-rrena-perplasje-e-ashper-mes-vehbi-kajtazit-e-gazmir-racit\/\" \/>\n<meta property=\"og:locale\" content=\"sq_AL\" \/>\n<meta property=\"og:type\" content=\"article\" \/>\n<meta property=\"og:title\" content=\"Ti je rrenc\u201d \u2013 \u201cNuk duroj ma rrena\u201d: P\u00ebrplasje e ashp\u00ebr mes Vehbi Kajtazit e Gazmir Racit\" \/>\n<meta property=\"og:description\" content=\"P\u00ebrplasje verbale ka ndodhur mes gazetarit Vehbi Kajtazit dhe analistit Gazmir Raci n\u00eb Rubikon ku po diskutohej p\u00ebr leximin e deklarat\u00ebs s\u00eb pavar\u00ebsis\u00eb s\u00eb Kosov\u00ebs, dhe rolin e Hashim Tha\u00e7it gjat\u00eb asaj kohe. Derisa Kajtazi po diskutonte p\u00ebr videon e L\u00ebvizjes Vet\u00ebvendosje p\u00ebr 16-vjetorin e pavar\u00ebsis\u00eb dhe tendenc\u00ebn e k\u00ebsaj partie p\u00ebr ta \u201cfshir\u00eb\u201d historin\u00eb [&hellip;]\" \/>\n<meta property=\"og:url\" content=\"https:\/\/permbledhja.com\/sq\/ti-je-rrenc-nuk-duroj-ma-rrena-perplasje-e-ashper-mes-vehbi-kajtazit-e-gazmir-racit\/\" \/>\n<meta property=\"og:site_name\" content=\"Ve\u00e7 artikuj p\u00ebrmbledh\u00ebs\" \/>\n<meta property=\"article:publisher\" content=\"https:\/\/www.facebook.com\/press07\/\" \/>\n<meta property=\"article:published_time\" content=\"2024-02-21T08:40:09+00:00\" \/>\n<meta property=\"og:image\" content=\"https:\/\/permbledhja.com\/wp-content\/uploads\/2024\/02\/BeFunky-collage-3-3-scaled-1.jpg\" \/>\n\t<meta property=\"og:image:width\" content=\"2560\" \/>\n\t<meta property=\"og:image:height\" content=\"1754\" \/>\n\t<meta property=\"og:image:type\" content=\"image\/jpeg\" \/>\n<meta name=\"author\" content=\"M M\" \/>\n<meta name=\"twitter:card\" content=\"summary_large_image\" \/>\n<meta name=\"twitter:label1\" content=\"Written by\" \/>\n\t<meta name=\"twitter:data1\" content=\"M M\" \/>\n\t<meta name=\"twitter:label2\" content=\"Est. reading time\" \/>\n\t<meta name=\"twitter:data2\" content=\"2 minuta\" \/>\n<script type=\"application\/ld+json\" class=\"yoast-schema-graph\">{\"@context\":\"https:\/\/schema.org\",\"@graph\":[{\"@type\":\"Article\",\"@id\":\"https:\/\/permbledhja.com\/ti-je-rrenc-nuk-duroj-ma-rrena-perplasje-e-ashper-mes-vehbi-kajtazit-e-gazmir-racit\/#article\",\"isPartOf\":{\"@id\":\"https:\/\/permbledhja.com\/ti-je-rrenc-nuk-duroj-ma-rrena-perplasje-e-ashper-mes-vehbi-kajtazit-e-gazmir-racit\/\"},\"author\":{\"name\":\"M M\",\"@id\":\"https:\/\/permbledhja.com\/#\/schema\/person\/d23f13f59b5722643933d6780783acf3\"},\"headline\":\"Ti je rrenc\u201d \u2013 \u201cNuk duroj ma rrena\u201d: P\u00ebrplasje e ashp\u00ebr mes Vehbi Kajtazit e Gazmir Racit\",\"datePublished\":\"2024-02-21T08:40:09+00:00\",\"dateModified\":\"2024-02-21T08:40:09+00:00\",\"mainEntityOfPage\":{\"@id\":\"https:\/\/permbledhja.com\/ti-je-rrenc-nuk-duroj-ma-rrena-perplasje-e-ashper-mes-vehbi-kajtazit-e-gazmir-racit\/\"},\"wordCount\":376,\"publisher\":{\"@id\":\"https:\/\/permbledhja.com\/#organization\"},\"keywords\":[\"Vehbi Kajtazi\"],\"articleSection\":[\"T\u00eb r\u00ebnd\u00ebsishme\"],\"inLanguage\":\"sq\"},{\"@type\":\"WebPage\",\"@id\":\"https:\/\/permbledhja.com\/ti-je-rrenc-nuk-duroj-ma-rrena-perplasje-e-ashper-mes-vehbi-kajtazit-e-gazmir-racit\/\",\"url\":\"https:\/\/permbledhja.com\/ti-je-rrenc-nuk-duroj-ma-rrena-perplasje-e-ashper-mes-vehbi-kajtazit-e-gazmir-racit\/\",\"name\":\"Ti je rrenc\u201d \u2013 \u201cNuk duroj ma rrena\u201d: P\u00ebrplasje e ashp\u00ebr mes Vehbi Kajtazit e Gazmir Racit\",\"isPartOf\":{\"@id\":\"https:\/\/permbledhja.com\/#website\"},\"datePublished\":\"2024-02-21T08:40:09+00:00\",\"dateModified\":\"2024-02-21T08:40:09+00:00\",\"breadcrumb\":{\"@id\":\"https:\/\/permbledhja.com\/ti-je-rrenc-nuk-duroj-ma-rrena-perplasje-e-ashper-mes-vehbi-kajtazit-e-gazmir-racit\/#breadcrumb\"},\"inLanguage\":\"sq\",\"potentialAction\":[{\"@type\":\"ReadAction\",\"target\":[\"https:\/\/permbledhja.com\/ti-je-rrenc-nuk-duroj-ma-rrena-perplasje-e-ashper-mes-vehbi-kajtazit-e-gazmir-racit\/\"]}]},{\"@type\":\"BreadcrumbList\",\"@id\":\"https:\/\/permbledhja.com\/ti-je-rrenc-nuk-duroj-ma-rrena-perplasje-e-ashper-mes-vehbi-kajtazit-e-gazmir-racit\/#breadcrumb\",\"itemListElement\":[{\"@type\":\"ListItem\",\"position\":1,\"name\":\"Ballina\",\"item\":\"https:\/\/permbledhja.com\/sq\/\"},{\"@type\":\"ListItem\",\"position\":2,\"name\":\"Ti je rrenc\u201d \u2013 \u201cNuk duroj ma rrena\u201d: P\u00ebrplasje e ashp\u00ebr mes Vehbi Kajtazit e Gazmir Racit\"}]},{\"@type\":\"WebSite\",\"@id\":\"https:\/\/permbledhja.com\/#website\",\"url\":\"https:\/\/permbledhja.com\/\",\"name\":\"Ve\u00e7 artikuj p\u00ebrmbledh\u00ebs\",\"description\":\"\",\"publisher\":{\"@id\":\"https:\/\/permbledhja.com\/#organization\"},\"potentialAction\":[{\"@type\":\"SearchAction\",\"target\":{\"@type\":\"EntryPoint\",\"urlTemplate\":\"https:\/\/permbledhja.com\/?s={search_term_string}\"},\"query-input\":\"required name=search_term_string\"}],\"inLanguage\":\"sq\"},{\"@type\":\"Organization\",\"@id\":\"https:\/\/permbledhja.com\/#organization\",\"name\":\"MK Media & Pr\",\"url\":\"https:\/\/permbledhja.com\/\",\"logo\":{\"@type\":\"ImageObject\",\"inLanguage\":\"sq\",\"@id\":\"https:\/\/permbledhja.com\/#\/schema\/logo\/image\/\",\"url\":\"https:\/\/permbledhja.com\/wp-content\/uploads\/2021\/12\/07-Press-Logo.jpg\",\"contentUrl\":\"https:\/\/permbledhja.com\/wp-content\/uploads\/2021\/12\/07-Press-Logo.jpg\",\"width\":512,\"height\":512,\"caption\":\"MK Media & Pr\"},\"image\":{\"@id\":\"https:\/\/permbledhja.com\/#\/schema\/logo\/image\/\"},\"sameAs\":[\"https:\/\/www.facebook.com\/press07\/\"]},{\"@type\":\"Person\",\"@id\":\"https:\/\/permbledhja.com\/#\/schema\/person\/d23f13f59b5722643933d6780783acf3\",\"name\":\"M M\",\"image\":{\"@type\":\"ImageObject\",\"inLanguage\":\"sq\",\"@id\":\"https:\/\/permbledhja.com\/#\/schema\/person\/image\/\",\"url\":\"https:\/\/secure.gravatar.com\/avatar\/e2835a76ca7c31a2416b2d51c4ec9a8f?s=96&d=mm&r=g\",\"contentUrl\":\"https:\/\/secure.gravatar.com\/avatar\/e2835a76ca7c31a2416b2d51c4ec9a8f?s=96&d=mm&r=g\",\"caption\":\"M M\"},\"sameAs\":[\"http:\/\/MM\"],\"url\":\"https:\/\/permbledhja.com\/sq\/author\/muhamet\/\"}]}<\/script>\n<!-- \/ Yoast SEO plugin. -->","yoast_head_json":{"title":"Ti je rrenc\u201d \u2013 \u201cNuk duroj ma rrena\u201d: P\u00ebrplasje e ashp\u00ebr mes Vehbi Kajtazit e Gazmir Racit","robots":{"index":"index","follow":"follow","max-snippet":"max-snippet:-1","max-image-preview":"max-image-preview:large","max-video-preview":"max-video-preview:-1"},"canonical":"https:\/\/permbledhja.com\/sq\/ti-je-rrenc-nuk-duroj-ma-rrena-perplasje-e-ashper-mes-vehbi-kajtazit-e-gazmir-racit\/","og_locale":"sq_AL","og_type":"article","og_title":"Ti je rrenc\u201d \u2013 \u201cNuk duroj ma rrena\u201d: P\u00ebrplasje e ashp\u00ebr mes Vehbi Kajtazit e Gazmir Racit","og_description":"P\u00ebrplasje verbale ka ndodhur mes gazetarit Vehbi Kajtazit dhe analistit Gazmir Raci n\u00eb Rubikon ku po diskutohej p\u00ebr leximin e deklarat\u00ebs s\u00eb pavar\u00ebsis\u00eb s\u00eb Kosov\u00ebs, dhe rolin e Hashim Tha\u00e7it gjat\u00eb asaj kohe. Derisa Kajtazi po diskutonte p\u00ebr videon e L\u00ebvizjes Vet\u00ebvendosje p\u00ebr 16-vjetorin e pavar\u00ebsis\u00eb dhe tendenc\u00ebn e k\u00ebsaj partie p\u00ebr ta \u201cfshir\u00eb\u201d historin\u00eb [&hellip;]","og_url":"https:\/\/permbledhja.com\/sq\/ti-je-rrenc-nuk-duroj-ma-rrena-perplasje-e-ashper-mes-vehbi-kajtazit-e-gazmir-racit\/","og_site_name":"Ve\u00e7 artikuj p\u00ebrmbledh\u00ebs","article_publisher":"https:\/\/www.facebook.com\/press07\/","article_published_time":"2024-02-21T08:40:09+00:00","og_image":[{"width":2560,"height":1754,"url":"https:\/\/permbledhja.com\/wp-content\/uploads\/2024\/02\/BeFunky-collage-3-3-scaled-1.jpg","type":"image\/jpeg"}],"author":"M M","twitter_card":"summary_large_image","twitter_misc":{"Written by":"M M","Est. reading time":"2 minuta"},"schema":{"@context":"https:\/\/schema.org","@graph":[{"@type":"Article","@id":"https:\/\/permbledhja.com\/ti-je-rrenc-nuk-duroj-ma-rrena-perplasje-e-ashper-mes-vehbi-kajtazit-e-gazmir-racit\/#article","isPartOf":{"@id":"https:\/\/permbledhja.com\/ti-je-rrenc-nuk-duroj-ma-rrena-perplasje-e-ashper-mes-vehbi-kajtazit-e-gazmir-racit\/"},"author":{"name":"M M","@id":"https:\/\/permbledhja.com\/#\/schema\/person\/d23f13f59b5722643933d6780783acf3"},"headline":"Ti je rrenc\u201d \u2013 \u201cNuk duroj ma rrena\u201d: P\u00ebrplasje e ashp\u00ebr mes Vehbi Kajtazit e Gazmir Racit","datePublished":"2024-02-21T08:40:09+00:00","dateModified":"2024-02-21T08:40:09+00:00","mainEntityOfPage":{"@id":"https:\/\/permbledhja.com\/ti-je-rrenc-nuk-duroj-ma-rrena-perplasje-e-ashper-mes-vehbi-kajtazit-e-gazmir-racit\/"},"wordCount":376,"publisher":{"@id":"https:\/\/permbledhja.com\/#organization"},"keywords":["Vehbi Kajtazi"],"articleSection":["T\u00eb r\u00ebnd\u00ebsishme"],"inLanguage":"sq"},{"@type":"WebPage","@id":"https:\/\/permbledhja.com\/ti-je-rrenc-nuk-duroj-ma-rrena-perplasje-e-ashper-mes-vehbi-kajtazit-e-gazmir-racit\/","url":"https:\/\/permbledhja.com\/ti-je-rrenc-nuk-duroj-ma-rrena-perplasje-e-ashper-mes-vehbi-kajtazit-e-gazmir-racit\/","name":"Ti je rrenc\u201d \u2013 \u201cNuk duroj ma rrena\u201d: P\u00ebrplasje e ashp\u00ebr mes Vehbi Kajtazit e Gazmir Racit","isPartOf":{"@id":"https:\/\/permbledhja.com\/#website"},"datePublished":"2024-02-21T08:40:09+00:00","dateModified":"2024-02-21T08:40:09+00:00","breadcrumb":{"@id":"https:\/\/permbledhja.com\/ti-je-rrenc-nuk-duroj-ma-rrena-perplasje-e-ashper-mes-vehbi-kajtazit-e-gazmir-racit\/#breadcrumb"},"inLanguage":"sq","potentialAction":[{"@type":"ReadAction","target":["https:\/\/permbledhja.com\/ti-je-rrenc-nuk-duroj-ma-rrena-perplasje-e-ashper-mes-vehbi-kajtazit-e-gazmir-racit\/"]}]},{"@type":"BreadcrumbList","@id":"https:\/\/permbledhja.com\/ti-je-rrenc-nuk-duroj-ma-rrena-perplasje-e-ashper-mes-vehbi-kajtazit-e-gazmir-racit\/#breadcrumb","itemListElement":[{"@type":"ListItem","position":1,"name":"Ballina","item":"https:\/\/permbledhja.com\/sq\/"},{"@type":"ListItem","position":2,"name":"Ti je rrenc\u201d \u2013 \u201cNuk duroj ma rrena\u201d: P\u00ebrplasje e ashp\u00ebr mes Vehbi Kajtazit e Gazmir Racit"}]},{"@type":"WebSite","@id":"https:\/\/permbledhja.com\/#website","url":"https:\/\/permbledhja.com\/","name":"Ve\u00e7 artikuj p\u00ebrmbledh\u00ebs","description":"","publisher":{"@id":"https:\/\/permbledhja.com\/#organization"},"potentialAction":[{"@type":"SearchAction","target":{"@type":"EntryPoint","urlTemplate":"https:\/\/permbledhja.com\/?s={search_term_string}"},"query-input":"required name=search_term_string"}],"inLanguage":"sq"},{"@type":"Organization","@id":"https:\/\/permbledhja.com\/#organization","name":"MK Media & Pr","url":"https:\/\/permbledhja.com\/","logo":{"@type":"ImageObject","inLanguage":"sq","@id":"https:\/\/permbledhja.com\/#\/schema\/logo\/image\/","url":"https:\/\/permbledhja.com\/wp-content\/uploads\/2021\/12\/07-Press-Logo.jpg","contentUrl":"https:\/\/permbledhja.com\/wp-content\/uploads\/2021\/12\/07-Press-Logo.jpg","width":512,"height":512,"caption":"MK Media & Pr"},"image":{"@id":"https:\/\/permbledhja.com\/#\/schema\/logo\/image\/"},"sameAs":["https:\/\/www.facebook.com\/press07\/"]},{"@type":"Person","@id":"https:\/\/permbledhja.com\/#\/schema\/person\/d23f13f59b5722643933d6780783acf3","name":"M M","image":{"@type":"ImageObject","inLanguage":"sq","@id":"https:\/\/permbledhja.com\/#\/schema\/person\/image\/","url":"https:\/\/secure.gravatar.com\/avatar\/e2835a76ca7c31a2416b2d51c4ec9a8f?s=96&d=mm&r=g","contentUrl":"https:\/\/secure.gravatar.com\/avatar\/e2835a76ca7c31a2416b2d51c4ec9a8f?s=96&d=mm&r=g","caption":"M M"},"sameAs":["http:\/\/MM"],"url":"https:\/\/permbledhja.com\/sq\/author\/muhamet\/"}]}},"_links":{"self":[{"href":"https:\/\/permbledhja.com\/sq\/wp-json\/wp\/v2\/posts\/49365"}],"collection":[{"href":"https:\/\/permbledhja.com\/sq\/wp-json\/wp\/v2\/posts"}],"about":[{"href":"https:\/\/permbledhja.com\/sq\/wp-json\/wp\/v2\/types\/post"}],"author":[{"embeddable":true,"href":"https:\/\/permbledhja.com\/sq\/wp-json\/wp\/v2\/users\/2"}],"replies":[{"embeddable":true,"href":"https:\/\/permbledhja.com\/sq\/wp-json\/wp\/v2\/comments?post=49365"}],"version-history":[{"count":1,"href":"https:\/\/permbledhja.com\/sq\/wp-json\/wp\/v2\/posts\/49365\/revisions"}],"predecessor-version":[{"id":49369,"href":"https:\/\/permbledhja.com\/sq\/wp-json\/wp\/v2\/posts\/49365\/revisions\/49369"}],"wp:featuredmedia":[{"embeddable":true,"href":"https:\/\/permbledhja.com\/sq\/wp-json\/wp\/v2\/media\/49366"}],"wp:attachment":[{"href":"https:\/\/permbledhja.com\/sq\/wp-json\/wp\/v2\/media?parent=49365"}],"wp:term":[{"taxonomy":"category","embeddable":true,"href":"https:\/\/permbledhja.com\/sq\/wp-json\/wp\/v2\/categories?post=49365"},{"taxonomy":"post_tag","embeddable":true,"href":"https:\/\/permbledhja.com\/sq\/wp-json\/wp\/v2\/tags?post=49365"}],"curies":[{"name":"wp","href":"https:\/\/api.w.org\/{rel}","templated":true}]}}