{"id":49335,"date":"2024-02-20T22:52:24","date_gmt":"2024-02-20T22:52:24","guid":{"rendered":"https:\/\/permbledhja.com\/?p=49335"},"modified":"2024-02-20T22:53:01","modified_gmt":"2024-02-20T22:53:01","slug":"kurti-me-te-burgosurit-politike-perkunder-deshmive-kryesit-e-masakres-se-dubraves-ende-te-lire","status":"publish","type":"post","link":"https:\/\/permbledhja.com\/sq\/kurti-me-te-burgosurit-politike-perkunder-deshmive-kryesit-e-masakres-se-dubraves-ende-te-lire\/","title":{"rendered":"Kurti me t\u00eb burgosurit politik\u00eb: P\u00ebrkund\u00ebr d\u00ebshmive, kryesit e masakr\u00ebs s\u00eb Dubrav\u00ebs ende t\u00eb lir\u00eb"},"content":{"rendered":"<h3>Kryeministri i\u00a0 Kosov\u00ebs, Albin Kurti sot ka pritur n\u00eb takim p\u00ebrfaq\u00ebsuesit e Shoqat\u00ebs s\u00eb t\u00eb Burgosurve Politik\u00eb t\u00eb Kosov\u00ebs.<\/h3>\n<p>N\u00eb k\u00ebt\u00eb takim, u theksua r\u00ebnd\u00ebsia e dokumentimit n\u00eb sh\u00ebrbim t\u00eb memories kolektive si dhe t\u00eb drejt\u00ebsis\u00eb p\u00ebr shtypjen politike dhe dhun\u00ebn e p\u00ebrdorur mbi aktivist\u00ebt politik\u00eb shqiptar\u00eb dhe intelektual\u00ebt e angazhuar p\u00ebr t\u00eb drejta politike, p\u00ebr vet\u00ebvendosje, p\u00ebr \u00e7lirim dhe p\u00ebr Republik\u00ebn e Kosov\u00ebs.<\/p>\n<p>\u201cU bisedua p\u00ebr mund\u00ebsit\u00eb e dokumentimit p\u00ebr t\u00eb d\u00ebshmuar t\u00eb v\u00ebrtet\u00ebn mbi torturat fizike dhe trysnit\u00eb psikike nga regjimi kriminal i Serbis\u00eb mbi mij\u00ebra t\u00eb burgosur shqiptar\u00eb. Duke ve\u04abuar masakr\u00ebn mbi t\u00eb burgosurit politik\u00eb n\u00eb burgun e Dubrav\u00ebs, u tha se ndon\u00ebse t\u00eb burgosurit e mbijetuar e kan\u00eb rr\u00ebfyer historin\u00eb e masakr\u00ebs bashk\u00eb me emrat e atyre q\u00eb kryen k\u00ebt\u00eb krim lufte, kryesit ende nuk jan\u00eb nxjerrur para drejt\u00ebsis\u00eb, p\u00ebrkund\u00ebr d\u00ebshmive dhe d\u00ebshmitar\u00ebve\u201d, njofton Zyra e Kryeministrit.<\/p>\n<p>N\u00eb takimin e p\u00ebrbashk\u00ebt me kryetarin e Shoqat\u00ebs s\u00eb t\u00eb Burgosurve Politik\u00eb t\u00eb Kosov\u00ebs, Shefki Sadiku dhe p\u00ebrfaq\u00ebsuesit Meriman Braha, Hydajet Hyseni, Xhemajl Pllana dhe Xhevat Bislimi, u bisedua p\u00ebr format e mundshme t\u00eb mb\u00ebshtetjes p\u00ebr ShBPK-s\u00eb dhe fuqizimin e saj.<\/p>\n","protected":false},"excerpt":{"rendered":"<p>Kryeministri i\u00a0 Kosov\u00ebs, Albin Kurti sot ka pritur n\u00eb takim p\u00ebrfaq\u00ebsuesit e Shoqat\u00ebs s\u00eb t\u00eb Burgosurve Politik\u00eb t\u00eb Kosov\u00ebs. N\u00eb k\u00ebt\u00eb takim, u theksua r\u00ebnd\u00ebsia e dokumentimit n\u00eb sh\u00ebrbim t\u00eb memories kolektive si dhe t\u00eb drejt\u00ebsis\u00eb p\u00ebr shtypjen politike dhe dhun\u00ebn e p\u00ebrdorur mbi aktivist\u00ebt politik\u00eb shqiptar\u00eb dhe intelektual\u00ebt e angazhuar p\u00ebr t\u00eb drejta politike, [&hellip;]<\/p>\n","protected":false},"author":5,"featured_media":49336,"comment_status":"closed","ping_status":"closed","sticky":false,"template":"","format":"standard","meta":{"_monsterinsights_skip_tracking":false,"_monsterinsights_sitenote_active":false,"_monsterinsights_sitenote_note":"","_monsterinsights_sitenote_category":0,"_uf_show_specific_survey":0,"_uf_disable_surveys":false,"footnotes":""},"categories":[2645],"tags":[],"yoast_head":"<!-- This site is optimized with the Yoast SEO plugin v21.5 - https:\/\/yoast.com\/wordpress\/plugins\/seo\/ -->\n<title>Kurti me t\u00eb burgosurit politik\u00eb: P\u00ebrkund\u00ebr d\u00ebshmive, kryesit e masakr\u00ebs s\u00eb Dubrav\u00ebs ende t\u00eb lir\u00eb<\/title>\n<meta name=\"robots\" content=\"index, follow, max-snippet:-1, max-image-preview:large, max-video-preview:-1\" \/>\n<link rel=\"canonical\" href=\"https:\/\/permbledhja.com\/sq\/kurti-me-te-burgosurit-politike-perkunder-deshmive-kryesit-e-masakres-se-dubraves-ende-te-lire\/\" \/>\n<meta property=\"og:locale\" content=\"sq_AL\" \/>\n<meta property=\"og:type\" content=\"article\" \/>\n<meta property=\"og:title\" content=\"Kurti me t\u00eb burgosurit politik\u00eb: P\u00ebrkund\u00ebr d\u00ebshmive, kryesit e masakr\u00ebs s\u00eb Dubrav\u00ebs ende t\u00eb lir\u00eb\" \/>\n<meta property=\"og:description\" content=\"Kryeministri i\u00a0 Kosov\u00ebs, Albin Kurti sot ka pritur n\u00eb takim p\u00ebrfaq\u00ebsuesit e Shoqat\u00ebs s\u00eb t\u00eb Burgosurve Politik\u00eb t\u00eb Kosov\u00ebs. N\u00eb k\u00ebt\u00eb takim, u theksua r\u00ebnd\u00ebsia e dokumentimit n\u00eb sh\u00ebrbim t\u00eb memories kolektive si dhe t\u00eb drejt\u00ebsis\u00eb p\u00ebr shtypjen politike dhe dhun\u00ebn e p\u00ebrdorur mbi aktivist\u00ebt politik\u00eb shqiptar\u00eb dhe intelektual\u00ebt e angazhuar p\u00ebr t\u00eb drejta politike, [&hellip;]\" \/>\n<meta property=\"og:url\" content=\"https:\/\/permbledhja.com\/sq\/kurti-me-te-burgosurit-politike-perkunder-deshmive-kryesit-e-masakres-se-dubraves-ende-te-lire\/\" \/>\n<meta property=\"og:site_name\" content=\"Ve\u00e7 artikuj p\u00ebrmbledh\u00ebs\" \/>\n<meta property=\"article:publisher\" content=\"https:\/\/www.facebook.com\/press07\/\" \/>\n<meta property=\"article:published_time\" content=\"2024-02-20T22:52:24+00:00\" \/>\n<meta property=\"article:modified_time\" content=\"2024-02-20T22:53:01+00:00\" \/>\n<meta property=\"og:image\" content=\"https:\/\/permbledhja.com\/wp-content\/uploads\/2024\/02\/o.jpg\" \/>\n\t<meta property=\"og:image:width\" content=\"780\" \/>\n\t<meta property=\"og:image:height\" content=\"439\" \/>\n\t<meta property=\"og:image:type\" content=\"image\/jpeg\" \/>\n<meta name=\"author\" content=\"DL\" \/>\n<meta name=\"twitter:card\" content=\"summary_large_image\" \/>\n<meta name=\"twitter:label1\" content=\"Written by\" \/>\n\t<meta name=\"twitter:data1\" content=\"DL\" \/>\n\t<meta name=\"twitter:label2\" content=\"Est. reading time\" \/>\n\t<meta name=\"twitter:data2\" content=\"1 minut\u00eb\" \/>\n<script type=\"application\/ld+json\" class=\"yoast-schema-graph\">{\"@context\":\"https:\/\/schema.org\",\"@graph\":[{\"@type\":\"Article\",\"@id\":\"https:\/\/permbledhja.com\/sq\/kurti-me-te-burgosurit-politike-perkunder-deshmive-kryesit-e-masakres-se-dubraves-ende-te-lire\/#article\",\"isPartOf\":{\"@id\":\"https:\/\/permbledhja.com\/sq\/kurti-me-te-burgosurit-politike-perkunder-deshmive-kryesit-e-masakres-se-dubraves-ende-te-lire\/\"},\"author\":{\"name\":\"DL\",\"@id\":\"https:\/\/permbledhja.com\/#\/schema\/person\/9c54260cbc4c6f792cb100550491638c\"},\"headline\":\"Kurti me t\u00eb burgosurit politik\u00eb: P\u00ebrkund\u00ebr d\u00ebshmive, kryesit e masakr\u00ebs s\u00eb Dubrav\u00ebs ende t\u00eb lir\u00eb\",\"datePublished\":\"2024-02-20T22:52:24+00:00\",\"dateModified\":\"2024-02-20T22:53:01+00:00\",\"mainEntityOfPage\":{\"@id\":\"https:\/\/permbledhja.com\/sq\/kurti-me-te-burgosurit-politike-perkunder-deshmive-kryesit-e-masakres-se-dubraves-ende-te-lire\/\"},\"wordCount\":253,\"publisher\":{\"@id\":\"https:\/\/permbledhja.com\/#organization\"},\"articleSection\":[\"T\u00eb r\u00ebnd\u00ebsishme\"],\"inLanguage\":\"sq\"},{\"@type\":\"WebPage\",\"@id\":\"https:\/\/permbledhja.com\/sq\/kurti-me-te-burgosurit-politike-perkunder-deshmive-kryesit-e-masakres-se-dubraves-ende-te-lire\/\",\"url\":\"https:\/\/permbledhja.com\/sq\/kurti-me-te-burgosurit-politike-perkunder-deshmive-kryesit-e-masakres-se-dubraves-ende-te-lire\/\",\"name\":\"Kurti me t\u00eb burgosurit politik\u00eb: P\u00ebrkund\u00ebr d\u00ebshmive, kryesit e masakr\u00ebs s\u00eb Dubrav\u00ebs ende t\u00eb lir\u00eb\",\"isPartOf\":{\"@id\":\"https:\/\/permbledhja.com\/#website\"},\"datePublished\":\"2024-02-20T22:52:24+00:00\",\"dateModified\":\"2024-02-20T22:53:01+00:00\",\"breadcrumb\":{\"@id\":\"https:\/\/permbledhja.com\/sq\/kurti-me-te-burgosurit-politike-perkunder-deshmive-kryesit-e-masakres-se-dubraves-ende-te-lire\/#breadcrumb\"},\"inLanguage\":\"sq\",\"potentialAction\":[{\"@type\":\"ReadAction\",\"target\":[\"https:\/\/permbledhja.com\/sq\/kurti-me-te-burgosurit-politike-perkunder-deshmive-kryesit-e-masakres-se-dubraves-ende-te-lire\/\"]}]},{\"@type\":\"BreadcrumbList\",\"@id\":\"https:\/\/permbledhja.com\/sq\/kurti-me-te-burgosurit-politike-perkunder-deshmive-kryesit-e-masakres-se-dubraves-ende-te-lire\/#breadcrumb\",\"itemListElement\":[{\"@type\":\"ListItem\",\"position\":1,\"name\":\"Ballina\",\"item\":\"https:\/\/permbledhja.com\/sq\/\"},{\"@type\":\"ListItem\",\"position\":2,\"name\":\"Kurti me t\u00eb burgosurit politik\u00eb: P\u00ebrkund\u00ebr d\u00ebshmive, kryesit e masakr\u00ebs s\u00eb Dubrav\u00ebs ende t\u00eb lir\u00eb\"}]},{\"@type\":\"WebSite\",\"@id\":\"https:\/\/permbledhja.com\/#website\",\"url\":\"https:\/\/permbledhja.com\/\",\"name\":\"Ve\u00e7 artikuj p\u00ebrmbledh\u00ebs\",\"description\":\"\",\"publisher\":{\"@id\":\"https:\/\/permbledhja.com\/#organization\"},\"potentialAction\":[{\"@type\":\"SearchAction\",\"target\":{\"@type\":\"EntryPoint\",\"urlTemplate\":\"https:\/\/permbledhja.com\/?s={search_term_string}\"},\"query-input\":\"required name=search_term_string\"}],\"inLanguage\":\"sq\"},{\"@type\":\"Organization\",\"@id\":\"https:\/\/permbledhja.com\/#organization\",\"name\":\"MK Media & Pr\",\"url\":\"https:\/\/permbledhja.com\/\",\"logo\":{\"@type\":\"ImageObject\",\"inLanguage\":\"sq\",\"@id\":\"https:\/\/permbledhja.com\/#\/schema\/logo\/image\/\",\"url\":\"https:\/\/permbledhja.com\/wp-content\/uploads\/2021\/12\/07-Press-Logo.jpg\",\"contentUrl\":\"https:\/\/permbledhja.com\/wp-content\/uploads\/2021\/12\/07-Press-Logo.jpg\",\"width\":512,\"height\":512,\"caption\":\"MK Media & Pr\"},\"image\":{\"@id\":\"https:\/\/permbledhja.com\/#\/schema\/logo\/image\/\"},\"sameAs\":[\"https:\/\/www.facebook.com\/press07\/\"]},{\"@type\":\"Person\",\"@id\":\"https:\/\/permbledhja.com\/#\/schema\/person\/9c54260cbc4c6f792cb100550491638c\",\"name\":\"DL\",\"image\":{\"@type\":\"ImageObject\",\"inLanguage\":\"sq\",\"@id\":\"https:\/\/permbledhja.com\/#\/schema\/person\/image\/\",\"url\":\"https:\/\/secure.gravatar.com\/avatar\/94503eb28d4c4b2005a5c8753e35fc80?s=96&d=mm&r=g\",\"contentUrl\":\"https:\/\/secure.gravatar.com\/avatar\/94503eb28d4c4b2005a5c8753e35fc80?s=96&d=mm&r=g\",\"caption\":\"DL\"},\"url\":\"https:\/\/permbledhja.com\/sq\/author\/dl\/\"}]}<\/script>\n<!-- \/ Yoast SEO plugin. -->","yoast_head_json":{"title":"Kurti me t\u00eb burgosurit politik\u00eb: P\u00ebrkund\u00ebr d\u00ebshmive, kryesit e masakr\u00ebs s\u00eb Dubrav\u00ebs ende t\u00eb lir\u00eb","robots":{"index":"index","follow":"follow","max-snippet":"max-snippet:-1","max-image-preview":"max-image-preview:large","max-video-preview":"max-video-preview:-1"},"canonical":"https:\/\/permbledhja.com\/sq\/kurti-me-te-burgosurit-politike-perkunder-deshmive-kryesit-e-masakres-se-dubraves-ende-te-lire\/","og_locale":"sq_AL","og_type":"article","og_title":"Kurti me t\u00eb burgosurit politik\u00eb: P\u00ebrkund\u00ebr d\u00ebshmive, kryesit e masakr\u00ebs s\u00eb Dubrav\u00ebs ende t\u00eb lir\u00eb","og_description":"Kryeministri i\u00a0 Kosov\u00ebs, Albin Kurti sot ka pritur n\u00eb takim p\u00ebrfaq\u00ebsuesit e Shoqat\u00ebs s\u00eb t\u00eb Burgosurve Politik\u00eb t\u00eb Kosov\u00ebs. N\u00eb k\u00ebt\u00eb takim, u theksua r\u00ebnd\u00ebsia e dokumentimit n\u00eb sh\u00ebrbim t\u00eb memories kolektive si dhe t\u00eb drejt\u00ebsis\u00eb p\u00ebr shtypjen politike dhe dhun\u00ebn e p\u00ebrdorur mbi aktivist\u00ebt politik\u00eb shqiptar\u00eb dhe intelektual\u00ebt e angazhuar p\u00ebr t\u00eb drejta politike, [&hellip;]","og_url":"https:\/\/permbledhja.com\/sq\/kurti-me-te-burgosurit-politike-perkunder-deshmive-kryesit-e-masakres-se-dubraves-ende-te-lire\/","og_site_name":"Ve\u00e7 artikuj p\u00ebrmbledh\u00ebs","article_publisher":"https:\/\/www.facebook.com\/press07\/","article_published_time":"2024-02-20T22:52:24+00:00","article_modified_time":"2024-02-20T22:53:01+00:00","og_image":[{"width":780,"height":439,"url":"https:\/\/permbledhja.com\/wp-content\/uploads\/2024\/02\/o.jpg","type":"image\/jpeg"}],"author":"DL","twitter_card":"summary_large_image","twitter_misc":{"Written by":"DL","Est. reading time":"1 minut\u00eb"},"schema":{"@context":"https:\/\/schema.org","@graph":[{"@type":"Article","@id":"https:\/\/permbledhja.com\/sq\/kurti-me-te-burgosurit-politike-perkunder-deshmive-kryesit-e-masakres-se-dubraves-ende-te-lire\/#article","isPartOf":{"@id":"https:\/\/permbledhja.com\/sq\/kurti-me-te-burgosurit-politike-perkunder-deshmive-kryesit-e-masakres-se-dubraves-ende-te-lire\/"},"author":{"name":"DL","@id":"https:\/\/permbledhja.com\/#\/schema\/person\/9c54260cbc4c6f792cb100550491638c"},"headline":"Kurti me t\u00eb burgosurit politik\u00eb: P\u00ebrkund\u00ebr d\u00ebshmive, kryesit e masakr\u00ebs s\u00eb Dubrav\u00ebs ende t\u00eb lir\u00eb","datePublished":"2024-02-20T22:52:24+00:00","dateModified":"2024-02-20T22:53:01+00:00","mainEntityOfPage":{"@id":"https:\/\/permbledhja.com\/sq\/kurti-me-te-burgosurit-politike-perkunder-deshmive-kryesit-e-masakres-se-dubraves-ende-te-lire\/"},"wordCount":253,"publisher":{"@id":"https:\/\/permbledhja.com\/#organization"},"articleSection":["T\u00eb r\u00ebnd\u00ebsishme"],"inLanguage":"sq"},{"@type":"WebPage","@id":"https:\/\/permbledhja.com\/sq\/kurti-me-te-burgosurit-politike-perkunder-deshmive-kryesit-e-masakres-se-dubraves-ende-te-lire\/","url":"https:\/\/permbledhja.com\/sq\/kurti-me-te-burgosurit-politike-perkunder-deshmive-kryesit-e-masakres-se-dubraves-ende-te-lire\/","name":"Kurti me t\u00eb burgosurit politik\u00eb: P\u00ebrkund\u00ebr d\u00ebshmive, kryesit e masakr\u00ebs s\u00eb Dubrav\u00ebs ende t\u00eb lir\u00eb","isPartOf":{"@id":"https:\/\/permbledhja.com\/#website"},"datePublished":"2024-02-20T22:52:24+00:00","dateModified":"2024-02-20T22:53:01+00:00","breadcrumb":{"@id":"https:\/\/permbledhja.com\/sq\/kurti-me-te-burgosurit-politike-perkunder-deshmive-kryesit-e-masakres-se-dubraves-ende-te-lire\/#breadcrumb"},"inLanguage":"sq","potentialAction":[{"@type":"ReadAction","target":["https:\/\/permbledhja.com\/sq\/kurti-me-te-burgosurit-politike-perkunder-deshmive-kryesit-e-masakres-se-dubraves-ende-te-lire\/"]}]},{"@type":"BreadcrumbList","@id":"https:\/\/permbledhja.com\/sq\/kurti-me-te-burgosurit-politike-perkunder-deshmive-kryesit-e-masakres-se-dubraves-ende-te-lire\/#breadcrumb","itemListElement":[{"@type":"ListItem","position":1,"name":"Ballina","item":"https:\/\/permbledhja.com\/sq\/"},{"@type":"ListItem","position":2,"name":"Kurti me t\u00eb burgosurit politik\u00eb: P\u00ebrkund\u00ebr d\u00ebshmive, kryesit e masakr\u00ebs s\u00eb Dubrav\u00ebs ende t\u00eb lir\u00eb"}]},{"@type":"WebSite","@id":"https:\/\/permbledhja.com\/#website","url":"https:\/\/permbledhja.com\/","name":"Ve\u00e7 artikuj p\u00ebrmbledh\u00ebs","description":"","publisher":{"@id":"https:\/\/permbledhja.com\/#organization"},"potentialAction":[{"@type":"SearchAction","target":{"@type":"EntryPoint","urlTemplate":"https:\/\/permbledhja.com\/?s={search_term_string}"},"query-input":"required name=search_term_string"}],"inLanguage":"sq"},{"@type":"Organization","@id":"https:\/\/permbledhja.com\/#organization","name":"MK Media & Pr","url":"https:\/\/permbledhja.com\/","logo":{"@type":"ImageObject","inLanguage":"sq","@id":"https:\/\/permbledhja.com\/#\/schema\/logo\/image\/","url":"https:\/\/permbledhja.com\/wp-content\/uploads\/2021\/12\/07-Press-Logo.jpg","contentUrl":"https:\/\/permbledhja.com\/wp-content\/uploads\/2021\/12\/07-Press-Logo.jpg","width":512,"height":512,"caption":"MK Media & Pr"},"image":{"@id":"https:\/\/permbledhja.com\/#\/schema\/logo\/image\/"},"sameAs":["https:\/\/www.facebook.com\/press07\/"]},{"@type":"Person","@id":"https:\/\/permbledhja.com\/#\/schema\/person\/9c54260cbc4c6f792cb100550491638c","name":"DL","image":{"@type":"ImageObject","inLanguage":"sq","@id":"https:\/\/permbledhja.com\/#\/schema\/person\/image\/","url":"https:\/\/secure.gravatar.com\/avatar\/94503eb28d4c4b2005a5c8753e35fc80?s=96&d=mm&r=g","contentUrl":"https:\/\/secure.gravatar.com\/avatar\/94503eb28d4c4b2005a5c8753e35fc80?s=96&d=mm&r=g","caption":"DL"},"url":"https:\/\/permbledhja.com\/sq\/author\/dl\/"}]}},"_links":{"self":[{"href":"https:\/\/permbledhja.com\/sq\/wp-json\/wp\/v2\/posts\/49335"}],"collection":[{"href":"https:\/\/permbledhja.com\/sq\/wp-json\/wp\/v2\/posts"}],"about":[{"href":"https:\/\/permbledhja.com\/sq\/wp-json\/wp\/v2\/types\/post"}],"author":[{"embeddable":true,"href":"https:\/\/permbledhja.com\/sq\/wp-json\/wp\/v2\/users\/5"}],"replies":[{"embeddable":true,"href":"https:\/\/permbledhja.com\/sq\/wp-json\/wp\/v2\/comments?post=49335"}],"version-history":[{"count":2,"href":"https:\/\/permbledhja.com\/sq\/wp-json\/wp\/v2\/posts\/49335\/revisions"}],"predecessor-version":[{"id":49340,"href":"https:\/\/permbledhja.com\/sq\/wp-json\/wp\/v2\/posts\/49335\/revisions\/49340"}],"wp:featuredmedia":[{"embeddable":true,"href":"https:\/\/permbledhja.com\/sq\/wp-json\/wp\/v2\/media\/49336"}],"wp:attachment":[{"href":"https:\/\/permbledhja.com\/sq\/wp-json\/wp\/v2\/media?parent=49335"}],"wp:term":[{"taxonomy":"category","embeddable":true,"href":"https:\/\/permbledhja.com\/sq\/wp-json\/wp\/v2\/categories?post=49335"},{"taxonomy":"post_tag","embeddable":true,"href":"https:\/\/permbledhja.com\/sq\/wp-json\/wp\/v2\/tags?post=49335"}],"curies":[{"name":"wp","href":"https:\/\/api.w.org\/{rel}","templated":true}]}}