{"id":49332,"date":"2024-02-20T22:40:48","date_gmt":"2024-02-20T22:40:48","guid":{"rendered":"https:\/\/permbledhja.com\/?p=49332"},"modified":"2024-02-20T22:40:48","modified_gmt":"2024-02-20T22:40:48","slug":"policet-ia-kthejne-parate-e-humbura-qytetarit-serb-kaq-ishte-vlera","status":"publish","type":"post","link":"https:\/\/permbledhja.com\/sq\/policet-ia-kthejne-parate-e-humbura-qytetarit-serb-kaq-ishte-vlera\/","title":{"rendered":"Polic\u00ebt ia kthejn\u00eb parat\u00eb e humbura qytetarit serb, kaq ishte vlera"},"content":{"rendered":"<h3>Policia kufitare e Kosov\u00ebs ia ka kthyer parat\u00eb e humbura nj\u00eb qytetari serb n\u00eb pik\u00eb kalimin kufitar n\u00eb B\u00ebrnjak.<\/h3>\n<p>\u201cPas veprimeve t\u00eb nd\u00ebrmarra \u00ebsht\u00eb identifikuar personi mashkull\/serb ku n\u00eb konsultim me prokurorin e shtetit i nj\u00ebjti \u00ebsht\u00eb intervistuar dhe pas kryerjes s\u00eb procedurave t\u00eb parapara i jan\u00eb kthyer parat\u00eb e humbura n\u00eb vler\u00eb prej 200 (dyqind) euro dhe 1510 (nj\u00ebmij\u00eb e pes\u00ebqind e dhjet\u00eb) dinar\u00eb\u201d thuhet n\u00eb njoftimin e policis\u00eb.<\/p>\n<p><strong>Postimi i plot\u00eb;<\/strong><\/p>\n<div class=\"xdj266r x11i5rnm xat24cr x1mh8g0r x1vvkbs x126k92a\">\n<div dir=\"auto\">&#8216;Zyrtar\u00ebt policor\u00eb i\u2019a kthejn\u00eb qytetarit parat\u00eb e humbura<\/div>\n<div dir=\"auto\"><\/div>\n<\/div>\n<div class=\"x11i5rnm xat24cr x1mh8g0r x1vvkbs xtlvy1s x126k92a\">\n<div dir=\"auto\">Prishtin\u00eb 20 shkurt 2024<\/div>\n<div dir=\"auto\"><\/div>\n<\/div>\n<div class=\"x11i5rnm xat24cr x1mh8g0r x1vvkbs xtlvy1s x126k92a\">\n<div dir=\"auto\">Me dat\u00eb 20.02.2024 nga ana e zyrtar\u00ebve policor t\u00eb policis\u00eb kufitare jan\u00eb nd\u00ebrmarr\u00eb veprime p\u00ebrmes rrug\u00ebve operative p\u00ebr identifikim t\u00eb nj\u00eb personi t\u00eb cilit i kishte r\u00ebn\u00eb nj\u00eb shum\u00eb parash\u00eb n\u00eb pik\u00eb kalimin kufitar n\u00eb B\u00ebrnjak, n\u00eb hyrje t\u00eb Republik\u00ebs s\u00eb Kosov\u00ebs. Pas veprimeve t\u00eb nd\u00ebrmarra \u00ebsht\u00eb identifikuar personi mashkull\/serb ku n\u00eb konsultim me prokurorin e shtetit i nj\u00ebjti \u00ebsht\u00eb intervistuar dhe pas kryerjes s\u00eb procedurave t\u00eb parapara i jan\u00eb kthyer parat\u00eb e humbura n\u00eb vler\u00eb prej 200 (dyqind) euro dhe 1510 (nj\u00ebmij\u00eb e pes\u00ebqind e dhjet\u00eb) dinar\u00eb. Policia e Kosov\u00ebs mbetet e p\u00ebrkushtuar q\u00eb n\u00eb vazhdim\u00ebsi t\u00eb kryej detyrat e saj n\u00eb nivelin m\u00eb t\u00eb lart\u00eb t\u00eb profesionalizmit dhe p\u00ebrgjegj\u00ebsis\u00eb p\u00ebr t\u00eb gjith\u00eb qytetar\u00ebt pa dallim&#8217;, thuhet tutje n\u00eb njoftimin e Policis\u00eb.<\/div>\n<\/div>\n","protected":false},"excerpt":{"rendered":"<p>Policia kufitare e Kosov\u00ebs ia ka kthyer parat\u00eb e humbura nj\u00eb qytetari serb n\u00eb pik\u00eb kalimin kufitar n\u00eb B\u00ebrnjak. \u201cPas veprimeve t\u00eb nd\u00ebrmarra \u00ebsht\u00eb identifikuar personi mashkull\/serb ku n\u00eb konsultim me prokurorin e shtetit i nj\u00ebjti \u00ebsht\u00eb intervistuar dhe pas kryerjes s\u00eb procedurave t\u00eb parapara i jan\u00eb kthyer parat\u00eb e humbura n\u00eb vler\u00eb prej 200 [&hellip;]<\/p>\n","protected":false},"author":5,"featured_media":49333,"comment_status":"closed","ping_status":"closed","sticky":false,"template":"","format":"standard","meta":{"_monsterinsights_skip_tracking":false,"_monsterinsights_sitenote_active":false,"_monsterinsights_sitenote_note":"","_monsterinsights_sitenote_category":0,"_uf_show_specific_survey":0,"_uf_disable_surveys":false,"footnotes":""},"categories":[15],"tags":[],"yoast_head":"<!-- This site is optimized with the Yoast SEO plugin v21.5 - https:\/\/yoast.com\/wordpress\/plugins\/seo\/ -->\n<title>Polic\u00ebt ia kthejn\u00eb parat\u00eb e humbura qytetarit serb, kaq ishte vlera<\/title>\n<meta name=\"robots\" content=\"index, follow, max-snippet:-1, max-image-preview:large, max-video-preview:-1\" \/>\n<link rel=\"canonical\" href=\"https:\/\/permbledhja.com\/sq\/policet-ia-kthejne-parate-e-humbura-qytetarit-serb-kaq-ishte-vlera\/\" \/>\n<meta property=\"og:locale\" content=\"sq_AL\" \/>\n<meta property=\"og:type\" content=\"article\" \/>\n<meta property=\"og:title\" content=\"Polic\u00ebt ia kthejn\u00eb parat\u00eb e humbura qytetarit serb, kaq ishte vlera\" \/>\n<meta property=\"og:description\" content=\"Policia kufitare e Kosov\u00ebs ia ka kthyer parat\u00eb e humbura nj\u00eb qytetari serb n\u00eb pik\u00eb kalimin kufitar n\u00eb B\u00ebrnjak. \u201cPas veprimeve t\u00eb nd\u00ebrmarra \u00ebsht\u00eb identifikuar personi mashkull\/serb ku n\u00eb konsultim me prokurorin e shtetit i nj\u00ebjti \u00ebsht\u00eb intervistuar dhe pas kryerjes s\u00eb procedurave t\u00eb parapara i jan\u00eb kthyer parat\u00eb e humbura n\u00eb vler\u00eb prej 200 [&hellip;]\" \/>\n<meta property=\"og:url\" content=\"https:\/\/permbledhja.com\/sq\/policet-ia-kthejne-parate-e-humbura-qytetarit-serb-kaq-ishte-vlera\/\" \/>\n<meta property=\"og:site_name\" content=\"Ve\u00e7 artikuj p\u00ebrmbledh\u00ebs\" \/>\n<meta property=\"article:publisher\" content=\"https:\/\/www.facebook.com\/press07\/\" \/>\n<meta property=\"article:published_time\" content=\"2024-02-20T22:40:48+00:00\" \/>\n<meta property=\"og:image\" content=\"https:\/\/permbledhja.com\/wp-content\/uploads\/2024\/02\/police.webp\" \/>\n\t<meta property=\"og:image:width\" content=\"1200\" \/>\n\t<meta property=\"og:image:height\" content=\"799\" \/>\n\t<meta property=\"og:image:type\" content=\"image\/webp\" \/>\n<meta name=\"author\" content=\"DL\" \/>\n<meta name=\"twitter:card\" content=\"summary_large_image\" \/>\n<meta name=\"twitter:label1\" content=\"Written by\" \/>\n\t<meta name=\"twitter:data1\" content=\"DL\" \/>\n\t<meta name=\"twitter:label2\" content=\"Est. reading time\" \/>\n\t<meta name=\"twitter:data2\" content=\"2 minuta\" \/>\n<script type=\"application\/ld+json\" class=\"yoast-schema-graph\">{\"@context\":\"https:\/\/schema.org\",\"@graph\":[{\"@type\":\"Article\",\"@id\":\"https:\/\/permbledhja.com\/policet-ia-kthejne-parate-e-humbura-qytetarit-serb-kaq-ishte-vlera\/#article\",\"isPartOf\":{\"@id\":\"https:\/\/permbledhja.com\/policet-ia-kthejne-parate-e-humbura-qytetarit-serb-kaq-ishte-vlera\/\"},\"author\":{\"name\":\"DL\",\"@id\":\"https:\/\/permbledhja.com\/#\/schema\/person\/9c54260cbc4c6f792cb100550491638c\"},\"headline\":\"Polic\u00ebt ia kthejn\u00eb parat\u00eb e humbura qytetarit serb, kaq ishte vlera\",\"datePublished\":\"2024-02-20T22:40:48+00:00\",\"dateModified\":\"2024-02-20T22:40:48+00:00\",\"mainEntityOfPage\":{\"@id\":\"https:\/\/permbledhja.com\/policet-ia-kthejne-parate-e-humbura-qytetarit-serb-kaq-ishte-vlera\/\"},\"wordCount\":243,\"publisher\":{\"@id\":\"https:\/\/permbledhja.com\/#organization\"},\"articleSection\":[\"Lajme\"],\"inLanguage\":\"sq\"},{\"@type\":\"WebPage\",\"@id\":\"https:\/\/permbledhja.com\/policet-ia-kthejne-parate-e-humbura-qytetarit-serb-kaq-ishte-vlera\/\",\"url\":\"https:\/\/permbledhja.com\/policet-ia-kthejne-parate-e-humbura-qytetarit-serb-kaq-ishte-vlera\/\",\"name\":\"Polic\u00ebt ia kthejn\u00eb parat\u00eb e humbura qytetarit serb, kaq ishte vlera\",\"isPartOf\":{\"@id\":\"https:\/\/permbledhja.com\/#website\"},\"datePublished\":\"2024-02-20T22:40:48+00:00\",\"dateModified\":\"2024-02-20T22:40:48+00:00\",\"breadcrumb\":{\"@id\":\"https:\/\/permbledhja.com\/policet-ia-kthejne-parate-e-humbura-qytetarit-serb-kaq-ishte-vlera\/#breadcrumb\"},\"inLanguage\":\"sq\",\"potentialAction\":[{\"@type\":\"ReadAction\",\"target\":[\"https:\/\/permbledhja.com\/policet-ia-kthejne-parate-e-humbura-qytetarit-serb-kaq-ishte-vlera\/\"]}]},{\"@type\":\"BreadcrumbList\",\"@id\":\"https:\/\/permbledhja.com\/policet-ia-kthejne-parate-e-humbura-qytetarit-serb-kaq-ishte-vlera\/#breadcrumb\",\"itemListElement\":[{\"@type\":\"ListItem\",\"position\":1,\"name\":\"Ballina\",\"item\":\"https:\/\/permbledhja.com\/sq\/\"},{\"@type\":\"ListItem\",\"position\":2,\"name\":\"Polic\u00ebt ia kthejn\u00eb parat\u00eb e humbura qytetarit serb, kaq ishte vlera\"}]},{\"@type\":\"WebSite\",\"@id\":\"https:\/\/permbledhja.com\/#website\",\"url\":\"https:\/\/permbledhja.com\/\",\"name\":\"Ve\u00e7 artikuj p\u00ebrmbledh\u00ebs\",\"description\":\"\",\"publisher\":{\"@id\":\"https:\/\/permbledhja.com\/#organization\"},\"potentialAction\":[{\"@type\":\"SearchAction\",\"target\":{\"@type\":\"EntryPoint\",\"urlTemplate\":\"https:\/\/permbledhja.com\/?s={search_term_string}\"},\"query-input\":\"required name=search_term_string\"}],\"inLanguage\":\"sq\"},{\"@type\":\"Organization\",\"@id\":\"https:\/\/permbledhja.com\/#organization\",\"name\":\"MK Media & Pr\",\"url\":\"https:\/\/permbledhja.com\/\",\"logo\":{\"@type\":\"ImageObject\",\"inLanguage\":\"sq\",\"@id\":\"https:\/\/permbledhja.com\/#\/schema\/logo\/image\/\",\"url\":\"https:\/\/permbledhja.com\/wp-content\/uploads\/2021\/12\/07-Press-Logo.jpg\",\"contentUrl\":\"https:\/\/permbledhja.com\/wp-content\/uploads\/2021\/12\/07-Press-Logo.jpg\",\"width\":512,\"height\":512,\"caption\":\"MK Media & Pr\"},\"image\":{\"@id\":\"https:\/\/permbledhja.com\/#\/schema\/logo\/image\/\"},\"sameAs\":[\"https:\/\/www.facebook.com\/press07\/\"]},{\"@type\":\"Person\",\"@id\":\"https:\/\/permbledhja.com\/#\/schema\/person\/9c54260cbc4c6f792cb100550491638c\",\"name\":\"DL\",\"image\":{\"@type\":\"ImageObject\",\"inLanguage\":\"sq\",\"@id\":\"https:\/\/permbledhja.com\/#\/schema\/person\/image\/\",\"url\":\"https:\/\/secure.gravatar.com\/avatar\/94503eb28d4c4b2005a5c8753e35fc80?s=96&d=mm&r=g\",\"contentUrl\":\"https:\/\/secure.gravatar.com\/avatar\/94503eb28d4c4b2005a5c8753e35fc80?s=96&d=mm&r=g\",\"caption\":\"DL\"},\"url\":\"https:\/\/permbledhja.com\/sq\/author\/dl\/\"}]}<\/script>\n<!-- \/ Yoast SEO plugin. -->","yoast_head_json":{"title":"Polic\u00ebt ia kthejn\u00eb parat\u00eb e humbura qytetarit serb, kaq ishte vlera","robots":{"index":"index","follow":"follow","max-snippet":"max-snippet:-1","max-image-preview":"max-image-preview:large","max-video-preview":"max-video-preview:-1"},"canonical":"https:\/\/permbledhja.com\/sq\/policet-ia-kthejne-parate-e-humbura-qytetarit-serb-kaq-ishte-vlera\/","og_locale":"sq_AL","og_type":"article","og_title":"Polic\u00ebt ia kthejn\u00eb parat\u00eb e humbura qytetarit serb, kaq ishte vlera","og_description":"Policia kufitare e Kosov\u00ebs ia ka kthyer parat\u00eb e humbura nj\u00eb qytetari serb n\u00eb pik\u00eb kalimin kufitar n\u00eb B\u00ebrnjak. \u201cPas veprimeve t\u00eb nd\u00ebrmarra \u00ebsht\u00eb identifikuar personi mashkull\/serb ku n\u00eb konsultim me prokurorin e shtetit i nj\u00ebjti \u00ebsht\u00eb intervistuar dhe pas kryerjes s\u00eb procedurave t\u00eb parapara i jan\u00eb kthyer parat\u00eb e humbura n\u00eb vler\u00eb prej 200 [&hellip;]","og_url":"https:\/\/permbledhja.com\/sq\/policet-ia-kthejne-parate-e-humbura-qytetarit-serb-kaq-ishte-vlera\/","og_site_name":"Ve\u00e7 artikuj p\u00ebrmbledh\u00ebs","article_publisher":"https:\/\/www.facebook.com\/press07\/","article_published_time":"2024-02-20T22:40:48+00:00","og_image":[{"width":1200,"height":799,"url":"https:\/\/permbledhja.com\/wp-content\/uploads\/2024\/02\/police.webp","type":"image\/webp"}],"author":"DL","twitter_card":"summary_large_image","twitter_misc":{"Written by":"DL","Est. reading time":"2 minuta"},"schema":{"@context":"https:\/\/schema.org","@graph":[{"@type":"Article","@id":"https:\/\/permbledhja.com\/policet-ia-kthejne-parate-e-humbura-qytetarit-serb-kaq-ishte-vlera\/#article","isPartOf":{"@id":"https:\/\/permbledhja.com\/policet-ia-kthejne-parate-e-humbura-qytetarit-serb-kaq-ishte-vlera\/"},"author":{"name":"DL","@id":"https:\/\/permbledhja.com\/#\/schema\/person\/9c54260cbc4c6f792cb100550491638c"},"headline":"Polic\u00ebt ia kthejn\u00eb parat\u00eb e humbura qytetarit serb, kaq ishte vlera","datePublished":"2024-02-20T22:40:48+00:00","dateModified":"2024-02-20T22:40:48+00:00","mainEntityOfPage":{"@id":"https:\/\/permbledhja.com\/policet-ia-kthejne-parate-e-humbura-qytetarit-serb-kaq-ishte-vlera\/"},"wordCount":243,"publisher":{"@id":"https:\/\/permbledhja.com\/#organization"},"articleSection":["Lajme"],"inLanguage":"sq"},{"@type":"WebPage","@id":"https:\/\/permbledhja.com\/policet-ia-kthejne-parate-e-humbura-qytetarit-serb-kaq-ishte-vlera\/","url":"https:\/\/permbledhja.com\/policet-ia-kthejne-parate-e-humbura-qytetarit-serb-kaq-ishte-vlera\/","name":"Polic\u00ebt ia kthejn\u00eb parat\u00eb e humbura qytetarit serb, kaq ishte vlera","isPartOf":{"@id":"https:\/\/permbledhja.com\/#website"},"datePublished":"2024-02-20T22:40:48+00:00","dateModified":"2024-02-20T22:40:48+00:00","breadcrumb":{"@id":"https:\/\/permbledhja.com\/policet-ia-kthejne-parate-e-humbura-qytetarit-serb-kaq-ishte-vlera\/#breadcrumb"},"inLanguage":"sq","potentialAction":[{"@type":"ReadAction","target":["https:\/\/permbledhja.com\/policet-ia-kthejne-parate-e-humbura-qytetarit-serb-kaq-ishte-vlera\/"]}]},{"@type":"BreadcrumbList","@id":"https:\/\/permbledhja.com\/policet-ia-kthejne-parate-e-humbura-qytetarit-serb-kaq-ishte-vlera\/#breadcrumb","itemListElement":[{"@type":"ListItem","position":1,"name":"Ballina","item":"https:\/\/permbledhja.com\/sq\/"},{"@type":"ListItem","position":2,"name":"Polic\u00ebt ia kthejn\u00eb parat\u00eb e humbura qytetarit serb, kaq ishte vlera"}]},{"@type":"WebSite","@id":"https:\/\/permbledhja.com\/#website","url":"https:\/\/permbledhja.com\/","name":"Ve\u00e7 artikuj p\u00ebrmbledh\u00ebs","description":"","publisher":{"@id":"https:\/\/permbledhja.com\/#organization"},"potentialAction":[{"@type":"SearchAction","target":{"@type":"EntryPoint","urlTemplate":"https:\/\/permbledhja.com\/?s={search_term_string}"},"query-input":"required name=search_term_string"}],"inLanguage":"sq"},{"@type":"Organization","@id":"https:\/\/permbledhja.com\/#organization","name":"MK Media & Pr","url":"https:\/\/permbledhja.com\/","logo":{"@type":"ImageObject","inLanguage":"sq","@id":"https:\/\/permbledhja.com\/#\/schema\/logo\/image\/","url":"https:\/\/permbledhja.com\/wp-content\/uploads\/2021\/12\/07-Press-Logo.jpg","contentUrl":"https:\/\/permbledhja.com\/wp-content\/uploads\/2021\/12\/07-Press-Logo.jpg","width":512,"height":512,"caption":"MK Media & Pr"},"image":{"@id":"https:\/\/permbledhja.com\/#\/schema\/logo\/image\/"},"sameAs":["https:\/\/www.facebook.com\/press07\/"]},{"@type":"Person","@id":"https:\/\/permbledhja.com\/#\/schema\/person\/9c54260cbc4c6f792cb100550491638c","name":"DL","image":{"@type":"ImageObject","inLanguage":"sq","@id":"https:\/\/permbledhja.com\/#\/schema\/person\/image\/","url":"https:\/\/secure.gravatar.com\/avatar\/94503eb28d4c4b2005a5c8753e35fc80?s=96&d=mm&r=g","contentUrl":"https:\/\/secure.gravatar.com\/avatar\/94503eb28d4c4b2005a5c8753e35fc80?s=96&d=mm&r=g","caption":"DL"},"url":"https:\/\/permbledhja.com\/sq\/author\/dl\/"}]}},"_links":{"self":[{"href":"https:\/\/permbledhja.com\/sq\/wp-json\/wp\/v2\/posts\/49332"}],"collection":[{"href":"https:\/\/permbledhja.com\/sq\/wp-json\/wp\/v2\/posts"}],"about":[{"href":"https:\/\/permbledhja.com\/sq\/wp-json\/wp\/v2\/types\/post"}],"author":[{"embeddable":true,"href":"https:\/\/permbledhja.com\/sq\/wp-json\/wp\/v2\/users\/5"}],"replies":[{"embeddable":true,"href":"https:\/\/permbledhja.com\/sq\/wp-json\/wp\/v2\/comments?post=49332"}],"version-history":[{"count":1,"href":"https:\/\/permbledhja.com\/sq\/wp-json\/wp\/v2\/posts\/49332\/revisions"}],"predecessor-version":[{"id":49334,"href":"https:\/\/permbledhja.com\/sq\/wp-json\/wp\/v2\/posts\/49332\/revisions\/49334"}],"wp:featuredmedia":[{"embeddable":true,"href":"https:\/\/permbledhja.com\/sq\/wp-json\/wp\/v2\/media\/49333"}],"wp:attachment":[{"href":"https:\/\/permbledhja.com\/sq\/wp-json\/wp\/v2\/media?parent=49332"}],"wp:term":[{"taxonomy":"category","embeddable":true,"href":"https:\/\/permbledhja.com\/sq\/wp-json\/wp\/v2\/categories?post=49332"},{"taxonomy":"post_tag","embeddable":true,"href":"https:\/\/permbledhja.com\/sq\/wp-json\/wp\/v2\/tags?post=49332"}],"curies":[{"name":"wp","href":"https:\/\/api.w.org\/{rel}","templated":true}]}}