{"id":49327,"date":"2024-02-20T22:13:42","date_gmt":"2024-02-20T22:13:42","guid":{"rendered":"https:\/\/permbledhja.com\/?p=49327"},"modified":"2024-02-20T22:13:42","modified_gmt":"2024-02-20T22:13:42","slug":"rikthehen-ne-qarkullim-kamionet-e-bllokuar-ne-jarinje","status":"publish","type":"post","link":"https:\/\/permbledhja.com\/sq\/rikthehen-ne-qarkullim-kamionet-e-bllokuar-ne-jarinje\/","title":{"rendered":"Rikthehen n\u00eb qarkullim kamion\u00ebt e bllokuar n\u00eb Jarinj\u00eb"},"content":{"rendered":"<h3>Qendra Komb\u00ebtare p\u00ebr Menaxhim Kufitar ka l\u00ebshuar komunikim t\u00eb ri lidhur me ngecjen e kamion\u00ebve me mallra n\u00eb Jarinje.<\/h3>\n<p>QKMK tha se dogana nga ana serbe ka njoftuar se \u00ebsht\u00eb rregulluar problemi me sistemin q\u00eb than\u00eb se pat\u00ebn sot gjat\u00eb dit\u00ebs.<\/p>\n<p>\u201cM\u00eb dat\u00eb, 20.02.2024 n\u00eb ora 21:35, nga pala serbe jemi njoftuar se n\u00eb PKK Jarinje \u00ebsht\u00eb rregulluar problemi q\u00eb kan\u00eb pasur me sistemin doganor dhe se tani ka filluar qarkullimi i kamion\u00ebve me mallra si n\u00eb hyrje ashtu edhe n\u00eb dalje t\u00eb RKS-s\u00eb\u201d, thuhet n\u00eb njoftimin e QKMK.<\/p>\n","protected":false},"excerpt":{"rendered":"<p>Qendra Komb\u00ebtare p\u00ebr Menaxhim Kufitar ka l\u00ebshuar komunikim t\u00eb ri lidhur me ngecjen e kamion\u00ebve me mallra n\u00eb Jarinje. QKMK tha se dogana nga ana serbe ka njoftuar se \u00ebsht\u00eb rregulluar problemi me sistemin q\u00eb than\u00eb se pat\u00ebn sot gjat\u00eb dit\u00ebs. \u201cM\u00eb dat\u00eb, 20.02.2024 n\u00eb ora 21:35, nga pala serbe jemi njoftuar se n\u00eb PKK [&hellip;]<\/p>\n","protected":false},"author":5,"featured_media":49328,"comment_status":"closed","ping_status":"closed","sticky":false,"template":"","format":"standard","meta":{"_monsterinsights_skip_tracking":false,"_monsterinsights_sitenote_active":false,"_monsterinsights_sitenote_note":"","_monsterinsights_sitenote_category":0,"_uf_show_specific_survey":0,"_uf_disable_surveys":false,"footnotes":""},"categories":[1146],"tags":[],"yoast_head":"<!-- This site is optimized with the Yoast SEO plugin v21.5 - https:\/\/yoast.com\/wordpress\/plugins\/seo\/ -->\n<title>Rikthehen n\u00eb qarkullim kamion\u00ebt e bllokuar n\u00eb Jarinj\u00eb<\/title>\n<meta name=\"robots\" content=\"index, follow, max-snippet:-1, max-image-preview:large, max-video-preview:-1\" \/>\n<link rel=\"canonical\" href=\"https:\/\/permbledhja.com\/sq\/rikthehen-ne-qarkullim-kamionet-e-bllokuar-ne-jarinje\/\" \/>\n<meta property=\"og:locale\" content=\"sq_AL\" \/>\n<meta property=\"og:type\" content=\"article\" \/>\n<meta property=\"og:title\" content=\"Rikthehen n\u00eb qarkullim kamion\u00ebt e bllokuar n\u00eb Jarinj\u00eb\" \/>\n<meta property=\"og:description\" content=\"Qendra Komb\u00ebtare p\u00ebr Menaxhim Kufitar ka l\u00ebshuar komunikim t\u00eb ri lidhur me ngecjen e kamion\u00ebve me mallra n\u00eb Jarinje. QKMK tha se dogana nga ana serbe ka njoftuar se \u00ebsht\u00eb rregulluar problemi me sistemin q\u00eb than\u00eb se pat\u00ebn sot gjat\u00eb dit\u00ebs. \u201cM\u00eb dat\u00eb, 20.02.2024 n\u00eb ora 21:35, nga pala serbe jemi njoftuar se n\u00eb PKK [&hellip;]\" \/>\n<meta property=\"og:url\" content=\"https:\/\/permbledhja.com\/sq\/rikthehen-ne-qarkullim-kamionet-e-bllokuar-ne-jarinje\/\" \/>\n<meta property=\"og:site_name\" content=\"Ve\u00e7 artikuj p\u00ebrmbledh\u00ebs\" \/>\n<meta property=\"article:publisher\" content=\"https:\/\/www.facebook.com\/press07\/\" \/>\n<meta property=\"article:published_time\" content=\"2024-02-20T22:13:42+00:00\" \/>\n<meta property=\"og:image\" content=\"https:\/\/permbledhja.com\/wp-content\/uploads\/2024\/02\/n.webp\" \/>\n\t<meta property=\"og:image:width\" content=\"557\" \/>\n\t<meta property=\"og:image:height\" content=\"322\" \/>\n\t<meta property=\"og:image:type\" content=\"image\/webp\" \/>\n<meta name=\"author\" content=\"DL\" \/>\n<meta name=\"twitter:card\" content=\"summary_large_image\" \/>\n<meta name=\"twitter:label1\" content=\"Written by\" \/>\n\t<meta name=\"twitter:data1\" content=\"DL\" \/>\n\t<meta name=\"twitter:label2\" content=\"Est. reading time\" \/>\n\t<meta name=\"twitter:data2\" content=\"1 minut\u00eb\" \/>\n<script type=\"application\/ld+json\" class=\"yoast-schema-graph\">{\"@context\":\"https:\/\/schema.org\",\"@graph\":[{\"@type\":\"Article\",\"@id\":\"https:\/\/permbledhja.com\/rikthehen-ne-qarkullim-kamionet-e-bllokuar-ne-jarinje\/#article\",\"isPartOf\":{\"@id\":\"https:\/\/permbledhja.com\/rikthehen-ne-qarkullim-kamionet-e-bllokuar-ne-jarinje\/\"},\"author\":{\"name\":\"DL\",\"@id\":\"https:\/\/permbledhja.com\/#\/schema\/person\/9c54260cbc4c6f792cb100550491638c\"},\"headline\":\"Rikthehen n\u00eb qarkullim kamion\u00ebt e bllokuar n\u00eb Jarinj\u00eb\",\"datePublished\":\"2024-02-20T22:13:42+00:00\",\"dateModified\":\"2024-02-20T22:13:42+00:00\",\"mainEntityOfPage\":{\"@id\":\"https:\/\/permbledhja.com\/rikthehen-ne-qarkullim-kamionet-e-bllokuar-ne-jarinje\/\"},\"wordCount\":103,\"publisher\":{\"@id\":\"https:\/\/permbledhja.com\/#organization\"},\"articleSection\":[\"Kryesoret\"],\"inLanguage\":\"sq\"},{\"@type\":\"WebPage\",\"@id\":\"https:\/\/permbledhja.com\/rikthehen-ne-qarkullim-kamionet-e-bllokuar-ne-jarinje\/\",\"url\":\"https:\/\/permbledhja.com\/rikthehen-ne-qarkullim-kamionet-e-bllokuar-ne-jarinje\/\",\"name\":\"Rikthehen n\u00eb qarkullim kamion\u00ebt e bllokuar n\u00eb Jarinj\u00eb\",\"isPartOf\":{\"@id\":\"https:\/\/permbledhja.com\/#website\"},\"datePublished\":\"2024-02-20T22:13:42+00:00\",\"dateModified\":\"2024-02-20T22:13:42+00:00\",\"breadcrumb\":{\"@id\":\"https:\/\/permbledhja.com\/rikthehen-ne-qarkullim-kamionet-e-bllokuar-ne-jarinje\/#breadcrumb\"},\"inLanguage\":\"sq\",\"potentialAction\":[{\"@type\":\"ReadAction\",\"target\":[\"https:\/\/permbledhja.com\/rikthehen-ne-qarkullim-kamionet-e-bllokuar-ne-jarinje\/\"]}]},{\"@type\":\"BreadcrumbList\",\"@id\":\"https:\/\/permbledhja.com\/rikthehen-ne-qarkullim-kamionet-e-bllokuar-ne-jarinje\/#breadcrumb\",\"itemListElement\":[{\"@type\":\"ListItem\",\"position\":1,\"name\":\"Ballina\",\"item\":\"https:\/\/permbledhja.com\/sq\/\"},{\"@type\":\"ListItem\",\"position\":2,\"name\":\"Rikthehen n\u00eb qarkullim kamion\u00ebt e bllokuar n\u00eb Jarinj\u00eb\"}]},{\"@type\":\"WebSite\",\"@id\":\"https:\/\/permbledhja.com\/#website\",\"url\":\"https:\/\/permbledhja.com\/\",\"name\":\"Ve\u00e7 artikuj p\u00ebrmbledh\u00ebs\",\"description\":\"\",\"publisher\":{\"@id\":\"https:\/\/permbledhja.com\/#organization\"},\"potentialAction\":[{\"@type\":\"SearchAction\",\"target\":{\"@type\":\"EntryPoint\",\"urlTemplate\":\"https:\/\/permbledhja.com\/?s={search_term_string}\"},\"query-input\":\"required name=search_term_string\"}],\"inLanguage\":\"sq\"},{\"@type\":\"Organization\",\"@id\":\"https:\/\/permbledhja.com\/#organization\",\"name\":\"MK Media & Pr\",\"url\":\"https:\/\/permbledhja.com\/\",\"logo\":{\"@type\":\"ImageObject\",\"inLanguage\":\"sq\",\"@id\":\"https:\/\/permbledhja.com\/#\/schema\/logo\/image\/\",\"url\":\"https:\/\/permbledhja.com\/wp-content\/uploads\/2021\/12\/07-Press-Logo.jpg\",\"contentUrl\":\"https:\/\/permbledhja.com\/wp-content\/uploads\/2021\/12\/07-Press-Logo.jpg\",\"width\":512,\"height\":512,\"caption\":\"MK Media & Pr\"},\"image\":{\"@id\":\"https:\/\/permbledhja.com\/#\/schema\/logo\/image\/\"},\"sameAs\":[\"https:\/\/www.facebook.com\/press07\/\"]},{\"@type\":\"Person\",\"@id\":\"https:\/\/permbledhja.com\/#\/schema\/person\/9c54260cbc4c6f792cb100550491638c\",\"name\":\"DL\",\"image\":{\"@type\":\"ImageObject\",\"inLanguage\":\"sq\",\"@id\":\"https:\/\/permbledhja.com\/#\/schema\/person\/image\/\",\"url\":\"https:\/\/secure.gravatar.com\/avatar\/94503eb28d4c4b2005a5c8753e35fc80?s=96&d=mm&r=g\",\"contentUrl\":\"https:\/\/secure.gravatar.com\/avatar\/94503eb28d4c4b2005a5c8753e35fc80?s=96&d=mm&r=g\",\"caption\":\"DL\"},\"url\":\"https:\/\/permbledhja.com\/sq\/author\/dl\/\"}]}<\/script>\n<!-- \/ Yoast SEO plugin. -->","yoast_head_json":{"title":"Rikthehen n\u00eb qarkullim kamion\u00ebt e bllokuar n\u00eb Jarinj\u00eb","robots":{"index":"index","follow":"follow","max-snippet":"max-snippet:-1","max-image-preview":"max-image-preview:large","max-video-preview":"max-video-preview:-1"},"canonical":"https:\/\/permbledhja.com\/sq\/rikthehen-ne-qarkullim-kamionet-e-bllokuar-ne-jarinje\/","og_locale":"sq_AL","og_type":"article","og_title":"Rikthehen n\u00eb qarkullim kamion\u00ebt e bllokuar n\u00eb Jarinj\u00eb","og_description":"Qendra Komb\u00ebtare p\u00ebr Menaxhim Kufitar ka l\u00ebshuar komunikim t\u00eb ri lidhur me ngecjen e kamion\u00ebve me mallra n\u00eb Jarinje. QKMK tha se dogana nga ana serbe ka njoftuar se \u00ebsht\u00eb rregulluar problemi me sistemin q\u00eb than\u00eb se pat\u00ebn sot gjat\u00eb dit\u00ebs. \u201cM\u00eb dat\u00eb, 20.02.2024 n\u00eb ora 21:35, nga pala serbe jemi njoftuar se n\u00eb PKK [&hellip;]","og_url":"https:\/\/permbledhja.com\/sq\/rikthehen-ne-qarkullim-kamionet-e-bllokuar-ne-jarinje\/","og_site_name":"Ve\u00e7 artikuj p\u00ebrmbledh\u00ebs","article_publisher":"https:\/\/www.facebook.com\/press07\/","article_published_time":"2024-02-20T22:13:42+00:00","og_image":[{"width":557,"height":322,"url":"https:\/\/permbledhja.com\/wp-content\/uploads\/2024\/02\/n.webp","type":"image\/webp"}],"author":"DL","twitter_card":"summary_large_image","twitter_misc":{"Written by":"DL","Est. reading time":"1 minut\u00eb"},"schema":{"@context":"https:\/\/schema.org","@graph":[{"@type":"Article","@id":"https:\/\/permbledhja.com\/rikthehen-ne-qarkullim-kamionet-e-bllokuar-ne-jarinje\/#article","isPartOf":{"@id":"https:\/\/permbledhja.com\/rikthehen-ne-qarkullim-kamionet-e-bllokuar-ne-jarinje\/"},"author":{"name":"DL","@id":"https:\/\/permbledhja.com\/#\/schema\/person\/9c54260cbc4c6f792cb100550491638c"},"headline":"Rikthehen n\u00eb qarkullim kamion\u00ebt e bllokuar n\u00eb Jarinj\u00eb","datePublished":"2024-02-20T22:13:42+00:00","dateModified":"2024-02-20T22:13:42+00:00","mainEntityOfPage":{"@id":"https:\/\/permbledhja.com\/rikthehen-ne-qarkullim-kamionet-e-bllokuar-ne-jarinje\/"},"wordCount":103,"publisher":{"@id":"https:\/\/permbledhja.com\/#organization"},"articleSection":["Kryesoret"],"inLanguage":"sq"},{"@type":"WebPage","@id":"https:\/\/permbledhja.com\/rikthehen-ne-qarkullim-kamionet-e-bllokuar-ne-jarinje\/","url":"https:\/\/permbledhja.com\/rikthehen-ne-qarkullim-kamionet-e-bllokuar-ne-jarinje\/","name":"Rikthehen n\u00eb qarkullim kamion\u00ebt e bllokuar n\u00eb Jarinj\u00eb","isPartOf":{"@id":"https:\/\/permbledhja.com\/#website"},"datePublished":"2024-02-20T22:13:42+00:00","dateModified":"2024-02-20T22:13:42+00:00","breadcrumb":{"@id":"https:\/\/permbledhja.com\/rikthehen-ne-qarkullim-kamionet-e-bllokuar-ne-jarinje\/#breadcrumb"},"inLanguage":"sq","potentialAction":[{"@type":"ReadAction","target":["https:\/\/permbledhja.com\/rikthehen-ne-qarkullim-kamionet-e-bllokuar-ne-jarinje\/"]}]},{"@type":"BreadcrumbList","@id":"https:\/\/permbledhja.com\/rikthehen-ne-qarkullim-kamionet-e-bllokuar-ne-jarinje\/#breadcrumb","itemListElement":[{"@type":"ListItem","position":1,"name":"Ballina","item":"https:\/\/permbledhja.com\/sq\/"},{"@type":"ListItem","position":2,"name":"Rikthehen n\u00eb qarkullim kamion\u00ebt e bllokuar n\u00eb Jarinj\u00eb"}]},{"@type":"WebSite","@id":"https:\/\/permbledhja.com\/#website","url":"https:\/\/permbledhja.com\/","name":"Ve\u00e7 artikuj p\u00ebrmbledh\u00ebs","description":"","publisher":{"@id":"https:\/\/permbledhja.com\/#organization"},"potentialAction":[{"@type":"SearchAction","target":{"@type":"EntryPoint","urlTemplate":"https:\/\/permbledhja.com\/?s={search_term_string}"},"query-input":"required name=search_term_string"}],"inLanguage":"sq"},{"@type":"Organization","@id":"https:\/\/permbledhja.com\/#organization","name":"MK Media & Pr","url":"https:\/\/permbledhja.com\/","logo":{"@type":"ImageObject","inLanguage":"sq","@id":"https:\/\/permbledhja.com\/#\/schema\/logo\/image\/","url":"https:\/\/permbledhja.com\/wp-content\/uploads\/2021\/12\/07-Press-Logo.jpg","contentUrl":"https:\/\/permbledhja.com\/wp-content\/uploads\/2021\/12\/07-Press-Logo.jpg","width":512,"height":512,"caption":"MK Media & Pr"},"image":{"@id":"https:\/\/permbledhja.com\/#\/schema\/logo\/image\/"},"sameAs":["https:\/\/www.facebook.com\/press07\/"]},{"@type":"Person","@id":"https:\/\/permbledhja.com\/#\/schema\/person\/9c54260cbc4c6f792cb100550491638c","name":"DL","image":{"@type":"ImageObject","inLanguage":"sq","@id":"https:\/\/permbledhja.com\/#\/schema\/person\/image\/","url":"https:\/\/secure.gravatar.com\/avatar\/94503eb28d4c4b2005a5c8753e35fc80?s=96&d=mm&r=g","contentUrl":"https:\/\/secure.gravatar.com\/avatar\/94503eb28d4c4b2005a5c8753e35fc80?s=96&d=mm&r=g","caption":"DL"},"url":"https:\/\/permbledhja.com\/sq\/author\/dl\/"}]}},"_links":{"self":[{"href":"https:\/\/permbledhja.com\/sq\/wp-json\/wp\/v2\/posts\/49327"}],"collection":[{"href":"https:\/\/permbledhja.com\/sq\/wp-json\/wp\/v2\/posts"}],"about":[{"href":"https:\/\/permbledhja.com\/sq\/wp-json\/wp\/v2\/types\/post"}],"author":[{"embeddable":true,"href":"https:\/\/permbledhja.com\/sq\/wp-json\/wp\/v2\/users\/5"}],"replies":[{"embeddable":true,"href":"https:\/\/permbledhja.com\/sq\/wp-json\/wp\/v2\/comments?post=49327"}],"version-history":[{"count":1,"href":"https:\/\/permbledhja.com\/sq\/wp-json\/wp\/v2\/posts\/49327\/revisions"}],"predecessor-version":[{"id":49329,"href":"https:\/\/permbledhja.com\/sq\/wp-json\/wp\/v2\/posts\/49327\/revisions\/49329"}],"wp:featuredmedia":[{"embeddable":true,"href":"https:\/\/permbledhja.com\/sq\/wp-json\/wp\/v2\/media\/49328"}],"wp:attachment":[{"href":"https:\/\/permbledhja.com\/sq\/wp-json\/wp\/v2\/media?parent=49327"}],"wp:term":[{"taxonomy":"category","embeddable":true,"href":"https:\/\/permbledhja.com\/sq\/wp-json\/wp\/v2\/categories?post=49327"},{"taxonomy":"post_tag","embeddable":true,"href":"https:\/\/permbledhja.com\/sq\/wp-json\/wp\/v2\/tags?post=49327"}],"curies":[{"name":"wp","href":"https:\/\/api.w.org\/{rel}","templated":true}]}}