{"id":49315,"date":"2024-02-20T20:44:12","date_gmt":"2024-02-20T20:44:12","guid":{"rendered":"https:\/\/permbledhja.com\/?p=49315"},"modified":"2024-02-20T20:44:12","modified_gmt":"2024-02-20T20:44:12","slug":"hoti-thote-se-peter-stano-e-percmoi-qeverine-e-kosoves-me-deklaraten-per-bislimin","status":"publish","type":"post","link":"https:\/\/permbledhja.com\/sq\/hoti-thote-se-peter-stano-e-percmoi-qeverine-e-kosoves-me-deklaraten-per-bislimin\/","title":{"rendered":"Hoti thot\u00eb se Peter Stano e p\u00ebr\u00e7moi Qeverin\u00eb e Kosov\u00ebs me deklarat\u00ebn p\u00ebr Bislimin"},"content":{"rendered":"<h3>Ish-kryeministri i vendit, tani deputet n\u00eb Kuvendin e Kosov\u00ebs, Avdullah Hoti, e ka komentuar deklarat\u00ebn e z\u00ebdh\u00ebn\u00ebsit t\u00eb BE-s\u00eb Peter Stano, i cili iu referua si \u201cdikush\u201d zv.kryeministrit Bislimi pasi ky foli p\u00ebr raportet Kosov\u00eb -BE dhe k\u00ebrkesat p\u00ebr deeskalim n\u00eb Veri.<\/h3>\n<p>Hoti ka vler\u00ebsuar se Stano \u00ebsht\u00eb p\u00ebrgjigjur me p\u00ebr\u00e7mim e mosp\u00ebrfillje ndaj Qeveris\u00eb s\u00eb Kosov\u00ebs.<\/p>\n<p>B\u00ebhet fjal\u00eb p\u00ebr deklarat\u00ebn e Besnik Bislimit i cili ka th\u00ebn\u00eb se BE-ja s\u2019duhet ta detyroj\u00eb Kosov\u00ebn q\u00eb ta eskaloj\u00eb p\u00ebrs\u00ebri situat\u00ebn p\u00ebr t\u00eb treguar q\u00eb situata n\u00eb Veri t\u00eb vendit ka de-eskaluar.<\/p>\n<p>E p\u00ebr k\u00ebt\u00eb deklarat\u00eb, Stano ka th\u00ebn\u00eb p\u00ebr Gazet\u00ebn Express se nuk komenton \u201cgjith\u00e7ka q\u00eb dikush thot\u00eb n\u00eb Kosov\u00eb\u201d.<\/p>\n<p>K\u00ebt\u00eb deklarat\u00eb t\u00eb Stanos, Avdullah Hoti e ka quajtur p\u00ebr\u00e7mim e mosp\u00ebrfillje ndaj Qeveris\u00eb s\u00eb Kosov\u00ebs, duke u shprehur i habitur se si ka ardhur puna deri k\u00ebtu.<\/p>\n<p>\u201c\u201dS\u2019komentojm\u00eb gjith\u00e7ka q\u00eb thot\u00eb dikush n\u00eb Kosov\u00eb\u201d!!!<\/p>\n<p>Si erdhi puna q\u00eb nj\u00eb z\u00ebdh\u00ebn\u00ebs i BE-s\u00eb t\u00eb deklarohet me kaq p\u00ebr\u00e7mim e mosp\u00ebrfillje ndaj deklarimit t\u00eb Qeveris\u00eb s\u00eb Republik\u00ebs s\u00eb Kosov\u00ebs?!, ka shkruar deputeti Hoti n\u00eb profilin e tij n\u00eb Facebook.<\/p>\n<p>Qeveria e Kosov\u00ebs tash e sa koh\u00eb \u00ebsht\u00eb duke k\u00ebrkuar q\u00eb Bashkimi Evropian t\u2019ia heq masat Kosov\u00ebs.<\/p>\n<div>\n<div id=\"div-gpt-ad-1634289484286-0\" data-google-query-id=\"CIXh4rLiuoQDFamxgwcd2DoBjg\"><\/div>\n<\/div>\n","protected":false},"excerpt":{"rendered":"<p>Ish-kryeministri i vendit, tani deputet n\u00eb Kuvendin e Kosov\u00ebs, Avdullah Hoti, e ka komentuar deklarat\u00ebn e z\u00ebdh\u00ebn\u00ebsit t\u00eb BE-s\u00eb Peter Stano, i cili iu referua si \u201cdikush\u201d zv.kryeministrit Bislimi pasi ky foli p\u00ebr raportet Kosov\u00eb -BE dhe k\u00ebrkesat p\u00ebr deeskalim n\u00eb Veri. Hoti ka vler\u00ebsuar se Stano \u00ebsht\u00eb p\u00ebrgjigjur me p\u00ebr\u00e7mim e mosp\u00ebrfillje ndaj Qeveris\u00eb [&hellip;]<\/p>\n","protected":false},"author":5,"featured_media":45258,"comment_status":"closed","ping_status":"closed","sticky":false,"template":"","format":"standard","meta":{"_monsterinsights_skip_tracking":false,"_monsterinsights_sitenote_active":false,"_monsterinsights_sitenote_note":"","_monsterinsights_sitenote_category":0,"_uf_show_specific_survey":0,"_uf_disable_surveys":false,"footnotes":""},"categories":[1146],"tags":[],"yoast_head":"<!-- This site is optimized with the Yoast SEO plugin v21.5 - https:\/\/yoast.com\/wordpress\/plugins\/seo\/ -->\n<title>Hoti thot\u00eb se Peter Stano e p\u00ebr\u00e7moi Qeverin\u00eb e Kosov\u00ebs me deklarat\u00ebn p\u00ebr Bislimin<\/title>\n<meta name=\"robots\" content=\"index, follow, max-snippet:-1, max-image-preview:large, max-video-preview:-1\" \/>\n<link rel=\"canonical\" href=\"https:\/\/permbledhja.com\/sq\/hoti-thote-se-peter-stano-e-percmoi-qeverine-e-kosoves-me-deklaraten-per-bislimin\/\" \/>\n<meta property=\"og:locale\" content=\"sq_AL\" \/>\n<meta property=\"og:type\" content=\"article\" \/>\n<meta property=\"og:title\" content=\"Hoti thot\u00eb se Peter Stano e p\u00ebr\u00e7moi Qeverin\u00eb e Kosov\u00ebs me deklarat\u00ebn p\u00ebr Bislimin\" \/>\n<meta property=\"og:description\" content=\"Ish-kryeministri i vendit, tani deputet n\u00eb Kuvendin e Kosov\u00ebs, Avdullah Hoti, e ka komentuar deklarat\u00ebn e z\u00ebdh\u00ebn\u00ebsit t\u00eb BE-s\u00eb Peter Stano, i cili iu referua si \u201cdikush\u201d zv.kryeministrit Bislimi pasi ky foli p\u00ebr raportet Kosov\u00eb -BE dhe k\u00ebrkesat p\u00ebr deeskalim n\u00eb Veri. Hoti ka vler\u00ebsuar se Stano \u00ebsht\u00eb p\u00ebrgjigjur me p\u00ebr\u00e7mim e mosp\u00ebrfillje ndaj Qeveris\u00eb [&hellip;]\" \/>\n<meta property=\"og:url\" content=\"https:\/\/permbledhja.com\/sq\/hoti-thote-se-peter-stano-e-percmoi-qeverine-e-kosoves-me-deklaraten-per-bislimin\/\" \/>\n<meta property=\"og:site_name\" content=\"Ve\u00e7 artikuj p\u00ebrmbledh\u00ebs\" \/>\n<meta property=\"article:publisher\" content=\"https:\/\/www.facebook.com\/press07\/\" \/>\n<meta property=\"article:published_time\" content=\"2024-02-20T20:44:12+00:00\" \/>\n<meta property=\"og:image\" content=\"https:\/\/permbledhja.com\/wp-content\/uploads\/2024\/01\/hoti.png\" \/>\n\t<meta property=\"og:image:width\" content=\"600\" \/>\n\t<meta property=\"og:image:height\" content=\"360\" \/>\n\t<meta property=\"og:image:type\" content=\"image\/png\" \/>\n<meta name=\"author\" content=\"DL\" \/>\n<meta name=\"twitter:card\" content=\"summary_large_image\" \/>\n<meta name=\"twitter:label1\" content=\"Written by\" \/>\n\t<meta name=\"twitter:data1\" content=\"DL\" \/>\n\t<meta name=\"twitter:label2\" content=\"Est. reading time\" \/>\n\t<meta name=\"twitter:data2\" content=\"2 minuta\" \/>\n<script type=\"application\/ld+json\" class=\"yoast-schema-graph\">{\"@context\":\"https:\/\/schema.org\",\"@graph\":[{\"@type\":\"Article\",\"@id\":\"https:\/\/permbledhja.com\/hoti-thote-se-peter-stano-e-percmoi-qeverine-e-kosoves-me-deklaraten-per-bislimin\/#article\",\"isPartOf\":{\"@id\":\"https:\/\/permbledhja.com\/hoti-thote-se-peter-stano-e-percmoi-qeverine-e-kosoves-me-deklaraten-per-bislimin\/\"},\"author\":{\"name\":\"DL\",\"@id\":\"https:\/\/permbledhja.com\/#\/schema\/person\/9c54260cbc4c6f792cb100550491638c\"},\"headline\":\"Hoti thot\u00eb se Peter Stano e p\u00ebr\u00e7moi Qeverin\u00eb e Kosov\u00ebs me deklarat\u00ebn p\u00ebr Bislimin\",\"datePublished\":\"2024-02-20T20:44:12+00:00\",\"dateModified\":\"2024-02-20T20:44:12+00:00\",\"mainEntityOfPage\":{\"@id\":\"https:\/\/permbledhja.com\/hoti-thote-se-peter-stano-e-percmoi-qeverine-e-kosoves-me-deklaraten-per-bislimin\/\"},\"wordCount\":264,\"publisher\":{\"@id\":\"https:\/\/permbledhja.com\/#organization\"},\"articleSection\":[\"Kryesoret\"],\"inLanguage\":\"sq\"},{\"@type\":\"WebPage\",\"@id\":\"https:\/\/permbledhja.com\/hoti-thote-se-peter-stano-e-percmoi-qeverine-e-kosoves-me-deklaraten-per-bislimin\/\",\"url\":\"https:\/\/permbledhja.com\/hoti-thote-se-peter-stano-e-percmoi-qeverine-e-kosoves-me-deklaraten-per-bislimin\/\",\"name\":\"Hoti thot\u00eb se Peter Stano e p\u00ebr\u00e7moi Qeverin\u00eb e Kosov\u00ebs me deklarat\u00ebn p\u00ebr Bislimin\",\"isPartOf\":{\"@id\":\"https:\/\/permbledhja.com\/#website\"},\"datePublished\":\"2024-02-20T20:44:12+00:00\",\"dateModified\":\"2024-02-20T20:44:12+00:00\",\"breadcrumb\":{\"@id\":\"https:\/\/permbledhja.com\/hoti-thote-se-peter-stano-e-percmoi-qeverine-e-kosoves-me-deklaraten-per-bislimin\/#breadcrumb\"},\"inLanguage\":\"sq\",\"potentialAction\":[{\"@type\":\"ReadAction\",\"target\":[\"https:\/\/permbledhja.com\/hoti-thote-se-peter-stano-e-percmoi-qeverine-e-kosoves-me-deklaraten-per-bislimin\/\"]}]},{\"@type\":\"BreadcrumbList\",\"@id\":\"https:\/\/permbledhja.com\/hoti-thote-se-peter-stano-e-percmoi-qeverine-e-kosoves-me-deklaraten-per-bislimin\/#breadcrumb\",\"itemListElement\":[{\"@type\":\"ListItem\",\"position\":1,\"name\":\"Ballina\",\"item\":\"https:\/\/permbledhja.com\/sq\/\"},{\"@type\":\"ListItem\",\"position\":2,\"name\":\"Hoti thot\u00eb se Peter Stano e p\u00ebr\u00e7moi Qeverin\u00eb e Kosov\u00ebs me deklarat\u00ebn p\u00ebr Bislimin\"}]},{\"@type\":\"WebSite\",\"@id\":\"https:\/\/permbledhja.com\/#website\",\"url\":\"https:\/\/permbledhja.com\/\",\"name\":\"Ve\u00e7 artikuj p\u00ebrmbledh\u00ebs\",\"description\":\"\",\"publisher\":{\"@id\":\"https:\/\/permbledhja.com\/#organization\"},\"potentialAction\":[{\"@type\":\"SearchAction\",\"target\":{\"@type\":\"EntryPoint\",\"urlTemplate\":\"https:\/\/permbledhja.com\/?s={search_term_string}\"},\"query-input\":\"required name=search_term_string\"}],\"inLanguage\":\"sq\"},{\"@type\":\"Organization\",\"@id\":\"https:\/\/permbledhja.com\/#organization\",\"name\":\"MK Media & Pr\",\"url\":\"https:\/\/permbledhja.com\/\",\"logo\":{\"@type\":\"ImageObject\",\"inLanguage\":\"sq\",\"@id\":\"https:\/\/permbledhja.com\/#\/schema\/logo\/image\/\",\"url\":\"https:\/\/permbledhja.com\/wp-content\/uploads\/2021\/12\/07-Press-Logo.jpg\",\"contentUrl\":\"https:\/\/permbledhja.com\/wp-content\/uploads\/2021\/12\/07-Press-Logo.jpg\",\"width\":512,\"height\":512,\"caption\":\"MK Media & Pr\"},\"image\":{\"@id\":\"https:\/\/permbledhja.com\/#\/schema\/logo\/image\/\"},\"sameAs\":[\"https:\/\/www.facebook.com\/press07\/\"]},{\"@type\":\"Person\",\"@id\":\"https:\/\/permbledhja.com\/#\/schema\/person\/9c54260cbc4c6f792cb100550491638c\",\"name\":\"DL\",\"image\":{\"@type\":\"ImageObject\",\"inLanguage\":\"sq\",\"@id\":\"https:\/\/permbledhja.com\/#\/schema\/person\/image\/\",\"url\":\"https:\/\/secure.gravatar.com\/avatar\/94503eb28d4c4b2005a5c8753e35fc80?s=96&d=mm&r=g\",\"contentUrl\":\"https:\/\/secure.gravatar.com\/avatar\/94503eb28d4c4b2005a5c8753e35fc80?s=96&d=mm&r=g\",\"caption\":\"DL\"},\"url\":\"https:\/\/permbledhja.com\/sq\/author\/dl\/\"}]}<\/script>\n<!-- \/ Yoast SEO plugin. -->","yoast_head_json":{"title":"Hoti thot\u00eb se Peter Stano e p\u00ebr\u00e7moi Qeverin\u00eb e Kosov\u00ebs me deklarat\u00ebn p\u00ebr Bislimin","robots":{"index":"index","follow":"follow","max-snippet":"max-snippet:-1","max-image-preview":"max-image-preview:large","max-video-preview":"max-video-preview:-1"},"canonical":"https:\/\/permbledhja.com\/sq\/hoti-thote-se-peter-stano-e-percmoi-qeverine-e-kosoves-me-deklaraten-per-bislimin\/","og_locale":"sq_AL","og_type":"article","og_title":"Hoti thot\u00eb se Peter Stano e p\u00ebr\u00e7moi Qeverin\u00eb e Kosov\u00ebs me deklarat\u00ebn p\u00ebr Bislimin","og_description":"Ish-kryeministri i vendit, tani deputet n\u00eb Kuvendin e Kosov\u00ebs, Avdullah Hoti, e ka komentuar deklarat\u00ebn e z\u00ebdh\u00ebn\u00ebsit t\u00eb BE-s\u00eb Peter Stano, i cili iu referua si \u201cdikush\u201d zv.kryeministrit Bislimi pasi ky foli p\u00ebr raportet Kosov\u00eb -BE dhe k\u00ebrkesat p\u00ebr deeskalim n\u00eb Veri. Hoti ka vler\u00ebsuar se Stano \u00ebsht\u00eb p\u00ebrgjigjur me p\u00ebr\u00e7mim e mosp\u00ebrfillje ndaj Qeveris\u00eb [&hellip;]","og_url":"https:\/\/permbledhja.com\/sq\/hoti-thote-se-peter-stano-e-percmoi-qeverine-e-kosoves-me-deklaraten-per-bislimin\/","og_site_name":"Ve\u00e7 artikuj p\u00ebrmbledh\u00ebs","article_publisher":"https:\/\/www.facebook.com\/press07\/","article_published_time":"2024-02-20T20:44:12+00:00","og_image":[{"width":600,"height":360,"url":"https:\/\/permbledhja.com\/wp-content\/uploads\/2024\/01\/hoti.png","type":"image\/png"}],"author":"DL","twitter_card":"summary_large_image","twitter_misc":{"Written by":"DL","Est. reading time":"2 minuta"},"schema":{"@context":"https:\/\/schema.org","@graph":[{"@type":"Article","@id":"https:\/\/permbledhja.com\/hoti-thote-se-peter-stano-e-percmoi-qeverine-e-kosoves-me-deklaraten-per-bislimin\/#article","isPartOf":{"@id":"https:\/\/permbledhja.com\/hoti-thote-se-peter-stano-e-percmoi-qeverine-e-kosoves-me-deklaraten-per-bislimin\/"},"author":{"name":"DL","@id":"https:\/\/permbledhja.com\/#\/schema\/person\/9c54260cbc4c6f792cb100550491638c"},"headline":"Hoti thot\u00eb se Peter Stano e p\u00ebr\u00e7moi Qeverin\u00eb e Kosov\u00ebs me deklarat\u00ebn p\u00ebr Bislimin","datePublished":"2024-02-20T20:44:12+00:00","dateModified":"2024-02-20T20:44:12+00:00","mainEntityOfPage":{"@id":"https:\/\/permbledhja.com\/hoti-thote-se-peter-stano-e-percmoi-qeverine-e-kosoves-me-deklaraten-per-bislimin\/"},"wordCount":264,"publisher":{"@id":"https:\/\/permbledhja.com\/#organization"},"articleSection":["Kryesoret"],"inLanguage":"sq"},{"@type":"WebPage","@id":"https:\/\/permbledhja.com\/hoti-thote-se-peter-stano-e-percmoi-qeverine-e-kosoves-me-deklaraten-per-bislimin\/","url":"https:\/\/permbledhja.com\/hoti-thote-se-peter-stano-e-percmoi-qeverine-e-kosoves-me-deklaraten-per-bislimin\/","name":"Hoti thot\u00eb se Peter Stano e p\u00ebr\u00e7moi Qeverin\u00eb e Kosov\u00ebs me deklarat\u00ebn p\u00ebr Bislimin","isPartOf":{"@id":"https:\/\/permbledhja.com\/#website"},"datePublished":"2024-02-20T20:44:12+00:00","dateModified":"2024-02-20T20:44:12+00:00","breadcrumb":{"@id":"https:\/\/permbledhja.com\/hoti-thote-se-peter-stano-e-percmoi-qeverine-e-kosoves-me-deklaraten-per-bislimin\/#breadcrumb"},"inLanguage":"sq","potentialAction":[{"@type":"ReadAction","target":["https:\/\/permbledhja.com\/hoti-thote-se-peter-stano-e-percmoi-qeverine-e-kosoves-me-deklaraten-per-bislimin\/"]}]},{"@type":"BreadcrumbList","@id":"https:\/\/permbledhja.com\/hoti-thote-se-peter-stano-e-percmoi-qeverine-e-kosoves-me-deklaraten-per-bislimin\/#breadcrumb","itemListElement":[{"@type":"ListItem","position":1,"name":"Ballina","item":"https:\/\/permbledhja.com\/sq\/"},{"@type":"ListItem","position":2,"name":"Hoti thot\u00eb se Peter Stano e p\u00ebr\u00e7moi Qeverin\u00eb e Kosov\u00ebs me deklarat\u00ebn p\u00ebr Bislimin"}]},{"@type":"WebSite","@id":"https:\/\/permbledhja.com\/#website","url":"https:\/\/permbledhja.com\/","name":"Ve\u00e7 artikuj p\u00ebrmbledh\u00ebs","description":"","publisher":{"@id":"https:\/\/permbledhja.com\/#organization"},"potentialAction":[{"@type":"SearchAction","target":{"@type":"EntryPoint","urlTemplate":"https:\/\/permbledhja.com\/?s={search_term_string}"},"query-input":"required name=search_term_string"}],"inLanguage":"sq"},{"@type":"Organization","@id":"https:\/\/permbledhja.com\/#organization","name":"MK Media & Pr","url":"https:\/\/permbledhja.com\/","logo":{"@type":"ImageObject","inLanguage":"sq","@id":"https:\/\/permbledhja.com\/#\/schema\/logo\/image\/","url":"https:\/\/permbledhja.com\/wp-content\/uploads\/2021\/12\/07-Press-Logo.jpg","contentUrl":"https:\/\/permbledhja.com\/wp-content\/uploads\/2021\/12\/07-Press-Logo.jpg","width":512,"height":512,"caption":"MK Media & Pr"},"image":{"@id":"https:\/\/permbledhja.com\/#\/schema\/logo\/image\/"},"sameAs":["https:\/\/www.facebook.com\/press07\/"]},{"@type":"Person","@id":"https:\/\/permbledhja.com\/#\/schema\/person\/9c54260cbc4c6f792cb100550491638c","name":"DL","image":{"@type":"ImageObject","inLanguage":"sq","@id":"https:\/\/permbledhja.com\/#\/schema\/person\/image\/","url":"https:\/\/secure.gravatar.com\/avatar\/94503eb28d4c4b2005a5c8753e35fc80?s=96&d=mm&r=g","contentUrl":"https:\/\/secure.gravatar.com\/avatar\/94503eb28d4c4b2005a5c8753e35fc80?s=96&d=mm&r=g","caption":"DL"},"url":"https:\/\/permbledhja.com\/sq\/author\/dl\/"}]}},"_links":{"self":[{"href":"https:\/\/permbledhja.com\/sq\/wp-json\/wp\/v2\/posts\/49315"}],"collection":[{"href":"https:\/\/permbledhja.com\/sq\/wp-json\/wp\/v2\/posts"}],"about":[{"href":"https:\/\/permbledhja.com\/sq\/wp-json\/wp\/v2\/types\/post"}],"author":[{"embeddable":true,"href":"https:\/\/permbledhja.com\/sq\/wp-json\/wp\/v2\/users\/5"}],"replies":[{"embeddable":true,"href":"https:\/\/permbledhja.com\/sq\/wp-json\/wp\/v2\/comments?post=49315"}],"version-history":[{"count":1,"href":"https:\/\/permbledhja.com\/sq\/wp-json\/wp\/v2\/posts\/49315\/revisions"}],"predecessor-version":[{"id":49316,"href":"https:\/\/permbledhja.com\/sq\/wp-json\/wp\/v2\/posts\/49315\/revisions\/49316"}],"wp:featuredmedia":[{"embeddable":true,"href":"https:\/\/permbledhja.com\/sq\/wp-json\/wp\/v2\/media\/45258"}],"wp:attachment":[{"href":"https:\/\/permbledhja.com\/sq\/wp-json\/wp\/v2\/media?parent=49315"}],"wp:term":[{"taxonomy":"category","embeddable":true,"href":"https:\/\/permbledhja.com\/sq\/wp-json\/wp\/v2\/categories?post=49315"},{"taxonomy":"post_tag","embeddable":true,"href":"https:\/\/permbledhja.com\/sq\/wp-json\/wp\/v2\/tags?post=49315"}],"curies":[{"name":"wp","href":"https:\/\/api.w.org\/{rel}","templated":true}]}}