{"id":49312,"date":"2024-02-20T20:29:13","date_gmt":"2024-02-20T20:29:13","guid":{"rendered":"https:\/\/permbledhja.com\/?p=49312"},"modified":"2024-02-20T20:29:13","modified_gmt":"2024-02-20T20:29:13","slug":"jep-doreheqje-zevendesministri-per-zhvillim-rajonal-shkak-mosmarreveshjet-me-duda-balje","status":"publish","type":"post","link":"https:\/\/permbledhja.com\/sq\/jep-doreheqje-zevendesministri-per-zhvillim-rajonal-shkak-mosmarreveshjet-me-duda-balje\/","title":{"rendered":"Jep dor\u00ebheqje z\u00ebvend\u00ebsministri p\u00ebr Zhvillim Rajonal, shkak mosmarr\u00ebveshjet me Duda Balje"},"content":{"rendered":"<h3>Almir Veliji ka njoftuar se dh\u00ebn\u00eb dor\u00ebheqje nga posti z\u00ebvend\u00ebsministri p\u00ebr Zhvillim Rajonal.<\/h3>\n<p>Me an\u00eb t\u00eb nj\u00eb postimi n\u00eb llogarin\u00eb e tij n\u00eb Facebook, Veliji ka th\u00ebn\u00eb se dor\u00ebheqja e tij vjen p\u00ebr shkak t\u00eb mosmarr\u00ebveshjeve t\u00eb thella me deputeten Duda Balje, p\u00ebrcjell Arbresh.info.<\/p>\n<p>\u201cP\u00ebr shkak t\u00eb mosmarr\u00ebveshjeve t\u00eb thella q\u00eb ekzistojn\u00eb prej koh\u00ebsh me znj. Bale, po ju njoftoj se sot kam dh\u00ebn\u00eb dor\u00ebheqjen nga posti i z\u00ebvend\u00ebsministres p\u00ebr Zhvillimin Rajonal. Vitet e fundit, kur isha p\u00ebrfaq\u00ebsues i partis\u00eb SDU, kam punuar me t\u00eb gjitha kapacitetet e mia p\u00ebr t\u00eb forcuar rolin e shoq\u00ebris\u00eb civile, e cila duhet t\u00eb ket\u00eb mekanizmat p\u00ebr forcimin e komuniteteve, si pasurin\u00eb e saj m\u00eb t\u00eb madhe. Me k\u00ebt\u00eb kam dashur q\u00eb populli im t\u00eb jet\u00eb pjes\u00eb p\u00ebrb\u00ebr\u00ebse e Republik\u00ebs s\u00eb Kosov\u00ebs dhe si pjes\u00eb e shoq\u00ebris\u00eb n\u00eb m\u00ebnyr\u00eb t\u00eb pavarur dhe n\u00eb p\u00ebrputhje me interesat strategjike t\u00eb vendos\u00eb p\u00ebr fatin e vet\u201d, ka shkruar Veliji.<\/p>\n<p>Veliji ka theksuar se mbetet plot\u00ebsisht i p\u00ebrkushtuar ndaj demokratizimit t\u00eb shoq\u00ebris\u00eb kosovare.<\/p>\n<p>\u201cFatkeq\u00ebsisht, zonja Bale e pa \u2018t\u00eb ardhmen ton\u00eb\u2019 n\u00eb metodat destruktive t\u00eb rr\u00ebnimit dhe degradimit t\u00eb shoq\u00ebris\u00eb kosovare, duke besuar se duhet t\u00eb marr\u00eb nj\u00eb mandat tjet\u00ebr p\u00ebr veten e saj p\u00ebrmes bashk\u00ebpunimit t\u00eb pakusht\u00ebzuar me njer\u00ebz q\u00eb nuk e mendojn\u00eb mir\u00eb vendin ton\u00eb! Un\u00eb kurr\u00eb nuk jam dakord dhe nuk do t\u00eb pajtohem me nj\u00eb politik\u00eb t\u00eb till\u00eb t\u00eb saj, sepse ajo do t\u00eb t\u00ebrhiqte qytetar\u00ebt tan\u00eb n\u00eb nj\u00eb vorbull politikash t\u00eb gabuara radikale q\u00eb mund t\u00eb sjellin vet\u00ebm probleme t\u00eb reja sociale, ekonomike dhe ekzistenciale p\u00ebr popullin ton\u00eb\u201d, tha ai.\/Arbresh.info<\/p>\n","protected":false},"excerpt":{"rendered":"<p>Almir Veliji ka njoftuar se dh\u00ebn\u00eb dor\u00ebheqje nga posti z\u00ebvend\u00ebsministri p\u00ebr Zhvillim Rajonal. Me an\u00eb t\u00eb nj\u00eb postimi n\u00eb llogarin\u00eb e tij n\u00eb Facebook, Veliji ka th\u00ebn\u00eb se dor\u00ebheqja e tij vjen p\u00ebr shkak t\u00eb mosmarr\u00ebveshjeve t\u00eb thella me deputeten Duda Balje, p\u00ebrcjell Arbresh.info. \u201cP\u00ebr shkak t\u00eb mosmarr\u00ebveshjeve t\u00eb thella q\u00eb ekzistojn\u00eb prej koh\u00ebsh me [&hellip;]<\/p>\n","protected":false},"author":5,"featured_media":49313,"comment_status":"closed","ping_status":"closed","sticky":false,"template":"","format":"standard","meta":{"_monsterinsights_skip_tracking":false,"_monsterinsights_sitenote_active":false,"_monsterinsights_sitenote_note":"","_monsterinsights_sitenote_category":0,"_uf_show_specific_survey":0,"_uf_disable_surveys":false,"footnotes":""},"categories":[15],"tags":[],"yoast_head":"<!-- This site is optimized with the Yoast SEO plugin v21.5 - https:\/\/yoast.com\/wordpress\/plugins\/seo\/ -->\n<title>Jep dor\u00ebheqje z\u00ebvend\u00ebsministri p\u00ebr Zhvillim Rajonal, shkak mosmarr\u00ebveshjet me Duda Balje<\/title>\n<meta name=\"robots\" content=\"index, follow, max-snippet:-1, max-image-preview:large, max-video-preview:-1\" \/>\n<link rel=\"canonical\" href=\"https:\/\/permbledhja.com\/sq\/jep-doreheqje-zevendesministri-per-zhvillim-rajonal-shkak-mosmarreveshjet-me-duda-balje\/\" \/>\n<meta property=\"og:locale\" content=\"sq_AL\" \/>\n<meta property=\"og:type\" content=\"article\" \/>\n<meta property=\"og:title\" content=\"Jep dor\u00ebheqje z\u00ebvend\u00ebsministri p\u00ebr Zhvillim Rajonal, shkak mosmarr\u00ebveshjet me Duda Balje\" \/>\n<meta property=\"og:description\" content=\"Almir Veliji ka njoftuar se dh\u00ebn\u00eb dor\u00ebheqje nga posti z\u00ebvend\u00ebsministri p\u00ebr Zhvillim Rajonal. Me an\u00eb t\u00eb nj\u00eb postimi n\u00eb llogarin\u00eb e tij n\u00eb Facebook, Veliji ka th\u00ebn\u00eb se dor\u00ebheqja e tij vjen p\u00ebr shkak t\u00eb mosmarr\u00ebveshjeve t\u00eb thella me deputeten Duda Balje, p\u00ebrcjell Arbresh.info. \u201cP\u00ebr shkak t\u00eb mosmarr\u00ebveshjeve t\u00eb thella q\u00eb ekzistojn\u00eb prej koh\u00ebsh me [&hellip;]\" \/>\n<meta property=\"og:url\" content=\"https:\/\/permbledhja.com\/sq\/jep-doreheqje-zevendesministri-per-zhvillim-rajonal-shkak-mosmarreveshjet-me-duda-balje\/\" \/>\n<meta property=\"og:site_name\" content=\"Ve\u00e7 artikuj p\u00ebrmbledh\u00ebs\" \/>\n<meta property=\"article:publisher\" content=\"https:\/\/www.facebook.com\/press07\/\" \/>\n<meta property=\"article:published_time\" content=\"2024-02-20T20:29:13+00:00\" \/>\n<meta property=\"og:image\" content=\"https:\/\/permbledhja.com\/wp-content\/uploads\/2024\/02\/dr.png\" \/>\n\t<meta property=\"og:image:width\" content=\"733\" \/>\n\t<meta property=\"og:image:height\" content=\"475\" \/>\n\t<meta property=\"og:image:type\" content=\"image\/png\" \/>\n<meta name=\"author\" content=\"DL\" \/>\n<meta name=\"twitter:card\" content=\"summary_large_image\" \/>\n<meta name=\"twitter:label1\" content=\"Written by\" \/>\n\t<meta name=\"twitter:data1\" content=\"DL\" \/>\n\t<meta name=\"twitter:label2\" content=\"Est. reading time\" \/>\n\t<meta name=\"twitter:data2\" content=\"2 minuta\" \/>\n<script type=\"application\/ld+json\" class=\"yoast-schema-graph\">{\"@context\":\"https:\/\/schema.org\",\"@graph\":[{\"@type\":\"Article\",\"@id\":\"https:\/\/permbledhja.com\/jep-doreheqje-zevendesministri-per-zhvillim-rajonal-shkak-mosmarreveshjet-me-duda-balje\/#article\",\"isPartOf\":{\"@id\":\"https:\/\/permbledhja.com\/jep-doreheqje-zevendesministri-per-zhvillim-rajonal-shkak-mosmarreveshjet-me-duda-balje\/\"},\"author\":{\"name\":\"DL\",\"@id\":\"https:\/\/permbledhja.com\/#\/schema\/person\/9c54260cbc4c6f792cb100550491638c\"},\"headline\":\"Jep dor\u00ebheqje z\u00ebvend\u00ebsministri p\u00ebr Zhvillim Rajonal, shkak mosmarr\u00ebveshjet me Duda Balje\",\"datePublished\":\"2024-02-20T20:29:13+00:00\",\"dateModified\":\"2024-02-20T20:29:13+00:00\",\"mainEntityOfPage\":{\"@id\":\"https:\/\/permbledhja.com\/jep-doreheqje-zevendesministri-per-zhvillim-rajonal-shkak-mosmarreveshjet-me-duda-balje\/\"},\"wordCount\":325,\"publisher\":{\"@id\":\"https:\/\/permbledhja.com\/#organization\"},\"articleSection\":[\"Lajme\"],\"inLanguage\":\"sq\"},{\"@type\":\"WebPage\",\"@id\":\"https:\/\/permbledhja.com\/jep-doreheqje-zevendesministri-per-zhvillim-rajonal-shkak-mosmarreveshjet-me-duda-balje\/\",\"url\":\"https:\/\/permbledhja.com\/jep-doreheqje-zevendesministri-per-zhvillim-rajonal-shkak-mosmarreveshjet-me-duda-balje\/\",\"name\":\"Jep dor\u00ebheqje z\u00ebvend\u00ebsministri p\u00ebr Zhvillim Rajonal, shkak mosmarr\u00ebveshjet me Duda Balje\",\"isPartOf\":{\"@id\":\"https:\/\/permbledhja.com\/#website\"},\"datePublished\":\"2024-02-20T20:29:13+00:00\",\"dateModified\":\"2024-02-20T20:29:13+00:00\",\"breadcrumb\":{\"@id\":\"https:\/\/permbledhja.com\/jep-doreheqje-zevendesministri-per-zhvillim-rajonal-shkak-mosmarreveshjet-me-duda-balje\/#breadcrumb\"},\"inLanguage\":\"sq\",\"potentialAction\":[{\"@type\":\"ReadAction\",\"target\":[\"https:\/\/permbledhja.com\/jep-doreheqje-zevendesministri-per-zhvillim-rajonal-shkak-mosmarreveshjet-me-duda-balje\/\"]}]},{\"@type\":\"BreadcrumbList\",\"@id\":\"https:\/\/permbledhja.com\/jep-doreheqje-zevendesministri-per-zhvillim-rajonal-shkak-mosmarreveshjet-me-duda-balje\/#breadcrumb\",\"itemListElement\":[{\"@type\":\"ListItem\",\"position\":1,\"name\":\"Ballina\",\"item\":\"https:\/\/permbledhja.com\/sq\/\"},{\"@type\":\"ListItem\",\"position\":2,\"name\":\"Jep dor\u00ebheqje z\u00ebvend\u00ebsministri p\u00ebr Zhvillim Rajonal, shkak mosmarr\u00ebveshjet me Duda Balje\"}]},{\"@type\":\"WebSite\",\"@id\":\"https:\/\/permbledhja.com\/#website\",\"url\":\"https:\/\/permbledhja.com\/\",\"name\":\"Ve\u00e7 artikuj p\u00ebrmbledh\u00ebs\",\"description\":\"\",\"publisher\":{\"@id\":\"https:\/\/permbledhja.com\/#organization\"},\"potentialAction\":[{\"@type\":\"SearchAction\",\"target\":{\"@type\":\"EntryPoint\",\"urlTemplate\":\"https:\/\/permbledhja.com\/?s={search_term_string}\"},\"query-input\":\"required name=search_term_string\"}],\"inLanguage\":\"sq\"},{\"@type\":\"Organization\",\"@id\":\"https:\/\/permbledhja.com\/#organization\",\"name\":\"MK Media & Pr\",\"url\":\"https:\/\/permbledhja.com\/\",\"logo\":{\"@type\":\"ImageObject\",\"inLanguage\":\"sq\",\"@id\":\"https:\/\/permbledhja.com\/#\/schema\/logo\/image\/\",\"url\":\"https:\/\/permbledhja.com\/wp-content\/uploads\/2021\/12\/07-Press-Logo.jpg\",\"contentUrl\":\"https:\/\/permbledhja.com\/wp-content\/uploads\/2021\/12\/07-Press-Logo.jpg\",\"width\":512,\"height\":512,\"caption\":\"MK Media & Pr\"},\"image\":{\"@id\":\"https:\/\/permbledhja.com\/#\/schema\/logo\/image\/\"},\"sameAs\":[\"https:\/\/www.facebook.com\/press07\/\"]},{\"@type\":\"Person\",\"@id\":\"https:\/\/permbledhja.com\/#\/schema\/person\/9c54260cbc4c6f792cb100550491638c\",\"name\":\"DL\",\"image\":{\"@type\":\"ImageObject\",\"inLanguage\":\"sq\",\"@id\":\"https:\/\/permbledhja.com\/#\/schema\/person\/image\/\",\"url\":\"https:\/\/secure.gravatar.com\/avatar\/94503eb28d4c4b2005a5c8753e35fc80?s=96&d=mm&r=g\",\"contentUrl\":\"https:\/\/secure.gravatar.com\/avatar\/94503eb28d4c4b2005a5c8753e35fc80?s=96&d=mm&r=g\",\"caption\":\"DL\"},\"url\":\"https:\/\/permbledhja.com\/sq\/author\/dl\/\"}]}<\/script>\n<!-- \/ Yoast SEO plugin. -->","yoast_head_json":{"title":"Jep dor\u00ebheqje z\u00ebvend\u00ebsministri p\u00ebr Zhvillim Rajonal, shkak mosmarr\u00ebveshjet me Duda Balje","robots":{"index":"index","follow":"follow","max-snippet":"max-snippet:-1","max-image-preview":"max-image-preview:large","max-video-preview":"max-video-preview:-1"},"canonical":"https:\/\/permbledhja.com\/sq\/jep-doreheqje-zevendesministri-per-zhvillim-rajonal-shkak-mosmarreveshjet-me-duda-balje\/","og_locale":"sq_AL","og_type":"article","og_title":"Jep dor\u00ebheqje z\u00ebvend\u00ebsministri p\u00ebr Zhvillim Rajonal, shkak mosmarr\u00ebveshjet me Duda Balje","og_description":"Almir Veliji ka njoftuar se dh\u00ebn\u00eb dor\u00ebheqje nga posti z\u00ebvend\u00ebsministri p\u00ebr Zhvillim Rajonal. Me an\u00eb t\u00eb nj\u00eb postimi n\u00eb llogarin\u00eb e tij n\u00eb Facebook, Veliji ka th\u00ebn\u00eb se dor\u00ebheqja e tij vjen p\u00ebr shkak t\u00eb mosmarr\u00ebveshjeve t\u00eb thella me deputeten Duda Balje, p\u00ebrcjell Arbresh.info. \u201cP\u00ebr shkak t\u00eb mosmarr\u00ebveshjeve t\u00eb thella q\u00eb ekzistojn\u00eb prej koh\u00ebsh me [&hellip;]","og_url":"https:\/\/permbledhja.com\/sq\/jep-doreheqje-zevendesministri-per-zhvillim-rajonal-shkak-mosmarreveshjet-me-duda-balje\/","og_site_name":"Ve\u00e7 artikuj p\u00ebrmbledh\u00ebs","article_publisher":"https:\/\/www.facebook.com\/press07\/","article_published_time":"2024-02-20T20:29:13+00:00","og_image":[{"width":733,"height":475,"url":"https:\/\/permbledhja.com\/wp-content\/uploads\/2024\/02\/dr.png","type":"image\/png"}],"author":"DL","twitter_card":"summary_large_image","twitter_misc":{"Written by":"DL","Est. reading time":"2 minuta"},"schema":{"@context":"https:\/\/schema.org","@graph":[{"@type":"Article","@id":"https:\/\/permbledhja.com\/jep-doreheqje-zevendesministri-per-zhvillim-rajonal-shkak-mosmarreveshjet-me-duda-balje\/#article","isPartOf":{"@id":"https:\/\/permbledhja.com\/jep-doreheqje-zevendesministri-per-zhvillim-rajonal-shkak-mosmarreveshjet-me-duda-balje\/"},"author":{"name":"DL","@id":"https:\/\/permbledhja.com\/#\/schema\/person\/9c54260cbc4c6f792cb100550491638c"},"headline":"Jep dor\u00ebheqje z\u00ebvend\u00ebsministri p\u00ebr Zhvillim Rajonal, shkak mosmarr\u00ebveshjet me Duda Balje","datePublished":"2024-02-20T20:29:13+00:00","dateModified":"2024-02-20T20:29:13+00:00","mainEntityOfPage":{"@id":"https:\/\/permbledhja.com\/jep-doreheqje-zevendesministri-per-zhvillim-rajonal-shkak-mosmarreveshjet-me-duda-balje\/"},"wordCount":325,"publisher":{"@id":"https:\/\/permbledhja.com\/#organization"},"articleSection":["Lajme"],"inLanguage":"sq"},{"@type":"WebPage","@id":"https:\/\/permbledhja.com\/jep-doreheqje-zevendesministri-per-zhvillim-rajonal-shkak-mosmarreveshjet-me-duda-balje\/","url":"https:\/\/permbledhja.com\/jep-doreheqje-zevendesministri-per-zhvillim-rajonal-shkak-mosmarreveshjet-me-duda-balje\/","name":"Jep dor\u00ebheqje z\u00ebvend\u00ebsministri p\u00ebr Zhvillim Rajonal, shkak mosmarr\u00ebveshjet me Duda Balje","isPartOf":{"@id":"https:\/\/permbledhja.com\/#website"},"datePublished":"2024-02-20T20:29:13+00:00","dateModified":"2024-02-20T20:29:13+00:00","breadcrumb":{"@id":"https:\/\/permbledhja.com\/jep-doreheqje-zevendesministri-per-zhvillim-rajonal-shkak-mosmarreveshjet-me-duda-balje\/#breadcrumb"},"inLanguage":"sq","potentialAction":[{"@type":"ReadAction","target":["https:\/\/permbledhja.com\/jep-doreheqje-zevendesministri-per-zhvillim-rajonal-shkak-mosmarreveshjet-me-duda-balje\/"]}]},{"@type":"BreadcrumbList","@id":"https:\/\/permbledhja.com\/jep-doreheqje-zevendesministri-per-zhvillim-rajonal-shkak-mosmarreveshjet-me-duda-balje\/#breadcrumb","itemListElement":[{"@type":"ListItem","position":1,"name":"Ballina","item":"https:\/\/permbledhja.com\/sq\/"},{"@type":"ListItem","position":2,"name":"Jep dor\u00ebheqje z\u00ebvend\u00ebsministri p\u00ebr Zhvillim Rajonal, shkak mosmarr\u00ebveshjet me Duda Balje"}]},{"@type":"WebSite","@id":"https:\/\/permbledhja.com\/#website","url":"https:\/\/permbledhja.com\/","name":"Ve\u00e7 artikuj p\u00ebrmbledh\u00ebs","description":"","publisher":{"@id":"https:\/\/permbledhja.com\/#organization"},"potentialAction":[{"@type":"SearchAction","target":{"@type":"EntryPoint","urlTemplate":"https:\/\/permbledhja.com\/?s={search_term_string}"},"query-input":"required name=search_term_string"}],"inLanguage":"sq"},{"@type":"Organization","@id":"https:\/\/permbledhja.com\/#organization","name":"MK Media & Pr","url":"https:\/\/permbledhja.com\/","logo":{"@type":"ImageObject","inLanguage":"sq","@id":"https:\/\/permbledhja.com\/#\/schema\/logo\/image\/","url":"https:\/\/permbledhja.com\/wp-content\/uploads\/2021\/12\/07-Press-Logo.jpg","contentUrl":"https:\/\/permbledhja.com\/wp-content\/uploads\/2021\/12\/07-Press-Logo.jpg","width":512,"height":512,"caption":"MK Media & Pr"},"image":{"@id":"https:\/\/permbledhja.com\/#\/schema\/logo\/image\/"},"sameAs":["https:\/\/www.facebook.com\/press07\/"]},{"@type":"Person","@id":"https:\/\/permbledhja.com\/#\/schema\/person\/9c54260cbc4c6f792cb100550491638c","name":"DL","image":{"@type":"ImageObject","inLanguage":"sq","@id":"https:\/\/permbledhja.com\/#\/schema\/person\/image\/","url":"https:\/\/secure.gravatar.com\/avatar\/94503eb28d4c4b2005a5c8753e35fc80?s=96&d=mm&r=g","contentUrl":"https:\/\/secure.gravatar.com\/avatar\/94503eb28d4c4b2005a5c8753e35fc80?s=96&d=mm&r=g","caption":"DL"},"url":"https:\/\/permbledhja.com\/sq\/author\/dl\/"}]}},"_links":{"self":[{"href":"https:\/\/permbledhja.com\/sq\/wp-json\/wp\/v2\/posts\/49312"}],"collection":[{"href":"https:\/\/permbledhja.com\/sq\/wp-json\/wp\/v2\/posts"}],"about":[{"href":"https:\/\/permbledhja.com\/sq\/wp-json\/wp\/v2\/types\/post"}],"author":[{"embeddable":true,"href":"https:\/\/permbledhja.com\/sq\/wp-json\/wp\/v2\/users\/5"}],"replies":[{"embeddable":true,"href":"https:\/\/permbledhja.com\/sq\/wp-json\/wp\/v2\/comments?post=49312"}],"version-history":[{"count":1,"href":"https:\/\/permbledhja.com\/sq\/wp-json\/wp\/v2\/posts\/49312\/revisions"}],"predecessor-version":[{"id":49314,"href":"https:\/\/permbledhja.com\/sq\/wp-json\/wp\/v2\/posts\/49312\/revisions\/49314"}],"wp:featuredmedia":[{"embeddable":true,"href":"https:\/\/permbledhja.com\/sq\/wp-json\/wp\/v2\/media\/49313"}],"wp:attachment":[{"href":"https:\/\/permbledhja.com\/sq\/wp-json\/wp\/v2\/media?parent=49312"}],"wp:term":[{"taxonomy":"category","embeddable":true,"href":"https:\/\/permbledhja.com\/sq\/wp-json\/wp\/v2\/categories?post=49312"},{"taxonomy":"post_tag","embeddable":true,"href":"https:\/\/permbledhja.com\/sq\/wp-json\/wp\/v2\/tags?post=49312"}],"curies":[{"name":"wp","href":"https:\/\/api.w.org\/{rel}","templated":true}]}}