{"id":49309,"date":"2024-02-20T19:22:56","date_gmt":"2024-02-20T19:22:56","guid":{"rendered":"https:\/\/permbledhja.com\/?p=49309"},"modified":"2024-02-20T19:22:56","modified_gmt":"2024-02-20T19:22:56","slug":"presidentja-osmani-kerkon-qe-ligji-i-ri-i-punes-te-miratohet-sa-me-pare","status":"publish","type":"post","link":"https:\/\/permbledhja.com\/sq\/presidentja-osmani-kerkon-qe-ligji-i-ri-i-punes-te-miratohet-sa-me-pare\/","title":{"rendered":"Presidentja Osmani k\u00ebrkon q\u00eb Ligji i ri i Pun\u00ebs t\u00eb miratohet sa m\u00eb par\u00eb"},"content":{"rendered":"<h3>Presidentja e Republik\u00ebs s\u00eb Kosov\u00ebs, Vjosa Osmani, ka pritur sot n\u00eb takim p\u00ebrfaq\u00ebsuese t\u00eb Forumit Ekonomik t\u00eb Grave, udh\u00ebhequr nga Saxhide Mustafa.<\/h3>\n<p>P\u00ebrmes nj\u00eb komunikate p\u00ebr media, Presidenca njofton se n\u00eb takim u diskutua mbi nevoj\u00ebn urgjente p\u00ebr miratimin e Ligjit t\u00eb ri t\u00eb Pun\u00ebs n\u00eb Kuvendin e Kosov\u00ebs.<\/p>\n<p>\u201cPresidentja Osmani potencoi se integrimi i plot\u00eb dhe i barabart\u00eb i grave dhe burrave n\u00eb ekonomi \u00ebsht\u00eb strategji afatgjate p\u00ebr t\u00eb stimuluar rritjen ekonomike dhe pjes\u00ebmarrjen aktive t\u00eb grave n\u00eb ekonomi. N\u00eb k\u00ebt\u00eb frym\u00eb, Presidentja theksoi se reduktimi i hendekut gjinor n\u00eb tregun e pun\u00ebs jo vet\u00ebm q\u00eb rrit mir\u00ebqenien sociale dhe ekonomike t\u00eb grave, por edhe kontribuon n\u00eb mir\u00ebqenien e p\u00ebrgjithshme t\u00eb t\u00eb porsalindurve dhe t\u00eb familjeve. Prandaj \u00ebsht\u00eb e domosdoshme q\u00eb ligji i ri i pun\u00ebs q\u00eb i adreson k\u00ebto nevoja t\u00eb jet\u00eb n\u00eb p\u00ebrputhje me direktivat e BE-s\u00eb dhe t\u00eb procedohet sa m\u00eb par\u00eb n\u00eb Kuvend\u201d, thuhet n\u00eb komunikat\u00eb.<\/p>\n<p>Po ashtu u diskutua edhe r\u00ebnd\u00ebsia e politikave lidhur me pushimin prind\u00ebror, si mas\u00eb e r\u00ebnd\u00ebsishme q\u00eb duhet t\u00eb rregullohet me k\u00ebt\u00eb ligj.<\/p>\n<p>\u201cPresidentja Osmani dhe p\u00ebrfaq\u00ebsueset e Forumit Ekonomik t\u00eb Grave diskutuan modele t\u00eb mundshme t\u00eb pushimit prind\u00ebror, t\u00eb cilat jan\u00eb propozuar nga organizatat e shoq\u00ebris\u00eb civile, e t\u00eb cilat mund\u00ebsojn\u00eb dhe inkurajojn\u00eb pjes\u00ebmarrjen aktive t\u00eb grave n\u00eb ekonomi, duke u bazuar n\u00eb praktikat m\u00eb t\u00eb mira nd\u00ebrkomb\u00ebtare.<\/p>\n<p>Presidentja Osmani dhe Forumi Ekonomik i Grave diskutuan edhe p\u00ebr r\u00ebnd\u00ebsin\u00eb e buxhetimit t\u00eb p\u00ebrgjegjsh\u00ebm gjinor si mas\u00eb e r\u00ebnd\u00ebsishme si nga institucionet qendrore, ashtu edhe nga ato lokale. N\u00eb k\u00ebt\u00eb takim u b\u00eb thirrje p\u00ebr angazhim m\u00eb t\u00eb madh nga t\u00eb gjitha institucionet p\u00ebrkat\u00ebse p\u00ebr t\u00eb zhvilluar dhe zbatuar politika t\u00eb drejta dhe efikase q\u00eb adresojn\u00eb sfidat specifike me t\u00eb cilat p\u00ebrballen grat\u00eb n\u00eb\u00a0tregun\u00a0e\u00a0pun\u00ebs\u201d, njofton Presidenca.<\/p>\n","protected":false},"excerpt":{"rendered":"<p>Presidentja e Republik\u00ebs s\u00eb Kosov\u00ebs, Vjosa Osmani, ka pritur sot n\u00eb takim p\u00ebrfaq\u00ebsuese t\u00eb Forumit Ekonomik t\u00eb Grave, udh\u00ebhequr nga Saxhide Mustafa. P\u00ebrmes nj\u00eb komunikate p\u00ebr media, Presidenca njofton se n\u00eb takim u diskutua mbi nevoj\u00ebn urgjente p\u00ebr miratimin e Ligjit t\u00eb ri t\u00eb Pun\u00ebs n\u00eb Kuvendin e Kosov\u00ebs. \u201cPresidentja Osmani potencoi se integrimi i [&hellip;]<\/p>\n","protected":false},"author":5,"featured_media":49310,"comment_status":"closed","ping_status":"closed","sticky":false,"template":"","format":"standard","meta":{"_monsterinsights_skip_tracking":false,"_monsterinsights_sitenote_active":false,"_monsterinsights_sitenote_note":"","_monsterinsights_sitenote_category":0,"_uf_show_specific_survey":0,"_uf_disable_surveys":false,"footnotes":""},"categories":[2645],"tags":[],"yoast_head":"<!-- This site is optimized with the Yoast SEO plugin v21.5 - https:\/\/yoast.com\/wordpress\/plugins\/seo\/ -->\n<title>Presidentja Osmani k\u00ebrkon q\u00eb Ligji i ri i Pun\u00ebs t\u00eb miratohet sa m\u00eb par\u00eb<\/title>\n<meta name=\"robots\" content=\"index, follow, max-snippet:-1, max-image-preview:large, max-video-preview:-1\" \/>\n<link rel=\"canonical\" href=\"https:\/\/permbledhja.com\/sq\/presidentja-osmani-kerkon-qe-ligji-i-ri-i-punes-te-miratohet-sa-me-pare\/\" \/>\n<meta property=\"og:locale\" content=\"sq_AL\" \/>\n<meta property=\"og:type\" content=\"article\" \/>\n<meta property=\"og:title\" content=\"Presidentja Osmani k\u00ebrkon q\u00eb Ligji i ri i Pun\u00ebs t\u00eb miratohet sa m\u00eb par\u00eb\" \/>\n<meta property=\"og:description\" content=\"Presidentja e Republik\u00ebs s\u00eb Kosov\u00ebs, Vjosa Osmani, ka pritur sot n\u00eb takim p\u00ebrfaq\u00ebsuese t\u00eb Forumit Ekonomik t\u00eb Grave, udh\u00ebhequr nga Saxhide Mustafa. P\u00ebrmes nj\u00eb komunikate p\u00ebr media, Presidenca njofton se n\u00eb takim u diskutua mbi nevoj\u00ebn urgjente p\u00ebr miratimin e Ligjit t\u00eb ri t\u00eb Pun\u00ebs n\u00eb Kuvendin e Kosov\u00ebs. \u201cPresidentja Osmani potencoi se integrimi i [&hellip;]\" \/>\n<meta property=\"og:url\" content=\"https:\/\/permbledhja.com\/sq\/presidentja-osmani-kerkon-qe-ligji-i-ri-i-punes-te-miratohet-sa-me-pare\/\" \/>\n<meta property=\"og:site_name\" content=\"Ve\u00e7 artikuj p\u00ebrmbledh\u00ebs\" \/>\n<meta property=\"article:publisher\" content=\"https:\/\/www.facebook.com\/press07\/\" \/>\n<meta property=\"article:published_time\" content=\"2024-02-20T19:22:56+00:00\" \/>\n<meta property=\"og:image\" content=\"https:\/\/permbledhja.com\/wp-content\/uploads\/2024\/02\/prr.jpg\" \/>\n\t<meta property=\"og:image:width\" content=\"1024\" \/>\n\t<meta property=\"og:image:height\" content=\"639\" \/>\n\t<meta property=\"og:image:type\" content=\"image\/jpeg\" \/>\n<meta name=\"author\" content=\"DL\" \/>\n<meta name=\"twitter:card\" content=\"summary_large_image\" \/>\n<meta name=\"twitter:label1\" content=\"Written by\" \/>\n\t<meta name=\"twitter:data1\" content=\"DL\" \/>\n\t<meta name=\"twitter:label2\" content=\"Est. reading time\" \/>\n\t<meta name=\"twitter:data2\" content=\"2 minuta\" \/>\n<script type=\"application\/ld+json\" class=\"yoast-schema-graph\">{\"@context\":\"https:\/\/schema.org\",\"@graph\":[{\"@type\":\"Article\",\"@id\":\"https:\/\/permbledhja.com\/presidentja-osmani-kerkon-qe-ligji-i-ri-i-punes-te-miratohet-sa-me-pare\/#article\",\"isPartOf\":{\"@id\":\"https:\/\/permbledhja.com\/presidentja-osmani-kerkon-qe-ligji-i-ri-i-punes-te-miratohet-sa-me-pare\/\"},\"author\":{\"name\":\"DL\",\"@id\":\"https:\/\/permbledhja.com\/#\/schema\/person\/9c54260cbc4c6f792cb100550491638c\"},\"headline\":\"Presidentja Osmani k\u00ebrkon q\u00eb Ligji i ri i Pun\u00ebs t\u00eb miratohet sa m\u00eb par\u00eb\",\"datePublished\":\"2024-02-20T19:22:56+00:00\",\"dateModified\":\"2024-02-20T19:22:56+00:00\",\"mainEntityOfPage\":{\"@id\":\"https:\/\/permbledhja.com\/presidentja-osmani-kerkon-qe-ligji-i-ri-i-punes-te-miratohet-sa-me-pare\/\"},\"wordCount\":356,\"publisher\":{\"@id\":\"https:\/\/permbledhja.com\/#organization\"},\"articleSection\":[\"T\u00eb r\u00ebnd\u00ebsishme\"],\"inLanguage\":\"sq\"},{\"@type\":\"WebPage\",\"@id\":\"https:\/\/permbledhja.com\/presidentja-osmani-kerkon-qe-ligji-i-ri-i-punes-te-miratohet-sa-me-pare\/\",\"url\":\"https:\/\/permbledhja.com\/presidentja-osmani-kerkon-qe-ligji-i-ri-i-punes-te-miratohet-sa-me-pare\/\",\"name\":\"Presidentja Osmani k\u00ebrkon q\u00eb Ligji i ri i Pun\u00ebs t\u00eb miratohet sa m\u00eb par\u00eb\",\"isPartOf\":{\"@id\":\"https:\/\/permbledhja.com\/#website\"},\"datePublished\":\"2024-02-20T19:22:56+00:00\",\"dateModified\":\"2024-02-20T19:22:56+00:00\",\"breadcrumb\":{\"@id\":\"https:\/\/permbledhja.com\/presidentja-osmani-kerkon-qe-ligji-i-ri-i-punes-te-miratohet-sa-me-pare\/#breadcrumb\"},\"inLanguage\":\"sq\",\"potentialAction\":[{\"@type\":\"ReadAction\",\"target\":[\"https:\/\/permbledhja.com\/presidentja-osmani-kerkon-qe-ligji-i-ri-i-punes-te-miratohet-sa-me-pare\/\"]}]},{\"@type\":\"BreadcrumbList\",\"@id\":\"https:\/\/permbledhja.com\/presidentja-osmani-kerkon-qe-ligji-i-ri-i-punes-te-miratohet-sa-me-pare\/#breadcrumb\",\"itemListElement\":[{\"@type\":\"ListItem\",\"position\":1,\"name\":\"Ballina\",\"item\":\"https:\/\/permbledhja.com\/sq\/\"},{\"@type\":\"ListItem\",\"position\":2,\"name\":\"Presidentja Osmani k\u00ebrkon q\u00eb Ligji i ri i Pun\u00ebs t\u00eb miratohet sa m\u00eb par\u00eb\"}]},{\"@type\":\"WebSite\",\"@id\":\"https:\/\/permbledhja.com\/#website\",\"url\":\"https:\/\/permbledhja.com\/\",\"name\":\"Ve\u00e7 artikuj p\u00ebrmbledh\u00ebs\",\"description\":\"\",\"publisher\":{\"@id\":\"https:\/\/permbledhja.com\/#organization\"},\"potentialAction\":[{\"@type\":\"SearchAction\",\"target\":{\"@type\":\"EntryPoint\",\"urlTemplate\":\"https:\/\/permbledhja.com\/?s={search_term_string}\"},\"query-input\":\"required name=search_term_string\"}],\"inLanguage\":\"sq\"},{\"@type\":\"Organization\",\"@id\":\"https:\/\/permbledhja.com\/#organization\",\"name\":\"MK Media & Pr\",\"url\":\"https:\/\/permbledhja.com\/\",\"logo\":{\"@type\":\"ImageObject\",\"inLanguage\":\"sq\",\"@id\":\"https:\/\/permbledhja.com\/#\/schema\/logo\/image\/\",\"url\":\"https:\/\/permbledhja.com\/wp-content\/uploads\/2021\/12\/07-Press-Logo.jpg\",\"contentUrl\":\"https:\/\/permbledhja.com\/wp-content\/uploads\/2021\/12\/07-Press-Logo.jpg\",\"width\":512,\"height\":512,\"caption\":\"MK Media & Pr\"},\"image\":{\"@id\":\"https:\/\/permbledhja.com\/#\/schema\/logo\/image\/\"},\"sameAs\":[\"https:\/\/www.facebook.com\/press07\/\"]},{\"@type\":\"Person\",\"@id\":\"https:\/\/permbledhja.com\/#\/schema\/person\/9c54260cbc4c6f792cb100550491638c\",\"name\":\"DL\",\"image\":{\"@type\":\"ImageObject\",\"inLanguage\":\"sq\",\"@id\":\"https:\/\/permbledhja.com\/#\/schema\/person\/image\/\",\"url\":\"https:\/\/secure.gravatar.com\/avatar\/94503eb28d4c4b2005a5c8753e35fc80?s=96&d=mm&r=g\",\"contentUrl\":\"https:\/\/secure.gravatar.com\/avatar\/94503eb28d4c4b2005a5c8753e35fc80?s=96&d=mm&r=g\",\"caption\":\"DL\"},\"url\":\"https:\/\/permbledhja.com\/sq\/author\/dl\/\"}]}<\/script>\n<!-- \/ Yoast SEO plugin. -->","yoast_head_json":{"title":"Presidentja Osmani k\u00ebrkon q\u00eb Ligji i ri i Pun\u00ebs t\u00eb miratohet sa m\u00eb par\u00eb","robots":{"index":"index","follow":"follow","max-snippet":"max-snippet:-1","max-image-preview":"max-image-preview:large","max-video-preview":"max-video-preview:-1"},"canonical":"https:\/\/permbledhja.com\/sq\/presidentja-osmani-kerkon-qe-ligji-i-ri-i-punes-te-miratohet-sa-me-pare\/","og_locale":"sq_AL","og_type":"article","og_title":"Presidentja Osmani k\u00ebrkon q\u00eb Ligji i ri i Pun\u00ebs t\u00eb miratohet sa m\u00eb par\u00eb","og_description":"Presidentja e Republik\u00ebs s\u00eb Kosov\u00ebs, Vjosa Osmani, ka pritur sot n\u00eb takim p\u00ebrfaq\u00ebsuese t\u00eb Forumit Ekonomik t\u00eb Grave, udh\u00ebhequr nga Saxhide Mustafa. P\u00ebrmes nj\u00eb komunikate p\u00ebr media, Presidenca njofton se n\u00eb takim u diskutua mbi nevoj\u00ebn urgjente p\u00ebr miratimin e Ligjit t\u00eb ri t\u00eb Pun\u00ebs n\u00eb Kuvendin e Kosov\u00ebs. \u201cPresidentja Osmani potencoi se integrimi i [&hellip;]","og_url":"https:\/\/permbledhja.com\/sq\/presidentja-osmani-kerkon-qe-ligji-i-ri-i-punes-te-miratohet-sa-me-pare\/","og_site_name":"Ve\u00e7 artikuj p\u00ebrmbledh\u00ebs","article_publisher":"https:\/\/www.facebook.com\/press07\/","article_published_time":"2024-02-20T19:22:56+00:00","og_image":[{"width":1024,"height":639,"url":"https:\/\/permbledhja.com\/wp-content\/uploads\/2024\/02\/prr.jpg","type":"image\/jpeg"}],"author":"DL","twitter_card":"summary_large_image","twitter_misc":{"Written by":"DL","Est. reading time":"2 minuta"},"schema":{"@context":"https:\/\/schema.org","@graph":[{"@type":"Article","@id":"https:\/\/permbledhja.com\/presidentja-osmani-kerkon-qe-ligji-i-ri-i-punes-te-miratohet-sa-me-pare\/#article","isPartOf":{"@id":"https:\/\/permbledhja.com\/presidentja-osmani-kerkon-qe-ligji-i-ri-i-punes-te-miratohet-sa-me-pare\/"},"author":{"name":"DL","@id":"https:\/\/permbledhja.com\/#\/schema\/person\/9c54260cbc4c6f792cb100550491638c"},"headline":"Presidentja Osmani k\u00ebrkon q\u00eb Ligji i ri i Pun\u00ebs t\u00eb miratohet sa m\u00eb par\u00eb","datePublished":"2024-02-20T19:22:56+00:00","dateModified":"2024-02-20T19:22:56+00:00","mainEntityOfPage":{"@id":"https:\/\/permbledhja.com\/presidentja-osmani-kerkon-qe-ligji-i-ri-i-punes-te-miratohet-sa-me-pare\/"},"wordCount":356,"publisher":{"@id":"https:\/\/permbledhja.com\/#organization"},"articleSection":["T\u00eb r\u00ebnd\u00ebsishme"],"inLanguage":"sq"},{"@type":"WebPage","@id":"https:\/\/permbledhja.com\/presidentja-osmani-kerkon-qe-ligji-i-ri-i-punes-te-miratohet-sa-me-pare\/","url":"https:\/\/permbledhja.com\/presidentja-osmani-kerkon-qe-ligji-i-ri-i-punes-te-miratohet-sa-me-pare\/","name":"Presidentja Osmani k\u00ebrkon q\u00eb Ligji i ri i Pun\u00ebs t\u00eb miratohet sa m\u00eb par\u00eb","isPartOf":{"@id":"https:\/\/permbledhja.com\/#website"},"datePublished":"2024-02-20T19:22:56+00:00","dateModified":"2024-02-20T19:22:56+00:00","breadcrumb":{"@id":"https:\/\/permbledhja.com\/presidentja-osmani-kerkon-qe-ligji-i-ri-i-punes-te-miratohet-sa-me-pare\/#breadcrumb"},"inLanguage":"sq","potentialAction":[{"@type":"ReadAction","target":["https:\/\/permbledhja.com\/presidentja-osmani-kerkon-qe-ligji-i-ri-i-punes-te-miratohet-sa-me-pare\/"]}]},{"@type":"BreadcrumbList","@id":"https:\/\/permbledhja.com\/presidentja-osmani-kerkon-qe-ligji-i-ri-i-punes-te-miratohet-sa-me-pare\/#breadcrumb","itemListElement":[{"@type":"ListItem","position":1,"name":"Ballina","item":"https:\/\/permbledhja.com\/sq\/"},{"@type":"ListItem","position":2,"name":"Presidentja Osmani k\u00ebrkon q\u00eb Ligji i ri i Pun\u00ebs t\u00eb miratohet sa m\u00eb par\u00eb"}]},{"@type":"WebSite","@id":"https:\/\/permbledhja.com\/#website","url":"https:\/\/permbledhja.com\/","name":"Ve\u00e7 artikuj p\u00ebrmbledh\u00ebs","description":"","publisher":{"@id":"https:\/\/permbledhja.com\/#organization"},"potentialAction":[{"@type":"SearchAction","target":{"@type":"EntryPoint","urlTemplate":"https:\/\/permbledhja.com\/?s={search_term_string}"},"query-input":"required name=search_term_string"}],"inLanguage":"sq"},{"@type":"Organization","@id":"https:\/\/permbledhja.com\/#organization","name":"MK Media & Pr","url":"https:\/\/permbledhja.com\/","logo":{"@type":"ImageObject","inLanguage":"sq","@id":"https:\/\/permbledhja.com\/#\/schema\/logo\/image\/","url":"https:\/\/permbledhja.com\/wp-content\/uploads\/2021\/12\/07-Press-Logo.jpg","contentUrl":"https:\/\/permbledhja.com\/wp-content\/uploads\/2021\/12\/07-Press-Logo.jpg","width":512,"height":512,"caption":"MK Media & Pr"},"image":{"@id":"https:\/\/permbledhja.com\/#\/schema\/logo\/image\/"},"sameAs":["https:\/\/www.facebook.com\/press07\/"]},{"@type":"Person","@id":"https:\/\/permbledhja.com\/#\/schema\/person\/9c54260cbc4c6f792cb100550491638c","name":"DL","image":{"@type":"ImageObject","inLanguage":"sq","@id":"https:\/\/permbledhja.com\/#\/schema\/person\/image\/","url":"https:\/\/secure.gravatar.com\/avatar\/94503eb28d4c4b2005a5c8753e35fc80?s=96&d=mm&r=g","contentUrl":"https:\/\/secure.gravatar.com\/avatar\/94503eb28d4c4b2005a5c8753e35fc80?s=96&d=mm&r=g","caption":"DL"},"url":"https:\/\/permbledhja.com\/sq\/author\/dl\/"}]}},"_links":{"self":[{"href":"https:\/\/permbledhja.com\/sq\/wp-json\/wp\/v2\/posts\/49309"}],"collection":[{"href":"https:\/\/permbledhja.com\/sq\/wp-json\/wp\/v2\/posts"}],"about":[{"href":"https:\/\/permbledhja.com\/sq\/wp-json\/wp\/v2\/types\/post"}],"author":[{"embeddable":true,"href":"https:\/\/permbledhja.com\/sq\/wp-json\/wp\/v2\/users\/5"}],"replies":[{"embeddable":true,"href":"https:\/\/permbledhja.com\/sq\/wp-json\/wp\/v2\/comments?post=49309"}],"version-history":[{"count":1,"href":"https:\/\/permbledhja.com\/sq\/wp-json\/wp\/v2\/posts\/49309\/revisions"}],"predecessor-version":[{"id":49311,"href":"https:\/\/permbledhja.com\/sq\/wp-json\/wp\/v2\/posts\/49309\/revisions\/49311"}],"wp:featuredmedia":[{"embeddable":true,"href":"https:\/\/permbledhja.com\/sq\/wp-json\/wp\/v2\/media\/49310"}],"wp:attachment":[{"href":"https:\/\/permbledhja.com\/sq\/wp-json\/wp\/v2\/media?parent=49309"}],"wp:term":[{"taxonomy":"category","embeddable":true,"href":"https:\/\/permbledhja.com\/sq\/wp-json\/wp\/v2\/categories?post=49309"},{"taxonomy":"post_tag","embeddable":true,"href":"https:\/\/permbledhja.com\/sq\/wp-json\/wp\/v2\/tags?post=49309"}],"curies":[{"name":"wp","href":"https:\/\/api.w.org\/{rel}","templated":true}]}}