{"id":49306,"date":"2024-02-20T19:09:19","date_gmt":"2024-02-20T19:09:19","guid":{"rendered":"https:\/\/permbledhja.com\/?p=49306"},"modified":"2024-02-20T19:09:19","modified_gmt":"2024-02-20T19:09:19","slug":"rama-erdoganit-nuk-harrohet-njohja-e-pavaresise-se-kosoves-nga-ju-ne-minutat-e-para-te-shpalljes-se-saj","status":"publish","type":"post","link":"https:\/\/permbledhja.com\/sq\/rama-erdoganit-nuk-harrohet-njohja-e-pavaresise-se-kosoves-nga-ju-ne-minutat-e-para-te-shpalljes-se-saj\/","title":{"rendered":"Rama, Erdoganit: Nuk harrohet njohja e pavar\u00ebsis\u00eb s\u00eb Kosov\u00ebs nga ju n\u00eb minutat e para t\u00eb shpalljes s\u00eb saj"},"content":{"rendered":"<h3>Kryeministri i Shqip\u00ebris\u00eb, Edi Rama, ka p\u00ebrmendur tre momente q\u00eb sipas tij Turqia dhe presidenti i saj, Recep Tayyip Erdogan, nuk do t\u00eb harrohen nga shqiptar\u00ebt.<\/h3>\n<p>Ai, n\u00eb konferenc\u00ebn e tij t\u00eb p\u00ebrbashk\u00ebt me Erdogan n\u00eb Ankara, ka p\u00ebrmendur njohjen q\u00eb Turqia i ka b\u00ebr\u00eb Kosov\u00ebs kur e shpalli pavar\u00ebsin\u00eb para 16-vjet\u00ebve.<\/p>\n<p>\u201cShqiptar\u00ebt, Shqip\u00ebria dhe Kosova nuk mund t\u00eb harrojn\u00eb tre gj\u00ebra q\u00eb mbeten n\u00eb kujtes\u00ebn ton\u00eb komb\u00ebtare p\u00ebr sot dhe p\u00ebr nes\u00ebr fal jush dhe qeveris\u00eb tuaj. Kosova u njoh si Republik\u00eb e pavarur pak minuta pasi parlamenti i saj shpalli pavar\u00ebsin\u00eb. E dyta kur Shqip\u00ebria u godit nga nj\u00eb t\u00ebrmet me pasoja jasht\u00ebzakonisht t\u00eb r\u00ebnda ju ishit i pari q\u00eb komunikuat me mua m\u00eb that\u00eb q\u00eb sa t\u00eb jet\u00eb Turqia, Shqip\u00ebria nuk do t\u00eb jet\u00eb kurr\u00eb vet\u00ebm, dhe b\u00ebt\u00eb iniciativ\u00ebn publike p\u00ebr fillimin e menj\u00ebhersh\u00ebm t\u00eb 500 apartamenteve t\u00eb reja\u201d.<\/p>\n<p>\u201cE treta kur Shqip\u00ebria dhe populli shqiptar bashk\u00eb me popujt e tjer\u00eb t\u00eb rajonit ton\u00eb t\u00eb Ballkanit u ndjen\u00eb si peshku pa uj\u00eb, momenti kur bota u godit nga pandemia COVID-19 dhe teksa shikonim n\u00ebp\u00ebr ekranet e televizioneve evropiane fillimin e vaksinimit n\u00eb Evrop\u00eb, n\u00ebse nuk do t\u00eb ishte Turqia dhe n\u00ebse nuk do t\u00eb ishit ju personalisht kushedi se sa njer\u00ebz do t\u00eb kishin humbur jet\u00ebn. K\u00ebto tre momente mes jet\u00ebs dhe vdekjes nuk harrohen kurr\u00eb\u201d, ka th\u00ebn\u00eb Rama.<\/p>\n","protected":false},"excerpt":{"rendered":"<p>Kryeministri i Shqip\u00ebris\u00eb, Edi Rama, ka p\u00ebrmendur tre momente q\u00eb sipas tij Turqia dhe presidenti i saj, Recep Tayyip Erdogan, nuk do t\u00eb harrohen nga shqiptar\u00ebt. Ai, n\u00eb konferenc\u00ebn e tij t\u00eb p\u00ebrbashk\u00ebt me Erdogan n\u00eb Ankara, ka p\u00ebrmendur njohjen q\u00eb Turqia i ka b\u00ebr\u00eb Kosov\u00ebs kur e shpalli pavar\u00ebsin\u00eb para 16-vjet\u00ebve. \u201cShqiptar\u00ebt, Shqip\u00ebria dhe [&hellip;]<\/p>\n","protected":false},"author":5,"featured_media":49307,"comment_status":"closed","ping_status":"closed","sticky":false,"template":"","format":"standard","meta":{"_monsterinsights_skip_tracking":false,"_monsterinsights_sitenote_active":false,"_monsterinsights_sitenote_note":"","_monsterinsights_sitenote_category":0,"_uf_show_specific_survey":0,"_uf_disable_surveys":false,"footnotes":""},"categories":[15],"tags":[],"yoast_head":"<!-- This site is optimized with the Yoast SEO plugin v21.5 - https:\/\/yoast.com\/wordpress\/plugins\/seo\/ -->\n<title>Rama, Erdoganit: Nuk harrohet njohja e pavar\u00ebsis\u00eb s\u00eb Kosov\u00ebs nga ju n\u00eb minutat e para t\u00eb shpalljes s\u00eb saj<\/title>\n<meta name=\"robots\" content=\"index, follow, max-snippet:-1, max-image-preview:large, max-video-preview:-1\" \/>\n<link rel=\"canonical\" href=\"https:\/\/permbledhja.com\/sq\/rama-erdoganit-nuk-harrohet-njohja-e-pavaresise-se-kosoves-nga-ju-ne-minutat-e-para-te-shpalljes-se-saj\/\" \/>\n<meta property=\"og:locale\" content=\"sq_AL\" \/>\n<meta property=\"og:type\" content=\"article\" \/>\n<meta property=\"og:title\" content=\"Rama, Erdoganit: Nuk harrohet njohja e pavar\u00ebsis\u00eb s\u00eb Kosov\u00ebs nga ju n\u00eb minutat e para t\u00eb shpalljes s\u00eb saj\" \/>\n<meta property=\"og:description\" content=\"Kryeministri i Shqip\u00ebris\u00eb, Edi Rama, ka p\u00ebrmendur tre momente q\u00eb sipas tij Turqia dhe presidenti i saj, Recep Tayyip Erdogan, nuk do t\u00eb harrohen nga shqiptar\u00ebt. Ai, n\u00eb konferenc\u00ebn e tij t\u00eb p\u00ebrbashk\u00ebt me Erdogan n\u00eb Ankara, ka p\u00ebrmendur njohjen q\u00eb Turqia i ka b\u00ebr\u00eb Kosov\u00ebs kur e shpalli pavar\u00ebsin\u00eb para 16-vjet\u00ebve. \u201cShqiptar\u00ebt, Shqip\u00ebria dhe [&hellip;]\" \/>\n<meta property=\"og:url\" content=\"https:\/\/permbledhja.com\/sq\/rama-erdoganit-nuk-harrohet-njohja-e-pavaresise-se-kosoves-nga-ju-ne-minutat-e-para-te-shpalljes-se-saj\/\" \/>\n<meta property=\"og:site_name\" content=\"Ve\u00e7 artikuj p\u00ebrmbledh\u00ebs\" \/>\n<meta property=\"article:publisher\" content=\"https:\/\/www.facebook.com\/press07\/\" \/>\n<meta property=\"article:published_time\" content=\"2024-02-20T19:09:19+00:00\" \/>\n<meta property=\"og:image\" content=\"https:\/\/permbledhja.com\/wp-content\/uploads\/2024\/02\/rama-erdogan.webp\" \/>\n\t<meta property=\"og:image:width\" content=\"1007\" \/>\n\t<meta property=\"og:image:height\" content=\"709\" \/>\n\t<meta property=\"og:image:type\" content=\"image\/webp\" \/>\n<meta name=\"author\" content=\"DL\" \/>\n<meta name=\"twitter:card\" content=\"summary_large_image\" \/>\n<meta name=\"twitter:label1\" content=\"Written by\" \/>\n\t<meta name=\"twitter:data1\" content=\"DL\" \/>\n\t<meta name=\"twitter:label2\" content=\"Est. reading time\" \/>\n\t<meta name=\"twitter:data2\" content=\"2 minuta\" \/>\n<script type=\"application\/ld+json\" class=\"yoast-schema-graph\">{\"@context\":\"https:\/\/schema.org\",\"@graph\":[{\"@type\":\"Article\",\"@id\":\"https:\/\/permbledhja.com\/rama-erdoganit-nuk-harrohet-njohja-e-pavaresise-se-kosoves-nga-ju-ne-minutat-e-para-te-shpalljes-se-saj\/#article\",\"isPartOf\":{\"@id\":\"https:\/\/permbledhja.com\/rama-erdoganit-nuk-harrohet-njohja-e-pavaresise-se-kosoves-nga-ju-ne-minutat-e-para-te-shpalljes-se-saj\/\"},\"author\":{\"name\":\"DL\",\"@id\":\"https:\/\/permbledhja.com\/#\/schema\/person\/9c54260cbc4c6f792cb100550491638c\"},\"headline\":\"Rama, Erdoganit: Nuk harrohet njohja e pavar\u00ebsis\u00eb s\u00eb Kosov\u00ebs nga ju n\u00eb minutat e para t\u00eb shpalljes s\u00eb saj\",\"datePublished\":\"2024-02-20T19:09:19+00:00\",\"dateModified\":\"2024-02-20T19:09:19+00:00\",\"mainEntityOfPage\":{\"@id\":\"https:\/\/permbledhja.com\/rama-erdoganit-nuk-harrohet-njohja-e-pavaresise-se-kosoves-nga-ju-ne-minutat-e-para-te-shpalljes-se-saj\/\"},\"wordCount\":283,\"publisher\":{\"@id\":\"https:\/\/permbledhja.com\/#organization\"},\"articleSection\":[\"Lajme\"],\"inLanguage\":\"sq\"},{\"@type\":\"WebPage\",\"@id\":\"https:\/\/permbledhja.com\/rama-erdoganit-nuk-harrohet-njohja-e-pavaresise-se-kosoves-nga-ju-ne-minutat-e-para-te-shpalljes-se-saj\/\",\"url\":\"https:\/\/permbledhja.com\/rama-erdoganit-nuk-harrohet-njohja-e-pavaresise-se-kosoves-nga-ju-ne-minutat-e-para-te-shpalljes-se-saj\/\",\"name\":\"Rama, Erdoganit: Nuk harrohet njohja e pavar\u00ebsis\u00eb s\u00eb Kosov\u00ebs nga ju n\u00eb minutat e para t\u00eb shpalljes s\u00eb saj\",\"isPartOf\":{\"@id\":\"https:\/\/permbledhja.com\/#website\"},\"datePublished\":\"2024-02-20T19:09:19+00:00\",\"dateModified\":\"2024-02-20T19:09:19+00:00\",\"breadcrumb\":{\"@id\":\"https:\/\/permbledhja.com\/rama-erdoganit-nuk-harrohet-njohja-e-pavaresise-se-kosoves-nga-ju-ne-minutat-e-para-te-shpalljes-se-saj\/#breadcrumb\"},\"inLanguage\":\"sq\",\"potentialAction\":[{\"@type\":\"ReadAction\",\"target\":[\"https:\/\/permbledhja.com\/rama-erdoganit-nuk-harrohet-njohja-e-pavaresise-se-kosoves-nga-ju-ne-minutat-e-para-te-shpalljes-se-saj\/\"]}]},{\"@type\":\"BreadcrumbList\",\"@id\":\"https:\/\/permbledhja.com\/rama-erdoganit-nuk-harrohet-njohja-e-pavaresise-se-kosoves-nga-ju-ne-minutat-e-para-te-shpalljes-se-saj\/#breadcrumb\",\"itemListElement\":[{\"@type\":\"ListItem\",\"position\":1,\"name\":\"Ballina\",\"item\":\"https:\/\/permbledhja.com\/sq\/\"},{\"@type\":\"ListItem\",\"position\":2,\"name\":\"Rama, Erdoganit: Nuk harrohet njohja e pavar\u00ebsis\u00eb s\u00eb Kosov\u00ebs nga ju n\u00eb minutat e para t\u00eb shpalljes s\u00eb saj\"}]},{\"@type\":\"WebSite\",\"@id\":\"https:\/\/permbledhja.com\/#website\",\"url\":\"https:\/\/permbledhja.com\/\",\"name\":\"Ve\u00e7 artikuj p\u00ebrmbledh\u00ebs\",\"description\":\"\",\"publisher\":{\"@id\":\"https:\/\/permbledhja.com\/#organization\"},\"potentialAction\":[{\"@type\":\"SearchAction\",\"target\":{\"@type\":\"EntryPoint\",\"urlTemplate\":\"https:\/\/permbledhja.com\/?s={search_term_string}\"},\"query-input\":\"required name=search_term_string\"}],\"inLanguage\":\"sq\"},{\"@type\":\"Organization\",\"@id\":\"https:\/\/permbledhja.com\/#organization\",\"name\":\"MK Media & Pr\",\"url\":\"https:\/\/permbledhja.com\/\",\"logo\":{\"@type\":\"ImageObject\",\"inLanguage\":\"sq\",\"@id\":\"https:\/\/permbledhja.com\/#\/schema\/logo\/image\/\",\"url\":\"https:\/\/permbledhja.com\/wp-content\/uploads\/2021\/12\/07-Press-Logo.jpg\",\"contentUrl\":\"https:\/\/permbledhja.com\/wp-content\/uploads\/2021\/12\/07-Press-Logo.jpg\",\"width\":512,\"height\":512,\"caption\":\"MK Media & Pr\"},\"image\":{\"@id\":\"https:\/\/permbledhja.com\/#\/schema\/logo\/image\/\"},\"sameAs\":[\"https:\/\/www.facebook.com\/press07\/\"]},{\"@type\":\"Person\",\"@id\":\"https:\/\/permbledhja.com\/#\/schema\/person\/9c54260cbc4c6f792cb100550491638c\",\"name\":\"DL\",\"image\":{\"@type\":\"ImageObject\",\"inLanguage\":\"sq\",\"@id\":\"https:\/\/permbledhja.com\/#\/schema\/person\/image\/\",\"url\":\"https:\/\/secure.gravatar.com\/avatar\/94503eb28d4c4b2005a5c8753e35fc80?s=96&d=mm&r=g\",\"contentUrl\":\"https:\/\/secure.gravatar.com\/avatar\/94503eb28d4c4b2005a5c8753e35fc80?s=96&d=mm&r=g\",\"caption\":\"DL\"},\"url\":\"https:\/\/permbledhja.com\/sq\/author\/dl\/\"}]}<\/script>\n<!-- \/ Yoast SEO plugin. -->","yoast_head_json":{"title":"Rama, Erdoganit: Nuk harrohet njohja e pavar\u00ebsis\u00eb s\u00eb Kosov\u00ebs nga ju n\u00eb minutat e para t\u00eb shpalljes s\u00eb saj","robots":{"index":"index","follow":"follow","max-snippet":"max-snippet:-1","max-image-preview":"max-image-preview:large","max-video-preview":"max-video-preview:-1"},"canonical":"https:\/\/permbledhja.com\/sq\/rama-erdoganit-nuk-harrohet-njohja-e-pavaresise-se-kosoves-nga-ju-ne-minutat-e-para-te-shpalljes-se-saj\/","og_locale":"sq_AL","og_type":"article","og_title":"Rama, Erdoganit: Nuk harrohet njohja e pavar\u00ebsis\u00eb s\u00eb Kosov\u00ebs nga ju n\u00eb minutat e para t\u00eb shpalljes s\u00eb saj","og_description":"Kryeministri i Shqip\u00ebris\u00eb, Edi Rama, ka p\u00ebrmendur tre momente q\u00eb sipas tij Turqia dhe presidenti i saj, Recep Tayyip Erdogan, nuk do t\u00eb harrohen nga shqiptar\u00ebt. Ai, n\u00eb konferenc\u00ebn e tij t\u00eb p\u00ebrbashk\u00ebt me Erdogan n\u00eb Ankara, ka p\u00ebrmendur njohjen q\u00eb Turqia i ka b\u00ebr\u00eb Kosov\u00ebs kur e shpalli pavar\u00ebsin\u00eb para 16-vjet\u00ebve. \u201cShqiptar\u00ebt, Shqip\u00ebria dhe [&hellip;]","og_url":"https:\/\/permbledhja.com\/sq\/rama-erdoganit-nuk-harrohet-njohja-e-pavaresise-se-kosoves-nga-ju-ne-minutat-e-para-te-shpalljes-se-saj\/","og_site_name":"Ve\u00e7 artikuj p\u00ebrmbledh\u00ebs","article_publisher":"https:\/\/www.facebook.com\/press07\/","article_published_time":"2024-02-20T19:09:19+00:00","og_image":[{"width":1007,"height":709,"url":"https:\/\/permbledhja.com\/wp-content\/uploads\/2024\/02\/rama-erdogan.webp","type":"image\/webp"}],"author":"DL","twitter_card":"summary_large_image","twitter_misc":{"Written by":"DL","Est. reading time":"2 minuta"},"schema":{"@context":"https:\/\/schema.org","@graph":[{"@type":"Article","@id":"https:\/\/permbledhja.com\/rama-erdoganit-nuk-harrohet-njohja-e-pavaresise-se-kosoves-nga-ju-ne-minutat-e-para-te-shpalljes-se-saj\/#article","isPartOf":{"@id":"https:\/\/permbledhja.com\/rama-erdoganit-nuk-harrohet-njohja-e-pavaresise-se-kosoves-nga-ju-ne-minutat-e-para-te-shpalljes-se-saj\/"},"author":{"name":"DL","@id":"https:\/\/permbledhja.com\/#\/schema\/person\/9c54260cbc4c6f792cb100550491638c"},"headline":"Rama, Erdoganit: Nuk harrohet njohja e pavar\u00ebsis\u00eb s\u00eb Kosov\u00ebs nga ju n\u00eb minutat e para t\u00eb shpalljes s\u00eb saj","datePublished":"2024-02-20T19:09:19+00:00","dateModified":"2024-02-20T19:09:19+00:00","mainEntityOfPage":{"@id":"https:\/\/permbledhja.com\/rama-erdoganit-nuk-harrohet-njohja-e-pavaresise-se-kosoves-nga-ju-ne-minutat-e-para-te-shpalljes-se-saj\/"},"wordCount":283,"publisher":{"@id":"https:\/\/permbledhja.com\/#organization"},"articleSection":["Lajme"],"inLanguage":"sq"},{"@type":"WebPage","@id":"https:\/\/permbledhja.com\/rama-erdoganit-nuk-harrohet-njohja-e-pavaresise-se-kosoves-nga-ju-ne-minutat-e-para-te-shpalljes-se-saj\/","url":"https:\/\/permbledhja.com\/rama-erdoganit-nuk-harrohet-njohja-e-pavaresise-se-kosoves-nga-ju-ne-minutat-e-para-te-shpalljes-se-saj\/","name":"Rama, Erdoganit: Nuk harrohet njohja e pavar\u00ebsis\u00eb s\u00eb Kosov\u00ebs nga ju n\u00eb minutat e para t\u00eb shpalljes s\u00eb saj","isPartOf":{"@id":"https:\/\/permbledhja.com\/#website"},"datePublished":"2024-02-20T19:09:19+00:00","dateModified":"2024-02-20T19:09:19+00:00","breadcrumb":{"@id":"https:\/\/permbledhja.com\/rama-erdoganit-nuk-harrohet-njohja-e-pavaresise-se-kosoves-nga-ju-ne-minutat-e-para-te-shpalljes-se-saj\/#breadcrumb"},"inLanguage":"sq","potentialAction":[{"@type":"ReadAction","target":["https:\/\/permbledhja.com\/rama-erdoganit-nuk-harrohet-njohja-e-pavaresise-se-kosoves-nga-ju-ne-minutat-e-para-te-shpalljes-se-saj\/"]}]},{"@type":"BreadcrumbList","@id":"https:\/\/permbledhja.com\/rama-erdoganit-nuk-harrohet-njohja-e-pavaresise-se-kosoves-nga-ju-ne-minutat-e-para-te-shpalljes-se-saj\/#breadcrumb","itemListElement":[{"@type":"ListItem","position":1,"name":"Ballina","item":"https:\/\/permbledhja.com\/sq\/"},{"@type":"ListItem","position":2,"name":"Rama, Erdoganit: Nuk harrohet njohja e pavar\u00ebsis\u00eb s\u00eb Kosov\u00ebs nga ju n\u00eb minutat e para t\u00eb shpalljes s\u00eb saj"}]},{"@type":"WebSite","@id":"https:\/\/permbledhja.com\/#website","url":"https:\/\/permbledhja.com\/","name":"Ve\u00e7 artikuj p\u00ebrmbledh\u00ebs","description":"","publisher":{"@id":"https:\/\/permbledhja.com\/#organization"},"potentialAction":[{"@type":"SearchAction","target":{"@type":"EntryPoint","urlTemplate":"https:\/\/permbledhja.com\/?s={search_term_string}"},"query-input":"required name=search_term_string"}],"inLanguage":"sq"},{"@type":"Organization","@id":"https:\/\/permbledhja.com\/#organization","name":"MK Media & Pr","url":"https:\/\/permbledhja.com\/","logo":{"@type":"ImageObject","inLanguage":"sq","@id":"https:\/\/permbledhja.com\/#\/schema\/logo\/image\/","url":"https:\/\/permbledhja.com\/wp-content\/uploads\/2021\/12\/07-Press-Logo.jpg","contentUrl":"https:\/\/permbledhja.com\/wp-content\/uploads\/2021\/12\/07-Press-Logo.jpg","width":512,"height":512,"caption":"MK Media & Pr"},"image":{"@id":"https:\/\/permbledhja.com\/#\/schema\/logo\/image\/"},"sameAs":["https:\/\/www.facebook.com\/press07\/"]},{"@type":"Person","@id":"https:\/\/permbledhja.com\/#\/schema\/person\/9c54260cbc4c6f792cb100550491638c","name":"DL","image":{"@type":"ImageObject","inLanguage":"sq","@id":"https:\/\/permbledhja.com\/#\/schema\/person\/image\/","url":"https:\/\/secure.gravatar.com\/avatar\/94503eb28d4c4b2005a5c8753e35fc80?s=96&d=mm&r=g","contentUrl":"https:\/\/secure.gravatar.com\/avatar\/94503eb28d4c4b2005a5c8753e35fc80?s=96&d=mm&r=g","caption":"DL"},"url":"https:\/\/permbledhja.com\/sq\/author\/dl\/"}]}},"_links":{"self":[{"href":"https:\/\/permbledhja.com\/sq\/wp-json\/wp\/v2\/posts\/49306"}],"collection":[{"href":"https:\/\/permbledhja.com\/sq\/wp-json\/wp\/v2\/posts"}],"about":[{"href":"https:\/\/permbledhja.com\/sq\/wp-json\/wp\/v2\/types\/post"}],"author":[{"embeddable":true,"href":"https:\/\/permbledhja.com\/sq\/wp-json\/wp\/v2\/users\/5"}],"replies":[{"embeddable":true,"href":"https:\/\/permbledhja.com\/sq\/wp-json\/wp\/v2\/comments?post=49306"}],"version-history":[{"count":1,"href":"https:\/\/permbledhja.com\/sq\/wp-json\/wp\/v2\/posts\/49306\/revisions"}],"predecessor-version":[{"id":49308,"href":"https:\/\/permbledhja.com\/sq\/wp-json\/wp\/v2\/posts\/49306\/revisions\/49308"}],"wp:featuredmedia":[{"embeddable":true,"href":"https:\/\/permbledhja.com\/sq\/wp-json\/wp\/v2\/media\/49307"}],"wp:attachment":[{"href":"https:\/\/permbledhja.com\/sq\/wp-json\/wp\/v2\/media?parent=49306"}],"wp:term":[{"taxonomy":"category","embeddable":true,"href":"https:\/\/permbledhja.com\/sq\/wp-json\/wp\/v2\/categories?post=49306"},{"taxonomy":"post_tag","embeddable":true,"href":"https:\/\/permbledhja.com\/sq\/wp-json\/wp\/v2\/tags?post=49306"}],"curies":[{"name":"wp","href":"https:\/\/api.w.org\/{rel}","templated":true}]}}