{"id":49302,"date":"2024-02-20T18:43:13","date_gmt":"2024-02-20T18:43:13","guid":{"rendered":"https:\/\/permbledhja.com\/?p=49302"},"modified":"2024-02-20T18:43:13","modified_gmt":"2024-02-20T18:43:13","slug":"komandanti-i-kfor-it-situata-ne-veri-e-brishte-jemi-te-gatshem-ti-pergjigjemi-sfidave","status":"publish","type":"post","link":"https:\/\/permbledhja.com\/sq\/komandanti-i-kfor-it-situata-ne-veri-e-brishte-jemi-te-gatshem-ti-pergjigjemi-sfidave\/","title":{"rendered":"Komandanti i KFOR-it: Situata n\u00eb veri e brisht\u00eb, jemi t\u00eb gatsh\u00ebm t\u2019i p\u00ebrgjigjemi sfidave"},"content":{"rendered":"<h3>Komandanti i KFOR-it, gjeneralmajor Ozkan Ulutas, ka deklaruar se situata n\u00eb veri t\u00eb Kosov\u00ebs ndon\u00ebse n\u00eb p\u00ebrgjith\u00ebsi \u00ebsht\u00eb e qet\u00eb, megjithat\u00eb mbetet e brisht\u00eb.<\/h3>\n<p>Ulutas tha se pas rritjes s\u00eb tensioneve n\u00eb vitin e kaluar n\u00eb veri t\u00eb Kosov\u00ebs, NATO ka d\u00ebrguar qindra trupa shtes\u00eb, duke kat\u00ebrfishuar pranin\u00eb e KFOR-it dhe trefishuar numrin e patrullimeve.<\/p>\n<p>\u201cN\u00eb p\u00ebrgjith\u00ebsi, situata \u00ebsht\u00eb e qet\u00eb, por mbetet e brisht\u00eb. Pas rritjes s\u00eb tensioneve n\u00eb vitin e kaluar, NATO zbarkoi qindra trupa shtes\u00eb. Kat\u00ebrfishuam pranin\u00eb e KFOR-it n\u00eb veri t\u00eb Kosov\u00ebs dhe trefishuam numrin e patrullimeve, p\u00ebrfshir\u00eb ato p\u00ebrgjat\u00eb vij\u00ebs s\u00eb kufirit administrativ. Forca e misionit ton\u00eb aktualisht \u00ebsht\u00eb rreth 4500 trupa, me kontribute nga 28 vende, p\u00ebrfshir\u00eb aleat\u00ebt dhe partner\u00ebt e NATO-s. K\u00ebto jan\u00eb hapa t\u00eb kujdessh\u00ebm p\u00ebr t\u00eb siguruar q\u00eb misioni i KFOR-it t\u00eb vazhdoj\u00eb ta p\u00ebrmbush\u00eb mandatin e tij t\u00eb OKB-s\u00eb, bazuar n\u00eb Rezolut\u00ebn 1244 t\u00eb K\u00ebshillit t\u00eb Sigurimit t\u00eb Kombeve t\u00eb Bashkuara t\u00eb vitit 1999, t\u00eb ofroj\u00eb nj\u00eb mjedis t\u00eb qet\u00eb dhe t\u00eb sigurt p\u00ebr t\u00eb gjitha komunitetet q\u00eb jetojn\u00eb n\u00eb Kosov\u00eb, si dhe lirin\u00eb e l\u00ebvizjes, n\u00eb \u00e7do koh\u00eb dihet n\u00eb m\u00ebnyr\u00eb t\u00eb paanshme\u201d, u shpreh ai.<\/p>\n<p>Nd\u00ebrkoh\u00eb, Ulutas shtoi se do t\u00eb vazhdojn\u00eb q\u00eb me p\u00ebrpjekjet e tyre t\u2019i parandalojn\u00eb eskalimet. Ai tha se jan\u00eb t\u00eb gatsh\u00ebm q\u00eb t\u2019i p\u00ebrgjigjen sfidave t\u00eb mundshme.<\/p>\n<p>\u201cDo t\u00eb vazhdojm\u00eb me p\u00ebrpjekjet tona p\u00ebr t\u2019i parandaluar eskalimet dhe jemi t\u00eb gatsh\u00ebm q\u00eb t\u2019i p\u00ebrgjigjemi sfidave t\u00eb mundshme, duke e p\u00ebrshtatur pranin\u00eb ton\u00eb, sipas nevoj\u00ebs, n\u00eb p\u00ebrputhje me mandatin ton\u00eb t\u00eb OKB-s\u00eb. Vazhdojm\u00eb q\u00eb t\u00eb veprojm\u00eb si p\u00ebrgjegj\u00ebsi i tret\u00eb i siguris\u00eb, pas Policis\u00eb s\u00eb Kosov\u00ebs dhe misionit t\u00eb BE-s\u00eb p\u00ebr Sundim t\u00eb Ligjit (EULEX), si p\u00ebrgjegj\u00ebsit e par\u00eb dhe t\u00eb dyt\u00eb respektivisht, me t\u00eb cil\u00ebt bashk\u00ebpunojm\u00eb dhe koordinojm\u00eb n\u00eb m\u00ebnyr\u00eb t\u00eb rregullt\u201d, tha Ulutas.<\/p>\n","protected":false},"excerpt":{"rendered":"<p>Komandanti i KFOR-it, gjeneralmajor Ozkan Ulutas, ka deklaruar se situata n\u00eb veri t\u00eb Kosov\u00ebs ndon\u00ebse n\u00eb p\u00ebrgjith\u00ebsi \u00ebsht\u00eb e qet\u00eb, megjithat\u00eb mbetet e brisht\u00eb. Ulutas tha se pas rritjes s\u00eb tensioneve n\u00eb vitin e kaluar n\u00eb veri t\u00eb Kosov\u00ebs, NATO ka d\u00ebrguar qindra trupa shtes\u00eb, duke kat\u00ebrfishuar pranin\u00eb e KFOR-it dhe trefishuar numrin e patrullimeve. [&hellip;]<\/p>\n","protected":false},"author":5,"featured_media":49304,"comment_status":"closed","ping_status":"closed","sticky":false,"template":"","format":"standard","meta":{"_monsterinsights_skip_tracking":false,"_monsterinsights_sitenote_active":false,"_monsterinsights_sitenote_note":"","_monsterinsights_sitenote_category":0,"_uf_show_specific_survey":0,"_uf_disable_surveys":false,"footnotes":""},"categories":[2645],"tags":[],"yoast_head":"<!-- This site is optimized with the Yoast SEO plugin v21.5 - https:\/\/yoast.com\/wordpress\/plugins\/seo\/ -->\n<title>Komandanti i KFOR-it: Situata n\u00eb veri e brisht\u00eb, jemi t\u00eb gatsh\u00ebm t\u2019i p\u00ebrgjigjemi sfidave<\/title>\n<meta name=\"robots\" content=\"index, follow, max-snippet:-1, max-image-preview:large, max-video-preview:-1\" \/>\n<link rel=\"canonical\" href=\"https:\/\/permbledhja.com\/sq\/komandanti-i-kfor-it-situata-ne-veri-e-brishte-jemi-te-gatshem-ti-pergjigjemi-sfidave\/\" \/>\n<meta property=\"og:locale\" content=\"sq_AL\" \/>\n<meta property=\"og:type\" content=\"article\" \/>\n<meta property=\"og:title\" content=\"Komandanti i KFOR-it: Situata n\u00eb veri e brisht\u00eb, jemi t\u00eb gatsh\u00ebm t\u2019i p\u00ebrgjigjemi sfidave\" \/>\n<meta property=\"og:description\" content=\"Komandanti i KFOR-it, gjeneralmajor Ozkan Ulutas, ka deklaruar se situata n\u00eb veri t\u00eb Kosov\u00ebs ndon\u00ebse n\u00eb p\u00ebrgjith\u00ebsi \u00ebsht\u00eb e qet\u00eb, megjithat\u00eb mbetet e brisht\u00eb. Ulutas tha se pas rritjes s\u00eb tensioneve n\u00eb vitin e kaluar n\u00eb veri t\u00eb Kosov\u00ebs, NATO ka d\u00ebrguar qindra trupa shtes\u00eb, duke kat\u00ebrfishuar pranin\u00eb e KFOR-it dhe trefishuar numrin e patrullimeve. [&hellip;]\" \/>\n<meta property=\"og:url\" content=\"https:\/\/permbledhja.com\/sq\/komandanti-i-kfor-it-situata-ne-veri-e-brishte-jemi-te-gatshem-ti-pergjigjemi-sfidave\/\" \/>\n<meta property=\"og:site_name\" content=\"Ve\u00e7 artikuj p\u00ebrmbledh\u00ebs\" \/>\n<meta property=\"article:publisher\" content=\"https:\/\/www.facebook.com\/press07\/\" \/>\n<meta property=\"article:published_time\" content=\"2024-02-20T18:43:13+00:00\" \/>\n<meta property=\"og:image\" content=\"https:\/\/permbledhja.com\/wp-content\/uploads\/2024\/02\/Screenshot_20240220-194052_Facebook.jpg\" \/>\n\t<meta property=\"og:image:width\" content=\"967\" \/>\n\t<meta property=\"og:image:height\" content=\"578\" \/>\n\t<meta property=\"og:image:type\" content=\"image\/jpeg\" \/>\n<meta name=\"author\" content=\"DL\" \/>\n<meta name=\"twitter:card\" content=\"summary_large_image\" \/>\n<meta name=\"twitter:label1\" content=\"Written by\" \/>\n\t<meta name=\"twitter:data1\" content=\"DL\" \/>\n\t<meta name=\"twitter:label2\" content=\"Est. reading time\" \/>\n\t<meta name=\"twitter:data2\" content=\"2 minuta\" \/>\n<script type=\"application\/ld+json\" class=\"yoast-schema-graph\">{\"@context\":\"https:\/\/schema.org\",\"@graph\":[{\"@type\":\"Article\",\"@id\":\"https:\/\/permbledhja.com\/komandanti-i-kfor-it-situata-ne-veri-e-brishte-jemi-te-gatshem-ti-pergjigjemi-sfidave\/#article\",\"isPartOf\":{\"@id\":\"https:\/\/permbledhja.com\/komandanti-i-kfor-it-situata-ne-veri-e-brishte-jemi-te-gatshem-ti-pergjigjemi-sfidave\/\"},\"author\":{\"name\":\"DL\",\"@id\":\"https:\/\/permbledhja.com\/#\/schema\/person\/9c54260cbc4c6f792cb100550491638c\"},\"headline\":\"Komandanti i KFOR-it: Situata n\u00eb veri e brisht\u00eb, jemi t\u00eb gatsh\u00ebm t\u2019i p\u00ebrgjigjemi sfidave\",\"datePublished\":\"2024-02-20T18:43:13+00:00\",\"dateModified\":\"2024-02-20T18:43:13+00:00\",\"mainEntityOfPage\":{\"@id\":\"https:\/\/permbledhja.com\/komandanti-i-kfor-it-situata-ne-veri-e-brishte-jemi-te-gatshem-ti-pergjigjemi-sfidave\/\"},\"wordCount\":354,\"publisher\":{\"@id\":\"https:\/\/permbledhja.com\/#organization\"},\"articleSection\":[\"T\u00eb r\u00ebnd\u00ebsishme\"],\"inLanguage\":\"sq\"},{\"@type\":\"WebPage\",\"@id\":\"https:\/\/permbledhja.com\/komandanti-i-kfor-it-situata-ne-veri-e-brishte-jemi-te-gatshem-ti-pergjigjemi-sfidave\/\",\"url\":\"https:\/\/permbledhja.com\/komandanti-i-kfor-it-situata-ne-veri-e-brishte-jemi-te-gatshem-ti-pergjigjemi-sfidave\/\",\"name\":\"Komandanti i KFOR-it: Situata n\u00eb veri e brisht\u00eb, jemi t\u00eb gatsh\u00ebm t\u2019i p\u00ebrgjigjemi sfidave\",\"isPartOf\":{\"@id\":\"https:\/\/permbledhja.com\/#website\"},\"datePublished\":\"2024-02-20T18:43:13+00:00\",\"dateModified\":\"2024-02-20T18:43:13+00:00\",\"breadcrumb\":{\"@id\":\"https:\/\/permbledhja.com\/komandanti-i-kfor-it-situata-ne-veri-e-brishte-jemi-te-gatshem-ti-pergjigjemi-sfidave\/#breadcrumb\"},\"inLanguage\":\"sq\",\"potentialAction\":[{\"@type\":\"ReadAction\",\"target\":[\"https:\/\/permbledhja.com\/komandanti-i-kfor-it-situata-ne-veri-e-brishte-jemi-te-gatshem-ti-pergjigjemi-sfidave\/\"]}]},{\"@type\":\"BreadcrumbList\",\"@id\":\"https:\/\/permbledhja.com\/komandanti-i-kfor-it-situata-ne-veri-e-brishte-jemi-te-gatshem-ti-pergjigjemi-sfidave\/#breadcrumb\",\"itemListElement\":[{\"@type\":\"ListItem\",\"position\":1,\"name\":\"Ballina\",\"item\":\"https:\/\/permbledhja.com\/sq\/\"},{\"@type\":\"ListItem\",\"position\":2,\"name\":\"Komandanti i KFOR-it: Situata n\u00eb veri e brisht\u00eb, jemi t\u00eb gatsh\u00ebm t\u2019i p\u00ebrgjigjemi sfidave\"}]},{\"@type\":\"WebSite\",\"@id\":\"https:\/\/permbledhja.com\/#website\",\"url\":\"https:\/\/permbledhja.com\/\",\"name\":\"Ve\u00e7 artikuj p\u00ebrmbledh\u00ebs\",\"description\":\"\",\"publisher\":{\"@id\":\"https:\/\/permbledhja.com\/#organization\"},\"potentialAction\":[{\"@type\":\"SearchAction\",\"target\":{\"@type\":\"EntryPoint\",\"urlTemplate\":\"https:\/\/permbledhja.com\/?s={search_term_string}\"},\"query-input\":\"required name=search_term_string\"}],\"inLanguage\":\"sq\"},{\"@type\":\"Organization\",\"@id\":\"https:\/\/permbledhja.com\/#organization\",\"name\":\"MK Media & Pr\",\"url\":\"https:\/\/permbledhja.com\/\",\"logo\":{\"@type\":\"ImageObject\",\"inLanguage\":\"sq\",\"@id\":\"https:\/\/permbledhja.com\/#\/schema\/logo\/image\/\",\"url\":\"https:\/\/permbledhja.com\/wp-content\/uploads\/2021\/12\/07-Press-Logo.jpg\",\"contentUrl\":\"https:\/\/permbledhja.com\/wp-content\/uploads\/2021\/12\/07-Press-Logo.jpg\",\"width\":512,\"height\":512,\"caption\":\"MK Media & Pr\"},\"image\":{\"@id\":\"https:\/\/permbledhja.com\/#\/schema\/logo\/image\/\"},\"sameAs\":[\"https:\/\/www.facebook.com\/press07\/\"]},{\"@type\":\"Person\",\"@id\":\"https:\/\/permbledhja.com\/#\/schema\/person\/9c54260cbc4c6f792cb100550491638c\",\"name\":\"DL\",\"image\":{\"@type\":\"ImageObject\",\"inLanguage\":\"sq\",\"@id\":\"https:\/\/permbledhja.com\/#\/schema\/person\/image\/\",\"url\":\"https:\/\/secure.gravatar.com\/avatar\/94503eb28d4c4b2005a5c8753e35fc80?s=96&d=mm&r=g\",\"contentUrl\":\"https:\/\/secure.gravatar.com\/avatar\/94503eb28d4c4b2005a5c8753e35fc80?s=96&d=mm&r=g\",\"caption\":\"DL\"},\"url\":\"https:\/\/permbledhja.com\/sq\/author\/dl\/\"}]}<\/script>\n<!-- \/ Yoast SEO plugin. -->","yoast_head_json":{"title":"Komandanti i KFOR-it: Situata n\u00eb veri e brisht\u00eb, jemi t\u00eb gatsh\u00ebm t\u2019i p\u00ebrgjigjemi sfidave","robots":{"index":"index","follow":"follow","max-snippet":"max-snippet:-1","max-image-preview":"max-image-preview:large","max-video-preview":"max-video-preview:-1"},"canonical":"https:\/\/permbledhja.com\/sq\/komandanti-i-kfor-it-situata-ne-veri-e-brishte-jemi-te-gatshem-ti-pergjigjemi-sfidave\/","og_locale":"sq_AL","og_type":"article","og_title":"Komandanti i KFOR-it: Situata n\u00eb veri e brisht\u00eb, jemi t\u00eb gatsh\u00ebm t\u2019i p\u00ebrgjigjemi sfidave","og_description":"Komandanti i KFOR-it, gjeneralmajor Ozkan Ulutas, ka deklaruar se situata n\u00eb veri t\u00eb Kosov\u00ebs ndon\u00ebse n\u00eb p\u00ebrgjith\u00ebsi \u00ebsht\u00eb e qet\u00eb, megjithat\u00eb mbetet e brisht\u00eb. Ulutas tha se pas rritjes s\u00eb tensioneve n\u00eb vitin e kaluar n\u00eb veri t\u00eb Kosov\u00ebs, NATO ka d\u00ebrguar qindra trupa shtes\u00eb, duke kat\u00ebrfishuar pranin\u00eb e KFOR-it dhe trefishuar numrin e patrullimeve. [&hellip;]","og_url":"https:\/\/permbledhja.com\/sq\/komandanti-i-kfor-it-situata-ne-veri-e-brishte-jemi-te-gatshem-ti-pergjigjemi-sfidave\/","og_site_name":"Ve\u00e7 artikuj p\u00ebrmbledh\u00ebs","article_publisher":"https:\/\/www.facebook.com\/press07\/","article_published_time":"2024-02-20T18:43:13+00:00","og_image":[{"width":967,"height":578,"url":"https:\/\/permbledhja.com\/wp-content\/uploads\/2024\/02\/Screenshot_20240220-194052_Facebook.jpg","type":"image\/jpeg"}],"author":"DL","twitter_card":"summary_large_image","twitter_misc":{"Written by":"DL","Est. reading time":"2 minuta"},"schema":{"@context":"https:\/\/schema.org","@graph":[{"@type":"Article","@id":"https:\/\/permbledhja.com\/komandanti-i-kfor-it-situata-ne-veri-e-brishte-jemi-te-gatshem-ti-pergjigjemi-sfidave\/#article","isPartOf":{"@id":"https:\/\/permbledhja.com\/komandanti-i-kfor-it-situata-ne-veri-e-brishte-jemi-te-gatshem-ti-pergjigjemi-sfidave\/"},"author":{"name":"DL","@id":"https:\/\/permbledhja.com\/#\/schema\/person\/9c54260cbc4c6f792cb100550491638c"},"headline":"Komandanti i KFOR-it: Situata n\u00eb veri e brisht\u00eb, jemi t\u00eb gatsh\u00ebm t\u2019i p\u00ebrgjigjemi sfidave","datePublished":"2024-02-20T18:43:13+00:00","dateModified":"2024-02-20T18:43:13+00:00","mainEntityOfPage":{"@id":"https:\/\/permbledhja.com\/komandanti-i-kfor-it-situata-ne-veri-e-brishte-jemi-te-gatshem-ti-pergjigjemi-sfidave\/"},"wordCount":354,"publisher":{"@id":"https:\/\/permbledhja.com\/#organization"},"articleSection":["T\u00eb r\u00ebnd\u00ebsishme"],"inLanguage":"sq"},{"@type":"WebPage","@id":"https:\/\/permbledhja.com\/komandanti-i-kfor-it-situata-ne-veri-e-brishte-jemi-te-gatshem-ti-pergjigjemi-sfidave\/","url":"https:\/\/permbledhja.com\/komandanti-i-kfor-it-situata-ne-veri-e-brishte-jemi-te-gatshem-ti-pergjigjemi-sfidave\/","name":"Komandanti i KFOR-it: Situata n\u00eb veri e brisht\u00eb, jemi t\u00eb gatsh\u00ebm t\u2019i p\u00ebrgjigjemi sfidave","isPartOf":{"@id":"https:\/\/permbledhja.com\/#website"},"datePublished":"2024-02-20T18:43:13+00:00","dateModified":"2024-02-20T18:43:13+00:00","breadcrumb":{"@id":"https:\/\/permbledhja.com\/komandanti-i-kfor-it-situata-ne-veri-e-brishte-jemi-te-gatshem-ti-pergjigjemi-sfidave\/#breadcrumb"},"inLanguage":"sq","potentialAction":[{"@type":"ReadAction","target":["https:\/\/permbledhja.com\/komandanti-i-kfor-it-situata-ne-veri-e-brishte-jemi-te-gatshem-ti-pergjigjemi-sfidave\/"]}]},{"@type":"BreadcrumbList","@id":"https:\/\/permbledhja.com\/komandanti-i-kfor-it-situata-ne-veri-e-brishte-jemi-te-gatshem-ti-pergjigjemi-sfidave\/#breadcrumb","itemListElement":[{"@type":"ListItem","position":1,"name":"Ballina","item":"https:\/\/permbledhja.com\/sq\/"},{"@type":"ListItem","position":2,"name":"Komandanti i KFOR-it: Situata n\u00eb veri e brisht\u00eb, jemi t\u00eb gatsh\u00ebm t\u2019i p\u00ebrgjigjemi sfidave"}]},{"@type":"WebSite","@id":"https:\/\/permbledhja.com\/#website","url":"https:\/\/permbledhja.com\/","name":"Ve\u00e7 artikuj p\u00ebrmbledh\u00ebs","description":"","publisher":{"@id":"https:\/\/permbledhja.com\/#organization"},"potentialAction":[{"@type":"SearchAction","target":{"@type":"EntryPoint","urlTemplate":"https:\/\/permbledhja.com\/?s={search_term_string}"},"query-input":"required name=search_term_string"}],"inLanguage":"sq"},{"@type":"Organization","@id":"https:\/\/permbledhja.com\/#organization","name":"MK Media & Pr","url":"https:\/\/permbledhja.com\/","logo":{"@type":"ImageObject","inLanguage":"sq","@id":"https:\/\/permbledhja.com\/#\/schema\/logo\/image\/","url":"https:\/\/permbledhja.com\/wp-content\/uploads\/2021\/12\/07-Press-Logo.jpg","contentUrl":"https:\/\/permbledhja.com\/wp-content\/uploads\/2021\/12\/07-Press-Logo.jpg","width":512,"height":512,"caption":"MK Media & Pr"},"image":{"@id":"https:\/\/permbledhja.com\/#\/schema\/logo\/image\/"},"sameAs":["https:\/\/www.facebook.com\/press07\/"]},{"@type":"Person","@id":"https:\/\/permbledhja.com\/#\/schema\/person\/9c54260cbc4c6f792cb100550491638c","name":"DL","image":{"@type":"ImageObject","inLanguage":"sq","@id":"https:\/\/permbledhja.com\/#\/schema\/person\/image\/","url":"https:\/\/secure.gravatar.com\/avatar\/94503eb28d4c4b2005a5c8753e35fc80?s=96&d=mm&r=g","contentUrl":"https:\/\/secure.gravatar.com\/avatar\/94503eb28d4c4b2005a5c8753e35fc80?s=96&d=mm&r=g","caption":"DL"},"url":"https:\/\/permbledhja.com\/sq\/author\/dl\/"}]}},"_links":{"self":[{"href":"https:\/\/permbledhja.com\/sq\/wp-json\/wp\/v2\/posts\/49302"}],"collection":[{"href":"https:\/\/permbledhja.com\/sq\/wp-json\/wp\/v2\/posts"}],"about":[{"href":"https:\/\/permbledhja.com\/sq\/wp-json\/wp\/v2\/types\/post"}],"author":[{"embeddable":true,"href":"https:\/\/permbledhja.com\/sq\/wp-json\/wp\/v2\/users\/5"}],"replies":[{"embeddable":true,"href":"https:\/\/permbledhja.com\/sq\/wp-json\/wp\/v2\/comments?post=49302"}],"version-history":[{"count":1,"href":"https:\/\/permbledhja.com\/sq\/wp-json\/wp\/v2\/posts\/49302\/revisions"}],"predecessor-version":[{"id":49305,"href":"https:\/\/permbledhja.com\/sq\/wp-json\/wp\/v2\/posts\/49302\/revisions\/49305"}],"wp:featuredmedia":[{"embeddable":true,"href":"https:\/\/permbledhja.com\/sq\/wp-json\/wp\/v2\/media\/49304"}],"wp:attachment":[{"href":"https:\/\/permbledhja.com\/sq\/wp-json\/wp\/v2\/media?parent=49302"}],"wp:term":[{"taxonomy":"category","embeddable":true,"href":"https:\/\/permbledhja.com\/sq\/wp-json\/wp\/v2\/categories?post=49302"},{"taxonomy":"post_tag","embeddable":true,"href":"https:\/\/permbledhja.com\/sq\/wp-json\/wp\/v2\/tags?post=49302"}],"curies":[{"name":"wp","href":"https:\/\/api.w.org\/{rel}","templated":true}]}}