{"id":49296,"date":"2024-02-20T18:01:32","date_gmt":"2024-02-20T18:01:32","guid":{"rendered":"https:\/\/permbledhja.com\/?p=49296"},"modified":"2024-02-20T18:01:32","modified_gmt":"2024-02-20T18:01:32","slug":"stano-per-deklaratat-e-bislimit-eskalim-deeskalim-skomentojme-gjithcka-qe-thote-dikush-ne-kosove","status":"publish","type":"post","link":"https:\/\/permbledhja.com\/sq\/stano-per-deklaratat-e-bislimit-eskalim-deeskalim-skomentojme-gjithcka-qe-thote-dikush-ne-kosove\/","title":{"rendered":"Stano p\u00ebr deklaratat e Bislimit \u201ceskalim-deeskalim\u201d: S\u2019komentojm\u00eb gjith\u00e7ka q\u00eb thot\u00eb dikush n\u00eb Kosov\u00eb"},"content":{"rendered":"<h3>Numri dy i qeveris\u00eb s\u00eb Kosov\u00ebs dhe njeriu q\u00eb ka mbi shpin\u00eb barr\u00ebn e negociatave t\u00eb Brukselit, Besnik Bislimi, n\u00eb vazhdim\u00ebsi \u00ebsht\u00eb duke k\u00ebrkuar q\u00eb Bashkimi Evropian t\u2019ia heq masat Kosov\u00ebs meq\u00eb kushtet p\u00ebr de-eskalim sipas tij jan\u00eb p\u00ebrmbushur.<\/h3>\n<p>N\u00eb nj\u00eb intervist\u00eb p\u00ebr KTV, Bislimi ka th\u00ebn\u00eb se BE-ja s\u2019duhet ta detyroj\u00eb Kosov\u00ebn q\u00eb ta eskaloj\u00eb p\u00ebrs\u00ebri situat\u00ebn p\u00ebr t\u00eb treguar q\u00eb situata n\u00eb Veri t\u00eb vendit ka de-eskaluar. Por BE-ja n\u00eb vazhdim\u00ebsi ka qen\u00eb e qart\u00eb q\u00eb masat p\u00ebr de-eskalim s\u2019jan\u00eb p\u00ebrmbushur ende, sa her\u00eb q\u00eb Kosova ka k\u00ebrkuar heqjen e masave.<\/p>\n<p>Lidhur me k\u00ebt\u00eb deklarat\u00eb t\u00eb kryenegociatorit kosovar, Besnik Bislimi, n\u00eb nj\u00eb p\u00ebrgjigje ekskluzive p\u00ebr Gazet\u00ebn Express ka folur z\u00ebdh\u00ebn\u00ebsi i Bashkimit Evropian, Peter Stano.<\/p>\n<p>Stano ka th\u00ebn\u00eb se Brukseli zyrtar nuk e ndjen t\u00eb nevojshme q\u00eb t\u00eb komentoj\u00eb \u201cgjith\u00e7ka q\u00eb dikush thot\u00eb n\u00eb Kosov\u00eb\u201d.<\/p>\n<p>Z\u00ebdh\u00ebn\u00ebsi i BE-s\u00eb tutje ka th\u00ebn\u00eb se pritjet e BE-s\u00eb nga Kosova jan\u00eb formuluar n\u00eb m\u00ebnyr\u00eb t\u00eb qart\u00eb n\u00eb nj\u00eb num\u00ebr konkluzionesh t\u00eb K\u00ebshillit t\u00eb Bashkimit Evropian dhe n\u00eb K\u00ebshillin e \u00c7\u00ebshtjeve t\u00eb P\u00ebrgjithshme n\u00eb kuad\u00ebr t\u00eb K\u00ebshillit t\u00eb BE-s\u00eb.<\/p>\n<p>Stano ka th\u00ebn\u00eb se BE-ja pret nga partner\u00ebt e saj q\u00eb aspirojn\u00eb t\u00eb an\u00ebtar\u00ebsohen n\u00eb BE q\u00eb nj\u00eb dit\u00eb t\u00eb sillen dhe t\u00eb veprojn\u00eb n\u00eb m\u00ebnyr\u00eb evropian\u00eb dhe n\u00eb linj\u00eb me pritjet. Ndryshe, thot\u00eb Stano, ata q\u00eb nuk e b\u00ebjn\u00eb nj\u00eb gj\u00eb t\u00eb till\u00eb vet\u00ebm do t\u00eb izolohen edhe m\u00eb shum\u00eb dhe rrezikojn\u00eb devijimin nga rruga p\u00ebr BE.<\/p>\n<p>\u201cNuk ndjejm\u00eb nevoj\u00eb t\u00eb komentojm\u00eb gjith\u00e7ka q\u00eb thot\u00eb dikush n\u00eb Kosov\u00eb. Pritjet e BE-s\u00eb nga autoritetet e Kosov\u00ebs ishin formuluar shum\u00eb qart\u00eb n\u00eb nj\u00eb num\u00ebr konkluzionesh t\u00eb K\u00ebshillit Evropian dhe konkluzioneve t\u00eb GAC. Ne presim nga partner\u00ebt q\u00eb aspirojn\u00eb t\u00eb an\u00ebtar\u00ebsohen n\u00eb BE nj\u00eb dit\u00eb t\u00eb sillen dhe t\u00eb veprojn\u00eb n\u00eb m\u00ebnyr\u00eb evropiane n\u00eb p\u00ebrputhje me k\u00ebto pritshm\u00ebri. P\u00ebrndryshe ata vet\u00ebm do t\u00eb izolohen edhe m\u00eb shum\u00eb dhe do t\u00eb rrezikojn\u00eb nj\u00eb dalje nga binar\u00ebt nga rruga drejt BE-s\u00eb.\u201d, ka th\u00ebn\u00eb Peter Stano p\u00ebr Gazet\u00ebn Express.<\/p>\n<p>&nbsp;<\/p>\n","protected":false},"excerpt":{"rendered":"<p>Numri dy i qeveris\u00eb s\u00eb Kosov\u00ebs dhe njeriu q\u00eb ka mbi shpin\u00eb barr\u00ebn e negociatave t\u00eb Brukselit, Besnik Bislimi, n\u00eb vazhdim\u00ebsi \u00ebsht\u00eb duke k\u00ebrkuar q\u00eb Bashkimi Evropian t\u2019ia heq masat Kosov\u00ebs meq\u00eb kushtet p\u00ebr de-eskalim sipas tij jan\u00eb p\u00ebrmbushur. N\u00eb nj\u00eb intervist\u00eb p\u00ebr KTV, Bislimi ka th\u00ebn\u00eb se BE-ja s\u2019duhet ta detyroj\u00eb Kosov\u00ebn q\u00eb ta [&hellip;]<\/p>\n","protected":false},"author":5,"featured_media":49297,"comment_status":"closed","ping_status":"closed","sticky":false,"template":"","format":"standard","meta":{"_monsterinsights_skip_tracking":false,"_monsterinsights_sitenote_active":false,"_monsterinsights_sitenote_note":"","_monsterinsights_sitenote_category":0,"_uf_show_specific_survey":0,"_uf_disable_surveys":false,"footnotes":""},"categories":[1146],"tags":[],"yoast_head":"<!-- This site is optimized with the Yoast SEO plugin v21.5 - https:\/\/yoast.com\/wordpress\/plugins\/seo\/ -->\n<title>Stano p\u00ebr deklaratat e Bislimit \u201ceskalim-deeskalim\u201d: S\u2019komentojm\u00eb gjith\u00e7ka q\u00eb thot\u00eb dikush n\u00eb Kosov\u00eb<\/title>\n<meta name=\"robots\" content=\"index, follow, max-snippet:-1, max-image-preview:large, max-video-preview:-1\" \/>\n<link rel=\"canonical\" href=\"https:\/\/permbledhja.com\/sq\/stano-per-deklaratat-e-bislimit-eskalim-deeskalim-skomentojme-gjithcka-qe-thote-dikush-ne-kosove\/\" \/>\n<meta property=\"og:locale\" content=\"sq_AL\" \/>\n<meta property=\"og:type\" content=\"article\" \/>\n<meta property=\"og:title\" content=\"Stano p\u00ebr deklaratat e Bislimit \u201ceskalim-deeskalim\u201d: S\u2019komentojm\u00eb gjith\u00e7ka q\u00eb thot\u00eb dikush n\u00eb Kosov\u00eb\" \/>\n<meta property=\"og:description\" content=\"Numri dy i qeveris\u00eb s\u00eb Kosov\u00ebs dhe njeriu q\u00eb ka mbi shpin\u00eb barr\u00ebn e negociatave t\u00eb Brukselit, Besnik Bislimi, n\u00eb vazhdim\u00ebsi \u00ebsht\u00eb duke k\u00ebrkuar q\u00eb Bashkimi Evropian t\u2019ia heq masat Kosov\u00ebs meq\u00eb kushtet p\u00ebr de-eskalim sipas tij jan\u00eb p\u00ebrmbushur. N\u00eb nj\u00eb intervist\u00eb p\u00ebr KTV, Bislimi ka th\u00ebn\u00eb se BE-ja s\u2019duhet ta detyroj\u00eb Kosov\u00ebn q\u00eb ta [&hellip;]\" \/>\n<meta property=\"og:url\" content=\"https:\/\/permbledhja.com\/sq\/stano-per-deklaratat-e-bislimit-eskalim-deeskalim-skomentojme-gjithcka-qe-thote-dikush-ne-kosove\/\" \/>\n<meta property=\"og:site_name\" content=\"Ve\u00e7 artikuj p\u00ebrmbledh\u00ebs\" \/>\n<meta property=\"article:publisher\" content=\"https:\/\/www.facebook.com\/press07\/\" \/>\n<meta property=\"article:published_time\" content=\"2024-02-20T18:01:32+00:00\" \/>\n<meta property=\"og:image\" content=\"https:\/\/permbledhja.com\/wp-content\/uploads\/2024\/02\/st-e1708451918815.png\" \/>\n\t<meta property=\"og:image:width\" content=\"600\" \/>\n\t<meta property=\"og:image:height\" content=\"303\" \/>\n\t<meta property=\"og:image:type\" content=\"image\/png\" \/>\n<meta name=\"author\" content=\"DL\" \/>\n<meta name=\"twitter:card\" content=\"summary_large_image\" \/>\n<meta name=\"twitter:label1\" content=\"Written by\" \/>\n\t<meta name=\"twitter:data1\" content=\"DL\" \/>\n\t<meta name=\"twitter:label2\" content=\"Est. reading time\" \/>\n\t<meta name=\"twitter:data2\" content=\"2 minuta\" \/>\n<script type=\"application\/ld+json\" class=\"yoast-schema-graph\">{\"@context\":\"https:\/\/schema.org\",\"@graph\":[{\"@type\":\"Article\",\"@id\":\"https:\/\/permbledhja.com\/sq\/stano-per-deklaratat-e-bislimit-eskalim-deeskalim-skomentojme-gjithcka-qe-thote-dikush-ne-kosove\/#article\",\"isPartOf\":{\"@id\":\"https:\/\/permbledhja.com\/sq\/stano-per-deklaratat-e-bislimit-eskalim-deeskalim-skomentojme-gjithcka-qe-thote-dikush-ne-kosove\/\"},\"author\":{\"name\":\"DL\",\"@id\":\"https:\/\/permbledhja.com\/#\/schema\/person\/9c54260cbc4c6f792cb100550491638c\"},\"headline\":\"Stano p\u00ebr deklaratat e Bislimit \u201ceskalim-deeskalim\u201d: S\u2019komentojm\u00eb gjith\u00e7ka q\u00eb thot\u00eb dikush n\u00eb Kosov\u00eb\",\"datePublished\":\"2024-02-20T18:01:32+00:00\",\"dateModified\":\"2024-02-20T18:01:32+00:00\",\"mainEntityOfPage\":{\"@id\":\"https:\/\/permbledhja.com\/sq\/stano-per-deklaratat-e-bislimit-eskalim-deeskalim-skomentojme-gjithcka-qe-thote-dikush-ne-kosove\/\"},\"wordCount\":404,\"publisher\":{\"@id\":\"https:\/\/permbledhja.com\/#organization\"},\"articleSection\":[\"Kryesoret\"],\"inLanguage\":\"sq\"},{\"@type\":\"WebPage\",\"@id\":\"https:\/\/permbledhja.com\/sq\/stano-per-deklaratat-e-bislimit-eskalim-deeskalim-skomentojme-gjithcka-qe-thote-dikush-ne-kosove\/\",\"url\":\"https:\/\/permbledhja.com\/sq\/stano-per-deklaratat-e-bislimit-eskalim-deeskalim-skomentojme-gjithcka-qe-thote-dikush-ne-kosove\/\",\"name\":\"Stano p\u00ebr deklaratat e Bislimit \u201ceskalim-deeskalim\u201d: S\u2019komentojm\u00eb gjith\u00e7ka q\u00eb thot\u00eb dikush n\u00eb Kosov\u00eb\",\"isPartOf\":{\"@id\":\"https:\/\/permbledhja.com\/#website\"},\"datePublished\":\"2024-02-20T18:01:32+00:00\",\"dateModified\":\"2024-02-20T18:01:32+00:00\",\"breadcrumb\":{\"@id\":\"https:\/\/permbledhja.com\/sq\/stano-per-deklaratat-e-bislimit-eskalim-deeskalim-skomentojme-gjithcka-qe-thote-dikush-ne-kosove\/#breadcrumb\"},\"inLanguage\":\"sq\",\"potentialAction\":[{\"@type\":\"ReadAction\",\"target\":[\"https:\/\/permbledhja.com\/sq\/stano-per-deklaratat-e-bislimit-eskalim-deeskalim-skomentojme-gjithcka-qe-thote-dikush-ne-kosove\/\"]}]},{\"@type\":\"BreadcrumbList\",\"@id\":\"https:\/\/permbledhja.com\/sq\/stano-per-deklaratat-e-bislimit-eskalim-deeskalim-skomentojme-gjithcka-qe-thote-dikush-ne-kosove\/#breadcrumb\",\"itemListElement\":[{\"@type\":\"ListItem\",\"position\":1,\"name\":\"Ballina\",\"item\":\"https:\/\/permbledhja.com\/sq\/\"},{\"@type\":\"ListItem\",\"position\":2,\"name\":\"Stano p\u00ebr deklaratat e Bislimit \u201ceskalim-deeskalim\u201d: S\u2019komentojm\u00eb gjith\u00e7ka q\u00eb thot\u00eb dikush n\u00eb Kosov\u00eb\"}]},{\"@type\":\"WebSite\",\"@id\":\"https:\/\/permbledhja.com\/#website\",\"url\":\"https:\/\/permbledhja.com\/\",\"name\":\"Ve\u00e7 artikuj p\u00ebrmbledh\u00ebs\",\"description\":\"\",\"publisher\":{\"@id\":\"https:\/\/permbledhja.com\/#organization\"},\"potentialAction\":[{\"@type\":\"SearchAction\",\"target\":{\"@type\":\"EntryPoint\",\"urlTemplate\":\"https:\/\/permbledhja.com\/?s={search_term_string}\"},\"query-input\":\"required name=search_term_string\"}],\"inLanguage\":\"sq\"},{\"@type\":\"Organization\",\"@id\":\"https:\/\/permbledhja.com\/#organization\",\"name\":\"MK Media & Pr\",\"url\":\"https:\/\/permbledhja.com\/\",\"logo\":{\"@type\":\"ImageObject\",\"inLanguage\":\"sq\",\"@id\":\"https:\/\/permbledhja.com\/#\/schema\/logo\/image\/\",\"url\":\"https:\/\/permbledhja.com\/wp-content\/uploads\/2021\/12\/07-Press-Logo.jpg\",\"contentUrl\":\"https:\/\/permbledhja.com\/wp-content\/uploads\/2021\/12\/07-Press-Logo.jpg\",\"width\":512,\"height\":512,\"caption\":\"MK Media & Pr\"},\"image\":{\"@id\":\"https:\/\/permbledhja.com\/#\/schema\/logo\/image\/\"},\"sameAs\":[\"https:\/\/www.facebook.com\/press07\/\"]},{\"@type\":\"Person\",\"@id\":\"https:\/\/permbledhja.com\/#\/schema\/person\/9c54260cbc4c6f792cb100550491638c\",\"name\":\"DL\",\"image\":{\"@type\":\"ImageObject\",\"inLanguage\":\"sq\",\"@id\":\"https:\/\/permbledhja.com\/#\/schema\/person\/image\/\",\"url\":\"https:\/\/secure.gravatar.com\/avatar\/94503eb28d4c4b2005a5c8753e35fc80?s=96&d=mm&r=g\",\"contentUrl\":\"https:\/\/secure.gravatar.com\/avatar\/94503eb28d4c4b2005a5c8753e35fc80?s=96&d=mm&r=g\",\"caption\":\"DL\"},\"url\":\"https:\/\/permbledhja.com\/sq\/author\/dl\/\"}]}<\/script>\n<!-- \/ Yoast SEO plugin. -->","yoast_head_json":{"title":"Stano p\u00ebr deklaratat e Bislimit \u201ceskalim-deeskalim\u201d: S\u2019komentojm\u00eb gjith\u00e7ka q\u00eb thot\u00eb dikush n\u00eb Kosov\u00eb","robots":{"index":"index","follow":"follow","max-snippet":"max-snippet:-1","max-image-preview":"max-image-preview:large","max-video-preview":"max-video-preview:-1"},"canonical":"https:\/\/permbledhja.com\/sq\/stano-per-deklaratat-e-bislimit-eskalim-deeskalim-skomentojme-gjithcka-qe-thote-dikush-ne-kosove\/","og_locale":"sq_AL","og_type":"article","og_title":"Stano p\u00ebr deklaratat e Bislimit \u201ceskalim-deeskalim\u201d: S\u2019komentojm\u00eb gjith\u00e7ka q\u00eb thot\u00eb dikush n\u00eb Kosov\u00eb","og_description":"Numri dy i qeveris\u00eb s\u00eb Kosov\u00ebs dhe njeriu q\u00eb ka mbi shpin\u00eb barr\u00ebn e negociatave t\u00eb Brukselit, Besnik Bislimi, n\u00eb vazhdim\u00ebsi \u00ebsht\u00eb duke k\u00ebrkuar q\u00eb Bashkimi Evropian t\u2019ia heq masat Kosov\u00ebs meq\u00eb kushtet p\u00ebr de-eskalim sipas tij jan\u00eb p\u00ebrmbushur. N\u00eb nj\u00eb intervist\u00eb p\u00ebr KTV, Bislimi ka th\u00ebn\u00eb se BE-ja s\u2019duhet ta detyroj\u00eb Kosov\u00ebn q\u00eb ta [&hellip;]","og_url":"https:\/\/permbledhja.com\/sq\/stano-per-deklaratat-e-bislimit-eskalim-deeskalim-skomentojme-gjithcka-qe-thote-dikush-ne-kosove\/","og_site_name":"Ve\u00e7 artikuj p\u00ebrmbledh\u00ebs","article_publisher":"https:\/\/www.facebook.com\/press07\/","article_published_time":"2024-02-20T18:01:32+00:00","og_image":[{"width":600,"height":303,"url":"https:\/\/permbledhja.com\/wp-content\/uploads\/2024\/02\/st-e1708451918815.png","type":"image\/png"}],"author":"DL","twitter_card":"summary_large_image","twitter_misc":{"Written by":"DL","Est. reading time":"2 minuta"},"schema":{"@context":"https:\/\/schema.org","@graph":[{"@type":"Article","@id":"https:\/\/permbledhja.com\/sq\/stano-per-deklaratat-e-bislimit-eskalim-deeskalim-skomentojme-gjithcka-qe-thote-dikush-ne-kosove\/#article","isPartOf":{"@id":"https:\/\/permbledhja.com\/sq\/stano-per-deklaratat-e-bislimit-eskalim-deeskalim-skomentojme-gjithcka-qe-thote-dikush-ne-kosove\/"},"author":{"name":"DL","@id":"https:\/\/permbledhja.com\/#\/schema\/person\/9c54260cbc4c6f792cb100550491638c"},"headline":"Stano p\u00ebr deklaratat e Bislimit \u201ceskalim-deeskalim\u201d: S\u2019komentojm\u00eb gjith\u00e7ka q\u00eb thot\u00eb dikush n\u00eb Kosov\u00eb","datePublished":"2024-02-20T18:01:32+00:00","dateModified":"2024-02-20T18:01:32+00:00","mainEntityOfPage":{"@id":"https:\/\/permbledhja.com\/sq\/stano-per-deklaratat-e-bislimit-eskalim-deeskalim-skomentojme-gjithcka-qe-thote-dikush-ne-kosove\/"},"wordCount":404,"publisher":{"@id":"https:\/\/permbledhja.com\/#organization"},"articleSection":["Kryesoret"],"inLanguage":"sq"},{"@type":"WebPage","@id":"https:\/\/permbledhja.com\/sq\/stano-per-deklaratat-e-bislimit-eskalim-deeskalim-skomentojme-gjithcka-qe-thote-dikush-ne-kosove\/","url":"https:\/\/permbledhja.com\/sq\/stano-per-deklaratat-e-bislimit-eskalim-deeskalim-skomentojme-gjithcka-qe-thote-dikush-ne-kosove\/","name":"Stano p\u00ebr deklaratat e Bislimit \u201ceskalim-deeskalim\u201d: S\u2019komentojm\u00eb gjith\u00e7ka q\u00eb thot\u00eb dikush n\u00eb Kosov\u00eb","isPartOf":{"@id":"https:\/\/permbledhja.com\/#website"},"datePublished":"2024-02-20T18:01:32+00:00","dateModified":"2024-02-20T18:01:32+00:00","breadcrumb":{"@id":"https:\/\/permbledhja.com\/sq\/stano-per-deklaratat-e-bislimit-eskalim-deeskalim-skomentojme-gjithcka-qe-thote-dikush-ne-kosove\/#breadcrumb"},"inLanguage":"sq","potentialAction":[{"@type":"ReadAction","target":["https:\/\/permbledhja.com\/sq\/stano-per-deklaratat-e-bislimit-eskalim-deeskalim-skomentojme-gjithcka-qe-thote-dikush-ne-kosove\/"]}]},{"@type":"BreadcrumbList","@id":"https:\/\/permbledhja.com\/sq\/stano-per-deklaratat-e-bislimit-eskalim-deeskalim-skomentojme-gjithcka-qe-thote-dikush-ne-kosove\/#breadcrumb","itemListElement":[{"@type":"ListItem","position":1,"name":"Ballina","item":"https:\/\/permbledhja.com\/sq\/"},{"@type":"ListItem","position":2,"name":"Stano p\u00ebr deklaratat e Bislimit \u201ceskalim-deeskalim\u201d: S\u2019komentojm\u00eb gjith\u00e7ka q\u00eb thot\u00eb dikush n\u00eb Kosov\u00eb"}]},{"@type":"WebSite","@id":"https:\/\/permbledhja.com\/#website","url":"https:\/\/permbledhja.com\/","name":"Ve\u00e7 artikuj p\u00ebrmbledh\u00ebs","description":"","publisher":{"@id":"https:\/\/permbledhja.com\/#organization"},"potentialAction":[{"@type":"SearchAction","target":{"@type":"EntryPoint","urlTemplate":"https:\/\/permbledhja.com\/?s={search_term_string}"},"query-input":"required name=search_term_string"}],"inLanguage":"sq"},{"@type":"Organization","@id":"https:\/\/permbledhja.com\/#organization","name":"MK Media & Pr","url":"https:\/\/permbledhja.com\/","logo":{"@type":"ImageObject","inLanguage":"sq","@id":"https:\/\/permbledhja.com\/#\/schema\/logo\/image\/","url":"https:\/\/permbledhja.com\/wp-content\/uploads\/2021\/12\/07-Press-Logo.jpg","contentUrl":"https:\/\/permbledhja.com\/wp-content\/uploads\/2021\/12\/07-Press-Logo.jpg","width":512,"height":512,"caption":"MK Media & Pr"},"image":{"@id":"https:\/\/permbledhja.com\/#\/schema\/logo\/image\/"},"sameAs":["https:\/\/www.facebook.com\/press07\/"]},{"@type":"Person","@id":"https:\/\/permbledhja.com\/#\/schema\/person\/9c54260cbc4c6f792cb100550491638c","name":"DL","image":{"@type":"ImageObject","inLanguage":"sq","@id":"https:\/\/permbledhja.com\/#\/schema\/person\/image\/","url":"https:\/\/secure.gravatar.com\/avatar\/94503eb28d4c4b2005a5c8753e35fc80?s=96&d=mm&r=g","contentUrl":"https:\/\/secure.gravatar.com\/avatar\/94503eb28d4c4b2005a5c8753e35fc80?s=96&d=mm&r=g","caption":"DL"},"url":"https:\/\/permbledhja.com\/sq\/author\/dl\/"}]}},"_links":{"self":[{"href":"https:\/\/permbledhja.com\/sq\/wp-json\/wp\/v2\/posts\/49296"}],"collection":[{"href":"https:\/\/permbledhja.com\/sq\/wp-json\/wp\/v2\/posts"}],"about":[{"href":"https:\/\/permbledhja.com\/sq\/wp-json\/wp\/v2\/types\/post"}],"author":[{"embeddable":true,"href":"https:\/\/permbledhja.com\/sq\/wp-json\/wp\/v2\/users\/5"}],"replies":[{"embeddable":true,"href":"https:\/\/permbledhja.com\/sq\/wp-json\/wp\/v2\/comments?post=49296"}],"version-history":[{"count":1,"href":"https:\/\/permbledhja.com\/sq\/wp-json\/wp\/v2\/posts\/49296\/revisions"}],"predecessor-version":[{"id":49298,"href":"https:\/\/permbledhja.com\/sq\/wp-json\/wp\/v2\/posts\/49296\/revisions\/49298"}],"wp:featuredmedia":[{"embeddable":true,"href":"https:\/\/permbledhja.com\/sq\/wp-json\/wp\/v2\/media\/49297"}],"wp:attachment":[{"href":"https:\/\/permbledhja.com\/sq\/wp-json\/wp\/v2\/media?parent=49296"}],"wp:term":[{"taxonomy":"category","embeddable":true,"href":"https:\/\/permbledhja.com\/sq\/wp-json\/wp\/v2\/categories?post=49296"},{"taxonomy":"post_tag","embeddable":true,"href":"https:\/\/permbledhja.com\/sq\/wp-json\/wp\/v2\/tags?post=49296"}],"curies":[{"name":"wp","href":"https:\/\/api.w.org\/{rel}","templated":true}]}}