{"id":49294,"date":"2024-02-20T17:49:12","date_gmt":"2024-02-20T17:49:12","guid":{"rendered":"https:\/\/permbledhja.com\/?p=49294"},"modified":"2024-02-20T17:49:12","modified_gmt":"2024-02-20T17:49:12","slug":"zemaj-cmimet-po-rriten-cdo-dite-e-qytetaret-po-varferohen-qeveria-e-ka-braktisur-popullin","status":"publish","type":"post","link":"https:\/\/permbledhja.com\/sq\/zemaj-cmimet-po-rriten-cdo-dite-e-qytetaret-po-varferohen-qeveria-e-ka-braktisur-popullin\/","title":{"rendered":"Zemaj: \u00c7mimet po rriten \u00e7do dit\u00eb e qytetar\u00ebt po varf\u00ebrohen \u2013 Qeveria e ka braktisur popullin"},"content":{"rendered":"<h3>Deputeti i Lidhjes Demokratike t\u00eb Kosov\u00ebs (LDK), Armend Zemaj, ka akuzuar Qeverin\u00eb se po e braktis\u00eb popullin.<\/h3>\n<p>Sipas Zemajt, po rriten \u00e7mimet e produkteve ushqimore, gjersa \u00e7do dit\u00eb po pak\u00ebsohet shporta e konsumatorit.<\/p>\n<p>\u201cRritja e indeksit t\u00eb \u00e7mimeve nuk ka t\u00eb ndalur, e pushteti nuk merr asnj\u00eb mas\u00eb, nuk vepron as Autoriteti i Konkurrenc\u00ebs\u201d, tha Zemaj me an\u00eb t\u00eb nj\u00eb postimi n\u00eb llogarin\u00eb e tij n\u00eb Facebook.<\/p>\n<p>\u201cMbi gjysma e familjeve n\u00eb Kosov\u00eb as q\u00eb po munden me p\u00ebrballu shpenzimet ditore\u201d, shtoi ai.<\/p>\n","protected":false},"excerpt":{"rendered":"<p>Deputeti i Lidhjes Demokratike t\u00eb Kosov\u00ebs (LDK), Armend Zemaj, ka akuzuar Qeverin\u00eb se po e braktis\u00eb popullin. Sipas Zemajt, po rriten \u00e7mimet e produkteve ushqimore, gjersa \u00e7do dit\u00eb po pak\u00ebsohet shporta e konsumatorit. \u201cRritja e indeksit t\u00eb \u00e7mimeve nuk ka t\u00eb ndalur, e pushteti nuk merr asnj\u00eb mas\u00eb, nuk vepron as Autoriteti i Konkurrenc\u00ebs\u201d, tha [&hellip;]<\/p>\n","protected":false},"author":5,"featured_media":18541,"comment_status":"closed","ping_status":"closed","sticky":false,"template":"","format":"standard","meta":{"_monsterinsights_skip_tracking":false,"_monsterinsights_sitenote_active":false,"_monsterinsights_sitenote_note":"","_monsterinsights_sitenote_category":0,"_uf_show_specific_survey":0,"_uf_disable_surveys":false,"footnotes":""},"categories":[15],"tags":[],"yoast_head":"<!-- This site is optimized with the Yoast SEO plugin v21.5 - https:\/\/yoast.com\/wordpress\/plugins\/seo\/ -->\n<title>Zemaj: \u00c7mimet po rriten \u00e7do dit\u00eb e qytetar\u00ebt po varf\u00ebrohen \u2013 Qeveria e ka braktisur popullin<\/title>\n<meta name=\"robots\" content=\"index, follow, max-snippet:-1, max-image-preview:large, max-video-preview:-1\" \/>\n<link rel=\"canonical\" href=\"https:\/\/permbledhja.com\/sq\/zemaj-cmimet-po-rriten-cdo-dite-e-qytetaret-po-varferohen-qeveria-e-ka-braktisur-popullin\/\" \/>\n<meta property=\"og:locale\" content=\"sq_AL\" \/>\n<meta property=\"og:type\" content=\"article\" \/>\n<meta property=\"og:title\" content=\"Zemaj: \u00c7mimet po rriten \u00e7do dit\u00eb e qytetar\u00ebt po varf\u00ebrohen \u2013 Qeveria e ka braktisur popullin\" \/>\n<meta property=\"og:description\" content=\"Deputeti i Lidhjes Demokratike t\u00eb Kosov\u00ebs (LDK), Armend Zemaj, ka akuzuar Qeverin\u00eb se po e braktis\u00eb popullin. Sipas Zemajt, po rriten \u00e7mimet e produkteve ushqimore, gjersa \u00e7do dit\u00eb po pak\u00ebsohet shporta e konsumatorit. \u201cRritja e indeksit t\u00eb \u00e7mimeve nuk ka t\u00eb ndalur, e pushteti nuk merr asnj\u00eb mas\u00eb, nuk vepron as Autoriteti i Konkurrenc\u00ebs\u201d, tha [&hellip;]\" \/>\n<meta property=\"og:url\" content=\"https:\/\/permbledhja.com\/sq\/zemaj-cmimet-po-rriten-cdo-dite-e-qytetaret-po-varferohen-qeveria-e-ka-braktisur-popullin\/\" \/>\n<meta property=\"og:site_name\" content=\"Ve\u00e7 artikuj p\u00ebrmbledh\u00ebs\" \/>\n<meta property=\"article:publisher\" content=\"https:\/\/www.facebook.com\/press07\/\" \/>\n<meta property=\"article:published_time\" content=\"2024-02-20T17:49:12+00:00\" \/>\n<meta property=\"og:image\" content=\"https:\/\/permbledhja.com\/wp-content\/uploads\/2023\/07\/zemaj-1024x682-1.jpg\" \/>\n\t<meta property=\"og:image:width\" content=\"1024\" \/>\n\t<meta property=\"og:image:height\" content=\"682\" \/>\n\t<meta property=\"og:image:type\" content=\"image\/jpeg\" \/>\n<meta name=\"author\" content=\"DL\" \/>\n<meta name=\"twitter:card\" content=\"summary_large_image\" \/>\n<meta name=\"twitter:label1\" content=\"Written by\" \/>\n\t<meta name=\"twitter:data1\" content=\"DL\" \/>\n\t<meta name=\"twitter:label2\" content=\"Est. reading time\" \/>\n\t<meta name=\"twitter:data2\" content=\"1 minut\u00eb\" \/>\n<script type=\"application\/ld+json\" class=\"yoast-schema-graph\">{\"@context\":\"https:\/\/schema.org\",\"@graph\":[{\"@type\":\"Article\",\"@id\":\"https:\/\/permbledhja.com\/zemaj-cmimet-po-rriten-cdo-dite-e-qytetaret-po-varferohen-qeveria-e-ka-braktisur-popullin\/#article\",\"isPartOf\":{\"@id\":\"https:\/\/permbledhja.com\/zemaj-cmimet-po-rriten-cdo-dite-e-qytetaret-po-varferohen-qeveria-e-ka-braktisur-popullin\/\"},\"author\":{\"name\":\"DL\",\"@id\":\"https:\/\/permbledhja.com\/#\/schema\/person\/9c54260cbc4c6f792cb100550491638c\"},\"headline\":\"Zemaj: \u00c7mimet po rriten \u00e7do dit\u00eb e qytetar\u00ebt po varf\u00ebrohen \u2013 Qeveria e ka braktisur popullin\",\"datePublished\":\"2024-02-20T17:49:12+00:00\",\"dateModified\":\"2024-02-20T17:49:12+00:00\",\"mainEntityOfPage\":{\"@id\":\"https:\/\/permbledhja.com\/zemaj-cmimet-po-rriten-cdo-dite-e-qytetaret-po-varferohen-qeveria-e-ka-braktisur-popullin\/\"},\"wordCount\":104,\"publisher\":{\"@id\":\"https:\/\/permbledhja.com\/#organization\"},\"articleSection\":[\"Lajme\"],\"inLanguage\":\"sq\"},{\"@type\":\"WebPage\",\"@id\":\"https:\/\/permbledhja.com\/zemaj-cmimet-po-rriten-cdo-dite-e-qytetaret-po-varferohen-qeveria-e-ka-braktisur-popullin\/\",\"url\":\"https:\/\/permbledhja.com\/zemaj-cmimet-po-rriten-cdo-dite-e-qytetaret-po-varferohen-qeveria-e-ka-braktisur-popullin\/\",\"name\":\"Zemaj: \u00c7mimet po rriten \u00e7do dit\u00eb e qytetar\u00ebt po varf\u00ebrohen \u2013 Qeveria e ka braktisur popullin\",\"isPartOf\":{\"@id\":\"https:\/\/permbledhja.com\/#website\"},\"datePublished\":\"2024-02-20T17:49:12+00:00\",\"dateModified\":\"2024-02-20T17:49:12+00:00\",\"breadcrumb\":{\"@id\":\"https:\/\/permbledhja.com\/zemaj-cmimet-po-rriten-cdo-dite-e-qytetaret-po-varferohen-qeveria-e-ka-braktisur-popullin\/#breadcrumb\"},\"inLanguage\":\"sq\",\"potentialAction\":[{\"@type\":\"ReadAction\",\"target\":[\"https:\/\/permbledhja.com\/zemaj-cmimet-po-rriten-cdo-dite-e-qytetaret-po-varferohen-qeveria-e-ka-braktisur-popullin\/\"]}]},{\"@type\":\"BreadcrumbList\",\"@id\":\"https:\/\/permbledhja.com\/zemaj-cmimet-po-rriten-cdo-dite-e-qytetaret-po-varferohen-qeveria-e-ka-braktisur-popullin\/#breadcrumb\",\"itemListElement\":[{\"@type\":\"ListItem\",\"position\":1,\"name\":\"Ballina\",\"item\":\"https:\/\/permbledhja.com\/sq\/\"},{\"@type\":\"ListItem\",\"position\":2,\"name\":\"Zemaj: \u00c7mimet po rriten \u00e7do dit\u00eb e qytetar\u00ebt po varf\u00ebrohen \u2013 Qeveria e ka braktisur popullin\"}]},{\"@type\":\"WebSite\",\"@id\":\"https:\/\/permbledhja.com\/#website\",\"url\":\"https:\/\/permbledhja.com\/\",\"name\":\"Ve\u00e7 artikuj p\u00ebrmbledh\u00ebs\",\"description\":\"\",\"publisher\":{\"@id\":\"https:\/\/permbledhja.com\/#organization\"},\"potentialAction\":[{\"@type\":\"SearchAction\",\"target\":{\"@type\":\"EntryPoint\",\"urlTemplate\":\"https:\/\/permbledhja.com\/?s={search_term_string}\"},\"query-input\":\"required name=search_term_string\"}],\"inLanguage\":\"sq\"},{\"@type\":\"Organization\",\"@id\":\"https:\/\/permbledhja.com\/#organization\",\"name\":\"MK Media & Pr\",\"url\":\"https:\/\/permbledhja.com\/\",\"logo\":{\"@type\":\"ImageObject\",\"inLanguage\":\"sq\",\"@id\":\"https:\/\/permbledhja.com\/#\/schema\/logo\/image\/\",\"url\":\"https:\/\/permbledhja.com\/wp-content\/uploads\/2021\/12\/07-Press-Logo.jpg\",\"contentUrl\":\"https:\/\/permbledhja.com\/wp-content\/uploads\/2021\/12\/07-Press-Logo.jpg\",\"width\":512,\"height\":512,\"caption\":\"MK Media & Pr\"},\"image\":{\"@id\":\"https:\/\/permbledhja.com\/#\/schema\/logo\/image\/\"},\"sameAs\":[\"https:\/\/www.facebook.com\/press07\/\"]},{\"@type\":\"Person\",\"@id\":\"https:\/\/permbledhja.com\/#\/schema\/person\/9c54260cbc4c6f792cb100550491638c\",\"name\":\"DL\",\"image\":{\"@type\":\"ImageObject\",\"inLanguage\":\"sq\",\"@id\":\"https:\/\/permbledhja.com\/#\/schema\/person\/image\/\",\"url\":\"https:\/\/secure.gravatar.com\/avatar\/94503eb28d4c4b2005a5c8753e35fc80?s=96&d=mm&r=g\",\"contentUrl\":\"https:\/\/secure.gravatar.com\/avatar\/94503eb28d4c4b2005a5c8753e35fc80?s=96&d=mm&r=g\",\"caption\":\"DL\"},\"url\":\"https:\/\/permbledhja.com\/sq\/author\/dl\/\"}]}<\/script>\n<!-- \/ Yoast SEO plugin. -->","yoast_head_json":{"title":"Zemaj: \u00c7mimet po rriten \u00e7do dit\u00eb e qytetar\u00ebt po varf\u00ebrohen \u2013 Qeveria e ka braktisur popullin","robots":{"index":"index","follow":"follow","max-snippet":"max-snippet:-1","max-image-preview":"max-image-preview:large","max-video-preview":"max-video-preview:-1"},"canonical":"https:\/\/permbledhja.com\/sq\/zemaj-cmimet-po-rriten-cdo-dite-e-qytetaret-po-varferohen-qeveria-e-ka-braktisur-popullin\/","og_locale":"sq_AL","og_type":"article","og_title":"Zemaj: \u00c7mimet po rriten \u00e7do dit\u00eb e qytetar\u00ebt po varf\u00ebrohen \u2013 Qeveria e ka braktisur popullin","og_description":"Deputeti i Lidhjes Demokratike t\u00eb Kosov\u00ebs (LDK), Armend Zemaj, ka akuzuar Qeverin\u00eb se po e braktis\u00eb popullin. Sipas Zemajt, po rriten \u00e7mimet e produkteve ushqimore, gjersa \u00e7do dit\u00eb po pak\u00ebsohet shporta e konsumatorit. \u201cRritja e indeksit t\u00eb \u00e7mimeve nuk ka t\u00eb ndalur, e pushteti nuk merr asnj\u00eb mas\u00eb, nuk vepron as Autoriteti i Konkurrenc\u00ebs\u201d, tha [&hellip;]","og_url":"https:\/\/permbledhja.com\/sq\/zemaj-cmimet-po-rriten-cdo-dite-e-qytetaret-po-varferohen-qeveria-e-ka-braktisur-popullin\/","og_site_name":"Ve\u00e7 artikuj p\u00ebrmbledh\u00ebs","article_publisher":"https:\/\/www.facebook.com\/press07\/","article_published_time":"2024-02-20T17:49:12+00:00","og_image":[{"width":1024,"height":682,"url":"https:\/\/permbledhja.com\/wp-content\/uploads\/2023\/07\/zemaj-1024x682-1.jpg","type":"image\/jpeg"}],"author":"DL","twitter_card":"summary_large_image","twitter_misc":{"Written by":"DL","Est. reading time":"1 minut\u00eb"},"schema":{"@context":"https:\/\/schema.org","@graph":[{"@type":"Article","@id":"https:\/\/permbledhja.com\/zemaj-cmimet-po-rriten-cdo-dite-e-qytetaret-po-varferohen-qeveria-e-ka-braktisur-popullin\/#article","isPartOf":{"@id":"https:\/\/permbledhja.com\/zemaj-cmimet-po-rriten-cdo-dite-e-qytetaret-po-varferohen-qeveria-e-ka-braktisur-popullin\/"},"author":{"name":"DL","@id":"https:\/\/permbledhja.com\/#\/schema\/person\/9c54260cbc4c6f792cb100550491638c"},"headline":"Zemaj: \u00c7mimet po rriten \u00e7do dit\u00eb e qytetar\u00ebt po varf\u00ebrohen \u2013 Qeveria e ka braktisur popullin","datePublished":"2024-02-20T17:49:12+00:00","dateModified":"2024-02-20T17:49:12+00:00","mainEntityOfPage":{"@id":"https:\/\/permbledhja.com\/zemaj-cmimet-po-rriten-cdo-dite-e-qytetaret-po-varferohen-qeveria-e-ka-braktisur-popullin\/"},"wordCount":104,"publisher":{"@id":"https:\/\/permbledhja.com\/#organization"},"articleSection":["Lajme"],"inLanguage":"sq"},{"@type":"WebPage","@id":"https:\/\/permbledhja.com\/zemaj-cmimet-po-rriten-cdo-dite-e-qytetaret-po-varferohen-qeveria-e-ka-braktisur-popullin\/","url":"https:\/\/permbledhja.com\/zemaj-cmimet-po-rriten-cdo-dite-e-qytetaret-po-varferohen-qeveria-e-ka-braktisur-popullin\/","name":"Zemaj: \u00c7mimet po rriten \u00e7do dit\u00eb e qytetar\u00ebt po varf\u00ebrohen \u2013 Qeveria e ka braktisur popullin","isPartOf":{"@id":"https:\/\/permbledhja.com\/#website"},"datePublished":"2024-02-20T17:49:12+00:00","dateModified":"2024-02-20T17:49:12+00:00","breadcrumb":{"@id":"https:\/\/permbledhja.com\/zemaj-cmimet-po-rriten-cdo-dite-e-qytetaret-po-varferohen-qeveria-e-ka-braktisur-popullin\/#breadcrumb"},"inLanguage":"sq","potentialAction":[{"@type":"ReadAction","target":["https:\/\/permbledhja.com\/zemaj-cmimet-po-rriten-cdo-dite-e-qytetaret-po-varferohen-qeveria-e-ka-braktisur-popullin\/"]}]},{"@type":"BreadcrumbList","@id":"https:\/\/permbledhja.com\/zemaj-cmimet-po-rriten-cdo-dite-e-qytetaret-po-varferohen-qeveria-e-ka-braktisur-popullin\/#breadcrumb","itemListElement":[{"@type":"ListItem","position":1,"name":"Ballina","item":"https:\/\/permbledhja.com\/sq\/"},{"@type":"ListItem","position":2,"name":"Zemaj: \u00c7mimet po rriten \u00e7do dit\u00eb e qytetar\u00ebt po varf\u00ebrohen \u2013 Qeveria e ka braktisur popullin"}]},{"@type":"WebSite","@id":"https:\/\/permbledhja.com\/#website","url":"https:\/\/permbledhja.com\/","name":"Ve\u00e7 artikuj p\u00ebrmbledh\u00ebs","description":"","publisher":{"@id":"https:\/\/permbledhja.com\/#organization"},"potentialAction":[{"@type":"SearchAction","target":{"@type":"EntryPoint","urlTemplate":"https:\/\/permbledhja.com\/?s={search_term_string}"},"query-input":"required name=search_term_string"}],"inLanguage":"sq"},{"@type":"Organization","@id":"https:\/\/permbledhja.com\/#organization","name":"MK Media & Pr","url":"https:\/\/permbledhja.com\/","logo":{"@type":"ImageObject","inLanguage":"sq","@id":"https:\/\/permbledhja.com\/#\/schema\/logo\/image\/","url":"https:\/\/permbledhja.com\/wp-content\/uploads\/2021\/12\/07-Press-Logo.jpg","contentUrl":"https:\/\/permbledhja.com\/wp-content\/uploads\/2021\/12\/07-Press-Logo.jpg","width":512,"height":512,"caption":"MK Media & Pr"},"image":{"@id":"https:\/\/permbledhja.com\/#\/schema\/logo\/image\/"},"sameAs":["https:\/\/www.facebook.com\/press07\/"]},{"@type":"Person","@id":"https:\/\/permbledhja.com\/#\/schema\/person\/9c54260cbc4c6f792cb100550491638c","name":"DL","image":{"@type":"ImageObject","inLanguage":"sq","@id":"https:\/\/permbledhja.com\/#\/schema\/person\/image\/","url":"https:\/\/secure.gravatar.com\/avatar\/94503eb28d4c4b2005a5c8753e35fc80?s=96&d=mm&r=g","contentUrl":"https:\/\/secure.gravatar.com\/avatar\/94503eb28d4c4b2005a5c8753e35fc80?s=96&d=mm&r=g","caption":"DL"},"url":"https:\/\/permbledhja.com\/sq\/author\/dl\/"}]}},"_links":{"self":[{"href":"https:\/\/permbledhja.com\/sq\/wp-json\/wp\/v2\/posts\/49294"}],"collection":[{"href":"https:\/\/permbledhja.com\/sq\/wp-json\/wp\/v2\/posts"}],"about":[{"href":"https:\/\/permbledhja.com\/sq\/wp-json\/wp\/v2\/types\/post"}],"author":[{"embeddable":true,"href":"https:\/\/permbledhja.com\/sq\/wp-json\/wp\/v2\/users\/5"}],"replies":[{"embeddable":true,"href":"https:\/\/permbledhja.com\/sq\/wp-json\/wp\/v2\/comments?post=49294"}],"version-history":[{"count":1,"href":"https:\/\/permbledhja.com\/sq\/wp-json\/wp\/v2\/posts\/49294\/revisions"}],"predecessor-version":[{"id":49295,"href":"https:\/\/permbledhja.com\/sq\/wp-json\/wp\/v2\/posts\/49294\/revisions\/49295"}],"wp:featuredmedia":[{"embeddable":true,"href":"https:\/\/permbledhja.com\/sq\/wp-json\/wp\/v2\/media\/18541"}],"wp:attachment":[{"href":"https:\/\/permbledhja.com\/sq\/wp-json\/wp\/v2\/media?parent=49294"}],"wp:term":[{"taxonomy":"category","embeddable":true,"href":"https:\/\/permbledhja.com\/sq\/wp-json\/wp\/v2\/categories?post=49294"},{"taxonomy":"post_tag","embeddable":true,"href":"https:\/\/permbledhja.com\/sq\/wp-json\/wp\/v2\/tags?post=49294"}],"curies":[{"name":"wp","href":"https:\/\/api.w.org\/{rel}","templated":true}]}}