{"id":49288,"date":"2024-02-20T17:34:58","date_gmt":"2024-02-20T17:34:58","guid":{"rendered":"https:\/\/permbledhja.com\/?p=49288"},"modified":"2024-02-20T17:34:58","modified_gmt":"2024-02-20T17:34:58","slug":"kurti-e-pret-ne-takim-ambasadorin-e-turqise-flasin-per-rritjen-e-bashkepunimit-tregtar-e-ceshtje-tjera","status":"publish","type":"post","link":"https:\/\/permbledhja.com\/sq\/kurti-e-pret-ne-takim-ambasadorin-e-turqise-flasin-per-rritjen-e-bashkepunimit-tregtar-e-ceshtje-tjera\/","title":{"rendered":"Kurti e pret n\u00eb takim ambasadorin e Turqis\u00eb, flasin p\u00ebr rritjen e bashk\u00ebpunimit tregtar e \u00e7\u00ebshtje tjera"},"content":{"rendered":"<h3>Kryeministri Albin Kurti e ka pritur sot n\u00eb takim ambasadorin e Turqis\u00eb n\u00eb Kosov\u00eb, Sabri Tun\u00e7 Ang\u0131l\u0131.<\/h3>\n<p>Zyra e Kryeministrit njofton se ambasadori turk e uroi Kurtin p\u00ebr 16-vjetorin e pavar\u00ebsis\u00eb \u201cduke theksuar marr\u00ebdh\u00ebniet e mira nd\u00ebrmjet Republik\u00ebs s\u00eb Kosov\u00ebs dhe Republik\u00ebs s\u00eb Turqis\u00eb\u201d.<\/p>\n<p>\u201cKryeministri Kurti e fal\u00ebnderoi Ambasadorin Angili p\u00ebr urimin, dhe n\u00eb t\u00eb nj\u00ebjt\u00ebn koh\u00eb p\u00ebr rolin, kontributin dhe mb\u00ebshtetjen e vazhdueshme t\u00eb Turqis\u00eb ndaj popullit dhe shtetit t\u00eb Kosov\u00ebs\u201d, njoftoi ZKM.<\/p>\n<p>N\u00eb takim, ZKM njoftoi se \u201cu bisedua p\u00ebr marr\u00ebdh\u00ebniet dypal\u00ebshe dhe bashk\u00ebpunimin n\u00eb projektet e p\u00ebrbashk\u00ebta n\u00eb fush\u00ebn e ekonomis\u00eb, energjis\u00eb dhe kultur\u00ebs, p\u00ebrfshir\u00eb edhe mund\u00ebsit\u00eb p\u00ebr t\u00eb rritur bashk\u00ebpunim tregtar p\u00ebrmes promovimit t\u00eb bizneseve t\u00eb t\u00eb dy vendeve\u201d.<\/p>\n<p><img loading=\"lazy\" decoding=\"async\" class=\"alignnone  wp-image-49291\" src=\"https:\/\/permbledhja.com\/wp-content\/uploads\/2024\/02\/k2-300x200.jpeg\" alt=\"\" width=\"287\" height=\"191\" srcset=\"https:\/\/permbledhja.com\/wp-content\/uploads\/2024\/02\/k2-300x200.jpeg 300w, https:\/\/permbledhja.com\/wp-content\/uploads\/2024\/02\/k2-768x512.jpeg 768w, https:\/\/permbledhja.com\/wp-content\/uploads\/2024\/02\/k2-18x12.jpeg 18w, https:\/\/permbledhja.com\/wp-content\/uploads\/2024\/02\/k2-360x240.jpeg 360w, https:\/\/permbledhja.com\/wp-content\/uploads\/2024\/02\/k2.jpeg 900w\" sizes=\"(max-width: 287px) 100vw, 287px\" \/>\u00a0 \u00a0 \u00a0 \u00a0 \u00a0 \u00a0 \u00a0 \u00a0\u00a0 <img loading=\"lazy\" decoding=\"async\" class=\"alignnone size-medium wp-image-49292\" src=\"https:\/\/permbledhja.com\/wp-content\/uploads\/2024\/02\/k3-300x200.jpeg\" alt=\"\" width=\"300\" height=\"200\" srcset=\"https:\/\/permbledhja.com\/wp-content\/uploads\/2024\/02\/k3-300x200.jpeg 300w, https:\/\/permbledhja.com\/wp-content\/uploads\/2024\/02\/k3-768x512.jpeg 768w, https:\/\/permbledhja.com\/wp-content\/uploads\/2024\/02\/k3-18x12.jpeg 18w, https:\/\/permbledhja.com\/wp-content\/uploads\/2024\/02\/k3-360x240.jpeg 360w, https:\/\/permbledhja.com\/wp-content\/uploads\/2024\/02\/k3.jpeg 900w\" sizes=\"(max-width: 300px) 100vw, 300px\" \/><\/p>\n<p><img loading=\"lazy\" decoding=\"async\" class=\"alignnone size-medium wp-image-49289\" src=\"https:\/\/permbledhja.com\/wp-content\/uploads\/2024\/02\/k1-300x200.jpeg\" alt=\"\" width=\"300\" height=\"200\" srcset=\"https:\/\/permbledhja.com\/wp-content\/uploads\/2024\/02\/k1-300x200.jpeg 300w, https:\/\/permbledhja.com\/wp-content\/uploads\/2024\/02\/k1-768x512.jpeg 768w, https:\/\/permbledhja.com\/wp-content\/uploads\/2024\/02\/k1-18x12.jpeg 18w, https:\/\/permbledhja.com\/wp-content\/uploads\/2024\/02\/k1-360x240.jpeg 360w, https:\/\/permbledhja.com\/wp-content\/uploads\/2024\/02\/k1.jpeg 900w\" sizes=\"(max-width: 300px) 100vw, 300px\" \/><\/p>\n","protected":false},"excerpt":{"rendered":"<p>Kryeministri Albin Kurti e ka pritur sot n\u00eb takim ambasadorin e Turqis\u00eb n\u00eb Kosov\u00eb, Sabri Tun\u00e7 Ang\u0131l\u0131. Zyra e Kryeministrit njofton se ambasadori turk e uroi Kurtin p\u00ebr 16-vjetorin e pavar\u00ebsis\u00eb \u201cduke theksuar marr\u00ebdh\u00ebniet e mira nd\u00ebrmjet Republik\u00ebs s\u00eb Kosov\u00ebs dhe Republik\u00ebs s\u00eb Turqis\u00eb\u201d. \u201cKryeministri Kurti e fal\u00ebnderoi Ambasadorin Angili p\u00ebr urimin, dhe n\u00eb t\u00eb [&hellip;]<\/p>\n","protected":false},"author":5,"featured_media":49290,"comment_status":"closed","ping_status":"closed","sticky":false,"template":"","format":"standard","meta":{"_monsterinsights_skip_tracking":false,"_monsterinsights_sitenote_active":false,"_monsterinsights_sitenote_note":"","_monsterinsights_sitenote_category":0,"_uf_show_specific_survey":0,"_uf_disable_surveys":false,"footnotes":""},"categories":[2645],"tags":[],"yoast_head":"<!-- This site is optimized with the Yoast SEO plugin v21.5 - https:\/\/yoast.com\/wordpress\/plugins\/seo\/ -->\n<title>Kurti e pret n\u00eb takim ambasadorin e Turqis\u00eb, flasin p\u00ebr rritjen e bashk\u00ebpunimit tregtar e \u00e7\u00ebshtje tjera<\/title>\n<meta name=\"robots\" content=\"index, follow, max-snippet:-1, max-image-preview:large, max-video-preview:-1\" \/>\n<link rel=\"canonical\" href=\"https:\/\/permbledhja.com\/sq\/kurti-e-pret-ne-takim-ambasadorin-e-turqise-flasin-per-rritjen-e-bashkepunimit-tregtar-e-ceshtje-tjera\/\" \/>\n<meta property=\"og:locale\" content=\"sq_AL\" \/>\n<meta property=\"og:type\" content=\"article\" \/>\n<meta property=\"og:title\" content=\"Kurti e pret n\u00eb takim ambasadorin e Turqis\u00eb, flasin p\u00ebr rritjen e bashk\u00ebpunimit tregtar e \u00e7\u00ebshtje tjera\" \/>\n<meta property=\"og:description\" content=\"Kryeministri Albin Kurti e ka pritur sot n\u00eb takim ambasadorin e Turqis\u00eb n\u00eb Kosov\u00eb, Sabri Tun\u00e7 Ang\u0131l\u0131. Zyra e Kryeministrit njofton se ambasadori turk e uroi Kurtin p\u00ebr 16-vjetorin e pavar\u00ebsis\u00eb \u201cduke theksuar marr\u00ebdh\u00ebniet e mira nd\u00ebrmjet Republik\u00ebs s\u00eb Kosov\u00ebs dhe Republik\u00ebs s\u00eb Turqis\u00eb\u201d. \u201cKryeministri Kurti e fal\u00ebnderoi Ambasadorin Angili p\u00ebr urimin, dhe n\u00eb t\u00eb [&hellip;]\" \/>\n<meta property=\"og:url\" content=\"https:\/\/permbledhja.com\/sq\/kurti-e-pret-ne-takim-ambasadorin-e-turqise-flasin-per-rritjen-e-bashkepunimit-tregtar-e-ceshtje-tjera\/\" \/>\n<meta property=\"og:site_name\" content=\"Ve\u00e7 artikuj p\u00ebrmbledh\u00ebs\" \/>\n<meta property=\"article:publisher\" content=\"https:\/\/www.facebook.com\/press07\/\" \/>\n<meta property=\"article:published_time\" content=\"2024-02-20T17:34:58+00:00\" \/>\n<meta property=\"og:image\" content=\"https:\/\/permbledhja.com\/wp-content\/uploads\/2024\/02\/ko.jpeg\" \/>\n\t<meta property=\"og:image:width\" content=\"600\" \/>\n\t<meta property=\"og:image:height\" content=\"360\" \/>\n\t<meta property=\"og:image:type\" content=\"image\/jpeg\" \/>\n<meta name=\"author\" content=\"DL\" \/>\n<meta name=\"twitter:card\" content=\"summary_large_image\" \/>\n<meta name=\"twitter:label1\" content=\"Written by\" \/>\n\t<meta name=\"twitter:data1\" content=\"DL\" \/>\n\t<meta name=\"twitter:label2\" content=\"Est. reading time\" \/>\n\t<meta name=\"twitter:data2\" content=\"2 minuta\" \/>\n<script type=\"application\/ld+json\" class=\"yoast-schema-graph\">{\"@context\":\"https:\/\/schema.org\",\"@graph\":[{\"@type\":\"Article\",\"@id\":\"https:\/\/permbledhja.com\/sq\/kurti-e-pret-ne-takim-ambasadorin-e-turqise-flasin-per-rritjen-e-bashkepunimit-tregtar-e-ceshtje-tjera\/#article\",\"isPartOf\":{\"@id\":\"https:\/\/permbledhja.com\/sq\/kurti-e-pret-ne-takim-ambasadorin-e-turqise-flasin-per-rritjen-e-bashkepunimit-tregtar-e-ceshtje-tjera\/\"},\"author\":{\"name\":\"DL\",\"@id\":\"https:\/\/permbledhja.com\/#\/schema\/person\/9c54260cbc4c6f792cb100550491638c\"},\"headline\":\"Kurti e pret n\u00eb takim ambasadorin e Turqis\u00eb, flasin p\u00ebr rritjen e bashk\u00ebpunimit tregtar e \u00e7\u00ebshtje tjera\",\"datePublished\":\"2024-02-20T17:34:58+00:00\",\"dateModified\":\"2024-02-20T17:34:58+00:00\",\"mainEntityOfPage\":{\"@id\":\"https:\/\/permbledhja.com\/sq\/kurti-e-pret-ne-takim-ambasadorin-e-turqise-flasin-per-rritjen-e-bashkepunimit-tregtar-e-ceshtje-tjera\/\"},\"wordCount\":162,\"publisher\":{\"@id\":\"https:\/\/permbledhja.com\/#organization\"},\"articleSection\":[\"T\u00eb r\u00ebnd\u00ebsishme\"],\"inLanguage\":\"sq\"},{\"@type\":\"WebPage\",\"@id\":\"https:\/\/permbledhja.com\/sq\/kurti-e-pret-ne-takim-ambasadorin-e-turqise-flasin-per-rritjen-e-bashkepunimit-tregtar-e-ceshtje-tjera\/\",\"url\":\"https:\/\/permbledhja.com\/sq\/kurti-e-pret-ne-takim-ambasadorin-e-turqise-flasin-per-rritjen-e-bashkepunimit-tregtar-e-ceshtje-tjera\/\",\"name\":\"Kurti e pret n\u00eb takim ambasadorin e Turqis\u00eb, flasin p\u00ebr rritjen e bashk\u00ebpunimit tregtar e \u00e7\u00ebshtje tjera\",\"isPartOf\":{\"@id\":\"https:\/\/permbledhja.com\/#website\"},\"datePublished\":\"2024-02-20T17:34:58+00:00\",\"dateModified\":\"2024-02-20T17:34:58+00:00\",\"breadcrumb\":{\"@id\":\"https:\/\/permbledhja.com\/sq\/kurti-e-pret-ne-takim-ambasadorin-e-turqise-flasin-per-rritjen-e-bashkepunimit-tregtar-e-ceshtje-tjera\/#breadcrumb\"},\"inLanguage\":\"sq\",\"potentialAction\":[{\"@type\":\"ReadAction\",\"target\":[\"https:\/\/permbledhja.com\/sq\/kurti-e-pret-ne-takim-ambasadorin-e-turqise-flasin-per-rritjen-e-bashkepunimit-tregtar-e-ceshtje-tjera\/\"]}]},{\"@type\":\"BreadcrumbList\",\"@id\":\"https:\/\/permbledhja.com\/sq\/kurti-e-pret-ne-takim-ambasadorin-e-turqise-flasin-per-rritjen-e-bashkepunimit-tregtar-e-ceshtje-tjera\/#breadcrumb\",\"itemListElement\":[{\"@type\":\"ListItem\",\"position\":1,\"name\":\"Ballina\",\"item\":\"https:\/\/permbledhja.com\/sq\/\"},{\"@type\":\"ListItem\",\"position\":2,\"name\":\"Kurti e pret n\u00eb takim ambasadorin e Turqis\u00eb, flasin p\u00ebr rritjen e bashk\u00ebpunimit tregtar e \u00e7\u00ebshtje tjera\"}]},{\"@type\":\"WebSite\",\"@id\":\"https:\/\/permbledhja.com\/#website\",\"url\":\"https:\/\/permbledhja.com\/\",\"name\":\"Ve\u00e7 artikuj p\u00ebrmbledh\u00ebs\",\"description\":\"\",\"publisher\":{\"@id\":\"https:\/\/permbledhja.com\/#organization\"},\"potentialAction\":[{\"@type\":\"SearchAction\",\"target\":{\"@type\":\"EntryPoint\",\"urlTemplate\":\"https:\/\/permbledhja.com\/?s={search_term_string}\"},\"query-input\":\"required name=search_term_string\"}],\"inLanguage\":\"sq\"},{\"@type\":\"Organization\",\"@id\":\"https:\/\/permbledhja.com\/#organization\",\"name\":\"MK Media & Pr\",\"url\":\"https:\/\/permbledhja.com\/\",\"logo\":{\"@type\":\"ImageObject\",\"inLanguage\":\"sq\",\"@id\":\"https:\/\/permbledhja.com\/#\/schema\/logo\/image\/\",\"url\":\"https:\/\/permbledhja.com\/wp-content\/uploads\/2021\/12\/07-Press-Logo.jpg\",\"contentUrl\":\"https:\/\/permbledhja.com\/wp-content\/uploads\/2021\/12\/07-Press-Logo.jpg\",\"width\":512,\"height\":512,\"caption\":\"MK Media & Pr\"},\"image\":{\"@id\":\"https:\/\/permbledhja.com\/#\/schema\/logo\/image\/\"},\"sameAs\":[\"https:\/\/www.facebook.com\/press07\/\"]},{\"@type\":\"Person\",\"@id\":\"https:\/\/permbledhja.com\/#\/schema\/person\/9c54260cbc4c6f792cb100550491638c\",\"name\":\"DL\",\"image\":{\"@type\":\"ImageObject\",\"inLanguage\":\"sq\",\"@id\":\"https:\/\/permbledhja.com\/#\/schema\/person\/image\/\",\"url\":\"https:\/\/secure.gravatar.com\/avatar\/94503eb28d4c4b2005a5c8753e35fc80?s=96&d=mm&r=g\",\"contentUrl\":\"https:\/\/secure.gravatar.com\/avatar\/94503eb28d4c4b2005a5c8753e35fc80?s=96&d=mm&r=g\",\"caption\":\"DL\"},\"url\":\"https:\/\/permbledhja.com\/sq\/author\/dl\/\"}]}<\/script>\n<!-- \/ Yoast SEO plugin. -->","yoast_head_json":{"title":"Kurti e pret n\u00eb takim ambasadorin e Turqis\u00eb, flasin p\u00ebr rritjen e bashk\u00ebpunimit tregtar e \u00e7\u00ebshtje tjera","robots":{"index":"index","follow":"follow","max-snippet":"max-snippet:-1","max-image-preview":"max-image-preview:large","max-video-preview":"max-video-preview:-1"},"canonical":"https:\/\/permbledhja.com\/sq\/kurti-e-pret-ne-takim-ambasadorin-e-turqise-flasin-per-rritjen-e-bashkepunimit-tregtar-e-ceshtje-tjera\/","og_locale":"sq_AL","og_type":"article","og_title":"Kurti e pret n\u00eb takim ambasadorin e Turqis\u00eb, flasin p\u00ebr rritjen e bashk\u00ebpunimit tregtar e \u00e7\u00ebshtje tjera","og_description":"Kryeministri Albin Kurti e ka pritur sot n\u00eb takim ambasadorin e Turqis\u00eb n\u00eb Kosov\u00eb, Sabri Tun\u00e7 Ang\u0131l\u0131. Zyra e Kryeministrit njofton se ambasadori turk e uroi Kurtin p\u00ebr 16-vjetorin e pavar\u00ebsis\u00eb \u201cduke theksuar marr\u00ebdh\u00ebniet e mira nd\u00ebrmjet Republik\u00ebs s\u00eb Kosov\u00ebs dhe Republik\u00ebs s\u00eb Turqis\u00eb\u201d. \u201cKryeministri Kurti e fal\u00ebnderoi Ambasadorin Angili p\u00ebr urimin, dhe n\u00eb t\u00eb [&hellip;]","og_url":"https:\/\/permbledhja.com\/sq\/kurti-e-pret-ne-takim-ambasadorin-e-turqise-flasin-per-rritjen-e-bashkepunimit-tregtar-e-ceshtje-tjera\/","og_site_name":"Ve\u00e7 artikuj p\u00ebrmbledh\u00ebs","article_publisher":"https:\/\/www.facebook.com\/press07\/","article_published_time":"2024-02-20T17:34:58+00:00","og_image":[{"width":600,"height":360,"url":"https:\/\/permbledhja.com\/wp-content\/uploads\/2024\/02\/ko.jpeg","type":"image\/jpeg"}],"author":"DL","twitter_card":"summary_large_image","twitter_misc":{"Written by":"DL","Est. reading time":"2 minuta"},"schema":{"@context":"https:\/\/schema.org","@graph":[{"@type":"Article","@id":"https:\/\/permbledhja.com\/sq\/kurti-e-pret-ne-takim-ambasadorin-e-turqise-flasin-per-rritjen-e-bashkepunimit-tregtar-e-ceshtje-tjera\/#article","isPartOf":{"@id":"https:\/\/permbledhja.com\/sq\/kurti-e-pret-ne-takim-ambasadorin-e-turqise-flasin-per-rritjen-e-bashkepunimit-tregtar-e-ceshtje-tjera\/"},"author":{"name":"DL","@id":"https:\/\/permbledhja.com\/#\/schema\/person\/9c54260cbc4c6f792cb100550491638c"},"headline":"Kurti e pret n\u00eb takim ambasadorin e Turqis\u00eb, flasin p\u00ebr rritjen e bashk\u00ebpunimit tregtar e \u00e7\u00ebshtje tjera","datePublished":"2024-02-20T17:34:58+00:00","dateModified":"2024-02-20T17:34:58+00:00","mainEntityOfPage":{"@id":"https:\/\/permbledhja.com\/sq\/kurti-e-pret-ne-takim-ambasadorin-e-turqise-flasin-per-rritjen-e-bashkepunimit-tregtar-e-ceshtje-tjera\/"},"wordCount":162,"publisher":{"@id":"https:\/\/permbledhja.com\/#organization"},"articleSection":["T\u00eb r\u00ebnd\u00ebsishme"],"inLanguage":"sq"},{"@type":"WebPage","@id":"https:\/\/permbledhja.com\/sq\/kurti-e-pret-ne-takim-ambasadorin-e-turqise-flasin-per-rritjen-e-bashkepunimit-tregtar-e-ceshtje-tjera\/","url":"https:\/\/permbledhja.com\/sq\/kurti-e-pret-ne-takim-ambasadorin-e-turqise-flasin-per-rritjen-e-bashkepunimit-tregtar-e-ceshtje-tjera\/","name":"Kurti e pret n\u00eb takim ambasadorin e Turqis\u00eb, flasin p\u00ebr rritjen e bashk\u00ebpunimit tregtar e \u00e7\u00ebshtje tjera","isPartOf":{"@id":"https:\/\/permbledhja.com\/#website"},"datePublished":"2024-02-20T17:34:58+00:00","dateModified":"2024-02-20T17:34:58+00:00","breadcrumb":{"@id":"https:\/\/permbledhja.com\/sq\/kurti-e-pret-ne-takim-ambasadorin-e-turqise-flasin-per-rritjen-e-bashkepunimit-tregtar-e-ceshtje-tjera\/#breadcrumb"},"inLanguage":"sq","potentialAction":[{"@type":"ReadAction","target":["https:\/\/permbledhja.com\/sq\/kurti-e-pret-ne-takim-ambasadorin-e-turqise-flasin-per-rritjen-e-bashkepunimit-tregtar-e-ceshtje-tjera\/"]}]},{"@type":"BreadcrumbList","@id":"https:\/\/permbledhja.com\/sq\/kurti-e-pret-ne-takim-ambasadorin-e-turqise-flasin-per-rritjen-e-bashkepunimit-tregtar-e-ceshtje-tjera\/#breadcrumb","itemListElement":[{"@type":"ListItem","position":1,"name":"Ballina","item":"https:\/\/permbledhja.com\/sq\/"},{"@type":"ListItem","position":2,"name":"Kurti e pret n\u00eb takim ambasadorin e Turqis\u00eb, flasin p\u00ebr rritjen e bashk\u00ebpunimit tregtar e \u00e7\u00ebshtje tjera"}]},{"@type":"WebSite","@id":"https:\/\/permbledhja.com\/#website","url":"https:\/\/permbledhja.com\/","name":"Ve\u00e7 artikuj p\u00ebrmbledh\u00ebs","description":"","publisher":{"@id":"https:\/\/permbledhja.com\/#organization"},"potentialAction":[{"@type":"SearchAction","target":{"@type":"EntryPoint","urlTemplate":"https:\/\/permbledhja.com\/?s={search_term_string}"},"query-input":"required name=search_term_string"}],"inLanguage":"sq"},{"@type":"Organization","@id":"https:\/\/permbledhja.com\/#organization","name":"MK Media & Pr","url":"https:\/\/permbledhja.com\/","logo":{"@type":"ImageObject","inLanguage":"sq","@id":"https:\/\/permbledhja.com\/#\/schema\/logo\/image\/","url":"https:\/\/permbledhja.com\/wp-content\/uploads\/2021\/12\/07-Press-Logo.jpg","contentUrl":"https:\/\/permbledhja.com\/wp-content\/uploads\/2021\/12\/07-Press-Logo.jpg","width":512,"height":512,"caption":"MK Media & Pr"},"image":{"@id":"https:\/\/permbledhja.com\/#\/schema\/logo\/image\/"},"sameAs":["https:\/\/www.facebook.com\/press07\/"]},{"@type":"Person","@id":"https:\/\/permbledhja.com\/#\/schema\/person\/9c54260cbc4c6f792cb100550491638c","name":"DL","image":{"@type":"ImageObject","inLanguage":"sq","@id":"https:\/\/permbledhja.com\/#\/schema\/person\/image\/","url":"https:\/\/secure.gravatar.com\/avatar\/94503eb28d4c4b2005a5c8753e35fc80?s=96&d=mm&r=g","contentUrl":"https:\/\/secure.gravatar.com\/avatar\/94503eb28d4c4b2005a5c8753e35fc80?s=96&d=mm&r=g","caption":"DL"},"url":"https:\/\/permbledhja.com\/sq\/author\/dl\/"}]}},"_links":{"self":[{"href":"https:\/\/permbledhja.com\/sq\/wp-json\/wp\/v2\/posts\/49288"}],"collection":[{"href":"https:\/\/permbledhja.com\/sq\/wp-json\/wp\/v2\/posts"}],"about":[{"href":"https:\/\/permbledhja.com\/sq\/wp-json\/wp\/v2\/types\/post"}],"author":[{"embeddable":true,"href":"https:\/\/permbledhja.com\/sq\/wp-json\/wp\/v2\/users\/5"}],"replies":[{"embeddable":true,"href":"https:\/\/permbledhja.com\/sq\/wp-json\/wp\/v2\/comments?post=49288"}],"version-history":[{"count":1,"href":"https:\/\/permbledhja.com\/sq\/wp-json\/wp\/v2\/posts\/49288\/revisions"}],"predecessor-version":[{"id":49293,"href":"https:\/\/permbledhja.com\/sq\/wp-json\/wp\/v2\/posts\/49288\/revisions\/49293"}],"wp:featuredmedia":[{"embeddable":true,"href":"https:\/\/permbledhja.com\/sq\/wp-json\/wp\/v2\/media\/49290"}],"wp:attachment":[{"href":"https:\/\/permbledhja.com\/sq\/wp-json\/wp\/v2\/media?parent=49288"}],"wp:term":[{"taxonomy":"category","embeddable":true,"href":"https:\/\/permbledhja.com\/sq\/wp-json\/wp\/v2\/categories?post=49288"},{"taxonomy":"post_tag","embeddable":true,"href":"https:\/\/permbledhja.com\/sq\/wp-json\/wp\/v2\/tags?post=49288"}],"curies":[{"name":"wp","href":"https:\/\/api.w.org\/{rel}","templated":true}]}}