{"id":49252,"date":"2024-02-20T14:38:07","date_gmt":"2024-02-20T14:38:07","guid":{"rendered":"https:\/\/permbledhja.com\/?p=49252"},"modified":"2024-02-20T14:38:07","modified_gmt":"2024-02-20T14:38:07","slug":"ceshtja-e-dinarit-shkon-ne-kushtetuese-disa-avokate-serbe-kane-perpiluar-ankesen","status":"publish","type":"post","link":"https:\/\/permbledhja.com\/sq\/ceshtja-e-dinarit-shkon-ne-kushtetuese-disa-avokate-serbe-kane-perpiluar-ankesen\/","title":{"rendered":"\u00c7\u00ebshtja e dinarit shkon n\u00eb Kushtetuese: Disa avokat\u00eb serb\u00eb kan\u00eb p\u00ebrpiluar ankes\u00ebn"},"content":{"rendered":"<h3>Nj\u00eb grup prej kat\u00ebr avokat\u00ebve serb kan\u00eb dor\u00ebzuar k\u00ebt\u00eb t\u00eb mart\u00eb n\u00eb or\u00ebn 12 nj\u00eb k\u00ebrkes\u00eb n\u00eb Gjykat\u00ebn Kushtetuese t\u00eb Republik\u00ebs s\u00eb Kosov\u00ebs.<\/h3>\n<p>Avokati nga Gjilani, Vasilije Arsiq, tha se k\u00ebrkesa e tyre ka t\u00eb b\u00ebj\u00eb me Rregulloren e re t\u00eb Bank\u00ebs Qendrore t\u00eb Kosov\u00ebs, p\u00ebr operacione me para t\u00eb gatshme, q\u00eb hyri n\u00eb fuqi m\u00eb 1 shkurt, dhe i cili dokument e b\u00ebn\u00eb euron valut\u00ebn e vetme t\u00eb vlefshme n\u00eb Kosov\u00eb, p\u00ebrderisa p\u00ebrjashtohet dinari i Serbis\u00eb.<\/p>\n<p>Arsiq, theksoi se kan\u00eb k\u00ebrkuar q\u00eb Kushtetuesja t\u00eb pezulloj\u00eb vendimin e BQK-s\u00eb, deri te nj\u00eb vendim final me t\u00eb cilin do gjykohej n\u00ebse rregullorja ka shkelur apo jo Kushtetut\u00ebn e Kosov\u00ebs.<\/p>\n<p>Nga ana e tij juristi Dragutin Neneziq, i tha portalit Kossev, se me d\u00ebrgimin e k\u00ebsaj k\u00ebrkese, m\u00eb sakt\u00ebsisht m\u00ebtimi q\u00eb ata kan\u00eb q\u00eb s\u00eb pari t\u00eb pezullohet rregullorja, \u00ebsht\u00eb m\u00ebnyra p\u00ebr t\u00eb dalur nga situata aktuale, q\u00eb \u00ebsht\u00eb me dinarin.<\/p>\n","protected":false},"excerpt":{"rendered":"<p>Nj\u00eb grup prej kat\u00ebr avokat\u00ebve serb kan\u00eb dor\u00ebzuar k\u00ebt\u00eb t\u00eb mart\u00eb n\u00eb or\u00ebn 12 nj\u00eb k\u00ebrkes\u00eb n\u00eb Gjykat\u00ebn Kushtetuese t\u00eb Republik\u00ebs s\u00eb Kosov\u00ebs. Avokati nga Gjilani, Vasilije Arsiq, tha se k\u00ebrkesa e tyre ka t\u00eb b\u00ebj\u00eb me Rregulloren e re t\u00eb Bank\u00ebs Qendrore t\u00eb Kosov\u00ebs, p\u00ebr operacione me para t\u00eb gatshme, q\u00eb hyri n\u00eb fuqi [&hellip;]<\/p>\n","protected":false},"author":2,"featured_media":49253,"comment_status":"closed","ping_status":"closed","sticky":false,"template":"","format":"standard","meta":{"_monsterinsights_skip_tracking":false,"_monsterinsights_sitenote_active":false,"_monsterinsights_sitenote_note":"","_monsterinsights_sitenote_category":0,"_uf_show_specific_survey":0,"_uf_disable_surveys":false,"footnotes":""},"categories":[2645],"tags":[2974],"yoast_head":"<!-- This site is optimized with the Yoast SEO plugin v21.5 - https:\/\/yoast.com\/wordpress\/plugins\/seo\/ -->\n<title>\u00c7\u00ebshtja e dinarit shkon n\u00eb Kushtetuese: Disa avokat\u00eb serb\u00eb kan\u00eb p\u00ebrpiluar ankes\u00ebn<\/title>\n<meta name=\"robots\" content=\"index, follow, max-snippet:-1, max-image-preview:large, max-video-preview:-1\" \/>\n<link rel=\"canonical\" href=\"https:\/\/permbledhja.com\/sq\/ceshtja-e-dinarit-shkon-ne-kushtetuese-disa-avokate-serbe-kane-perpiluar-ankesen\/\" \/>\n<meta property=\"og:locale\" content=\"sq_AL\" \/>\n<meta property=\"og:type\" content=\"article\" \/>\n<meta property=\"og:title\" content=\"\u00c7\u00ebshtja e dinarit shkon n\u00eb Kushtetuese: Disa avokat\u00eb serb\u00eb kan\u00eb p\u00ebrpiluar ankes\u00ebn\" \/>\n<meta property=\"og:description\" content=\"Nj\u00eb grup prej kat\u00ebr avokat\u00ebve serb kan\u00eb dor\u00ebzuar k\u00ebt\u00eb t\u00eb mart\u00eb n\u00eb or\u00ebn 12 nj\u00eb k\u00ebrkes\u00eb n\u00eb Gjykat\u00ebn Kushtetuese t\u00eb Republik\u00ebs s\u00eb Kosov\u00ebs. Avokati nga Gjilani, Vasilije Arsiq, tha se k\u00ebrkesa e tyre ka t\u00eb b\u00ebj\u00eb me Rregulloren e re t\u00eb Bank\u00ebs Qendrore t\u00eb Kosov\u00ebs, p\u00ebr operacione me para t\u00eb gatshme, q\u00eb hyri n\u00eb fuqi [&hellip;]\" \/>\n<meta property=\"og:url\" content=\"https:\/\/permbledhja.com\/sq\/ceshtja-e-dinarit-shkon-ne-kushtetuese-disa-avokate-serbe-kane-perpiluar-ankesen\/\" \/>\n<meta property=\"og:site_name\" content=\"Ve\u00e7 artikuj p\u00ebrmbledh\u00ebs\" \/>\n<meta property=\"article:publisher\" content=\"https:\/\/www.facebook.com\/press07\/\" \/>\n<meta property=\"article:published_time\" content=\"2024-02-20T14:38:07+00:00\" \/>\n<meta property=\"og:image\" content=\"https:\/\/permbledhja.com\/wp-content\/uploads\/2024\/02\/dinar-2.png\" \/>\n\t<meta property=\"og:image:width\" content=\"893\" \/>\n\t<meta property=\"og:image:height\" content=\"536\" \/>\n\t<meta property=\"og:image:type\" content=\"image\/png\" \/>\n<meta name=\"author\" content=\"M M\" \/>\n<meta name=\"twitter:card\" content=\"summary_large_image\" \/>\n<meta name=\"twitter:label1\" content=\"Written by\" \/>\n\t<meta name=\"twitter:data1\" content=\"M M\" \/>\n\t<meta name=\"twitter:label2\" content=\"Est. reading time\" \/>\n\t<meta name=\"twitter:data2\" content=\"1 minut\u00eb\" \/>\n<script type=\"application\/ld+json\" class=\"yoast-schema-graph\">{\"@context\":\"https:\/\/schema.org\",\"@graph\":[{\"@type\":\"Article\",\"@id\":\"https:\/\/permbledhja.com\/ceshtja-e-dinarit-shkon-ne-kushtetuese-disa-avokate-serbe-kane-perpiluar-ankesen\/#article\",\"isPartOf\":{\"@id\":\"https:\/\/permbledhja.com\/ceshtja-e-dinarit-shkon-ne-kushtetuese-disa-avokate-serbe-kane-perpiluar-ankesen\/\"},\"author\":{\"name\":\"M M\",\"@id\":\"https:\/\/permbledhja.com\/#\/schema\/person\/d23f13f59b5722643933d6780783acf3\"},\"headline\":\"\u00c7\u00ebshtja e dinarit shkon n\u00eb Kushtetuese: Disa avokat\u00eb serb\u00eb kan\u00eb p\u00ebrpiluar ankes\u00ebn\",\"datePublished\":\"2024-02-20T14:38:07+00:00\",\"dateModified\":\"2024-02-20T14:38:07+00:00\",\"mainEntityOfPage\":{\"@id\":\"https:\/\/permbledhja.com\/ceshtja-e-dinarit-shkon-ne-kushtetuese-disa-avokate-serbe-kane-perpiluar-ankesen\/\"},\"wordCount\":190,\"publisher\":{\"@id\":\"https:\/\/permbledhja.com\/#organization\"},\"keywords\":[\"Dinari\"],\"articleSection\":[\"T\u00eb r\u00ebnd\u00ebsishme\"],\"inLanguage\":\"sq\"},{\"@type\":\"WebPage\",\"@id\":\"https:\/\/permbledhja.com\/ceshtja-e-dinarit-shkon-ne-kushtetuese-disa-avokate-serbe-kane-perpiluar-ankesen\/\",\"url\":\"https:\/\/permbledhja.com\/ceshtja-e-dinarit-shkon-ne-kushtetuese-disa-avokate-serbe-kane-perpiluar-ankesen\/\",\"name\":\"\u00c7\u00ebshtja e dinarit shkon n\u00eb Kushtetuese: Disa avokat\u00eb serb\u00eb kan\u00eb p\u00ebrpiluar ankes\u00ebn\",\"isPartOf\":{\"@id\":\"https:\/\/permbledhja.com\/#website\"},\"datePublished\":\"2024-02-20T14:38:07+00:00\",\"dateModified\":\"2024-02-20T14:38:07+00:00\",\"breadcrumb\":{\"@id\":\"https:\/\/permbledhja.com\/ceshtja-e-dinarit-shkon-ne-kushtetuese-disa-avokate-serbe-kane-perpiluar-ankesen\/#breadcrumb\"},\"inLanguage\":\"sq\",\"potentialAction\":[{\"@type\":\"ReadAction\",\"target\":[\"https:\/\/permbledhja.com\/ceshtja-e-dinarit-shkon-ne-kushtetuese-disa-avokate-serbe-kane-perpiluar-ankesen\/\"]}]},{\"@type\":\"BreadcrumbList\",\"@id\":\"https:\/\/permbledhja.com\/ceshtja-e-dinarit-shkon-ne-kushtetuese-disa-avokate-serbe-kane-perpiluar-ankesen\/#breadcrumb\",\"itemListElement\":[{\"@type\":\"ListItem\",\"position\":1,\"name\":\"Ballina\",\"item\":\"https:\/\/permbledhja.com\/sq\/\"},{\"@type\":\"ListItem\",\"position\":2,\"name\":\"\u00c7\u00ebshtja e dinarit shkon n\u00eb Kushtetuese: Disa avokat\u00eb serb\u00eb kan\u00eb p\u00ebrpiluar ankes\u00ebn\"}]},{\"@type\":\"WebSite\",\"@id\":\"https:\/\/permbledhja.com\/#website\",\"url\":\"https:\/\/permbledhja.com\/\",\"name\":\"Ve\u00e7 artikuj p\u00ebrmbledh\u00ebs\",\"description\":\"\",\"publisher\":{\"@id\":\"https:\/\/permbledhja.com\/#organization\"},\"potentialAction\":[{\"@type\":\"SearchAction\",\"target\":{\"@type\":\"EntryPoint\",\"urlTemplate\":\"https:\/\/permbledhja.com\/?s={search_term_string}\"},\"query-input\":\"required name=search_term_string\"}],\"inLanguage\":\"sq\"},{\"@type\":\"Organization\",\"@id\":\"https:\/\/permbledhja.com\/#organization\",\"name\":\"MK Media & Pr\",\"url\":\"https:\/\/permbledhja.com\/\",\"logo\":{\"@type\":\"ImageObject\",\"inLanguage\":\"sq\",\"@id\":\"https:\/\/permbledhja.com\/#\/schema\/logo\/image\/\",\"url\":\"https:\/\/permbledhja.com\/wp-content\/uploads\/2021\/12\/07-Press-Logo.jpg\",\"contentUrl\":\"https:\/\/permbledhja.com\/wp-content\/uploads\/2021\/12\/07-Press-Logo.jpg\",\"width\":512,\"height\":512,\"caption\":\"MK Media & Pr\"},\"image\":{\"@id\":\"https:\/\/permbledhja.com\/#\/schema\/logo\/image\/\"},\"sameAs\":[\"https:\/\/www.facebook.com\/press07\/\"]},{\"@type\":\"Person\",\"@id\":\"https:\/\/permbledhja.com\/#\/schema\/person\/d23f13f59b5722643933d6780783acf3\",\"name\":\"M M\",\"image\":{\"@type\":\"ImageObject\",\"inLanguage\":\"sq\",\"@id\":\"https:\/\/permbledhja.com\/#\/schema\/person\/image\/\",\"url\":\"https:\/\/secure.gravatar.com\/avatar\/e2835a76ca7c31a2416b2d51c4ec9a8f?s=96&d=mm&r=g\",\"contentUrl\":\"https:\/\/secure.gravatar.com\/avatar\/e2835a76ca7c31a2416b2d51c4ec9a8f?s=96&d=mm&r=g\",\"caption\":\"M M\"},\"sameAs\":[\"http:\/\/MM\"],\"url\":\"https:\/\/permbledhja.com\/sq\/author\/muhamet\/\"}]}<\/script>\n<!-- \/ Yoast SEO plugin. -->","yoast_head_json":{"title":"\u00c7\u00ebshtja e dinarit shkon n\u00eb Kushtetuese: Disa avokat\u00eb serb\u00eb kan\u00eb p\u00ebrpiluar ankes\u00ebn","robots":{"index":"index","follow":"follow","max-snippet":"max-snippet:-1","max-image-preview":"max-image-preview:large","max-video-preview":"max-video-preview:-1"},"canonical":"https:\/\/permbledhja.com\/sq\/ceshtja-e-dinarit-shkon-ne-kushtetuese-disa-avokate-serbe-kane-perpiluar-ankesen\/","og_locale":"sq_AL","og_type":"article","og_title":"\u00c7\u00ebshtja e dinarit shkon n\u00eb Kushtetuese: Disa avokat\u00eb serb\u00eb kan\u00eb p\u00ebrpiluar ankes\u00ebn","og_description":"Nj\u00eb grup prej kat\u00ebr avokat\u00ebve serb kan\u00eb dor\u00ebzuar k\u00ebt\u00eb t\u00eb mart\u00eb n\u00eb or\u00ebn 12 nj\u00eb k\u00ebrkes\u00eb n\u00eb Gjykat\u00ebn Kushtetuese t\u00eb Republik\u00ebs s\u00eb Kosov\u00ebs. Avokati nga Gjilani, Vasilije Arsiq, tha se k\u00ebrkesa e tyre ka t\u00eb b\u00ebj\u00eb me Rregulloren e re t\u00eb Bank\u00ebs Qendrore t\u00eb Kosov\u00ebs, p\u00ebr operacione me para t\u00eb gatshme, q\u00eb hyri n\u00eb fuqi [&hellip;]","og_url":"https:\/\/permbledhja.com\/sq\/ceshtja-e-dinarit-shkon-ne-kushtetuese-disa-avokate-serbe-kane-perpiluar-ankesen\/","og_site_name":"Ve\u00e7 artikuj p\u00ebrmbledh\u00ebs","article_publisher":"https:\/\/www.facebook.com\/press07\/","article_published_time":"2024-02-20T14:38:07+00:00","og_image":[{"width":893,"height":536,"url":"https:\/\/permbledhja.com\/wp-content\/uploads\/2024\/02\/dinar-2.png","type":"image\/png"}],"author":"M M","twitter_card":"summary_large_image","twitter_misc":{"Written by":"M M","Est. reading time":"1 minut\u00eb"},"schema":{"@context":"https:\/\/schema.org","@graph":[{"@type":"Article","@id":"https:\/\/permbledhja.com\/ceshtja-e-dinarit-shkon-ne-kushtetuese-disa-avokate-serbe-kane-perpiluar-ankesen\/#article","isPartOf":{"@id":"https:\/\/permbledhja.com\/ceshtja-e-dinarit-shkon-ne-kushtetuese-disa-avokate-serbe-kane-perpiluar-ankesen\/"},"author":{"name":"M M","@id":"https:\/\/permbledhja.com\/#\/schema\/person\/d23f13f59b5722643933d6780783acf3"},"headline":"\u00c7\u00ebshtja e dinarit shkon n\u00eb Kushtetuese: Disa avokat\u00eb serb\u00eb kan\u00eb p\u00ebrpiluar ankes\u00ebn","datePublished":"2024-02-20T14:38:07+00:00","dateModified":"2024-02-20T14:38:07+00:00","mainEntityOfPage":{"@id":"https:\/\/permbledhja.com\/ceshtja-e-dinarit-shkon-ne-kushtetuese-disa-avokate-serbe-kane-perpiluar-ankesen\/"},"wordCount":190,"publisher":{"@id":"https:\/\/permbledhja.com\/#organization"},"keywords":["Dinari"],"articleSection":["T\u00eb r\u00ebnd\u00ebsishme"],"inLanguage":"sq"},{"@type":"WebPage","@id":"https:\/\/permbledhja.com\/ceshtja-e-dinarit-shkon-ne-kushtetuese-disa-avokate-serbe-kane-perpiluar-ankesen\/","url":"https:\/\/permbledhja.com\/ceshtja-e-dinarit-shkon-ne-kushtetuese-disa-avokate-serbe-kane-perpiluar-ankesen\/","name":"\u00c7\u00ebshtja e dinarit shkon n\u00eb Kushtetuese: Disa avokat\u00eb serb\u00eb kan\u00eb p\u00ebrpiluar ankes\u00ebn","isPartOf":{"@id":"https:\/\/permbledhja.com\/#website"},"datePublished":"2024-02-20T14:38:07+00:00","dateModified":"2024-02-20T14:38:07+00:00","breadcrumb":{"@id":"https:\/\/permbledhja.com\/ceshtja-e-dinarit-shkon-ne-kushtetuese-disa-avokate-serbe-kane-perpiluar-ankesen\/#breadcrumb"},"inLanguage":"sq","potentialAction":[{"@type":"ReadAction","target":["https:\/\/permbledhja.com\/ceshtja-e-dinarit-shkon-ne-kushtetuese-disa-avokate-serbe-kane-perpiluar-ankesen\/"]}]},{"@type":"BreadcrumbList","@id":"https:\/\/permbledhja.com\/ceshtja-e-dinarit-shkon-ne-kushtetuese-disa-avokate-serbe-kane-perpiluar-ankesen\/#breadcrumb","itemListElement":[{"@type":"ListItem","position":1,"name":"Ballina","item":"https:\/\/permbledhja.com\/sq\/"},{"@type":"ListItem","position":2,"name":"\u00c7\u00ebshtja e dinarit shkon n\u00eb Kushtetuese: Disa avokat\u00eb serb\u00eb kan\u00eb p\u00ebrpiluar ankes\u00ebn"}]},{"@type":"WebSite","@id":"https:\/\/permbledhja.com\/#website","url":"https:\/\/permbledhja.com\/","name":"Ve\u00e7 artikuj p\u00ebrmbledh\u00ebs","description":"","publisher":{"@id":"https:\/\/permbledhja.com\/#organization"},"potentialAction":[{"@type":"SearchAction","target":{"@type":"EntryPoint","urlTemplate":"https:\/\/permbledhja.com\/?s={search_term_string}"},"query-input":"required name=search_term_string"}],"inLanguage":"sq"},{"@type":"Organization","@id":"https:\/\/permbledhja.com\/#organization","name":"MK Media & Pr","url":"https:\/\/permbledhja.com\/","logo":{"@type":"ImageObject","inLanguage":"sq","@id":"https:\/\/permbledhja.com\/#\/schema\/logo\/image\/","url":"https:\/\/permbledhja.com\/wp-content\/uploads\/2021\/12\/07-Press-Logo.jpg","contentUrl":"https:\/\/permbledhja.com\/wp-content\/uploads\/2021\/12\/07-Press-Logo.jpg","width":512,"height":512,"caption":"MK Media & Pr"},"image":{"@id":"https:\/\/permbledhja.com\/#\/schema\/logo\/image\/"},"sameAs":["https:\/\/www.facebook.com\/press07\/"]},{"@type":"Person","@id":"https:\/\/permbledhja.com\/#\/schema\/person\/d23f13f59b5722643933d6780783acf3","name":"M M","image":{"@type":"ImageObject","inLanguage":"sq","@id":"https:\/\/permbledhja.com\/#\/schema\/person\/image\/","url":"https:\/\/secure.gravatar.com\/avatar\/e2835a76ca7c31a2416b2d51c4ec9a8f?s=96&d=mm&r=g","contentUrl":"https:\/\/secure.gravatar.com\/avatar\/e2835a76ca7c31a2416b2d51c4ec9a8f?s=96&d=mm&r=g","caption":"M M"},"sameAs":["http:\/\/MM"],"url":"https:\/\/permbledhja.com\/sq\/author\/muhamet\/"}]}},"_links":{"self":[{"href":"https:\/\/permbledhja.com\/sq\/wp-json\/wp\/v2\/posts\/49252"}],"collection":[{"href":"https:\/\/permbledhja.com\/sq\/wp-json\/wp\/v2\/posts"}],"about":[{"href":"https:\/\/permbledhja.com\/sq\/wp-json\/wp\/v2\/types\/post"}],"author":[{"embeddable":true,"href":"https:\/\/permbledhja.com\/sq\/wp-json\/wp\/v2\/users\/2"}],"replies":[{"embeddable":true,"href":"https:\/\/permbledhja.com\/sq\/wp-json\/wp\/v2\/comments?post=49252"}],"version-history":[{"count":1,"href":"https:\/\/permbledhja.com\/sq\/wp-json\/wp\/v2\/posts\/49252\/revisions"}],"predecessor-version":[{"id":49254,"href":"https:\/\/permbledhja.com\/sq\/wp-json\/wp\/v2\/posts\/49252\/revisions\/49254"}],"wp:featuredmedia":[{"embeddable":true,"href":"https:\/\/permbledhja.com\/sq\/wp-json\/wp\/v2\/media\/49253"}],"wp:attachment":[{"href":"https:\/\/permbledhja.com\/sq\/wp-json\/wp\/v2\/media?parent=49252"}],"wp:term":[{"taxonomy":"category","embeddable":true,"href":"https:\/\/permbledhja.com\/sq\/wp-json\/wp\/v2\/categories?post=49252"},{"taxonomy":"post_tag","embeddable":true,"href":"https:\/\/permbledhja.com\/sq\/wp-json\/wp\/v2\/tags?post=49252"}],"curies":[{"name":"wp","href":"https:\/\/api.w.org\/{rel}","templated":true}]}}