{"id":49224,"date":"2024-02-20T12:01:28","date_gmt":"2024-02-20T12:01:28","guid":{"rendered":"https:\/\/permbledhja.com\/?p=49224"},"modified":"2024-02-20T12:01:28","modified_gmt":"2024-02-20T12:01:28","slug":"instituti-europian-demaskon-propaganden-serbe-asnje-vezhgues-nderkombetar-spa-spastrim-etnik-te-serbeve-ne-kosove","status":"publish","type":"post","link":"https:\/\/permbledhja.com\/sq\/instituti-europian-demaskon-propaganden-serbe-asnje-vezhgues-nderkombetar-spa-spastrim-etnik-te-serbeve-ne-kosove\/","title":{"rendered":"Instituti europian demaskon propagand\u00ebn serbe: Asnj\u00eb v\u00ebzhgues nd\u00ebrkomb\u00ebtar s\u2019pa \u2018spastrim etnik\u2019 t\u00eb serb\u00ebve n\u00eb Kosov\u00eb"},"content":{"rendered":"<h3>Iniciativa Europiane p\u00ebr Stabilitet (ESI) t, nj\u00eb think-tank k\u00ebrkimor q\u00eb fokusohet n\u00eb Europ\u00ebn Juglindore dhe zgjerimin e Bashkimit Europian, s\u00eb fundi ka dal\u00eb me disa statistika q\u00eb demanton propagand\u00ebn e pushtetit t\u00eb presidentit serb, Aleksandar Vu\u00e7iq, se n\u00eb Kosov\u00eb po kryhet \u201cspastrim etnik ndaj serb\u00ebve\u201d.<\/h3>\n<p>Madje, ESI, q\u00eb ka zyrat n\u00eb Berlin, Bruksel dhe Stamboll, thot\u00eb se s\u2019duhet t\u00eb injorohen deklaratat e tilla t\u00eb krer\u00ebve serb\u00eb p\u00ebr pogrom q\u00eb \u00e7ojn\u00eb m\u00eb pas n\u00eb dhun\u00eb sikur ajo n\u00eb Bansjk\u00eb.<\/p>\n<p>\u200b\u201cM\u00eb 6 korrik 2023, presidenti serb Aleksandar Vu\u00e7iq deklaroi publikisht se NATO dhe OKB kishin kat\u00ebrmb\u00ebdhjet\u00eb dit\u00eb p\u00ebr t\u00eb \u00e7armatosur forcat policore t\u00eb Kosov\u00ebs dhe p\u00ebr t\u00eb mbrojtur serb\u00ebt e Kosov\u00ebs nga \u201cpogromet dhe spastrimi etnik\u201d i vazhduesh\u00ebm i shqiptar\u00ebve. P\u00ebrndryshe, \u201cdikush tjet\u00ebr\u201d do t\u00eb duhej ta b\u00ebnte k\u00ebt\u00eb. Paralajm\u00ebrimet se Serbia mund t\u00eb ket\u00eb nevoj\u00eb t\u00eb d\u00ebrgoj\u00eb trupa n\u00eb Kosov\u00eb p\u00ebr t\u00eb mbrojtur serb\u00ebt nuk jan\u00eb t\u00eb reja. Tashm\u00eb n\u00eb gusht t\u00eb vitit 2018, kur presidenti i Kosov\u00ebs ishte Hashim Tha\u00e7i, presidenti serb Aleksandar Vu\u00e7iq e p\u00ebrshkroi Kosov\u00ebn si nj\u00eb fu\u00e7i baruti: \u201cT\u00eb gjith\u00eb do t\u00eb presin nj\u00eb mund\u00ebsi p\u00ebr t\u00eb goditur tjetrin p\u00ebr t\u00eb arritur nj\u00eb avantazh n\u00eb terren. Dhe \u00e7do dit\u00eb do t\u00eb shqet\u00ebsohemi n\u00ebse do t\u00eb na sulmojn\u00eb n\u00eb veri, ku do t\u00eb na godasin, me mb\u00ebshtetjen e kujt\u2026\u201d Mir\u00ebpo, n\u00eb deklaratat e vitit 2018 argumentohej se n\u00ebse serb\u00ebt sulmohen n\u00eb Kosov\u00eb, Serbia do t\u2019i mbroj\u00eb ata. Q\u00eb nga viti 2023, deklaratat argumentojn\u00eb se serb\u00ebt tani jan\u00eb t\u00eb sulmuar dhe duhet t\u00eb mbrohen\u201d, shkruan ESI.<\/p>\n<p>Gjithashtu, ESI paralajm\u00ebroi n\u00eb fund t\u00eb korrikut 2023 se ky \u00ebsht\u00eb nj\u00eb k\u00ebrc\u00ebnim serioz p\u00ebr paqen n\u00eb Ballkan.<\/p>\n<p>\u201cDisa muaj m\u00eb von\u00eb, paramilitar\u00ebt serb\u00eb sulmuan policin\u00eb e Kosov\u00ebs n\u00eb veri t\u00eb Kosov\u00ebs. \u00cbsht\u00eb koha p\u00ebr t\u00eb marr\u00eb seriozisht at\u00eb q\u00eb po thuhet aktualisht nga politikan\u00ebt n\u00eb Beograd. N\u00ebse shpiken pogrome, at\u00ebher\u00eb pason dhuna. N\u00ebse k\u00ebto pretendime t\u00eb rreme nuk kund\u00ebrshtohen, situata do t\u00eb p\u00ebrshkall\u00ebzohet m\u00eb tej\u201d.<\/p>\n<p>Ky institut k\u00ebrkimor thot\u00eb se nuk duhet t\u00eb jet\u00eb e v\u00ebshtir\u00eb p\u00ebr organizatat nd\u00ebrkomb\u00ebtare t\u00eb hedhin posht\u00eb pretendimet e rreme, mashtruese dhe t\u00eb rrezikshme p\u00ebr masakrat imagjinare sa her\u00eb q\u00eb ato b\u00ebhen.<\/p>\n<p>\u201cAsnj\u00eb nga v\u00ebzhguesit e shumt\u00eb nd\u00ebrkomb\u00ebtar\u00eb me staf n\u00eb terren n\u00eb Kosov\u00eb \u2013 nga KFOR-i te EULEX-i, Misioni i BE-s\u00eb p\u00ebr Sundimin e Ligjit, nga UNMIK-u te OSBE-ja \u2013 nuk ka par\u00eb apo p\u00ebrshkruar \u201cspastrimin etnik t\u00eb serb\u00ebve\u201d apo \u201cterrorin\u201d shqiptar n\u00eb vitet e fundit n\u00eb \u00e7do raport t\u00eb tyre t\u00eb bollsh\u00ebm. Por mungesa e provave nuk i ka ndalur pretendimet ndez\u00ebse\u201d.<\/p>\n<p>ESI thot\u00eb se nj\u00eb nga mjetet q\u00eb propaganda serbe ka p\u00ebrdorur jan\u00eb edhe statistikat.<\/p>\n<p>\u201cM\u00eb 5 tetor 2023, presidenti Vu\u00e7iq shpjegoi se, si rezultat i \u201cterrorit shqiptar\u201d, 11 p\u00ebr qind e serb\u00ebve t\u00eb Kosov\u00ebs ishin larguar nga Kosova q\u00eb nga fillimi i vitit 2021. M\u00eb 8 shkurt 2024, duke folur n\u00eb K\u00ebshillin e Sigurimit t\u00eb OKB-s\u00eb, Vu\u00e7iq iu referua \u201c14 p\u00ebr qind\u201d t\u00eb serb\u00ebve t\u00eb Kosov\u00ebs q\u00eb ishin larguar p\u00ebr vet\u00ebm nj\u00eb vit\u201d.<\/p>\n<p>ESI thot\u00eb se nuk \u00ebsht\u00eb ofruar asnj\u00eb prov\u00eb p\u00ebr pogromet e supozuara, dhun\u00ebn sistematike apo \u201cspastrimin etnik\u201d t\u00eb supozuar n\u00eb vitet e fundit.<\/p>\n<p>\u201cPor \u00e7\u2019t\u00eb themi p\u00ebr provat p\u00ebr k\u00ebto shifra q\u00eb presidenti Vu\u00e7iq dhe t\u00eb tjer\u00ebt kan\u00eb cituar? \u00c7far\u00eb zbulojn\u00eb ata? \u00c7far\u00eb dim\u00eb v\u00ebrtet?\u201d, thot\u00eb ESI, duke publikuar nj\u00eb raport t\u00eb t\u00ebr\u00eb me shifra q\u00eb demantojn\u00eb at\u00eb q\u00eb thot\u00eb Vu\u00e7iq dhe vart\u00ebsit e tij.<\/p>\n","protected":false},"excerpt":{"rendered":"<p>Iniciativa Europiane p\u00ebr Stabilitet (ESI) t, nj\u00eb think-tank k\u00ebrkimor q\u00eb fokusohet n\u00eb Europ\u00ebn Juglindore dhe zgjerimin e Bashkimit Europian, s\u00eb fundi ka dal\u00eb me disa statistika q\u00eb demanton propagand\u00ebn e pushtetit t\u00eb presidentit serb, Aleksandar Vu\u00e7iq, se n\u00eb Kosov\u00eb po kryhet \u201cspastrim etnik ndaj serb\u00ebve\u201d. Madje, ESI, q\u00eb ka zyrat n\u00eb Berlin, Bruksel dhe Stamboll, [&hellip;]<\/p>\n","protected":false},"author":2,"featured_media":49225,"comment_status":"closed","ping_status":"closed","sticky":false,"template":"","format":"standard","meta":{"_monsterinsights_skip_tracking":false,"_monsterinsights_sitenote_active":false,"_monsterinsights_sitenote_note":"","_monsterinsights_sitenote_category":0,"_uf_show_specific_survey":0,"_uf_disable_surveys":false,"footnotes":""},"categories":[1146],"tags":[],"yoast_head":"<!-- This site is optimized with the Yoast SEO plugin v21.5 - https:\/\/yoast.com\/wordpress\/plugins\/seo\/ -->\n<title>Instituti europian demaskon propagand\u00ebn serbe: Asnj\u00eb v\u00ebzhgues nd\u00ebrkomb\u00ebtar s\u2019pa \u2018spastrim etnik\u2019 t\u00eb serb\u00ebve n\u00eb Kosov\u00eb<\/title>\n<meta name=\"robots\" content=\"index, follow, max-snippet:-1, max-image-preview:large, max-video-preview:-1\" \/>\n<link rel=\"canonical\" href=\"https:\/\/permbledhja.com\/sq\/instituti-europian-demaskon-propaganden-serbe-asnje-vezhgues-nderkombetar-spa-spastrim-etnik-te-serbeve-ne-kosove\/\" \/>\n<meta property=\"og:locale\" content=\"sq_AL\" \/>\n<meta property=\"og:type\" content=\"article\" \/>\n<meta property=\"og:title\" content=\"Instituti europian demaskon propagand\u00ebn serbe: Asnj\u00eb v\u00ebzhgues nd\u00ebrkomb\u00ebtar s\u2019pa \u2018spastrim etnik\u2019 t\u00eb serb\u00ebve n\u00eb Kosov\u00eb\" \/>\n<meta property=\"og:description\" content=\"Iniciativa Europiane p\u00ebr Stabilitet (ESI) t, nj\u00eb think-tank k\u00ebrkimor q\u00eb fokusohet n\u00eb Europ\u00ebn Juglindore dhe zgjerimin e Bashkimit Europian, s\u00eb fundi ka dal\u00eb me disa statistika q\u00eb demanton propagand\u00ebn e pushtetit t\u00eb presidentit serb, Aleksandar Vu\u00e7iq, se n\u00eb Kosov\u00eb po kryhet \u201cspastrim etnik ndaj serb\u00ebve\u201d. Madje, ESI, q\u00eb ka zyrat n\u00eb Berlin, Bruksel dhe Stamboll, [&hellip;]\" \/>\n<meta property=\"og:url\" content=\"https:\/\/permbledhja.com\/sq\/instituti-europian-demaskon-propaganden-serbe-asnje-vezhgues-nderkombetar-spa-spastrim-etnik-te-serbeve-ne-kosove\/\" \/>\n<meta property=\"og:site_name\" content=\"Ve\u00e7 artikuj p\u00ebrmbledh\u00ebs\" \/>\n<meta property=\"article:publisher\" content=\"https:\/\/www.facebook.com\/press07\/\" \/>\n<meta property=\"article:published_time\" content=\"2024-02-20T12:01:28+00:00\" \/>\n<meta property=\"og:image\" content=\"https:\/\/permbledhja.com\/wp-content\/uploads\/2024\/02\/0-2.png\" \/>\n\t<meta property=\"og:image:width\" content=\"900\" \/>\n\t<meta property=\"og:image:height\" content=\"507\" \/>\n\t<meta property=\"og:image:type\" content=\"image\/png\" \/>\n<meta name=\"author\" content=\"M M\" \/>\n<meta name=\"twitter:card\" content=\"summary_large_image\" \/>\n<meta name=\"twitter:label1\" content=\"Written by\" \/>\n\t<meta name=\"twitter:data1\" content=\"M M\" \/>\n\t<meta name=\"twitter:label2\" content=\"Est. reading time\" \/>\n\t<meta name=\"twitter:data2\" content=\"3 minuta\" \/>\n<script type=\"application\/ld+json\" class=\"yoast-schema-graph\">{\"@context\":\"https:\/\/schema.org\",\"@graph\":[{\"@type\":\"Article\",\"@id\":\"https:\/\/permbledhja.com\/sq\/instituti-europian-demaskon-propaganden-serbe-asnje-vezhgues-nderkombetar-spa-spastrim-etnik-te-serbeve-ne-kosove\/#article\",\"isPartOf\":{\"@id\":\"https:\/\/permbledhja.com\/sq\/instituti-europian-demaskon-propaganden-serbe-asnje-vezhgues-nderkombetar-spa-spastrim-etnik-te-serbeve-ne-kosove\/\"},\"author\":{\"name\":\"M M\",\"@id\":\"https:\/\/permbledhja.com\/#\/schema\/person\/d23f13f59b5722643933d6780783acf3\"},\"headline\":\"Instituti europian demaskon propagand\u00ebn serbe: Asnj\u00eb v\u00ebzhgues nd\u00ebrkomb\u00ebtar s\u2019pa \u2018spastrim etnik\u2019 t\u00eb serb\u00ebve n\u00eb Kosov\u00eb\",\"datePublished\":\"2024-02-20T12:01:28+00:00\",\"dateModified\":\"2024-02-20T12:01:28+00:00\",\"mainEntityOfPage\":{\"@id\":\"https:\/\/permbledhja.com\/sq\/instituti-europian-demaskon-propaganden-serbe-asnje-vezhgues-nderkombetar-spa-spastrim-etnik-te-serbeve-ne-kosove\/\"},\"wordCount\":649,\"publisher\":{\"@id\":\"https:\/\/permbledhja.com\/#organization\"},\"articleSection\":[\"Kryesoret\"],\"inLanguage\":\"sq\"},{\"@type\":\"WebPage\",\"@id\":\"https:\/\/permbledhja.com\/sq\/instituti-europian-demaskon-propaganden-serbe-asnje-vezhgues-nderkombetar-spa-spastrim-etnik-te-serbeve-ne-kosove\/\",\"url\":\"https:\/\/permbledhja.com\/sq\/instituti-europian-demaskon-propaganden-serbe-asnje-vezhgues-nderkombetar-spa-spastrim-etnik-te-serbeve-ne-kosove\/\",\"name\":\"Instituti europian demaskon propagand\u00ebn serbe: Asnj\u00eb v\u00ebzhgues nd\u00ebrkomb\u00ebtar s\u2019pa \u2018spastrim etnik\u2019 t\u00eb serb\u00ebve n\u00eb Kosov\u00eb\",\"isPartOf\":{\"@id\":\"https:\/\/permbledhja.com\/#website\"},\"datePublished\":\"2024-02-20T12:01:28+00:00\",\"dateModified\":\"2024-02-20T12:01:28+00:00\",\"breadcrumb\":{\"@id\":\"https:\/\/permbledhja.com\/sq\/instituti-europian-demaskon-propaganden-serbe-asnje-vezhgues-nderkombetar-spa-spastrim-etnik-te-serbeve-ne-kosove\/#breadcrumb\"},\"inLanguage\":\"sq\",\"potentialAction\":[{\"@type\":\"ReadAction\",\"target\":[\"https:\/\/permbledhja.com\/sq\/instituti-europian-demaskon-propaganden-serbe-asnje-vezhgues-nderkombetar-spa-spastrim-etnik-te-serbeve-ne-kosove\/\"]}]},{\"@type\":\"BreadcrumbList\",\"@id\":\"https:\/\/permbledhja.com\/sq\/instituti-europian-demaskon-propaganden-serbe-asnje-vezhgues-nderkombetar-spa-spastrim-etnik-te-serbeve-ne-kosove\/#breadcrumb\",\"itemListElement\":[{\"@type\":\"ListItem\",\"position\":1,\"name\":\"Ballina\",\"item\":\"https:\/\/permbledhja.com\/sq\/\"},{\"@type\":\"ListItem\",\"position\":2,\"name\":\"Instituti europian demaskon propagand\u00ebn serbe: Asnj\u00eb v\u00ebzhgues nd\u00ebrkomb\u00ebtar s\u2019pa \u2018spastrim etnik\u2019 t\u00eb serb\u00ebve n\u00eb Kosov\u00eb\"}]},{\"@type\":\"WebSite\",\"@id\":\"https:\/\/permbledhja.com\/#website\",\"url\":\"https:\/\/permbledhja.com\/\",\"name\":\"Ve\u00e7 artikuj p\u00ebrmbledh\u00ebs\",\"description\":\"\",\"publisher\":{\"@id\":\"https:\/\/permbledhja.com\/#organization\"},\"potentialAction\":[{\"@type\":\"SearchAction\",\"target\":{\"@type\":\"EntryPoint\",\"urlTemplate\":\"https:\/\/permbledhja.com\/?s={search_term_string}\"},\"query-input\":\"required name=search_term_string\"}],\"inLanguage\":\"sq\"},{\"@type\":\"Organization\",\"@id\":\"https:\/\/permbledhja.com\/#organization\",\"name\":\"MK Media & Pr\",\"url\":\"https:\/\/permbledhja.com\/\",\"logo\":{\"@type\":\"ImageObject\",\"inLanguage\":\"sq\",\"@id\":\"https:\/\/permbledhja.com\/#\/schema\/logo\/image\/\",\"url\":\"https:\/\/permbledhja.com\/wp-content\/uploads\/2021\/12\/07-Press-Logo.jpg\",\"contentUrl\":\"https:\/\/permbledhja.com\/wp-content\/uploads\/2021\/12\/07-Press-Logo.jpg\",\"width\":512,\"height\":512,\"caption\":\"MK Media & Pr\"},\"image\":{\"@id\":\"https:\/\/permbledhja.com\/#\/schema\/logo\/image\/\"},\"sameAs\":[\"https:\/\/www.facebook.com\/press07\/\"]},{\"@type\":\"Person\",\"@id\":\"https:\/\/permbledhja.com\/#\/schema\/person\/d23f13f59b5722643933d6780783acf3\",\"name\":\"M M\",\"image\":{\"@type\":\"ImageObject\",\"inLanguage\":\"sq\",\"@id\":\"https:\/\/permbledhja.com\/#\/schema\/person\/image\/\",\"url\":\"https:\/\/secure.gravatar.com\/avatar\/e2835a76ca7c31a2416b2d51c4ec9a8f?s=96&d=mm&r=g\",\"contentUrl\":\"https:\/\/secure.gravatar.com\/avatar\/e2835a76ca7c31a2416b2d51c4ec9a8f?s=96&d=mm&r=g\",\"caption\":\"M M\"},\"sameAs\":[\"http:\/\/MM\"],\"url\":\"https:\/\/permbledhja.com\/sq\/author\/muhamet\/\"}]}<\/script>\n<!-- \/ Yoast SEO plugin. -->","yoast_head_json":{"title":"Instituti europian demaskon propagand\u00ebn serbe: Asnj\u00eb v\u00ebzhgues nd\u00ebrkomb\u00ebtar s\u2019pa \u2018spastrim etnik\u2019 t\u00eb serb\u00ebve n\u00eb Kosov\u00eb","robots":{"index":"index","follow":"follow","max-snippet":"max-snippet:-1","max-image-preview":"max-image-preview:large","max-video-preview":"max-video-preview:-1"},"canonical":"https:\/\/permbledhja.com\/sq\/instituti-europian-demaskon-propaganden-serbe-asnje-vezhgues-nderkombetar-spa-spastrim-etnik-te-serbeve-ne-kosove\/","og_locale":"sq_AL","og_type":"article","og_title":"Instituti europian demaskon propagand\u00ebn serbe: Asnj\u00eb v\u00ebzhgues nd\u00ebrkomb\u00ebtar s\u2019pa \u2018spastrim etnik\u2019 t\u00eb serb\u00ebve n\u00eb Kosov\u00eb","og_description":"Iniciativa Europiane p\u00ebr Stabilitet (ESI) t, nj\u00eb think-tank k\u00ebrkimor q\u00eb fokusohet n\u00eb Europ\u00ebn Juglindore dhe zgjerimin e Bashkimit Europian, s\u00eb fundi ka dal\u00eb me disa statistika q\u00eb demanton propagand\u00ebn e pushtetit t\u00eb presidentit serb, Aleksandar Vu\u00e7iq, se n\u00eb Kosov\u00eb po kryhet \u201cspastrim etnik ndaj serb\u00ebve\u201d. Madje, ESI, q\u00eb ka zyrat n\u00eb Berlin, Bruksel dhe Stamboll, [&hellip;]","og_url":"https:\/\/permbledhja.com\/sq\/instituti-europian-demaskon-propaganden-serbe-asnje-vezhgues-nderkombetar-spa-spastrim-etnik-te-serbeve-ne-kosove\/","og_site_name":"Ve\u00e7 artikuj p\u00ebrmbledh\u00ebs","article_publisher":"https:\/\/www.facebook.com\/press07\/","article_published_time":"2024-02-20T12:01:28+00:00","og_image":[{"width":900,"height":507,"url":"https:\/\/permbledhja.com\/wp-content\/uploads\/2024\/02\/0-2.png","type":"image\/png"}],"author":"M M","twitter_card":"summary_large_image","twitter_misc":{"Written by":"M M","Est. reading time":"3 minuta"},"schema":{"@context":"https:\/\/schema.org","@graph":[{"@type":"Article","@id":"https:\/\/permbledhja.com\/sq\/instituti-europian-demaskon-propaganden-serbe-asnje-vezhgues-nderkombetar-spa-spastrim-etnik-te-serbeve-ne-kosove\/#article","isPartOf":{"@id":"https:\/\/permbledhja.com\/sq\/instituti-europian-demaskon-propaganden-serbe-asnje-vezhgues-nderkombetar-spa-spastrim-etnik-te-serbeve-ne-kosove\/"},"author":{"name":"M M","@id":"https:\/\/permbledhja.com\/#\/schema\/person\/d23f13f59b5722643933d6780783acf3"},"headline":"Instituti europian demaskon propagand\u00ebn serbe: Asnj\u00eb v\u00ebzhgues nd\u00ebrkomb\u00ebtar s\u2019pa \u2018spastrim etnik\u2019 t\u00eb serb\u00ebve n\u00eb Kosov\u00eb","datePublished":"2024-02-20T12:01:28+00:00","dateModified":"2024-02-20T12:01:28+00:00","mainEntityOfPage":{"@id":"https:\/\/permbledhja.com\/sq\/instituti-europian-demaskon-propaganden-serbe-asnje-vezhgues-nderkombetar-spa-spastrim-etnik-te-serbeve-ne-kosove\/"},"wordCount":649,"publisher":{"@id":"https:\/\/permbledhja.com\/#organization"},"articleSection":["Kryesoret"],"inLanguage":"sq"},{"@type":"WebPage","@id":"https:\/\/permbledhja.com\/sq\/instituti-europian-demaskon-propaganden-serbe-asnje-vezhgues-nderkombetar-spa-spastrim-etnik-te-serbeve-ne-kosove\/","url":"https:\/\/permbledhja.com\/sq\/instituti-europian-demaskon-propaganden-serbe-asnje-vezhgues-nderkombetar-spa-spastrim-etnik-te-serbeve-ne-kosove\/","name":"Instituti europian demaskon propagand\u00ebn serbe: Asnj\u00eb v\u00ebzhgues nd\u00ebrkomb\u00ebtar s\u2019pa \u2018spastrim etnik\u2019 t\u00eb serb\u00ebve n\u00eb Kosov\u00eb","isPartOf":{"@id":"https:\/\/permbledhja.com\/#website"},"datePublished":"2024-02-20T12:01:28+00:00","dateModified":"2024-02-20T12:01:28+00:00","breadcrumb":{"@id":"https:\/\/permbledhja.com\/sq\/instituti-europian-demaskon-propaganden-serbe-asnje-vezhgues-nderkombetar-spa-spastrim-etnik-te-serbeve-ne-kosove\/#breadcrumb"},"inLanguage":"sq","potentialAction":[{"@type":"ReadAction","target":["https:\/\/permbledhja.com\/sq\/instituti-europian-demaskon-propaganden-serbe-asnje-vezhgues-nderkombetar-spa-spastrim-etnik-te-serbeve-ne-kosove\/"]}]},{"@type":"BreadcrumbList","@id":"https:\/\/permbledhja.com\/sq\/instituti-europian-demaskon-propaganden-serbe-asnje-vezhgues-nderkombetar-spa-spastrim-etnik-te-serbeve-ne-kosove\/#breadcrumb","itemListElement":[{"@type":"ListItem","position":1,"name":"Ballina","item":"https:\/\/permbledhja.com\/sq\/"},{"@type":"ListItem","position":2,"name":"Instituti europian demaskon propagand\u00ebn serbe: Asnj\u00eb v\u00ebzhgues nd\u00ebrkomb\u00ebtar s\u2019pa \u2018spastrim etnik\u2019 t\u00eb serb\u00ebve n\u00eb Kosov\u00eb"}]},{"@type":"WebSite","@id":"https:\/\/permbledhja.com\/#website","url":"https:\/\/permbledhja.com\/","name":"Ve\u00e7 artikuj p\u00ebrmbledh\u00ebs","description":"","publisher":{"@id":"https:\/\/permbledhja.com\/#organization"},"potentialAction":[{"@type":"SearchAction","target":{"@type":"EntryPoint","urlTemplate":"https:\/\/permbledhja.com\/?s={search_term_string}"},"query-input":"required name=search_term_string"}],"inLanguage":"sq"},{"@type":"Organization","@id":"https:\/\/permbledhja.com\/#organization","name":"MK Media & Pr","url":"https:\/\/permbledhja.com\/","logo":{"@type":"ImageObject","inLanguage":"sq","@id":"https:\/\/permbledhja.com\/#\/schema\/logo\/image\/","url":"https:\/\/permbledhja.com\/wp-content\/uploads\/2021\/12\/07-Press-Logo.jpg","contentUrl":"https:\/\/permbledhja.com\/wp-content\/uploads\/2021\/12\/07-Press-Logo.jpg","width":512,"height":512,"caption":"MK Media & Pr"},"image":{"@id":"https:\/\/permbledhja.com\/#\/schema\/logo\/image\/"},"sameAs":["https:\/\/www.facebook.com\/press07\/"]},{"@type":"Person","@id":"https:\/\/permbledhja.com\/#\/schema\/person\/d23f13f59b5722643933d6780783acf3","name":"M M","image":{"@type":"ImageObject","inLanguage":"sq","@id":"https:\/\/permbledhja.com\/#\/schema\/person\/image\/","url":"https:\/\/secure.gravatar.com\/avatar\/e2835a76ca7c31a2416b2d51c4ec9a8f?s=96&d=mm&r=g","contentUrl":"https:\/\/secure.gravatar.com\/avatar\/e2835a76ca7c31a2416b2d51c4ec9a8f?s=96&d=mm&r=g","caption":"M M"},"sameAs":["http:\/\/MM"],"url":"https:\/\/permbledhja.com\/sq\/author\/muhamet\/"}]}},"_links":{"self":[{"href":"https:\/\/permbledhja.com\/sq\/wp-json\/wp\/v2\/posts\/49224"}],"collection":[{"href":"https:\/\/permbledhja.com\/sq\/wp-json\/wp\/v2\/posts"}],"about":[{"href":"https:\/\/permbledhja.com\/sq\/wp-json\/wp\/v2\/types\/post"}],"author":[{"embeddable":true,"href":"https:\/\/permbledhja.com\/sq\/wp-json\/wp\/v2\/users\/2"}],"replies":[{"embeddable":true,"href":"https:\/\/permbledhja.com\/sq\/wp-json\/wp\/v2\/comments?post=49224"}],"version-history":[{"count":1,"href":"https:\/\/permbledhja.com\/sq\/wp-json\/wp\/v2\/posts\/49224\/revisions"}],"predecessor-version":[{"id":49228,"href":"https:\/\/permbledhja.com\/sq\/wp-json\/wp\/v2\/posts\/49224\/revisions\/49228"}],"wp:featuredmedia":[{"embeddable":true,"href":"https:\/\/permbledhja.com\/sq\/wp-json\/wp\/v2\/media\/49225"}],"wp:attachment":[{"href":"https:\/\/permbledhja.com\/sq\/wp-json\/wp\/v2\/media?parent=49224"}],"wp:term":[{"taxonomy":"category","embeddable":true,"href":"https:\/\/permbledhja.com\/sq\/wp-json\/wp\/v2\/categories?post=49224"},{"taxonomy":"post_tag","embeddable":true,"href":"https:\/\/permbledhja.com\/sq\/wp-json\/wp\/v2\/tags?post=49224"}],"curies":[{"name":"wp","href":"https:\/\/api.w.org\/{rel}","templated":true}]}}