{"id":49133,"date":"2024-02-19T22:39:00","date_gmt":"2024-02-19T22:39:00","guid":{"rendered":"https:\/\/permbledhja.com\/?p=49133"},"modified":"2024-02-19T22:39:00","modified_gmt":"2024-02-19T22:39:00","slug":"haziri-do-te-kete-pako-te-dyte-te-masave-ndeshkuese-ndaj-kosoves-per-mosmbajtje-te-fjales","status":"publish","type":"post","link":"https:\/\/permbledhja.com\/sq\/haziri-do-te-kete-pako-te-dyte-te-masave-ndeshkuese-ndaj-kosoves-per-mosmbajtje-te-fjales\/","title":{"rendered":"Haziri: Do t\u00eb ket\u00eb pako t\u00eb dyt\u00eb t\u00eb masave nd\u00ebshkuese ndaj Kosov\u00ebs p\u00ebr mosmbajtje t\u00eb fjal\u00ebs"},"content":{"rendered":"<h3>N\u00ebnkryetari i Lidhjes Demokratike t\u00eb Kosov\u00ebs, Lutfi Haziri, duke komentuar raportet e Kosov\u00ebs me aleat\u00ebt nd\u00ebrkomb\u00ebtar\u00eb sidomos pas vendimeve t\u00eb fundit t\u00eb Qeveris\u00eb p\u00ebr \u00e7\u00ebshtjen e dinarit, tha se Bashkimi Evropian e ka vendos\u00eb Kosov\u00ebn n\u00eb marr\u00ebdh\u00ebnie t\u00eb kufizuara, derisa Shtetet e Bashkuara t\u00eb Amerik\u00ebs kan\u00eb kufizuar funksionar\u00ebt qeveritar\u00eb.<\/h3>\n<p>Haziri tha se aleat\u00ebt nd\u00ebrkomb\u00ebtar\u00eb tashm\u00eb jan\u00eb duke pa mund\u00ebsin\u00eb n\u00ebse do t\u00eb ket\u00eb zhvillime pozitive nga ana e Kosov\u00ebs n\u00eb jav\u00ebt n\u00eb vazhdim, pasi sipas Hazirit n\u00ebse ndodh e kund\u00ebrta at\u00ebher\u00eb do t\u00eb hyjn\u00eb n\u00eb fuqi pakoja e dyt\u00eb e masave nd\u00ebshkuese p\u00ebr Kosov\u00ebn.<\/p>\n<p>\u201cDiplomacia amerikane dhe BE-ja n\u00eb raport me Kosov\u00ebn me i ndryshu raportet BE-ja i ka ngrii apo e ka vendos\u00eb Kosov\u00ebn n\u00eb marr\u00ebdh\u00ebnie t\u00eb kufizuara, nd\u00ebrsa SHBA-ja ka suspendu pjes\u00ebmarrjen e FSK-s\u00eb n\u00eb manovr\u00ebn m\u00eb t\u00eb madhe ushtarake, ka kufizu funkisionar\u00ebt qeveritar\u00eb\u201d.<\/p>\n<p>\u201cE mira \u00ebsht\u00eb q\u00eb nuk ka d\u00ebnime kolektive, p\u00ebrkund\u00ebr q\u00eb evropian\u00ebt un\u00eb besoj shum\u00eb q\u00eb jan\u00eb tu e pa mund\u00ebsin\u00eb, n\u00ebse nuk ka zhvillim brenda jav\u00ebve t\u00eb ardhshme, q\u00eb \u00ebsht\u00eb konfirmu nga presidenti francez q\u00eb \u00ebsht\u00eb nj\u00ebri nga treshja e madhe evropiane se nivel m\u00eb t\u00eb lart\u00eb nuk ka BE-ja kur hyn kancelari gjerman, presidenti francez dhe kryeministrja italiane at\u00ebher\u00eb p\u00ebr mosmbajtje t\u00eb fjal\u00ebs, p\u00ebr mosmbajtje t\u00eb premtimit nga takimi i fundit n\u00eb Bruksel dhe nga Samiti i BE-s\u00eb n\u00eb Moldavi ku jan\u00eb vendos kushtet p\u00ebr largimin e masave ndaj Kosov\u00ebs, at\u00ebher\u00eb hyn\u00eb n\u00eb fuqi pakoja e dyt\u00eb\u201d, tha n\u00ebnkryetari i LDK-s\u00eb n\u00eb T\u00ebv\u00eb1.<\/p>\n<p>M\u00eb tej, Haziri tha se si LDK p\u00ebr tre muaj kan\u00eb qen\u00eb dy her\u00eb n\u00eb Washington dhe Bruksel p\u00ebr si\u00e7 tha ai, \u201cta ndihmuar Kosov\u00ebn nga largimi i masave nd\u00ebshkuese\u201d.<\/p>\n<p>\u201cNe kemi marr\u00ebdh\u00ebnie t\u00eb mira me partner\u00ebt jemi n\u00eb opozit\u00eb por asnj\u00eb lloj krize q\u00eb e ka qeveria sot nuk reflektohet te ne. P\u00ebr k\u00ebta tre muaj kemi qen\u00eb dy her\u00eb n\u00eb Washington dhe n\u00eb Bruksel dhe n\u00eb takime t\u00eb tjera dhe me th\u00ebn\u00eb t\u00eb drejt\u00ebn q\u00ebllimi kryesor\u00eb ka qen\u00eb q\u00eb me ndihmu Kosov\u00ebn nga largimi i masave nd\u00ebshkuese. Ne jemi duke e ndihmu dhe nuk jemi duke k\u00ebrkuar fal\u00ebnderim\u201d, shtoi Haziri.<\/p>\n","protected":false},"excerpt":{"rendered":"<p>N\u00ebnkryetari i Lidhjes Demokratike t\u00eb Kosov\u00ebs, Lutfi Haziri, duke komentuar raportet e Kosov\u00ebs me aleat\u00ebt nd\u00ebrkomb\u00ebtar\u00eb sidomos pas vendimeve t\u00eb fundit t\u00eb Qeveris\u00eb p\u00ebr \u00e7\u00ebshtjen e dinarit, tha se Bashkimi Evropian e ka vendos\u00eb Kosov\u00ebn n\u00eb marr\u00ebdh\u00ebnie t\u00eb kufizuara, derisa Shtetet e Bashkuara t\u00eb Amerik\u00ebs kan\u00eb kufizuar funksionar\u00ebt qeveritar\u00eb. Haziri tha se aleat\u00ebt nd\u00ebrkomb\u00ebtar\u00eb tashm\u00eb [&hellip;]<\/p>\n","protected":false},"author":5,"featured_media":49134,"comment_status":"closed","ping_status":"closed","sticky":false,"template":"","format":"standard","meta":{"_monsterinsights_skip_tracking":false,"_monsterinsights_sitenote_active":false,"_monsterinsights_sitenote_note":"","_monsterinsights_sitenote_category":0,"_uf_show_specific_survey":0,"_uf_disable_surveys":false,"footnotes":""},"categories":[1146],"tags":[],"yoast_head":"<!-- This site is optimized with the Yoast SEO plugin v21.5 - https:\/\/yoast.com\/wordpress\/plugins\/seo\/ -->\n<title>Haziri: Do t\u00eb ket\u00eb pako t\u00eb dyt\u00eb t\u00eb masave nd\u00ebshkuese ndaj Kosov\u00ebs p\u00ebr mosmbajtje t\u00eb fjal\u00ebs<\/title>\n<meta name=\"robots\" content=\"index, follow, max-snippet:-1, max-image-preview:large, max-video-preview:-1\" \/>\n<link rel=\"canonical\" href=\"https:\/\/permbledhja.com\/sq\/haziri-do-te-kete-pako-te-dyte-te-masave-ndeshkuese-ndaj-kosoves-per-mosmbajtje-te-fjales\/\" \/>\n<meta property=\"og:locale\" content=\"sq_AL\" \/>\n<meta property=\"og:type\" content=\"article\" \/>\n<meta property=\"og:title\" content=\"Haziri: Do t\u00eb ket\u00eb pako t\u00eb dyt\u00eb t\u00eb masave nd\u00ebshkuese ndaj Kosov\u00ebs p\u00ebr mosmbajtje t\u00eb fjal\u00ebs\" \/>\n<meta property=\"og:description\" content=\"N\u00ebnkryetari i Lidhjes Demokratike t\u00eb Kosov\u00ebs, Lutfi Haziri, duke komentuar raportet e Kosov\u00ebs me aleat\u00ebt nd\u00ebrkomb\u00ebtar\u00eb sidomos pas vendimeve t\u00eb fundit t\u00eb Qeveris\u00eb p\u00ebr \u00e7\u00ebshtjen e dinarit, tha se Bashkimi Evropian e ka vendos\u00eb Kosov\u00ebn n\u00eb marr\u00ebdh\u00ebnie t\u00eb kufizuara, derisa Shtetet e Bashkuara t\u00eb Amerik\u00ebs kan\u00eb kufizuar funksionar\u00ebt qeveritar\u00eb. Haziri tha se aleat\u00ebt nd\u00ebrkomb\u00ebtar\u00eb tashm\u00eb [&hellip;]\" \/>\n<meta property=\"og:url\" content=\"https:\/\/permbledhja.com\/sq\/haziri-do-te-kete-pako-te-dyte-te-masave-ndeshkuese-ndaj-kosoves-per-mosmbajtje-te-fjales\/\" \/>\n<meta property=\"og:site_name\" content=\"Ve\u00e7 artikuj p\u00ebrmbledh\u00ebs\" \/>\n<meta property=\"article:publisher\" content=\"https:\/\/www.facebook.com\/press07\/\" \/>\n<meta property=\"article:published_time\" content=\"2024-02-19T22:39:00+00:00\" \/>\n<meta property=\"og:image\" content=\"https:\/\/permbledhja.com\/wp-content\/uploads\/2024\/02\/haziri-1.jpg\" \/>\n\t<meta property=\"og:image:width\" content=\"1600\" \/>\n\t<meta property=\"og:image:height\" content=\"1050\" \/>\n\t<meta property=\"og:image:type\" content=\"image\/jpeg\" \/>\n<meta name=\"author\" content=\"DL\" \/>\n<meta name=\"twitter:card\" content=\"summary_large_image\" \/>\n<meta name=\"twitter:label1\" content=\"Written by\" \/>\n\t<meta name=\"twitter:data1\" content=\"DL\" \/>\n\t<meta name=\"twitter:label2\" content=\"Est. reading time\" \/>\n\t<meta name=\"twitter:data2\" content=\"2 minuta\" \/>\n<script type=\"application\/ld+json\" class=\"yoast-schema-graph\">{\"@context\":\"https:\/\/schema.org\",\"@graph\":[{\"@type\":\"Article\",\"@id\":\"https:\/\/permbledhja.com\/haziri-do-te-kete-pako-te-dyte-te-masave-ndeshkuese-ndaj-kosoves-per-mosmbajtje-te-fjales\/#article\",\"isPartOf\":{\"@id\":\"https:\/\/permbledhja.com\/haziri-do-te-kete-pako-te-dyte-te-masave-ndeshkuese-ndaj-kosoves-per-mosmbajtje-te-fjales\/\"},\"author\":{\"name\":\"DL\",\"@id\":\"https:\/\/permbledhja.com\/#\/schema\/person\/9c54260cbc4c6f792cb100550491638c\"},\"headline\":\"Haziri: Do t\u00eb ket\u00eb pako t\u00eb dyt\u00eb t\u00eb masave nd\u00ebshkuese ndaj Kosov\u00ebs p\u00ebr mosmbajtje t\u00eb fjal\u00ebs\",\"datePublished\":\"2024-02-19T22:39:00+00:00\",\"dateModified\":\"2024-02-19T22:39:00+00:00\",\"mainEntityOfPage\":{\"@id\":\"https:\/\/permbledhja.com\/haziri-do-te-kete-pako-te-dyte-te-masave-ndeshkuese-ndaj-kosoves-per-mosmbajtje-te-fjales\/\"},\"wordCount\":428,\"publisher\":{\"@id\":\"https:\/\/permbledhja.com\/#organization\"},\"articleSection\":[\"Kryesoret\"],\"inLanguage\":\"sq\"},{\"@type\":\"WebPage\",\"@id\":\"https:\/\/permbledhja.com\/haziri-do-te-kete-pako-te-dyte-te-masave-ndeshkuese-ndaj-kosoves-per-mosmbajtje-te-fjales\/\",\"url\":\"https:\/\/permbledhja.com\/haziri-do-te-kete-pako-te-dyte-te-masave-ndeshkuese-ndaj-kosoves-per-mosmbajtje-te-fjales\/\",\"name\":\"Haziri: Do t\u00eb ket\u00eb pako t\u00eb dyt\u00eb t\u00eb masave nd\u00ebshkuese ndaj Kosov\u00ebs p\u00ebr mosmbajtje t\u00eb fjal\u00ebs\",\"isPartOf\":{\"@id\":\"https:\/\/permbledhja.com\/#website\"},\"datePublished\":\"2024-02-19T22:39:00+00:00\",\"dateModified\":\"2024-02-19T22:39:00+00:00\",\"breadcrumb\":{\"@id\":\"https:\/\/permbledhja.com\/haziri-do-te-kete-pako-te-dyte-te-masave-ndeshkuese-ndaj-kosoves-per-mosmbajtje-te-fjales\/#breadcrumb\"},\"inLanguage\":\"sq\",\"potentialAction\":[{\"@type\":\"ReadAction\",\"target\":[\"https:\/\/permbledhja.com\/haziri-do-te-kete-pako-te-dyte-te-masave-ndeshkuese-ndaj-kosoves-per-mosmbajtje-te-fjales\/\"]}]},{\"@type\":\"BreadcrumbList\",\"@id\":\"https:\/\/permbledhja.com\/haziri-do-te-kete-pako-te-dyte-te-masave-ndeshkuese-ndaj-kosoves-per-mosmbajtje-te-fjales\/#breadcrumb\",\"itemListElement\":[{\"@type\":\"ListItem\",\"position\":1,\"name\":\"Ballina\",\"item\":\"https:\/\/permbledhja.com\/sq\/\"},{\"@type\":\"ListItem\",\"position\":2,\"name\":\"Haziri: Do t\u00eb ket\u00eb pako t\u00eb dyt\u00eb t\u00eb masave nd\u00ebshkuese ndaj Kosov\u00ebs p\u00ebr mosmbajtje t\u00eb fjal\u00ebs\"}]},{\"@type\":\"WebSite\",\"@id\":\"https:\/\/permbledhja.com\/#website\",\"url\":\"https:\/\/permbledhja.com\/\",\"name\":\"Ve\u00e7 artikuj p\u00ebrmbledh\u00ebs\",\"description\":\"\",\"publisher\":{\"@id\":\"https:\/\/permbledhja.com\/#organization\"},\"potentialAction\":[{\"@type\":\"SearchAction\",\"target\":{\"@type\":\"EntryPoint\",\"urlTemplate\":\"https:\/\/permbledhja.com\/?s={search_term_string}\"},\"query-input\":\"required name=search_term_string\"}],\"inLanguage\":\"sq\"},{\"@type\":\"Organization\",\"@id\":\"https:\/\/permbledhja.com\/#organization\",\"name\":\"MK Media & Pr\",\"url\":\"https:\/\/permbledhja.com\/\",\"logo\":{\"@type\":\"ImageObject\",\"inLanguage\":\"sq\",\"@id\":\"https:\/\/permbledhja.com\/#\/schema\/logo\/image\/\",\"url\":\"https:\/\/permbledhja.com\/wp-content\/uploads\/2021\/12\/07-Press-Logo.jpg\",\"contentUrl\":\"https:\/\/permbledhja.com\/wp-content\/uploads\/2021\/12\/07-Press-Logo.jpg\",\"width\":512,\"height\":512,\"caption\":\"MK Media & Pr\"},\"image\":{\"@id\":\"https:\/\/permbledhja.com\/#\/schema\/logo\/image\/\"},\"sameAs\":[\"https:\/\/www.facebook.com\/press07\/\"]},{\"@type\":\"Person\",\"@id\":\"https:\/\/permbledhja.com\/#\/schema\/person\/9c54260cbc4c6f792cb100550491638c\",\"name\":\"DL\",\"image\":{\"@type\":\"ImageObject\",\"inLanguage\":\"sq\",\"@id\":\"https:\/\/permbledhja.com\/#\/schema\/person\/image\/\",\"url\":\"https:\/\/secure.gravatar.com\/avatar\/94503eb28d4c4b2005a5c8753e35fc80?s=96&d=mm&r=g\",\"contentUrl\":\"https:\/\/secure.gravatar.com\/avatar\/94503eb28d4c4b2005a5c8753e35fc80?s=96&d=mm&r=g\",\"caption\":\"DL\"},\"url\":\"https:\/\/permbledhja.com\/sq\/author\/dl\/\"}]}<\/script>\n<!-- \/ Yoast SEO plugin. -->","yoast_head_json":{"title":"Haziri: Do t\u00eb ket\u00eb pako t\u00eb dyt\u00eb t\u00eb masave nd\u00ebshkuese ndaj Kosov\u00ebs p\u00ebr mosmbajtje t\u00eb fjal\u00ebs","robots":{"index":"index","follow":"follow","max-snippet":"max-snippet:-1","max-image-preview":"max-image-preview:large","max-video-preview":"max-video-preview:-1"},"canonical":"https:\/\/permbledhja.com\/sq\/haziri-do-te-kete-pako-te-dyte-te-masave-ndeshkuese-ndaj-kosoves-per-mosmbajtje-te-fjales\/","og_locale":"sq_AL","og_type":"article","og_title":"Haziri: Do t\u00eb ket\u00eb pako t\u00eb dyt\u00eb t\u00eb masave nd\u00ebshkuese ndaj Kosov\u00ebs p\u00ebr mosmbajtje t\u00eb fjal\u00ebs","og_description":"N\u00ebnkryetari i Lidhjes Demokratike t\u00eb Kosov\u00ebs, Lutfi Haziri, duke komentuar raportet e Kosov\u00ebs me aleat\u00ebt nd\u00ebrkomb\u00ebtar\u00eb sidomos pas vendimeve t\u00eb fundit t\u00eb Qeveris\u00eb p\u00ebr \u00e7\u00ebshtjen e dinarit, tha se Bashkimi Evropian e ka vendos\u00eb Kosov\u00ebn n\u00eb marr\u00ebdh\u00ebnie t\u00eb kufizuara, derisa Shtetet e Bashkuara t\u00eb Amerik\u00ebs kan\u00eb kufizuar funksionar\u00ebt qeveritar\u00eb. Haziri tha se aleat\u00ebt nd\u00ebrkomb\u00ebtar\u00eb tashm\u00eb [&hellip;]","og_url":"https:\/\/permbledhja.com\/sq\/haziri-do-te-kete-pako-te-dyte-te-masave-ndeshkuese-ndaj-kosoves-per-mosmbajtje-te-fjales\/","og_site_name":"Ve\u00e7 artikuj p\u00ebrmbledh\u00ebs","article_publisher":"https:\/\/www.facebook.com\/press07\/","article_published_time":"2024-02-19T22:39:00+00:00","og_image":[{"width":1600,"height":1050,"url":"https:\/\/permbledhja.com\/wp-content\/uploads\/2024\/02\/haziri-1.jpg","type":"image\/jpeg"}],"author":"DL","twitter_card":"summary_large_image","twitter_misc":{"Written by":"DL","Est. reading time":"2 minuta"},"schema":{"@context":"https:\/\/schema.org","@graph":[{"@type":"Article","@id":"https:\/\/permbledhja.com\/haziri-do-te-kete-pako-te-dyte-te-masave-ndeshkuese-ndaj-kosoves-per-mosmbajtje-te-fjales\/#article","isPartOf":{"@id":"https:\/\/permbledhja.com\/haziri-do-te-kete-pako-te-dyte-te-masave-ndeshkuese-ndaj-kosoves-per-mosmbajtje-te-fjales\/"},"author":{"name":"DL","@id":"https:\/\/permbledhja.com\/#\/schema\/person\/9c54260cbc4c6f792cb100550491638c"},"headline":"Haziri: Do t\u00eb ket\u00eb pako t\u00eb dyt\u00eb t\u00eb masave nd\u00ebshkuese ndaj Kosov\u00ebs p\u00ebr mosmbajtje t\u00eb fjal\u00ebs","datePublished":"2024-02-19T22:39:00+00:00","dateModified":"2024-02-19T22:39:00+00:00","mainEntityOfPage":{"@id":"https:\/\/permbledhja.com\/haziri-do-te-kete-pako-te-dyte-te-masave-ndeshkuese-ndaj-kosoves-per-mosmbajtje-te-fjales\/"},"wordCount":428,"publisher":{"@id":"https:\/\/permbledhja.com\/#organization"},"articleSection":["Kryesoret"],"inLanguage":"sq"},{"@type":"WebPage","@id":"https:\/\/permbledhja.com\/haziri-do-te-kete-pako-te-dyte-te-masave-ndeshkuese-ndaj-kosoves-per-mosmbajtje-te-fjales\/","url":"https:\/\/permbledhja.com\/haziri-do-te-kete-pako-te-dyte-te-masave-ndeshkuese-ndaj-kosoves-per-mosmbajtje-te-fjales\/","name":"Haziri: Do t\u00eb ket\u00eb pako t\u00eb dyt\u00eb t\u00eb masave nd\u00ebshkuese ndaj Kosov\u00ebs p\u00ebr mosmbajtje t\u00eb fjal\u00ebs","isPartOf":{"@id":"https:\/\/permbledhja.com\/#website"},"datePublished":"2024-02-19T22:39:00+00:00","dateModified":"2024-02-19T22:39:00+00:00","breadcrumb":{"@id":"https:\/\/permbledhja.com\/haziri-do-te-kete-pako-te-dyte-te-masave-ndeshkuese-ndaj-kosoves-per-mosmbajtje-te-fjales\/#breadcrumb"},"inLanguage":"sq","potentialAction":[{"@type":"ReadAction","target":["https:\/\/permbledhja.com\/haziri-do-te-kete-pako-te-dyte-te-masave-ndeshkuese-ndaj-kosoves-per-mosmbajtje-te-fjales\/"]}]},{"@type":"BreadcrumbList","@id":"https:\/\/permbledhja.com\/haziri-do-te-kete-pako-te-dyte-te-masave-ndeshkuese-ndaj-kosoves-per-mosmbajtje-te-fjales\/#breadcrumb","itemListElement":[{"@type":"ListItem","position":1,"name":"Ballina","item":"https:\/\/permbledhja.com\/sq\/"},{"@type":"ListItem","position":2,"name":"Haziri: Do t\u00eb ket\u00eb pako t\u00eb dyt\u00eb t\u00eb masave nd\u00ebshkuese ndaj Kosov\u00ebs p\u00ebr mosmbajtje t\u00eb fjal\u00ebs"}]},{"@type":"WebSite","@id":"https:\/\/permbledhja.com\/#website","url":"https:\/\/permbledhja.com\/","name":"Ve\u00e7 artikuj p\u00ebrmbledh\u00ebs","description":"","publisher":{"@id":"https:\/\/permbledhja.com\/#organization"},"potentialAction":[{"@type":"SearchAction","target":{"@type":"EntryPoint","urlTemplate":"https:\/\/permbledhja.com\/?s={search_term_string}"},"query-input":"required name=search_term_string"}],"inLanguage":"sq"},{"@type":"Organization","@id":"https:\/\/permbledhja.com\/#organization","name":"MK Media & Pr","url":"https:\/\/permbledhja.com\/","logo":{"@type":"ImageObject","inLanguage":"sq","@id":"https:\/\/permbledhja.com\/#\/schema\/logo\/image\/","url":"https:\/\/permbledhja.com\/wp-content\/uploads\/2021\/12\/07-Press-Logo.jpg","contentUrl":"https:\/\/permbledhja.com\/wp-content\/uploads\/2021\/12\/07-Press-Logo.jpg","width":512,"height":512,"caption":"MK Media & Pr"},"image":{"@id":"https:\/\/permbledhja.com\/#\/schema\/logo\/image\/"},"sameAs":["https:\/\/www.facebook.com\/press07\/"]},{"@type":"Person","@id":"https:\/\/permbledhja.com\/#\/schema\/person\/9c54260cbc4c6f792cb100550491638c","name":"DL","image":{"@type":"ImageObject","inLanguage":"sq","@id":"https:\/\/permbledhja.com\/#\/schema\/person\/image\/","url":"https:\/\/secure.gravatar.com\/avatar\/94503eb28d4c4b2005a5c8753e35fc80?s=96&d=mm&r=g","contentUrl":"https:\/\/secure.gravatar.com\/avatar\/94503eb28d4c4b2005a5c8753e35fc80?s=96&d=mm&r=g","caption":"DL"},"url":"https:\/\/permbledhja.com\/sq\/author\/dl\/"}]}},"_links":{"self":[{"href":"https:\/\/permbledhja.com\/sq\/wp-json\/wp\/v2\/posts\/49133"}],"collection":[{"href":"https:\/\/permbledhja.com\/sq\/wp-json\/wp\/v2\/posts"}],"about":[{"href":"https:\/\/permbledhja.com\/sq\/wp-json\/wp\/v2\/types\/post"}],"author":[{"embeddable":true,"href":"https:\/\/permbledhja.com\/sq\/wp-json\/wp\/v2\/users\/5"}],"replies":[{"embeddable":true,"href":"https:\/\/permbledhja.com\/sq\/wp-json\/wp\/v2\/comments?post=49133"}],"version-history":[{"count":1,"href":"https:\/\/permbledhja.com\/sq\/wp-json\/wp\/v2\/posts\/49133\/revisions"}],"predecessor-version":[{"id":49135,"href":"https:\/\/permbledhja.com\/sq\/wp-json\/wp\/v2\/posts\/49133\/revisions\/49135"}],"wp:featuredmedia":[{"embeddable":true,"href":"https:\/\/permbledhja.com\/sq\/wp-json\/wp\/v2\/media\/49134"}],"wp:attachment":[{"href":"https:\/\/permbledhja.com\/sq\/wp-json\/wp\/v2\/media?parent=49133"}],"wp:term":[{"taxonomy":"category","embeddable":true,"href":"https:\/\/permbledhja.com\/sq\/wp-json\/wp\/v2\/categories?post=49133"},{"taxonomy":"post_tag","embeddable":true,"href":"https:\/\/permbledhja.com\/sq\/wp-json\/wp\/v2\/tags?post=49133"}],"curies":[{"name":"wp","href":"https:\/\/api.w.org\/{rel}","templated":true}]}}