{"id":49130,"date":"2024-02-19T22:24:20","date_gmt":"2024-02-19T22:24:20","guid":{"rendered":"https:\/\/permbledhja.com\/?p=49130"},"modified":"2024-02-19T22:24:20","modified_gmt":"2024-02-19T22:24:20","slug":"berisha-per-protesten-e-neserme-do-kerkojme-llogari-per-cdo-dite-te-zeze-te-kesaj-dekade-shkaterrimtare","status":"publish","type":"post","link":"https:\/\/permbledhja.com\/sq\/berisha-per-protesten-e-neserme-do-kerkojme-llogari-per-cdo-dite-te-zeze-te-kesaj-dekade-shkaterrimtare\/","title":{"rendered":"Berisha p\u00ebr protest\u00ebn e nes\u00ebrme: Do k\u00ebrkojm\u00eb llogari p\u00ebr \u00e7do dit\u00eb t\u00eb zez\u00eb t\u00eb k\u00ebsaj dekade shkat\u00ebrrimtare"},"content":{"rendered":"<h3>Ish-kryeministri i Shqip\u00ebris\u00eb, Sali Berisha nga ballkoni i sht\u00ebpis\u00eb ku dhe ndodhet n\u00eb arrest sht\u00ebpie u shpreh se dit\u00ebn e nes\u00ebrme do i k\u00ebrkojn\u00eb llogari kreut t\u00eb qeveris\u00eb, Edi Ram\u00ebs p\u00ebr shkat\u00ebrrimin q\u00eb sipas tij i ka b\u00ebr\u00eb Shqip\u00ebris\u00eb.<\/h3>\n<p>Mes tjerash ai theksoi se Rama \u00ebsht\u00eb rrezik i madh p\u00ebr kombin shqiptar, k\u00ebt\u00eb e ka denoncuar opozita, por k\u00ebt\u00eb e provoi shum\u00eb mir\u00eb regjistrimi i popullat\u00ebs.<\/p>\n<p>\u201cEdi Rama \u00ebsht\u00eb nj\u00eb rrezik i madh p\u00ebr demokracin\u00eb. Nuk e themi ne, e thon\u00eb raportet e OSBE-s\u00eb. Ky vjedh vot\u00ebn, ku blen vot\u00ebn. A \u00ebsht\u00eb pluraliz\u00ebm kur kryetari i opozit\u00ebs ndalohet, i ndalohet emri n\u00eb flet\u00ebn e votimit? A \u00ebsht\u00eb pluraliz\u00ebm kur vula e partis\u00eb m\u00eb t\u00eb madhe opozitare mbahet peng me mercenar\u00eb t\u00eb drejt\u00ebsis\u00eb? A \u00ebsht\u00eb pluraliz\u00ebm kur lideri i opozit\u00ebs arrestohet nj\u00eblloj si n\u00eb Iran, Rusi, Koren\u00eb e Veriut apo n\u00eb Ugand\u00eb? A \u00ebsht\u00eb pluraliz\u00ebm kur n\u00eb parlament ndalohen komisionet hetimore, e drejta p\u00ebr t\u00eb propozuar ligje, e drejta p\u00ebr t\u00eb zgjedhur kryetarin grupi i opozit\u00ebs? Jo, kjo nuk \u00ebsht\u00eb pluraliz\u00ebm, kjo \u00ebsht\u00eb diktatur\u00eb\u201d, tha Berisha.<\/p>\n<p>\u201cPrandaj nj\u00eb thirrje komb\u00ebtare k\u00ebsaj here, nj\u00eb thirrje q\u00eb shkon p\u00ebr nd\u00ebrgjegjen komb\u00ebtare t\u00eb \u00e7do njeriu q\u00eb ka gjak shqiptari, m\u00eb 20 shkurt t\u00eb dal\u00eb n\u00eb protest\u00eb p\u00ebr demokracin\u00eb, p\u00ebr pluralizmin, p\u00ebr lirin\u00eb. Edi Rama \u00ebsht\u00eb rrezik i madh p\u00ebr kombin shqiptar, k\u00ebt\u00eb e ka denoncuar opozita, por k\u00ebt\u00eb e provoi shum\u00eb mir\u00eb regjistrimi i popullat\u00ebs. Ky regjim, ky narkoshtet p\u00ebrgjysmoi si murtaj\u00eb popullat\u00ebn n\u00eb Shqip\u00ebri, sa asnj\u00eb pushtim tjet\u00ebr, sa asnj\u00eb m\u00ebnyr\u00eb tjet\u00ebr, kjo vet\u00ebm p\u00ebr shkak t\u00eb dhunimit t\u00eb vot\u00ebs, vjedhjes s\u00eb fondeve dhe pasurive publike. Edi Rama \u00ebsht\u00eb rrezik madhor p\u00ebr kombin shqiptar se ai \u00ebsht\u00eb d\u00ebshmuar nj\u00eb armik i eg\u00ebr, primitiv, i pabes\u00eb ndaj gjysm\u00ebs s\u00eb kombit q\u00eb jeton n\u00eb Kosov\u00eb, n\u00eb nj\u00eb shtet tjet\u00ebr t\u00eb pavarur\u201d.<\/p>\n<p>\u201cPrandaj me 20 shkurt ne do k\u00ebrkojm\u00eb llogari p\u00ebr \u00e7do dit\u00eb t\u00eb zez\u00eb t\u00eb k\u00ebsaj dekade shkat\u00ebrrimtare. Ne do fitojm\u00eb. T\u00eb dashur miq, nes\u00ebr m\u00eb 20 shkurt, ne shkojm\u00eb t\u00eb bashkuar, shkojm\u00eb m\u00eb t\u00eb fort\u00eb se kurr\u00eb. Mos harroni se \u00e7far\u00eb p\u00ebrpjekjesh primitive, antidemokratike, antishqiptare u b\u00ebn\u00eb q\u00eb t\u00eb na p\u00ebr\u00e7anin, t\u00eb na b\u00ebnin cop\u00eb e \u00e7ik\u00eb, vet\u00ebm e vet\u00ebm pse q\u00ebndronim n\u00eb mbrojtje t\u00eb interesit komb\u00ebtar, n\u00eb mbrojtje t\u00eb interesit shqiptar, n\u00eb mbrojtje t\u00eb pasurive t\u00eb tyre, n\u00eb mbrojtje t\u00eb financave t\u00eb tyre\u201d, u shpreh Berisha.<\/p>\n","protected":false},"excerpt":{"rendered":"<p>Ish-kryeministri i Shqip\u00ebris\u00eb, Sali Berisha nga ballkoni i sht\u00ebpis\u00eb ku dhe ndodhet n\u00eb arrest sht\u00ebpie u shpreh se dit\u00ebn e nes\u00ebrme do i k\u00ebrkojn\u00eb llogari kreut t\u00eb qeveris\u00eb, Edi Ram\u00ebs p\u00ebr shkat\u00ebrrimin q\u00eb sipas tij i ka b\u00ebr\u00eb Shqip\u00ebris\u00eb. Mes tjerash ai theksoi se Rama \u00ebsht\u00eb rrezik i madh p\u00ebr kombin shqiptar, k\u00ebt\u00eb e ka [&hellip;]<\/p>\n","protected":false},"author":5,"featured_media":49131,"comment_status":"closed","ping_status":"closed","sticky":false,"template":"","format":"standard","meta":{"_monsterinsights_skip_tracking":false,"_monsterinsights_sitenote_active":false,"_monsterinsights_sitenote_note":"","_monsterinsights_sitenote_category":0,"_uf_show_specific_survey":0,"_uf_disable_surveys":false,"footnotes":""},"categories":[2729],"tags":[],"yoast_head":"<!-- This site is optimized with the Yoast SEO plugin v21.5 - https:\/\/yoast.com\/wordpress\/plugins\/seo\/ -->\n<title>Berisha p\u00ebr protest\u00ebn e nes\u00ebrme: Do k\u00ebrkojm\u00eb llogari p\u00ebr \u00e7do dit\u00eb t\u00eb zez\u00eb t\u00eb k\u00ebsaj dekade shkat\u00ebrrimtare<\/title>\n<meta name=\"robots\" content=\"index, follow, max-snippet:-1, max-image-preview:large, max-video-preview:-1\" \/>\n<link rel=\"canonical\" href=\"https:\/\/permbledhja.com\/sq\/berisha-per-protesten-e-neserme-do-kerkojme-llogari-per-cdo-dite-te-zeze-te-kesaj-dekade-shkaterrimtare\/\" \/>\n<meta property=\"og:locale\" content=\"sq_AL\" \/>\n<meta property=\"og:type\" content=\"article\" \/>\n<meta property=\"og:title\" content=\"Berisha p\u00ebr protest\u00ebn e nes\u00ebrme: Do k\u00ebrkojm\u00eb llogari p\u00ebr \u00e7do dit\u00eb t\u00eb zez\u00eb t\u00eb k\u00ebsaj dekade shkat\u00ebrrimtare\" \/>\n<meta property=\"og:description\" content=\"Ish-kryeministri i Shqip\u00ebris\u00eb, Sali Berisha nga ballkoni i sht\u00ebpis\u00eb ku dhe ndodhet n\u00eb arrest sht\u00ebpie u shpreh se dit\u00ebn e nes\u00ebrme do i k\u00ebrkojn\u00eb llogari kreut t\u00eb qeveris\u00eb, Edi Ram\u00ebs p\u00ebr shkat\u00ebrrimin q\u00eb sipas tij i ka b\u00ebr\u00eb Shqip\u00ebris\u00eb. Mes tjerash ai theksoi se Rama \u00ebsht\u00eb rrezik i madh p\u00ebr kombin shqiptar, k\u00ebt\u00eb e ka [&hellip;]\" \/>\n<meta property=\"og:url\" content=\"https:\/\/permbledhja.com\/sq\/berisha-per-protesten-e-neserme-do-kerkojme-llogari-per-cdo-dite-te-zeze-te-kesaj-dekade-shkaterrimtare\/\" \/>\n<meta property=\"og:site_name\" content=\"Ve\u00e7 artikuj p\u00ebrmbledh\u00ebs\" \/>\n<meta property=\"article:publisher\" content=\"https:\/\/www.facebook.com\/press07\/\" \/>\n<meta property=\"article:published_time\" content=\"2024-02-19T22:24:20+00:00\" \/>\n<meta property=\"og:image\" content=\"https:\/\/permbledhja.com\/wp-content\/uploads\/2024\/02\/b-2.jpg\" \/>\n\t<meta property=\"og:image:width\" content=\"803\" \/>\n\t<meta property=\"og:image:height\" content=\"567\" \/>\n\t<meta property=\"og:image:type\" content=\"image\/jpeg\" \/>\n<meta name=\"author\" content=\"DL\" \/>\n<meta name=\"twitter:card\" content=\"summary_large_image\" \/>\n<meta name=\"twitter:label1\" content=\"Written by\" \/>\n\t<meta name=\"twitter:data1\" content=\"DL\" \/>\n\t<meta name=\"twitter:label2\" content=\"Est. reading time\" \/>\n\t<meta name=\"twitter:data2\" content=\"3 minuta\" \/>\n<script type=\"application\/ld+json\" class=\"yoast-schema-graph\">{\"@context\":\"https:\/\/schema.org\",\"@graph\":[{\"@type\":\"Article\",\"@id\":\"https:\/\/permbledhja.com\/berisha-per-protesten-e-neserme-do-kerkojme-llogari-per-cdo-dite-te-zeze-te-kesaj-dekade-shkaterrimtare\/#article\",\"isPartOf\":{\"@id\":\"https:\/\/permbledhja.com\/berisha-per-protesten-e-neserme-do-kerkojme-llogari-per-cdo-dite-te-zeze-te-kesaj-dekade-shkaterrimtare\/\"},\"author\":{\"name\":\"DL\",\"@id\":\"https:\/\/permbledhja.com\/#\/schema\/person\/9c54260cbc4c6f792cb100550491638c\"},\"headline\":\"Berisha p\u00ebr protest\u00ebn e nes\u00ebrme: Do k\u00ebrkojm\u00eb llogari p\u00ebr \u00e7do dit\u00eb t\u00eb zez\u00eb t\u00eb k\u00ebsaj dekade shkat\u00ebrrimtare\",\"datePublished\":\"2024-02-19T22:24:20+00:00\",\"dateModified\":\"2024-02-19T22:24:20+00:00\",\"mainEntityOfPage\":{\"@id\":\"https:\/\/permbledhja.com\/berisha-per-protesten-e-neserme-do-kerkojme-llogari-per-cdo-dite-te-zeze-te-kesaj-dekade-shkaterrimtare\/\"},\"wordCount\":475,\"publisher\":{\"@id\":\"https:\/\/permbledhja.com\/#organization\"},\"articleSection\":[\"Shqip\u00ebri\"],\"inLanguage\":\"sq\"},{\"@type\":\"WebPage\",\"@id\":\"https:\/\/permbledhja.com\/berisha-per-protesten-e-neserme-do-kerkojme-llogari-per-cdo-dite-te-zeze-te-kesaj-dekade-shkaterrimtare\/\",\"url\":\"https:\/\/permbledhja.com\/berisha-per-protesten-e-neserme-do-kerkojme-llogari-per-cdo-dite-te-zeze-te-kesaj-dekade-shkaterrimtare\/\",\"name\":\"Berisha p\u00ebr protest\u00ebn e nes\u00ebrme: Do k\u00ebrkojm\u00eb llogari p\u00ebr \u00e7do dit\u00eb t\u00eb zez\u00eb t\u00eb k\u00ebsaj dekade shkat\u00ebrrimtare\",\"isPartOf\":{\"@id\":\"https:\/\/permbledhja.com\/#website\"},\"datePublished\":\"2024-02-19T22:24:20+00:00\",\"dateModified\":\"2024-02-19T22:24:20+00:00\",\"breadcrumb\":{\"@id\":\"https:\/\/permbledhja.com\/berisha-per-protesten-e-neserme-do-kerkojme-llogari-per-cdo-dite-te-zeze-te-kesaj-dekade-shkaterrimtare\/#breadcrumb\"},\"inLanguage\":\"sq\",\"potentialAction\":[{\"@type\":\"ReadAction\",\"target\":[\"https:\/\/permbledhja.com\/berisha-per-protesten-e-neserme-do-kerkojme-llogari-per-cdo-dite-te-zeze-te-kesaj-dekade-shkaterrimtare\/\"]}]},{\"@type\":\"BreadcrumbList\",\"@id\":\"https:\/\/permbledhja.com\/berisha-per-protesten-e-neserme-do-kerkojme-llogari-per-cdo-dite-te-zeze-te-kesaj-dekade-shkaterrimtare\/#breadcrumb\",\"itemListElement\":[{\"@type\":\"ListItem\",\"position\":1,\"name\":\"Ballina\",\"item\":\"https:\/\/permbledhja.com\/sq\/\"},{\"@type\":\"ListItem\",\"position\":2,\"name\":\"Berisha p\u00ebr protest\u00ebn e nes\u00ebrme: Do k\u00ebrkojm\u00eb llogari p\u00ebr \u00e7do dit\u00eb t\u00eb zez\u00eb t\u00eb k\u00ebsaj dekade shkat\u00ebrrimtare\"}]},{\"@type\":\"WebSite\",\"@id\":\"https:\/\/permbledhja.com\/#website\",\"url\":\"https:\/\/permbledhja.com\/\",\"name\":\"Ve\u00e7 artikuj p\u00ebrmbledh\u00ebs\",\"description\":\"\",\"publisher\":{\"@id\":\"https:\/\/permbledhja.com\/#organization\"},\"potentialAction\":[{\"@type\":\"SearchAction\",\"target\":{\"@type\":\"EntryPoint\",\"urlTemplate\":\"https:\/\/permbledhja.com\/?s={search_term_string}\"},\"query-input\":\"required name=search_term_string\"}],\"inLanguage\":\"sq\"},{\"@type\":\"Organization\",\"@id\":\"https:\/\/permbledhja.com\/#organization\",\"name\":\"MK Media & Pr\",\"url\":\"https:\/\/permbledhja.com\/\",\"logo\":{\"@type\":\"ImageObject\",\"inLanguage\":\"sq\",\"@id\":\"https:\/\/permbledhja.com\/#\/schema\/logo\/image\/\",\"url\":\"https:\/\/permbledhja.com\/wp-content\/uploads\/2021\/12\/07-Press-Logo.jpg\",\"contentUrl\":\"https:\/\/permbledhja.com\/wp-content\/uploads\/2021\/12\/07-Press-Logo.jpg\",\"width\":512,\"height\":512,\"caption\":\"MK Media & Pr\"},\"image\":{\"@id\":\"https:\/\/permbledhja.com\/#\/schema\/logo\/image\/\"},\"sameAs\":[\"https:\/\/www.facebook.com\/press07\/\"]},{\"@type\":\"Person\",\"@id\":\"https:\/\/permbledhja.com\/#\/schema\/person\/9c54260cbc4c6f792cb100550491638c\",\"name\":\"DL\",\"image\":{\"@type\":\"ImageObject\",\"inLanguage\":\"sq\",\"@id\":\"https:\/\/permbledhja.com\/#\/schema\/person\/image\/\",\"url\":\"https:\/\/secure.gravatar.com\/avatar\/94503eb28d4c4b2005a5c8753e35fc80?s=96&d=mm&r=g\",\"contentUrl\":\"https:\/\/secure.gravatar.com\/avatar\/94503eb28d4c4b2005a5c8753e35fc80?s=96&d=mm&r=g\",\"caption\":\"DL\"},\"url\":\"https:\/\/permbledhja.com\/sq\/author\/dl\/\"}]}<\/script>\n<!-- \/ Yoast SEO plugin. -->","yoast_head_json":{"title":"Berisha p\u00ebr protest\u00ebn e nes\u00ebrme: Do k\u00ebrkojm\u00eb llogari p\u00ebr \u00e7do dit\u00eb t\u00eb zez\u00eb t\u00eb k\u00ebsaj dekade shkat\u00ebrrimtare","robots":{"index":"index","follow":"follow","max-snippet":"max-snippet:-1","max-image-preview":"max-image-preview:large","max-video-preview":"max-video-preview:-1"},"canonical":"https:\/\/permbledhja.com\/sq\/berisha-per-protesten-e-neserme-do-kerkojme-llogari-per-cdo-dite-te-zeze-te-kesaj-dekade-shkaterrimtare\/","og_locale":"sq_AL","og_type":"article","og_title":"Berisha p\u00ebr protest\u00ebn e nes\u00ebrme: Do k\u00ebrkojm\u00eb llogari p\u00ebr \u00e7do dit\u00eb t\u00eb zez\u00eb t\u00eb k\u00ebsaj dekade shkat\u00ebrrimtare","og_description":"Ish-kryeministri i Shqip\u00ebris\u00eb, Sali Berisha nga ballkoni i sht\u00ebpis\u00eb ku dhe ndodhet n\u00eb arrest sht\u00ebpie u shpreh se dit\u00ebn e nes\u00ebrme do i k\u00ebrkojn\u00eb llogari kreut t\u00eb qeveris\u00eb, Edi Ram\u00ebs p\u00ebr shkat\u00ebrrimin q\u00eb sipas tij i ka b\u00ebr\u00eb Shqip\u00ebris\u00eb. Mes tjerash ai theksoi se Rama \u00ebsht\u00eb rrezik i madh p\u00ebr kombin shqiptar, k\u00ebt\u00eb e ka [&hellip;]","og_url":"https:\/\/permbledhja.com\/sq\/berisha-per-protesten-e-neserme-do-kerkojme-llogari-per-cdo-dite-te-zeze-te-kesaj-dekade-shkaterrimtare\/","og_site_name":"Ve\u00e7 artikuj p\u00ebrmbledh\u00ebs","article_publisher":"https:\/\/www.facebook.com\/press07\/","article_published_time":"2024-02-19T22:24:20+00:00","og_image":[{"width":803,"height":567,"url":"https:\/\/permbledhja.com\/wp-content\/uploads\/2024\/02\/b-2.jpg","type":"image\/jpeg"}],"author":"DL","twitter_card":"summary_large_image","twitter_misc":{"Written by":"DL","Est. reading time":"3 minuta"},"schema":{"@context":"https:\/\/schema.org","@graph":[{"@type":"Article","@id":"https:\/\/permbledhja.com\/berisha-per-protesten-e-neserme-do-kerkojme-llogari-per-cdo-dite-te-zeze-te-kesaj-dekade-shkaterrimtare\/#article","isPartOf":{"@id":"https:\/\/permbledhja.com\/berisha-per-protesten-e-neserme-do-kerkojme-llogari-per-cdo-dite-te-zeze-te-kesaj-dekade-shkaterrimtare\/"},"author":{"name":"DL","@id":"https:\/\/permbledhja.com\/#\/schema\/person\/9c54260cbc4c6f792cb100550491638c"},"headline":"Berisha p\u00ebr protest\u00ebn e nes\u00ebrme: Do k\u00ebrkojm\u00eb llogari p\u00ebr \u00e7do dit\u00eb t\u00eb zez\u00eb t\u00eb k\u00ebsaj dekade shkat\u00ebrrimtare","datePublished":"2024-02-19T22:24:20+00:00","dateModified":"2024-02-19T22:24:20+00:00","mainEntityOfPage":{"@id":"https:\/\/permbledhja.com\/berisha-per-protesten-e-neserme-do-kerkojme-llogari-per-cdo-dite-te-zeze-te-kesaj-dekade-shkaterrimtare\/"},"wordCount":475,"publisher":{"@id":"https:\/\/permbledhja.com\/#organization"},"articleSection":["Shqip\u00ebri"],"inLanguage":"sq"},{"@type":"WebPage","@id":"https:\/\/permbledhja.com\/berisha-per-protesten-e-neserme-do-kerkojme-llogari-per-cdo-dite-te-zeze-te-kesaj-dekade-shkaterrimtare\/","url":"https:\/\/permbledhja.com\/berisha-per-protesten-e-neserme-do-kerkojme-llogari-per-cdo-dite-te-zeze-te-kesaj-dekade-shkaterrimtare\/","name":"Berisha p\u00ebr protest\u00ebn e nes\u00ebrme: Do k\u00ebrkojm\u00eb llogari p\u00ebr \u00e7do dit\u00eb t\u00eb zez\u00eb t\u00eb k\u00ebsaj dekade shkat\u00ebrrimtare","isPartOf":{"@id":"https:\/\/permbledhja.com\/#website"},"datePublished":"2024-02-19T22:24:20+00:00","dateModified":"2024-02-19T22:24:20+00:00","breadcrumb":{"@id":"https:\/\/permbledhja.com\/berisha-per-protesten-e-neserme-do-kerkojme-llogari-per-cdo-dite-te-zeze-te-kesaj-dekade-shkaterrimtare\/#breadcrumb"},"inLanguage":"sq","potentialAction":[{"@type":"ReadAction","target":["https:\/\/permbledhja.com\/berisha-per-protesten-e-neserme-do-kerkojme-llogari-per-cdo-dite-te-zeze-te-kesaj-dekade-shkaterrimtare\/"]}]},{"@type":"BreadcrumbList","@id":"https:\/\/permbledhja.com\/berisha-per-protesten-e-neserme-do-kerkojme-llogari-per-cdo-dite-te-zeze-te-kesaj-dekade-shkaterrimtare\/#breadcrumb","itemListElement":[{"@type":"ListItem","position":1,"name":"Ballina","item":"https:\/\/permbledhja.com\/sq\/"},{"@type":"ListItem","position":2,"name":"Berisha p\u00ebr protest\u00ebn e nes\u00ebrme: Do k\u00ebrkojm\u00eb llogari p\u00ebr \u00e7do dit\u00eb t\u00eb zez\u00eb t\u00eb k\u00ebsaj dekade shkat\u00ebrrimtare"}]},{"@type":"WebSite","@id":"https:\/\/permbledhja.com\/#website","url":"https:\/\/permbledhja.com\/","name":"Ve\u00e7 artikuj p\u00ebrmbledh\u00ebs","description":"","publisher":{"@id":"https:\/\/permbledhja.com\/#organization"},"potentialAction":[{"@type":"SearchAction","target":{"@type":"EntryPoint","urlTemplate":"https:\/\/permbledhja.com\/?s={search_term_string}"},"query-input":"required name=search_term_string"}],"inLanguage":"sq"},{"@type":"Organization","@id":"https:\/\/permbledhja.com\/#organization","name":"MK Media & Pr","url":"https:\/\/permbledhja.com\/","logo":{"@type":"ImageObject","inLanguage":"sq","@id":"https:\/\/permbledhja.com\/#\/schema\/logo\/image\/","url":"https:\/\/permbledhja.com\/wp-content\/uploads\/2021\/12\/07-Press-Logo.jpg","contentUrl":"https:\/\/permbledhja.com\/wp-content\/uploads\/2021\/12\/07-Press-Logo.jpg","width":512,"height":512,"caption":"MK Media & Pr"},"image":{"@id":"https:\/\/permbledhja.com\/#\/schema\/logo\/image\/"},"sameAs":["https:\/\/www.facebook.com\/press07\/"]},{"@type":"Person","@id":"https:\/\/permbledhja.com\/#\/schema\/person\/9c54260cbc4c6f792cb100550491638c","name":"DL","image":{"@type":"ImageObject","inLanguage":"sq","@id":"https:\/\/permbledhja.com\/#\/schema\/person\/image\/","url":"https:\/\/secure.gravatar.com\/avatar\/94503eb28d4c4b2005a5c8753e35fc80?s=96&d=mm&r=g","contentUrl":"https:\/\/secure.gravatar.com\/avatar\/94503eb28d4c4b2005a5c8753e35fc80?s=96&d=mm&r=g","caption":"DL"},"url":"https:\/\/permbledhja.com\/sq\/author\/dl\/"}]}},"_links":{"self":[{"href":"https:\/\/permbledhja.com\/sq\/wp-json\/wp\/v2\/posts\/49130"}],"collection":[{"href":"https:\/\/permbledhja.com\/sq\/wp-json\/wp\/v2\/posts"}],"about":[{"href":"https:\/\/permbledhja.com\/sq\/wp-json\/wp\/v2\/types\/post"}],"author":[{"embeddable":true,"href":"https:\/\/permbledhja.com\/sq\/wp-json\/wp\/v2\/users\/5"}],"replies":[{"embeddable":true,"href":"https:\/\/permbledhja.com\/sq\/wp-json\/wp\/v2\/comments?post=49130"}],"version-history":[{"count":1,"href":"https:\/\/permbledhja.com\/sq\/wp-json\/wp\/v2\/posts\/49130\/revisions"}],"predecessor-version":[{"id":49132,"href":"https:\/\/permbledhja.com\/sq\/wp-json\/wp\/v2\/posts\/49130\/revisions\/49132"}],"wp:featuredmedia":[{"embeddable":true,"href":"https:\/\/permbledhja.com\/sq\/wp-json\/wp\/v2\/media\/49131"}],"wp:attachment":[{"href":"https:\/\/permbledhja.com\/sq\/wp-json\/wp\/v2\/media?parent=49130"}],"wp:term":[{"taxonomy":"category","embeddable":true,"href":"https:\/\/permbledhja.com\/sq\/wp-json\/wp\/v2\/categories?post=49130"},{"taxonomy":"post_tag","embeddable":true,"href":"https:\/\/permbledhja.com\/sq\/wp-json\/wp\/v2\/tags?post=49130"}],"curies":[{"name":"wp","href":"https:\/\/api.w.org\/{rel}","templated":true}]}}