{"id":49127,"date":"2024-02-19T22:08:59","date_gmt":"2024-02-19T22:08:59","guid":{"rendered":"https:\/\/permbledhja.com\/?p=49127"},"modified":"2024-02-19T22:08:59","modified_gmt":"2024-02-19T22:08:59","slug":"buzhala-shpend-ahmetit-kjo-eshte-epoka-e-albin-kurtit-e-bajshi-me-shnet-edhe-nja-10-vjet","status":"publish","type":"post","link":"https:\/\/permbledhja.com\/sq\/buzhala-shpend-ahmetit-kjo-eshte-epoka-e-albin-kurtit-e-bajshi-me-shnet-edhe-nja-10-vjet\/","title":{"rendered":"Buzhala \u2013 Shpend Ahmetit: Kjo \u00ebsht\u00eb epoka e Albin Kurtit, e bajshi me shnet edhe nja 10 vjet"},"content":{"rendered":"<h3>Gazetari Viktor Buzhala, ka th\u00ebn\u00eb se kjo \u00ebsht\u00eb \u201cepoka e Albin Kurtit\u201d.<\/h3>\n<p>Ai tha se para k\u00ebsaj periudhe, ka qen\u00eb epoka e Ibrahim Rugov\u00ebs e Hashim Tha\u00e7it, me nga 10 vjet \u2013 duke shtuar se mendon q\u00eb \u201cedhe epoka e Kurtit do t\u00eb zgjas aq\u201d.<\/p>\n<p>K\u00ebt\u00eb deklarat\u00eb Buzhala e tha teksa po diskutonte me Shpend Ahmetin n\u00eb \u201cPressing\u201d.<\/p>\n<p>\u201cNe jemi duke jetuar n\u00eb epok\u00ebn e Albin Kurtit, ka qen\u00eb epoka e Ibrahim Rugov\u00ebs 10 vjet, pastaj e Hashim Tha\u00e7it 10 vjet. Sot \u00ebsht\u00eb e Albin Kurtit e cila sipas meje ka me zgjat 10 vet. Populli ia ka dh\u00ebn\u00eb at\u00eb mandat, ka arrit me bind\u00eb popullin e bajshi me shnet\u201d, ka th\u00ebn\u00eb Buzhala.\u00a0<strong>\/Gazeta Express<\/strong><\/p>\n","protected":false},"excerpt":{"rendered":"<p>Gazetari Viktor Buzhala, ka th\u00ebn\u00eb se kjo \u00ebsht\u00eb \u201cepoka e Albin Kurtit\u201d. Ai tha se para k\u00ebsaj periudhe, ka qen\u00eb epoka e Ibrahim Rugov\u00ebs e Hashim Tha\u00e7it, me nga 10 vjet \u2013 duke shtuar se mendon q\u00eb \u201cedhe epoka e Kurtit do t\u00eb zgjas aq\u201d. K\u00ebt\u00eb deklarat\u00eb Buzhala e tha teksa po diskutonte me Shpend [&hellip;]<\/p>\n","protected":false},"author":5,"featured_media":49128,"comment_status":"closed","ping_status":"closed","sticky":false,"template":"","format":"standard","meta":{"_monsterinsights_skip_tracking":false,"_monsterinsights_sitenote_active":false,"_monsterinsights_sitenote_note":"","_monsterinsights_sitenote_category":0,"_uf_show_specific_survey":0,"_uf_disable_surveys":false,"footnotes":""},"categories":[15],"tags":[],"yoast_head":"<!-- This site is optimized with the Yoast SEO plugin v21.5 - https:\/\/yoast.com\/wordpress\/plugins\/seo\/ -->\n<title>Buzhala \u2013 Shpend Ahmetit: Kjo \u00ebsht\u00eb epoka e Albin Kurtit, e bajshi me shnet edhe nja 10 vjet<\/title>\n<meta name=\"robots\" content=\"index, follow, max-snippet:-1, max-image-preview:large, max-video-preview:-1\" \/>\n<link rel=\"canonical\" href=\"https:\/\/permbledhja.com\/sq\/buzhala-shpend-ahmetit-kjo-eshte-epoka-e-albin-kurtit-e-bajshi-me-shnet-edhe-nja-10-vjet\/\" \/>\n<meta property=\"og:locale\" content=\"sq_AL\" \/>\n<meta property=\"og:type\" content=\"article\" \/>\n<meta property=\"og:title\" content=\"Buzhala \u2013 Shpend Ahmetit: Kjo \u00ebsht\u00eb epoka e Albin Kurtit, e bajshi me shnet edhe nja 10 vjet\" \/>\n<meta property=\"og:description\" content=\"Gazetari Viktor Buzhala, ka th\u00ebn\u00eb se kjo \u00ebsht\u00eb \u201cepoka e Albin Kurtit\u201d. Ai tha se para k\u00ebsaj periudhe, ka qen\u00eb epoka e Ibrahim Rugov\u00ebs e Hashim Tha\u00e7it, me nga 10 vjet \u2013 duke shtuar se mendon q\u00eb \u201cedhe epoka e Kurtit do t\u00eb zgjas aq\u201d. K\u00ebt\u00eb deklarat\u00eb Buzhala e tha teksa po diskutonte me Shpend [&hellip;]\" \/>\n<meta property=\"og:url\" content=\"https:\/\/permbledhja.com\/sq\/buzhala-shpend-ahmetit-kjo-eshte-epoka-e-albin-kurtit-e-bajshi-me-shnet-edhe-nja-10-vjet\/\" \/>\n<meta property=\"og:site_name\" content=\"Ve\u00e7 artikuj p\u00ebrmbledh\u00ebs\" \/>\n<meta property=\"article:publisher\" content=\"https:\/\/www.facebook.com\/press07\/\" \/>\n<meta property=\"article:published_time\" content=\"2024-02-19T22:08:59+00:00\" \/>\n<meta property=\"og:image\" content=\"https:\/\/permbledhja.com\/wp-content\/uploads\/2024\/02\/bzh-e1708380242952.png\" \/>\n\t<meta property=\"og:image:width\" content=\"553\" \/>\n\t<meta property=\"og:image:height\" content=\"360\" \/>\n\t<meta property=\"og:image:type\" content=\"image\/png\" \/>\n<meta name=\"author\" content=\"DL\" \/>\n<meta name=\"twitter:card\" content=\"summary_large_image\" \/>\n<meta name=\"twitter:label1\" content=\"Written by\" \/>\n\t<meta name=\"twitter:data1\" content=\"DL\" \/>\n\t<meta name=\"twitter:label2\" content=\"Est. reading time\" \/>\n\t<meta name=\"twitter:data2\" content=\"1 minut\u00eb\" \/>\n<script type=\"application\/ld+json\" class=\"yoast-schema-graph\">{\"@context\":\"https:\/\/schema.org\",\"@graph\":[{\"@type\":\"Article\",\"@id\":\"https:\/\/permbledhja.com\/buzhala-shpend-ahmetit-kjo-eshte-epoka-e-albin-kurtit-e-bajshi-me-shnet-edhe-nja-10-vjet\/#article\",\"isPartOf\":{\"@id\":\"https:\/\/permbledhja.com\/buzhala-shpend-ahmetit-kjo-eshte-epoka-e-albin-kurtit-e-bajshi-me-shnet-edhe-nja-10-vjet\/\"},\"author\":{\"name\":\"DL\",\"@id\":\"https:\/\/permbledhja.com\/#\/schema\/person\/9c54260cbc4c6f792cb100550491638c\"},\"headline\":\"Buzhala \u2013 Shpend Ahmetit: Kjo \u00ebsht\u00eb epoka e Albin Kurtit, e bajshi me shnet edhe nja 10 vjet\",\"datePublished\":\"2024-02-19T22:08:59+00:00\",\"dateModified\":\"2024-02-19T22:08:59+00:00\",\"mainEntityOfPage\":{\"@id\":\"https:\/\/permbledhja.com\/buzhala-shpend-ahmetit-kjo-eshte-epoka-e-albin-kurtit-e-bajshi-me-shnet-edhe-nja-10-vjet\/\"},\"wordCount\":136,\"publisher\":{\"@id\":\"https:\/\/permbledhja.com\/#organization\"},\"articleSection\":[\"Lajme\"],\"inLanguage\":\"sq\"},{\"@type\":\"WebPage\",\"@id\":\"https:\/\/permbledhja.com\/buzhala-shpend-ahmetit-kjo-eshte-epoka-e-albin-kurtit-e-bajshi-me-shnet-edhe-nja-10-vjet\/\",\"url\":\"https:\/\/permbledhja.com\/buzhala-shpend-ahmetit-kjo-eshte-epoka-e-albin-kurtit-e-bajshi-me-shnet-edhe-nja-10-vjet\/\",\"name\":\"Buzhala \u2013 Shpend Ahmetit: Kjo \u00ebsht\u00eb epoka e Albin Kurtit, e bajshi me shnet edhe nja 10 vjet\",\"isPartOf\":{\"@id\":\"https:\/\/permbledhja.com\/#website\"},\"datePublished\":\"2024-02-19T22:08:59+00:00\",\"dateModified\":\"2024-02-19T22:08:59+00:00\",\"breadcrumb\":{\"@id\":\"https:\/\/permbledhja.com\/buzhala-shpend-ahmetit-kjo-eshte-epoka-e-albin-kurtit-e-bajshi-me-shnet-edhe-nja-10-vjet\/#breadcrumb\"},\"inLanguage\":\"sq\",\"potentialAction\":[{\"@type\":\"ReadAction\",\"target\":[\"https:\/\/permbledhja.com\/buzhala-shpend-ahmetit-kjo-eshte-epoka-e-albin-kurtit-e-bajshi-me-shnet-edhe-nja-10-vjet\/\"]}]},{\"@type\":\"BreadcrumbList\",\"@id\":\"https:\/\/permbledhja.com\/buzhala-shpend-ahmetit-kjo-eshte-epoka-e-albin-kurtit-e-bajshi-me-shnet-edhe-nja-10-vjet\/#breadcrumb\",\"itemListElement\":[{\"@type\":\"ListItem\",\"position\":1,\"name\":\"Ballina\",\"item\":\"https:\/\/permbledhja.com\/sq\/\"},{\"@type\":\"ListItem\",\"position\":2,\"name\":\"Buzhala \u2013 Shpend Ahmetit: Kjo \u00ebsht\u00eb epoka e Albin Kurtit, e bajshi me shnet edhe nja 10 vjet\"}]},{\"@type\":\"WebSite\",\"@id\":\"https:\/\/permbledhja.com\/#website\",\"url\":\"https:\/\/permbledhja.com\/\",\"name\":\"Ve\u00e7 artikuj p\u00ebrmbledh\u00ebs\",\"description\":\"\",\"publisher\":{\"@id\":\"https:\/\/permbledhja.com\/#organization\"},\"potentialAction\":[{\"@type\":\"SearchAction\",\"target\":{\"@type\":\"EntryPoint\",\"urlTemplate\":\"https:\/\/permbledhja.com\/?s={search_term_string}\"},\"query-input\":\"required name=search_term_string\"}],\"inLanguage\":\"sq\"},{\"@type\":\"Organization\",\"@id\":\"https:\/\/permbledhja.com\/#organization\",\"name\":\"MK Media & Pr\",\"url\":\"https:\/\/permbledhja.com\/\",\"logo\":{\"@type\":\"ImageObject\",\"inLanguage\":\"sq\",\"@id\":\"https:\/\/permbledhja.com\/#\/schema\/logo\/image\/\",\"url\":\"https:\/\/permbledhja.com\/wp-content\/uploads\/2021\/12\/07-Press-Logo.jpg\",\"contentUrl\":\"https:\/\/permbledhja.com\/wp-content\/uploads\/2021\/12\/07-Press-Logo.jpg\",\"width\":512,\"height\":512,\"caption\":\"MK Media & Pr\"},\"image\":{\"@id\":\"https:\/\/permbledhja.com\/#\/schema\/logo\/image\/\"},\"sameAs\":[\"https:\/\/www.facebook.com\/press07\/\"]},{\"@type\":\"Person\",\"@id\":\"https:\/\/permbledhja.com\/#\/schema\/person\/9c54260cbc4c6f792cb100550491638c\",\"name\":\"DL\",\"image\":{\"@type\":\"ImageObject\",\"inLanguage\":\"sq\",\"@id\":\"https:\/\/permbledhja.com\/#\/schema\/person\/image\/\",\"url\":\"https:\/\/secure.gravatar.com\/avatar\/94503eb28d4c4b2005a5c8753e35fc80?s=96&d=mm&r=g\",\"contentUrl\":\"https:\/\/secure.gravatar.com\/avatar\/94503eb28d4c4b2005a5c8753e35fc80?s=96&d=mm&r=g\",\"caption\":\"DL\"},\"url\":\"https:\/\/permbledhja.com\/sq\/author\/dl\/\"}]}<\/script>\n<!-- \/ Yoast SEO plugin. -->","yoast_head_json":{"title":"Buzhala \u2013 Shpend Ahmetit: Kjo \u00ebsht\u00eb epoka e Albin Kurtit, e bajshi me shnet edhe nja 10 vjet","robots":{"index":"index","follow":"follow","max-snippet":"max-snippet:-1","max-image-preview":"max-image-preview:large","max-video-preview":"max-video-preview:-1"},"canonical":"https:\/\/permbledhja.com\/sq\/buzhala-shpend-ahmetit-kjo-eshte-epoka-e-albin-kurtit-e-bajshi-me-shnet-edhe-nja-10-vjet\/","og_locale":"sq_AL","og_type":"article","og_title":"Buzhala \u2013 Shpend Ahmetit: Kjo \u00ebsht\u00eb epoka e Albin Kurtit, e bajshi me shnet edhe nja 10 vjet","og_description":"Gazetari Viktor Buzhala, ka th\u00ebn\u00eb se kjo \u00ebsht\u00eb \u201cepoka e Albin Kurtit\u201d. Ai tha se para k\u00ebsaj periudhe, ka qen\u00eb epoka e Ibrahim Rugov\u00ebs e Hashim Tha\u00e7it, me nga 10 vjet \u2013 duke shtuar se mendon q\u00eb \u201cedhe epoka e Kurtit do t\u00eb zgjas aq\u201d. K\u00ebt\u00eb deklarat\u00eb Buzhala e tha teksa po diskutonte me Shpend [&hellip;]","og_url":"https:\/\/permbledhja.com\/sq\/buzhala-shpend-ahmetit-kjo-eshte-epoka-e-albin-kurtit-e-bajshi-me-shnet-edhe-nja-10-vjet\/","og_site_name":"Ve\u00e7 artikuj p\u00ebrmbledh\u00ebs","article_publisher":"https:\/\/www.facebook.com\/press07\/","article_published_time":"2024-02-19T22:08:59+00:00","og_image":[{"width":553,"height":360,"url":"https:\/\/permbledhja.com\/wp-content\/uploads\/2024\/02\/bzh-e1708380242952.png","type":"image\/png"}],"author":"DL","twitter_card":"summary_large_image","twitter_misc":{"Written by":"DL","Est. reading time":"1 minut\u00eb"},"schema":{"@context":"https:\/\/schema.org","@graph":[{"@type":"Article","@id":"https:\/\/permbledhja.com\/buzhala-shpend-ahmetit-kjo-eshte-epoka-e-albin-kurtit-e-bajshi-me-shnet-edhe-nja-10-vjet\/#article","isPartOf":{"@id":"https:\/\/permbledhja.com\/buzhala-shpend-ahmetit-kjo-eshte-epoka-e-albin-kurtit-e-bajshi-me-shnet-edhe-nja-10-vjet\/"},"author":{"name":"DL","@id":"https:\/\/permbledhja.com\/#\/schema\/person\/9c54260cbc4c6f792cb100550491638c"},"headline":"Buzhala \u2013 Shpend Ahmetit: Kjo \u00ebsht\u00eb epoka e Albin Kurtit, e bajshi me shnet edhe nja 10 vjet","datePublished":"2024-02-19T22:08:59+00:00","dateModified":"2024-02-19T22:08:59+00:00","mainEntityOfPage":{"@id":"https:\/\/permbledhja.com\/buzhala-shpend-ahmetit-kjo-eshte-epoka-e-albin-kurtit-e-bajshi-me-shnet-edhe-nja-10-vjet\/"},"wordCount":136,"publisher":{"@id":"https:\/\/permbledhja.com\/#organization"},"articleSection":["Lajme"],"inLanguage":"sq"},{"@type":"WebPage","@id":"https:\/\/permbledhja.com\/buzhala-shpend-ahmetit-kjo-eshte-epoka-e-albin-kurtit-e-bajshi-me-shnet-edhe-nja-10-vjet\/","url":"https:\/\/permbledhja.com\/buzhala-shpend-ahmetit-kjo-eshte-epoka-e-albin-kurtit-e-bajshi-me-shnet-edhe-nja-10-vjet\/","name":"Buzhala \u2013 Shpend Ahmetit: Kjo \u00ebsht\u00eb epoka e Albin Kurtit, e bajshi me shnet edhe nja 10 vjet","isPartOf":{"@id":"https:\/\/permbledhja.com\/#website"},"datePublished":"2024-02-19T22:08:59+00:00","dateModified":"2024-02-19T22:08:59+00:00","breadcrumb":{"@id":"https:\/\/permbledhja.com\/buzhala-shpend-ahmetit-kjo-eshte-epoka-e-albin-kurtit-e-bajshi-me-shnet-edhe-nja-10-vjet\/#breadcrumb"},"inLanguage":"sq","potentialAction":[{"@type":"ReadAction","target":["https:\/\/permbledhja.com\/buzhala-shpend-ahmetit-kjo-eshte-epoka-e-albin-kurtit-e-bajshi-me-shnet-edhe-nja-10-vjet\/"]}]},{"@type":"BreadcrumbList","@id":"https:\/\/permbledhja.com\/buzhala-shpend-ahmetit-kjo-eshte-epoka-e-albin-kurtit-e-bajshi-me-shnet-edhe-nja-10-vjet\/#breadcrumb","itemListElement":[{"@type":"ListItem","position":1,"name":"Ballina","item":"https:\/\/permbledhja.com\/sq\/"},{"@type":"ListItem","position":2,"name":"Buzhala \u2013 Shpend Ahmetit: Kjo \u00ebsht\u00eb epoka e Albin Kurtit, e bajshi me shnet edhe nja 10 vjet"}]},{"@type":"WebSite","@id":"https:\/\/permbledhja.com\/#website","url":"https:\/\/permbledhja.com\/","name":"Ve\u00e7 artikuj p\u00ebrmbledh\u00ebs","description":"","publisher":{"@id":"https:\/\/permbledhja.com\/#organization"},"potentialAction":[{"@type":"SearchAction","target":{"@type":"EntryPoint","urlTemplate":"https:\/\/permbledhja.com\/?s={search_term_string}"},"query-input":"required name=search_term_string"}],"inLanguage":"sq"},{"@type":"Organization","@id":"https:\/\/permbledhja.com\/#organization","name":"MK Media & Pr","url":"https:\/\/permbledhja.com\/","logo":{"@type":"ImageObject","inLanguage":"sq","@id":"https:\/\/permbledhja.com\/#\/schema\/logo\/image\/","url":"https:\/\/permbledhja.com\/wp-content\/uploads\/2021\/12\/07-Press-Logo.jpg","contentUrl":"https:\/\/permbledhja.com\/wp-content\/uploads\/2021\/12\/07-Press-Logo.jpg","width":512,"height":512,"caption":"MK Media & Pr"},"image":{"@id":"https:\/\/permbledhja.com\/#\/schema\/logo\/image\/"},"sameAs":["https:\/\/www.facebook.com\/press07\/"]},{"@type":"Person","@id":"https:\/\/permbledhja.com\/#\/schema\/person\/9c54260cbc4c6f792cb100550491638c","name":"DL","image":{"@type":"ImageObject","inLanguage":"sq","@id":"https:\/\/permbledhja.com\/#\/schema\/person\/image\/","url":"https:\/\/secure.gravatar.com\/avatar\/94503eb28d4c4b2005a5c8753e35fc80?s=96&d=mm&r=g","contentUrl":"https:\/\/secure.gravatar.com\/avatar\/94503eb28d4c4b2005a5c8753e35fc80?s=96&d=mm&r=g","caption":"DL"},"url":"https:\/\/permbledhja.com\/sq\/author\/dl\/"}]}},"_links":{"self":[{"href":"https:\/\/permbledhja.com\/sq\/wp-json\/wp\/v2\/posts\/49127"}],"collection":[{"href":"https:\/\/permbledhja.com\/sq\/wp-json\/wp\/v2\/posts"}],"about":[{"href":"https:\/\/permbledhja.com\/sq\/wp-json\/wp\/v2\/types\/post"}],"author":[{"embeddable":true,"href":"https:\/\/permbledhja.com\/sq\/wp-json\/wp\/v2\/users\/5"}],"replies":[{"embeddable":true,"href":"https:\/\/permbledhja.com\/sq\/wp-json\/wp\/v2\/comments?post=49127"}],"version-history":[{"count":1,"href":"https:\/\/permbledhja.com\/sq\/wp-json\/wp\/v2\/posts\/49127\/revisions"}],"predecessor-version":[{"id":49129,"href":"https:\/\/permbledhja.com\/sq\/wp-json\/wp\/v2\/posts\/49127\/revisions\/49129"}],"wp:featuredmedia":[{"embeddable":true,"href":"https:\/\/permbledhja.com\/sq\/wp-json\/wp\/v2\/media\/49128"}],"wp:attachment":[{"href":"https:\/\/permbledhja.com\/sq\/wp-json\/wp\/v2\/media?parent=49127"}],"wp:term":[{"taxonomy":"category","embeddable":true,"href":"https:\/\/permbledhja.com\/sq\/wp-json\/wp\/v2\/categories?post=49127"},{"taxonomy":"post_tag","embeddable":true,"href":"https:\/\/permbledhja.com\/sq\/wp-json\/wp\/v2\/tags?post=49127"}],"curies":[{"name":"wp","href":"https:\/\/api.w.org\/{rel}","templated":true}]}}