{"id":49123,"date":"2024-02-19T21:49:33","date_gmt":"2024-02-19T21:49:33","guid":{"rendered":"https:\/\/permbledhja.com\/?p=49123"},"modified":"2024-02-19T21:49:33","modified_gmt":"2024-02-19T21:49:33","slug":"gervalla-takohet-me-deputeten-kearns-flasin-per-sigurine-ne-kosove","status":"publish","type":"post","link":"https:\/\/permbledhja.com\/sq\/gervalla-takohet-me-deputeten-kearns-flasin-per-sigurine-ne-kosove\/","title":{"rendered":"G\u00ebrvalla takohet me deputeten Kearns, flasin p\u00ebr sigurin\u00eb n\u00eb Kosov\u00eb"},"content":{"rendered":"<h3>Ministrja e Pun\u00ebve t\u00eb Jashtme, Donika G\u00ebrvalla \u00ebsht\u00eb takuar sot me deputeten britanike, Alicia Kearns.<\/h3>\n<p>Me an\u00eb t\u00eb nj\u00eb postimi n\u00eb platform\u00ebn X, G\u00ebrvalla ka b\u00ebr\u00eb t\u00eb ditur se me Kearns kan\u00eb diskutuar p\u00ebr situat\u00ebn e siguris\u00eb n\u00eb Kosov\u00eb dhe rajon, p\u00ebrcjell Arbresh.info.<\/p>\n<p>G\u00ebrvalla po ashtu e ka fal\u00ebnderuar Kearns p\u00ebr p\u00ebrkushtimin e saj n\u00eb adresimin e sfidave t\u00eb siguris\u00eb.<\/p>\n<p><img loading=\"lazy\" decoding=\"async\" class=\"alignnone size-medium wp-image-49124\" src=\"https:\/\/permbledhja.com\/wp-content\/uploads\/2024\/02\/gv1-300x192.jpg\" alt=\"\" width=\"300\" height=\"192\" srcset=\"https:\/\/permbledhja.com\/wp-content\/uploads\/2024\/02\/gv1-300x192.jpg 300w, https:\/\/permbledhja.com\/wp-content\/uploads\/2024\/02\/gv1-1024x656.jpg 1024w, https:\/\/permbledhja.com\/wp-content\/uploads\/2024\/02\/gv1-768x492.jpg 768w, https:\/\/permbledhja.com\/wp-content\/uploads\/2024\/02\/gv1-18x12.jpg 18w, https:\/\/permbledhja.com\/wp-content\/uploads\/2024\/02\/gv1.jpg 1284w\" sizes=\"(max-width: 300px) 100vw, 300px\" \/><\/p>\n<p>&nbsp;<\/p>\n","protected":false},"excerpt":{"rendered":"<p>Ministrja e Pun\u00ebve t\u00eb Jashtme, Donika G\u00ebrvalla \u00ebsht\u00eb takuar sot me deputeten britanike, Alicia Kearns. Me an\u00eb t\u00eb nj\u00eb postimi n\u00eb platform\u00ebn X, G\u00ebrvalla ka b\u00ebr\u00eb t\u00eb ditur se me Kearns kan\u00eb diskutuar p\u00ebr situat\u00ebn e siguris\u00eb n\u00eb Kosov\u00eb dhe rajon, p\u00ebrcjell Arbresh.info. G\u00ebrvalla po ashtu e ka fal\u00ebnderuar Kearns p\u00ebr p\u00ebrkushtimin e saj n\u00eb [&hellip;]<\/p>\n","protected":false},"author":5,"featured_media":49125,"comment_status":"closed","ping_status":"closed","sticky":false,"template":"","format":"standard","meta":{"_monsterinsights_skip_tracking":false,"_monsterinsights_sitenote_active":false,"_monsterinsights_sitenote_note":"","_monsterinsights_sitenote_category":0,"_uf_show_specific_survey":0,"_uf_disable_surveys":false,"footnotes":""},"categories":[2645],"tags":[],"yoast_head":"<!-- This site is optimized with the Yoast SEO plugin v21.5 - https:\/\/yoast.com\/wordpress\/plugins\/seo\/ -->\n<title>G\u00ebrvalla takohet me deputeten Kearns, flasin p\u00ebr sigurin\u00eb n\u00eb Kosov\u00eb<\/title>\n<meta name=\"robots\" content=\"index, follow, max-snippet:-1, max-image-preview:large, max-video-preview:-1\" \/>\n<link rel=\"canonical\" href=\"https:\/\/permbledhja.com\/sq\/gervalla-takohet-me-deputeten-kearns-flasin-per-sigurine-ne-kosove\/\" \/>\n<meta property=\"og:locale\" content=\"sq_AL\" \/>\n<meta property=\"og:type\" content=\"article\" \/>\n<meta property=\"og:title\" content=\"G\u00ebrvalla takohet me deputeten Kearns, flasin p\u00ebr sigurin\u00eb n\u00eb Kosov\u00eb\" \/>\n<meta property=\"og:description\" content=\"Ministrja e Pun\u00ebve t\u00eb Jashtme, Donika G\u00ebrvalla \u00ebsht\u00eb takuar sot me deputeten britanike, Alicia Kearns. Me an\u00eb t\u00eb nj\u00eb postimi n\u00eb platform\u00ebn X, G\u00ebrvalla ka b\u00ebr\u00eb t\u00eb ditur se me Kearns kan\u00eb diskutuar p\u00ebr situat\u00ebn e siguris\u00eb n\u00eb Kosov\u00eb dhe rajon, p\u00ebrcjell Arbresh.info. G\u00ebrvalla po ashtu e ka fal\u00ebnderuar Kearns p\u00ebr p\u00ebrkushtimin e saj n\u00eb [&hellip;]\" \/>\n<meta property=\"og:url\" content=\"https:\/\/permbledhja.com\/sq\/gervalla-takohet-me-deputeten-kearns-flasin-per-sigurine-ne-kosove\/\" \/>\n<meta property=\"og:site_name\" content=\"Ve\u00e7 artikuj p\u00ebrmbledh\u00ebs\" \/>\n<meta property=\"article:publisher\" content=\"https:\/\/www.facebook.com\/press07\/\" \/>\n<meta property=\"article:published_time\" content=\"2024-02-19T21:49:33+00:00\" \/>\n<meta property=\"og:image\" content=\"https:\/\/permbledhja.com\/wp-content\/uploads\/2024\/02\/gv.jpg\" \/>\n\t<meta property=\"og:image:width\" content=\"1284\" \/>\n\t<meta property=\"og:image:height\" content=\"876\" \/>\n\t<meta property=\"og:image:type\" content=\"image\/jpeg\" \/>\n<meta name=\"author\" content=\"DL\" \/>\n<meta name=\"twitter:card\" content=\"summary_large_image\" \/>\n<meta name=\"twitter:label1\" content=\"Written by\" \/>\n\t<meta name=\"twitter:data1\" content=\"DL\" \/>\n\t<meta name=\"twitter:label2\" content=\"Est. reading time\" \/>\n\t<meta name=\"twitter:data2\" content=\"1 minut\u00eb\" \/>\n<script type=\"application\/ld+json\" class=\"yoast-schema-graph\">{\"@context\":\"https:\/\/schema.org\",\"@graph\":[{\"@type\":\"Article\",\"@id\":\"https:\/\/permbledhja.com\/sq\/gervalla-takohet-me-deputeten-kearns-flasin-per-sigurine-ne-kosove\/#article\",\"isPartOf\":{\"@id\":\"https:\/\/permbledhja.com\/sq\/gervalla-takohet-me-deputeten-kearns-flasin-per-sigurine-ne-kosove\/\"},\"author\":{\"name\":\"DL\",\"@id\":\"https:\/\/permbledhja.com\/#\/schema\/person\/9c54260cbc4c6f792cb100550491638c\"},\"headline\":\"G\u00ebrvalla takohet me deputeten Kearns, flasin p\u00ebr sigurin\u00eb n\u00eb Kosov\u00eb\",\"datePublished\":\"2024-02-19T21:49:33+00:00\",\"dateModified\":\"2024-02-19T21:49:33+00:00\",\"mainEntityOfPage\":{\"@id\":\"https:\/\/permbledhja.com\/sq\/gervalla-takohet-me-deputeten-kearns-flasin-per-sigurine-ne-kosove\/\"},\"wordCount\":86,\"publisher\":{\"@id\":\"https:\/\/permbledhja.com\/#organization\"},\"articleSection\":[\"T\u00eb r\u00ebnd\u00ebsishme\"],\"inLanguage\":\"sq\"},{\"@type\":\"WebPage\",\"@id\":\"https:\/\/permbledhja.com\/sq\/gervalla-takohet-me-deputeten-kearns-flasin-per-sigurine-ne-kosove\/\",\"url\":\"https:\/\/permbledhja.com\/sq\/gervalla-takohet-me-deputeten-kearns-flasin-per-sigurine-ne-kosove\/\",\"name\":\"G\u00ebrvalla takohet me deputeten Kearns, flasin p\u00ebr sigurin\u00eb n\u00eb Kosov\u00eb\",\"isPartOf\":{\"@id\":\"https:\/\/permbledhja.com\/#website\"},\"datePublished\":\"2024-02-19T21:49:33+00:00\",\"dateModified\":\"2024-02-19T21:49:33+00:00\",\"breadcrumb\":{\"@id\":\"https:\/\/permbledhja.com\/sq\/gervalla-takohet-me-deputeten-kearns-flasin-per-sigurine-ne-kosove\/#breadcrumb\"},\"inLanguage\":\"sq\",\"potentialAction\":[{\"@type\":\"ReadAction\",\"target\":[\"https:\/\/permbledhja.com\/sq\/gervalla-takohet-me-deputeten-kearns-flasin-per-sigurine-ne-kosove\/\"]}]},{\"@type\":\"BreadcrumbList\",\"@id\":\"https:\/\/permbledhja.com\/sq\/gervalla-takohet-me-deputeten-kearns-flasin-per-sigurine-ne-kosove\/#breadcrumb\",\"itemListElement\":[{\"@type\":\"ListItem\",\"position\":1,\"name\":\"Ballina\",\"item\":\"https:\/\/permbledhja.com\/sq\/\"},{\"@type\":\"ListItem\",\"position\":2,\"name\":\"G\u00ebrvalla takohet me deputeten Kearns, flasin p\u00ebr sigurin\u00eb n\u00eb Kosov\u00eb\"}]},{\"@type\":\"WebSite\",\"@id\":\"https:\/\/permbledhja.com\/#website\",\"url\":\"https:\/\/permbledhja.com\/\",\"name\":\"Ve\u00e7 artikuj p\u00ebrmbledh\u00ebs\",\"description\":\"\",\"publisher\":{\"@id\":\"https:\/\/permbledhja.com\/#organization\"},\"potentialAction\":[{\"@type\":\"SearchAction\",\"target\":{\"@type\":\"EntryPoint\",\"urlTemplate\":\"https:\/\/permbledhja.com\/?s={search_term_string}\"},\"query-input\":\"required name=search_term_string\"}],\"inLanguage\":\"sq\"},{\"@type\":\"Organization\",\"@id\":\"https:\/\/permbledhja.com\/#organization\",\"name\":\"MK Media & Pr\",\"url\":\"https:\/\/permbledhja.com\/\",\"logo\":{\"@type\":\"ImageObject\",\"inLanguage\":\"sq\",\"@id\":\"https:\/\/permbledhja.com\/#\/schema\/logo\/image\/\",\"url\":\"https:\/\/permbledhja.com\/wp-content\/uploads\/2021\/12\/07-Press-Logo.jpg\",\"contentUrl\":\"https:\/\/permbledhja.com\/wp-content\/uploads\/2021\/12\/07-Press-Logo.jpg\",\"width\":512,\"height\":512,\"caption\":\"MK Media & Pr\"},\"image\":{\"@id\":\"https:\/\/permbledhja.com\/#\/schema\/logo\/image\/\"},\"sameAs\":[\"https:\/\/www.facebook.com\/press07\/\"]},{\"@type\":\"Person\",\"@id\":\"https:\/\/permbledhja.com\/#\/schema\/person\/9c54260cbc4c6f792cb100550491638c\",\"name\":\"DL\",\"image\":{\"@type\":\"ImageObject\",\"inLanguage\":\"sq\",\"@id\":\"https:\/\/permbledhja.com\/#\/schema\/person\/image\/\",\"url\":\"https:\/\/secure.gravatar.com\/avatar\/94503eb28d4c4b2005a5c8753e35fc80?s=96&d=mm&r=g\",\"contentUrl\":\"https:\/\/secure.gravatar.com\/avatar\/94503eb28d4c4b2005a5c8753e35fc80?s=96&d=mm&r=g\",\"caption\":\"DL\"},\"url\":\"https:\/\/permbledhja.com\/sq\/author\/dl\/\"}]}<\/script>\n<!-- \/ Yoast SEO plugin. -->","yoast_head_json":{"title":"G\u00ebrvalla takohet me deputeten Kearns, flasin p\u00ebr sigurin\u00eb n\u00eb Kosov\u00eb","robots":{"index":"index","follow":"follow","max-snippet":"max-snippet:-1","max-image-preview":"max-image-preview:large","max-video-preview":"max-video-preview:-1"},"canonical":"https:\/\/permbledhja.com\/sq\/gervalla-takohet-me-deputeten-kearns-flasin-per-sigurine-ne-kosove\/","og_locale":"sq_AL","og_type":"article","og_title":"G\u00ebrvalla takohet me deputeten Kearns, flasin p\u00ebr sigurin\u00eb n\u00eb Kosov\u00eb","og_description":"Ministrja e Pun\u00ebve t\u00eb Jashtme, Donika G\u00ebrvalla \u00ebsht\u00eb takuar sot me deputeten britanike, Alicia Kearns. Me an\u00eb t\u00eb nj\u00eb postimi n\u00eb platform\u00ebn X, G\u00ebrvalla ka b\u00ebr\u00eb t\u00eb ditur se me Kearns kan\u00eb diskutuar p\u00ebr situat\u00ebn e siguris\u00eb n\u00eb Kosov\u00eb dhe rajon, p\u00ebrcjell Arbresh.info. G\u00ebrvalla po ashtu e ka fal\u00ebnderuar Kearns p\u00ebr p\u00ebrkushtimin e saj n\u00eb [&hellip;]","og_url":"https:\/\/permbledhja.com\/sq\/gervalla-takohet-me-deputeten-kearns-flasin-per-sigurine-ne-kosove\/","og_site_name":"Ve\u00e7 artikuj p\u00ebrmbledh\u00ebs","article_publisher":"https:\/\/www.facebook.com\/press07\/","article_published_time":"2024-02-19T21:49:33+00:00","og_image":[{"width":1284,"height":876,"url":"https:\/\/permbledhja.com\/wp-content\/uploads\/2024\/02\/gv.jpg","type":"image\/jpeg"}],"author":"DL","twitter_card":"summary_large_image","twitter_misc":{"Written by":"DL","Est. reading time":"1 minut\u00eb"},"schema":{"@context":"https:\/\/schema.org","@graph":[{"@type":"Article","@id":"https:\/\/permbledhja.com\/sq\/gervalla-takohet-me-deputeten-kearns-flasin-per-sigurine-ne-kosove\/#article","isPartOf":{"@id":"https:\/\/permbledhja.com\/sq\/gervalla-takohet-me-deputeten-kearns-flasin-per-sigurine-ne-kosove\/"},"author":{"name":"DL","@id":"https:\/\/permbledhja.com\/#\/schema\/person\/9c54260cbc4c6f792cb100550491638c"},"headline":"G\u00ebrvalla takohet me deputeten Kearns, flasin p\u00ebr sigurin\u00eb n\u00eb Kosov\u00eb","datePublished":"2024-02-19T21:49:33+00:00","dateModified":"2024-02-19T21:49:33+00:00","mainEntityOfPage":{"@id":"https:\/\/permbledhja.com\/sq\/gervalla-takohet-me-deputeten-kearns-flasin-per-sigurine-ne-kosove\/"},"wordCount":86,"publisher":{"@id":"https:\/\/permbledhja.com\/#organization"},"articleSection":["T\u00eb r\u00ebnd\u00ebsishme"],"inLanguage":"sq"},{"@type":"WebPage","@id":"https:\/\/permbledhja.com\/sq\/gervalla-takohet-me-deputeten-kearns-flasin-per-sigurine-ne-kosove\/","url":"https:\/\/permbledhja.com\/sq\/gervalla-takohet-me-deputeten-kearns-flasin-per-sigurine-ne-kosove\/","name":"G\u00ebrvalla takohet me deputeten Kearns, flasin p\u00ebr sigurin\u00eb n\u00eb Kosov\u00eb","isPartOf":{"@id":"https:\/\/permbledhja.com\/#website"},"datePublished":"2024-02-19T21:49:33+00:00","dateModified":"2024-02-19T21:49:33+00:00","breadcrumb":{"@id":"https:\/\/permbledhja.com\/sq\/gervalla-takohet-me-deputeten-kearns-flasin-per-sigurine-ne-kosove\/#breadcrumb"},"inLanguage":"sq","potentialAction":[{"@type":"ReadAction","target":["https:\/\/permbledhja.com\/sq\/gervalla-takohet-me-deputeten-kearns-flasin-per-sigurine-ne-kosove\/"]}]},{"@type":"BreadcrumbList","@id":"https:\/\/permbledhja.com\/sq\/gervalla-takohet-me-deputeten-kearns-flasin-per-sigurine-ne-kosove\/#breadcrumb","itemListElement":[{"@type":"ListItem","position":1,"name":"Ballina","item":"https:\/\/permbledhja.com\/sq\/"},{"@type":"ListItem","position":2,"name":"G\u00ebrvalla takohet me deputeten Kearns, flasin p\u00ebr sigurin\u00eb n\u00eb Kosov\u00eb"}]},{"@type":"WebSite","@id":"https:\/\/permbledhja.com\/#website","url":"https:\/\/permbledhja.com\/","name":"Ve\u00e7 artikuj p\u00ebrmbledh\u00ebs","description":"","publisher":{"@id":"https:\/\/permbledhja.com\/#organization"},"potentialAction":[{"@type":"SearchAction","target":{"@type":"EntryPoint","urlTemplate":"https:\/\/permbledhja.com\/?s={search_term_string}"},"query-input":"required name=search_term_string"}],"inLanguage":"sq"},{"@type":"Organization","@id":"https:\/\/permbledhja.com\/#organization","name":"MK Media & Pr","url":"https:\/\/permbledhja.com\/","logo":{"@type":"ImageObject","inLanguage":"sq","@id":"https:\/\/permbledhja.com\/#\/schema\/logo\/image\/","url":"https:\/\/permbledhja.com\/wp-content\/uploads\/2021\/12\/07-Press-Logo.jpg","contentUrl":"https:\/\/permbledhja.com\/wp-content\/uploads\/2021\/12\/07-Press-Logo.jpg","width":512,"height":512,"caption":"MK Media & Pr"},"image":{"@id":"https:\/\/permbledhja.com\/#\/schema\/logo\/image\/"},"sameAs":["https:\/\/www.facebook.com\/press07\/"]},{"@type":"Person","@id":"https:\/\/permbledhja.com\/#\/schema\/person\/9c54260cbc4c6f792cb100550491638c","name":"DL","image":{"@type":"ImageObject","inLanguage":"sq","@id":"https:\/\/permbledhja.com\/#\/schema\/person\/image\/","url":"https:\/\/secure.gravatar.com\/avatar\/94503eb28d4c4b2005a5c8753e35fc80?s=96&d=mm&r=g","contentUrl":"https:\/\/secure.gravatar.com\/avatar\/94503eb28d4c4b2005a5c8753e35fc80?s=96&d=mm&r=g","caption":"DL"},"url":"https:\/\/permbledhja.com\/sq\/author\/dl\/"}]}},"_links":{"self":[{"href":"https:\/\/permbledhja.com\/sq\/wp-json\/wp\/v2\/posts\/49123"}],"collection":[{"href":"https:\/\/permbledhja.com\/sq\/wp-json\/wp\/v2\/posts"}],"about":[{"href":"https:\/\/permbledhja.com\/sq\/wp-json\/wp\/v2\/types\/post"}],"author":[{"embeddable":true,"href":"https:\/\/permbledhja.com\/sq\/wp-json\/wp\/v2\/users\/5"}],"replies":[{"embeddable":true,"href":"https:\/\/permbledhja.com\/sq\/wp-json\/wp\/v2\/comments?post=49123"}],"version-history":[{"count":1,"href":"https:\/\/permbledhja.com\/sq\/wp-json\/wp\/v2\/posts\/49123\/revisions"}],"predecessor-version":[{"id":49126,"href":"https:\/\/permbledhja.com\/sq\/wp-json\/wp\/v2\/posts\/49123\/revisions\/49126"}],"wp:featuredmedia":[{"embeddable":true,"href":"https:\/\/permbledhja.com\/sq\/wp-json\/wp\/v2\/media\/49125"}],"wp:attachment":[{"href":"https:\/\/permbledhja.com\/sq\/wp-json\/wp\/v2\/media?parent=49123"}],"wp:term":[{"taxonomy":"category","embeddable":true,"href":"https:\/\/permbledhja.com\/sq\/wp-json\/wp\/v2\/categories?post=49123"},{"taxonomy":"post_tag","embeddable":true,"href":"https:\/\/permbledhja.com\/sq\/wp-json\/wp\/v2\/tags?post=49123"}],"curies":[{"name":"wp","href":"https:\/\/api.w.org\/{rel}","templated":true}]}}