{"id":49120,"date":"2024-02-19T21:37:26","date_gmt":"2024-02-19T21:37:26","guid":{"rendered":"https:\/\/permbledhja.com\/?p=49120"},"modified":"2024-02-19T21:37:26","modified_gmt":"2024-02-19T21:37:26","slug":"pervecse-e-ke-lendu-tash-e-ke-sha-edhe-me-nane-gorani-shpjegon-raportet-e-kurtit-me-shba-ne","status":"publish","type":"post","link":"https:\/\/permbledhja.com\/sq\/pervecse-e-ke-lendu-tash-e-ke-sha-edhe-me-nane-gorani-shpjegon-raportet-e-kurtit-me-shba-ne\/","title":{"rendered":"\u201cP\u00ebrve\u00e7se e ke l\u00ebndu, tash e ke sha edhe me nan\u00eb\u201d \u2013 Gorani shpjegon raportet e Kurtit me SHBA-n\u00eb"},"content":{"rendered":"<p>Dukagjin Gorani, gazetar, ka kritikuar m\u00ebnyr\u00ebn sesi Qeveria e Kosov\u00ebs e drejtuar nga Albin Kurti po i qaset raporteve me Shtetet e Bashkuara t\u00eb Amerik\u00ebs.<\/p>\n<p>Pos Qeveris\u00eb, ai komentoi edhe nj\u00eb deklarat\u00eb t\u00eb presidentes Vjosa Osmani, e cila t\u00eb diel\u00ebn ka th\u00ebn\u00eb se \u201cqeveria dhe aleat\u00ebt t\u00eb ulen e t\u00eb merren vesh p\u00ebr nj\u00eb plan p\u00ebr heqjen e dinarit\u201d.<\/p>\n<p>Gorani ka th\u00ebn\u00eb se kjo qasja n\u00ebnkupton sikur \u201caleat\u00ebt jan\u00eb pal\u00eb e investune n\u00eb dinarin\u201d<\/p>\n<p>Sipas tij, ky \u00ebsht\u00eb gabim, pasi Uashingtoni e Prishtina nuk mund t\u00eb flasin p\u00ebr dinarin, sepse nuk jan\u00eb pal\u00eb.<\/p>\n<p>\u201cTi e ke nj\u00eb deklarat\u00eb t\u00eb presidentes q\u00eb sa \u00ebsht\u00eb skandaloz aq \u00ebsht\u00eb edhe f\u00ebmij\u00ebror. Merre me mend, tha ish dashur Qeveria e Kosov\u00ebs dhe bashk\u00ebsia nd\u00ebrkomb\u00ebtare me u ul\u00eb dhe me gjet\u00eb nj\u00eb zgjidhje\u201d.<\/p>\n<p>\u201cTash rrafshin lokal, marr\u00eb parasysh mentalitetin jo fort\u00eb t\u00eb zhvilluar politik q\u00eb e ka ky vend. Rrafshin lokal kuptohet si di\u00e7ka e natyrshme. Por rrafshin nd\u00ebrkomb\u00ebtar k\u00ebsaj gj\u00ebje i thon\u00eb me ia shtu l\u00ebndimit edhe nj\u00eb ofendim\u201d.<\/p>\n<p>\u201cShiqo me \u00e7far\u00eb ndryshimi tezash mundohesh me vendos si problem mes bashk\u00ebsis\u00eb nd\u00ebrkomb\u00ebtare dhe Qeveris\u00eb s\u00eb Kosov\u00ebs. Nj\u00eb njeri me pozit\u00eb kaq t\u00eb lart\u00eb e thot\u00eb nj\u00eb fjali q\u00eb n\u00eb rastin m\u00eb t\u00eb but\u00eb \u00ebsht\u00eb infantile f\u00ebmij\u00ebrore, le t\u00eb merret vesh kush, Uashtingtoni me Prishtin\u00eb p\u00ebr dinar\u00eb. Ti po e vendos bashk\u00ebsin\u00eb nd\u00ebrkomb\u00ebtare si pal\u00eb e investune n\u00eb mbrojtjen e valut\u00ebs s\u00eb Serbis\u00eb. Kjo \u00ebsht\u00eb p\u00ebrve\u00e7 q\u00eb e ke l\u00ebndu e ke sha edhe me n\u00ebn\u00eb\u201d, ka th\u00ebn\u00eb Gorani. \/Gazeta Express<\/p>\n","protected":false},"excerpt":{"rendered":"<p>Dukagjin Gorani, gazetar, ka kritikuar m\u00ebnyr\u00ebn sesi Qeveria e Kosov\u00ebs e drejtuar nga Albin Kurti po i qaset raporteve me Shtetet e Bashkuara t\u00eb Amerik\u00ebs. Pos Qeveris\u00eb, ai komentoi edhe nj\u00eb deklarat\u00eb t\u00eb presidentes Vjosa Osmani, e cila t\u00eb diel\u00ebn ka th\u00ebn\u00eb se \u201cqeveria dhe aleat\u00ebt t\u00eb ulen e t\u00eb merren vesh p\u00ebr nj\u00eb plan [&hellip;]<\/p>\n","protected":false},"author":5,"featured_media":49121,"comment_status":"closed","ping_status":"closed","sticky":false,"template":"","format":"standard","meta":{"_monsterinsights_skip_tracking":false,"_monsterinsights_sitenote_active":false,"_monsterinsights_sitenote_note":"","_monsterinsights_sitenote_category":0,"_uf_show_specific_survey":0,"_uf_disable_surveys":false,"footnotes":""},"categories":[15],"tags":[],"yoast_head":"<!-- This site is optimized with the Yoast SEO plugin v21.5 - https:\/\/yoast.com\/wordpress\/plugins\/seo\/ -->\n<title>\u201cP\u00ebrve\u00e7se e ke l\u00ebndu, tash e ke sha edhe me nan\u00eb\u201d \u2013 Gorani shpjegon raportet e Kurtit me SHBA-n\u00eb<\/title>\n<meta name=\"robots\" content=\"index, follow, max-snippet:-1, max-image-preview:large, max-video-preview:-1\" \/>\n<link rel=\"canonical\" href=\"https:\/\/permbledhja.com\/sq\/pervecse-e-ke-lendu-tash-e-ke-sha-edhe-me-nane-gorani-shpjegon-raportet-e-kurtit-me-shba-ne\/\" \/>\n<meta property=\"og:locale\" content=\"sq_AL\" \/>\n<meta property=\"og:type\" content=\"article\" \/>\n<meta property=\"og:title\" content=\"\u201cP\u00ebrve\u00e7se e ke l\u00ebndu, tash e ke sha edhe me nan\u00eb\u201d \u2013 Gorani shpjegon raportet e Kurtit me SHBA-n\u00eb\" \/>\n<meta property=\"og:description\" content=\"Dukagjin Gorani, gazetar, ka kritikuar m\u00ebnyr\u00ebn sesi Qeveria e Kosov\u00ebs e drejtuar nga Albin Kurti po i qaset raporteve me Shtetet e Bashkuara t\u00eb Amerik\u00ebs. Pos Qeveris\u00eb, ai komentoi edhe nj\u00eb deklarat\u00eb t\u00eb presidentes Vjosa Osmani, e cila t\u00eb diel\u00ebn ka th\u00ebn\u00eb se \u201cqeveria dhe aleat\u00ebt t\u00eb ulen e t\u00eb merren vesh p\u00ebr nj\u00eb plan [&hellip;]\" \/>\n<meta property=\"og:url\" content=\"https:\/\/permbledhja.com\/sq\/pervecse-e-ke-lendu-tash-e-ke-sha-edhe-me-nane-gorani-shpjegon-raportet-e-kurtit-me-shba-ne\/\" \/>\n<meta property=\"og:site_name\" content=\"Ve\u00e7 artikuj p\u00ebrmbledh\u00ebs\" \/>\n<meta property=\"article:publisher\" content=\"https:\/\/www.facebook.com\/press07\/\" \/>\n<meta property=\"article:published_time\" content=\"2024-02-19T21:37:26+00:00\" \/>\n<meta property=\"og:image\" content=\"https:\/\/permbledhja.com\/wp-content\/uploads\/2024\/02\/p-1.png\" \/>\n\t<meta property=\"og:image:width\" content=\"600\" \/>\n\t<meta property=\"og:image:height\" content=\"360\" \/>\n\t<meta property=\"og:image:type\" content=\"image\/png\" \/>\n<meta name=\"author\" content=\"DL\" \/>\n<meta name=\"twitter:card\" content=\"summary_large_image\" \/>\n<meta name=\"twitter:label1\" content=\"Written by\" \/>\n\t<meta name=\"twitter:data1\" content=\"DL\" \/>\n\t<meta name=\"twitter:label2\" content=\"Est. reading time\" \/>\n\t<meta name=\"twitter:data2\" content=\"2 minuta\" \/>\n<script type=\"application\/ld+json\" class=\"yoast-schema-graph\">{\"@context\":\"https:\/\/schema.org\",\"@graph\":[{\"@type\":\"Article\",\"@id\":\"https:\/\/permbledhja.com\/sq\/pervecse-e-ke-lendu-tash-e-ke-sha-edhe-me-nane-gorani-shpjegon-raportet-e-kurtit-me-shba-ne\/#article\",\"isPartOf\":{\"@id\":\"https:\/\/permbledhja.com\/sq\/pervecse-e-ke-lendu-tash-e-ke-sha-edhe-me-nane-gorani-shpjegon-raportet-e-kurtit-me-shba-ne\/\"},\"author\":{\"name\":\"DL\",\"@id\":\"https:\/\/permbledhja.com\/#\/schema\/person\/9c54260cbc4c6f792cb100550491638c\"},\"headline\":\"\u201cP\u00ebrve\u00e7se e ke l\u00ebndu, tash e ke sha edhe me nan\u00eb\u201d \u2013 Gorani shpjegon raportet e Kurtit me SHBA-n\u00eb\",\"datePublished\":\"2024-02-19T21:37:26+00:00\",\"dateModified\":\"2024-02-19T21:37:26+00:00\",\"mainEntityOfPage\":{\"@id\":\"https:\/\/permbledhja.com\/sq\/pervecse-e-ke-lendu-tash-e-ke-sha-edhe-me-nane-gorani-shpjegon-raportet-e-kurtit-me-shba-ne\/\"},\"wordCount\":307,\"publisher\":{\"@id\":\"https:\/\/permbledhja.com\/#organization\"},\"articleSection\":[\"Lajme\"],\"inLanguage\":\"sq\"},{\"@type\":\"WebPage\",\"@id\":\"https:\/\/permbledhja.com\/sq\/pervecse-e-ke-lendu-tash-e-ke-sha-edhe-me-nane-gorani-shpjegon-raportet-e-kurtit-me-shba-ne\/\",\"url\":\"https:\/\/permbledhja.com\/sq\/pervecse-e-ke-lendu-tash-e-ke-sha-edhe-me-nane-gorani-shpjegon-raportet-e-kurtit-me-shba-ne\/\",\"name\":\"\u201cP\u00ebrve\u00e7se e ke l\u00ebndu, tash e ke sha edhe me nan\u00eb\u201d \u2013 Gorani shpjegon raportet e Kurtit me SHBA-n\u00eb\",\"isPartOf\":{\"@id\":\"https:\/\/permbledhja.com\/#website\"},\"datePublished\":\"2024-02-19T21:37:26+00:00\",\"dateModified\":\"2024-02-19T21:37:26+00:00\",\"breadcrumb\":{\"@id\":\"https:\/\/permbledhja.com\/sq\/pervecse-e-ke-lendu-tash-e-ke-sha-edhe-me-nane-gorani-shpjegon-raportet-e-kurtit-me-shba-ne\/#breadcrumb\"},\"inLanguage\":\"sq\",\"potentialAction\":[{\"@type\":\"ReadAction\",\"target\":[\"https:\/\/permbledhja.com\/sq\/pervecse-e-ke-lendu-tash-e-ke-sha-edhe-me-nane-gorani-shpjegon-raportet-e-kurtit-me-shba-ne\/\"]}]},{\"@type\":\"BreadcrumbList\",\"@id\":\"https:\/\/permbledhja.com\/sq\/pervecse-e-ke-lendu-tash-e-ke-sha-edhe-me-nane-gorani-shpjegon-raportet-e-kurtit-me-shba-ne\/#breadcrumb\",\"itemListElement\":[{\"@type\":\"ListItem\",\"position\":1,\"name\":\"Ballina\",\"item\":\"https:\/\/permbledhja.com\/sq\/\"},{\"@type\":\"ListItem\",\"position\":2,\"name\":\"\u201cP\u00ebrve\u00e7se e ke l\u00ebndu, tash e ke sha edhe me nan\u00eb\u201d \u2013 Gorani shpjegon raportet e Kurtit me SHBA-n\u00eb\"}]},{\"@type\":\"WebSite\",\"@id\":\"https:\/\/permbledhja.com\/#website\",\"url\":\"https:\/\/permbledhja.com\/\",\"name\":\"Ve\u00e7 artikuj p\u00ebrmbledh\u00ebs\",\"description\":\"\",\"publisher\":{\"@id\":\"https:\/\/permbledhja.com\/#organization\"},\"potentialAction\":[{\"@type\":\"SearchAction\",\"target\":{\"@type\":\"EntryPoint\",\"urlTemplate\":\"https:\/\/permbledhja.com\/?s={search_term_string}\"},\"query-input\":\"required name=search_term_string\"}],\"inLanguage\":\"sq\"},{\"@type\":\"Organization\",\"@id\":\"https:\/\/permbledhja.com\/#organization\",\"name\":\"MK Media & Pr\",\"url\":\"https:\/\/permbledhja.com\/\",\"logo\":{\"@type\":\"ImageObject\",\"inLanguage\":\"sq\",\"@id\":\"https:\/\/permbledhja.com\/#\/schema\/logo\/image\/\",\"url\":\"https:\/\/permbledhja.com\/wp-content\/uploads\/2021\/12\/07-Press-Logo.jpg\",\"contentUrl\":\"https:\/\/permbledhja.com\/wp-content\/uploads\/2021\/12\/07-Press-Logo.jpg\",\"width\":512,\"height\":512,\"caption\":\"MK Media & Pr\"},\"image\":{\"@id\":\"https:\/\/permbledhja.com\/#\/schema\/logo\/image\/\"},\"sameAs\":[\"https:\/\/www.facebook.com\/press07\/\"]},{\"@type\":\"Person\",\"@id\":\"https:\/\/permbledhja.com\/#\/schema\/person\/9c54260cbc4c6f792cb100550491638c\",\"name\":\"DL\",\"image\":{\"@type\":\"ImageObject\",\"inLanguage\":\"sq\",\"@id\":\"https:\/\/permbledhja.com\/#\/schema\/person\/image\/\",\"url\":\"https:\/\/secure.gravatar.com\/avatar\/94503eb28d4c4b2005a5c8753e35fc80?s=96&d=mm&r=g\",\"contentUrl\":\"https:\/\/secure.gravatar.com\/avatar\/94503eb28d4c4b2005a5c8753e35fc80?s=96&d=mm&r=g\",\"caption\":\"DL\"},\"url\":\"https:\/\/permbledhja.com\/sq\/author\/dl\/\"}]}<\/script>\n<!-- \/ Yoast SEO plugin. -->","yoast_head_json":{"title":"\u201cP\u00ebrve\u00e7se e ke l\u00ebndu, tash e ke sha edhe me nan\u00eb\u201d \u2013 Gorani shpjegon raportet e Kurtit me SHBA-n\u00eb","robots":{"index":"index","follow":"follow","max-snippet":"max-snippet:-1","max-image-preview":"max-image-preview:large","max-video-preview":"max-video-preview:-1"},"canonical":"https:\/\/permbledhja.com\/sq\/pervecse-e-ke-lendu-tash-e-ke-sha-edhe-me-nane-gorani-shpjegon-raportet-e-kurtit-me-shba-ne\/","og_locale":"sq_AL","og_type":"article","og_title":"\u201cP\u00ebrve\u00e7se e ke l\u00ebndu, tash e ke sha edhe me nan\u00eb\u201d \u2013 Gorani shpjegon raportet e Kurtit me SHBA-n\u00eb","og_description":"Dukagjin Gorani, gazetar, ka kritikuar m\u00ebnyr\u00ebn sesi Qeveria e Kosov\u00ebs e drejtuar nga Albin Kurti po i qaset raporteve me Shtetet e Bashkuara t\u00eb Amerik\u00ebs. Pos Qeveris\u00eb, ai komentoi edhe nj\u00eb deklarat\u00eb t\u00eb presidentes Vjosa Osmani, e cila t\u00eb diel\u00ebn ka th\u00ebn\u00eb se \u201cqeveria dhe aleat\u00ebt t\u00eb ulen e t\u00eb merren vesh p\u00ebr nj\u00eb plan [&hellip;]","og_url":"https:\/\/permbledhja.com\/sq\/pervecse-e-ke-lendu-tash-e-ke-sha-edhe-me-nane-gorani-shpjegon-raportet-e-kurtit-me-shba-ne\/","og_site_name":"Ve\u00e7 artikuj p\u00ebrmbledh\u00ebs","article_publisher":"https:\/\/www.facebook.com\/press07\/","article_published_time":"2024-02-19T21:37:26+00:00","og_image":[{"width":600,"height":360,"url":"https:\/\/permbledhja.com\/wp-content\/uploads\/2024\/02\/p-1.png","type":"image\/png"}],"author":"DL","twitter_card":"summary_large_image","twitter_misc":{"Written by":"DL","Est. reading time":"2 minuta"},"schema":{"@context":"https:\/\/schema.org","@graph":[{"@type":"Article","@id":"https:\/\/permbledhja.com\/sq\/pervecse-e-ke-lendu-tash-e-ke-sha-edhe-me-nane-gorani-shpjegon-raportet-e-kurtit-me-shba-ne\/#article","isPartOf":{"@id":"https:\/\/permbledhja.com\/sq\/pervecse-e-ke-lendu-tash-e-ke-sha-edhe-me-nane-gorani-shpjegon-raportet-e-kurtit-me-shba-ne\/"},"author":{"name":"DL","@id":"https:\/\/permbledhja.com\/#\/schema\/person\/9c54260cbc4c6f792cb100550491638c"},"headline":"\u201cP\u00ebrve\u00e7se e ke l\u00ebndu, tash e ke sha edhe me nan\u00eb\u201d \u2013 Gorani shpjegon raportet e Kurtit me SHBA-n\u00eb","datePublished":"2024-02-19T21:37:26+00:00","dateModified":"2024-02-19T21:37:26+00:00","mainEntityOfPage":{"@id":"https:\/\/permbledhja.com\/sq\/pervecse-e-ke-lendu-tash-e-ke-sha-edhe-me-nane-gorani-shpjegon-raportet-e-kurtit-me-shba-ne\/"},"wordCount":307,"publisher":{"@id":"https:\/\/permbledhja.com\/#organization"},"articleSection":["Lajme"],"inLanguage":"sq"},{"@type":"WebPage","@id":"https:\/\/permbledhja.com\/sq\/pervecse-e-ke-lendu-tash-e-ke-sha-edhe-me-nane-gorani-shpjegon-raportet-e-kurtit-me-shba-ne\/","url":"https:\/\/permbledhja.com\/sq\/pervecse-e-ke-lendu-tash-e-ke-sha-edhe-me-nane-gorani-shpjegon-raportet-e-kurtit-me-shba-ne\/","name":"\u201cP\u00ebrve\u00e7se e ke l\u00ebndu, tash e ke sha edhe me nan\u00eb\u201d \u2013 Gorani shpjegon raportet e Kurtit me SHBA-n\u00eb","isPartOf":{"@id":"https:\/\/permbledhja.com\/#website"},"datePublished":"2024-02-19T21:37:26+00:00","dateModified":"2024-02-19T21:37:26+00:00","breadcrumb":{"@id":"https:\/\/permbledhja.com\/sq\/pervecse-e-ke-lendu-tash-e-ke-sha-edhe-me-nane-gorani-shpjegon-raportet-e-kurtit-me-shba-ne\/#breadcrumb"},"inLanguage":"sq","potentialAction":[{"@type":"ReadAction","target":["https:\/\/permbledhja.com\/sq\/pervecse-e-ke-lendu-tash-e-ke-sha-edhe-me-nane-gorani-shpjegon-raportet-e-kurtit-me-shba-ne\/"]}]},{"@type":"BreadcrumbList","@id":"https:\/\/permbledhja.com\/sq\/pervecse-e-ke-lendu-tash-e-ke-sha-edhe-me-nane-gorani-shpjegon-raportet-e-kurtit-me-shba-ne\/#breadcrumb","itemListElement":[{"@type":"ListItem","position":1,"name":"Ballina","item":"https:\/\/permbledhja.com\/sq\/"},{"@type":"ListItem","position":2,"name":"\u201cP\u00ebrve\u00e7se e ke l\u00ebndu, tash e ke sha edhe me nan\u00eb\u201d \u2013 Gorani shpjegon raportet e Kurtit me SHBA-n\u00eb"}]},{"@type":"WebSite","@id":"https:\/\/permbledhja.com\/#website","url":"https:\/\/permbledhja.com\/","name":"Ve\u00e7 artikuj p\u00ebrmbledh\u00ebs","description":"","publisher":{"@id":"https:\/\/permbledhja.com\/#organization"},"potentialAction":[{"@type":"SearchAction","target":{"@type":"EntryPoint","urlTemplate":"https:\/\/permbledhja.com\/?s={search_term_string}"},"query-input":"required name=search_term_string"}],"inLanguage":"sq"},{"@type":"Organization","@id":"https:\/\/permbledhja.com\/#organization","name":"MK Media & Pr","url":"https:\/\/permbledhja.com\/","logo":{"@type":"ImageObject","inLanguage":"sq","@id":"https:\/\/permbledhja.com\/#\/schema\/logo\/image\/","url":"https:\/\/permbledhja.com\/wp-content\/uploads\/2021\/12\/07-Press-Logo.jpg","contentUrl":"https:\/\/permbledhja.com\/wp-content\/uploads\/2021\/12\/07-Press-Logo.jpg","width":512,"height":512,"caption":"MK Media & Pr"},"image":{"@id":"https:\/\/permbledhja.com\/#\/schema\/logo\/image\/"},"sameAs":["https:\/\/www.facebook.com\/press07\/"]},{"@type":"Person","@id":"https:\/\/permbledhja.com\/#\/schema\/person\/9c54260cbc4c6f792cb100550491638c","name":"DL","image":{"@type":"ImageObject","inLanguage":"sq","@id":"https:\/\/permbledhja.com\/#\/schema\/person\/image\/","url":"https:\/\/secure.gravatar.com\/avatar\/94503eb28d4c4b2005a5c8753e35fc80?s=96&d=mm&r=g","contentUrl":"https:\/\/secure.gravatar.com\/avatar\/94503eb28d4c4b2005a5c8753e35fc80?s=96&d=mm&r=g","caption":"DL"},"url":"https:\/\/permbledhja.com\/sq\/author\/dl\/"}]}},"_links":{"self":[{"href":"https:\/\/permbledhja.com\/sq\/wp-json\/wp\/v2\/posts\/49120"}],"collection":[{"href":"https:\/\/permbledhja.com\/sq\/wp-json\/wp\/v2\/posts"}],"about":[{"href":"https:\/\/permbledhja.com\/sq\/wp-json\/wp\/v2\/types\/post"}],"author":[{"embeddable":true,"href":"https:\/\/permbledhja.com\/sq\/wp-json\/wp\/v2\/users\/5"}],"replies":[{"embeddable":true,"href":"https:\/\/permbledhja.com\/sq\/wp-json\/wp\/v2\/comments?post=49120"}],"version-history":[{"count":1,"href":"https:\/\/permbledhja.com\/sq\/wp-json\/wp\/v2\/posts\/49120\/revisions"}],"predecessor-version":[{"id":49122,"href":"https:\/\/permbledhja.com\/sq\/wp-json\/wp\/v2\/posts\/49120\/revisions\/49122"}],"wp:featuredmedia":[{"embeddable":true,"href":"https:\/\/permbledhja.com\/sq\/wp-json\/wp\/v2\/media\/49121"}],"wp:attachment":[{"href":"https:\/\/permbledhja.com\/sq\/wp-json\/wp\/v2\/media?parent=49120"}],"wp:term":[{"taxonomy":"category","embeddable":true,"href":"https:\/\/permbledhja.com\/sq\/wp-json\/wp\/v2\/categories?post=49120"},{"taxonomy":"post_tag","embeddable":true,"href":"https:\/\/permbledhja.com\/sq\/wp-json\/wp\/v2\/tags?post=49120"}],"curies":[{"name":"wp","href":"https:\/\/api.w.org\/{rel}","templated":true}]}}