{"id":49117,"date":"2024-02-19T21:22:36","date_gmt":"2024-02-19T21:22:36","guid":{"rendered":"https:\/\/permbledhja.com\/?p=49117"},"modified":"2024-02-19T21:22:36","modified_gmt":"2024-02-19T21:22:36","slug":"ceku-gjate-ketij-viti-planifikohet-nisja-e-ndertimit-te-stadiumit-nacional","status":"publish","type":"post","link":"https:\/\/permbledhja.com\/sq\/ceku-gjate-ketij-viti-planifikohet-nisja-e-ndertimit-te-stadiumit-nacional\/","title":{"rendered":"\u00c7eku: Gjat\u00eb k\u00ebtij viti planifikohet nisja e nd\u00ebrtimit t\u00eb stadiumit nacional"},"content":{"rendered":"<h3>Ministri i Kultur\u00ebs, Rinis\u00eb dhe Sportit, Hajrulla \u00c7eku, ka th\u00ebn\u00eb se brenda pes\u00eb viteve Kosova do ta p\u00ebrmbyll tem\u00ebn e infrastruktur\u00ebs sportive.<\/h3>\n<p>K\u00ebshtu ka deklaruar \u00c7eku gjat\u00eb fjal\u00ebs s\u00eb tij n\u00eb lansimin e strategjis\u00eb s\u00eb Federat\u00ebs s\u00eb Futbollit t\u00eb Kosov\u00ebs p\u00ebr periudh\u00ebn 2024-2028 n\u00ebn moton \u201cThemelet e s\u00eb ardhmes\u201d.<\/p>\n<p>\u201cE p\u00ebrg\u00ebzoj FFK-n\u00eb dhe presidentin Ademi, i cili krahas pun\u00ebve t\u00eb tjera \u00ebsht\u00eb i p\u00ebrkushtuar edhe n\u00eb planifikimin strategjik afatgjat\u00eb. N\u00eb bashk\u00ebpunim me FFK-n\u00eb dhe komunat po b\u00ebjm\u00eb konsolidimin e stadiumeve. Presidenti Ademi p\u00ebrmendi investimet n\u00eb stadiumet \u2018Adem Jashari\u2019 dhe \u2018Fadil Vokrri\u2019, por ne me po aq zell po i trajtojm\u00eb edhe stadiumet e tjera. Brenda 5 viteve besoj se Kosova do ta p\u00ebrmbyll tem\u00ebn e infrastruktur\u00ebs sportive\u201d, ka th\u00ebn\u00eb \u00c7eku.<\/p>\n<p>Ai ka th\u00ebn\u00eb se MKRS gjat\u00eb k\u00ebtij viti po planifikon edhe nisjen e stadiumit nacional.<\/p>\n<p>&nbsp;<\/p>\n","protected":false},"excerpt":{"rendered":"<p>Ministri i Kultur\u00ebs, Rinis\u00eb dhe Sportit, Hajrulla \u00c7eku, ka th\u00ebn\u00eb se brenda pes\u00eb viteve Kosova do ta p\u00ebrmbyll tem\u00ebn e infrastruktur\u00ebs sportive. K\u00ebshtu ka deklaruar \u00c7eku gjat\u00eb fjal\u00ebs s\u00eb tij n\u00eb lansimin e strategjis\u00eb s\u00eb Federat\u00ebs s\u00eb Futbollit t\u00eb Kosov\u00ebs p\u00ebr periudh\u00ebn 2024-2028 n\u00ebn moton \u201cThemelet e s\u00eb ardhmes\u201d. \u201cE p\u00ebrg\u00ebzoj FFK-n\u00eb dhe presidentin Ademi, [&hellip;]<\/p>\n","protected":false},"author":5,"featured_media":49118,"comment_status":"closed","ping_status":"closed","sticky":false,"template":"","format":"standard","meta":{"_monsterinsights_skip_tracking":false,"_monsterinsights_sitenote_active":false,"_monsterinsights_sitenote_note":"","_monsterinsights_sitenote_category":0,"_uf_show_specific_survey":0,"_uf_disable_surveys":false,"footnotes":""},"categories":[15],"tags":[],"yoast_head":"<!-- This site is optimized with the Yoast SEO plugin v21.5 - https:\/\/yoast.com\/wordpress\/plugins\/seo\/ -->\n<title>\u00c7eku: Gjat\u00eb k\u00ebtij viti planifikohet nisja e nd\u00ebrtimit t\u00eb stadiumit nacional<\/title>\n<meta name=\"robots\" content=\"index, follow, max-snippet:-1, max-image-preview:large, max-video-preview:-1\" \/>\n<link rel=\"canonical\" href=\"https:\/\/permbledhja.com\/sq\/ceku-gjate-ketij-viti-planifikohet-nisja-e-ndertimit-te-stadiumit-nacional\/\" \/>\n<meta property=\"og:locale\" content=\"sq_AL\" \/>\n<meta property=\"og:type\" content=\"article\" \/>\n<meta property=\"og:title\" content=\"\u00c7eku: Gjat\u00eb k\u00ebtij viti planifikohet nisja e nd\u00ebrtimit t\u00eb stadiumit nacional\" \/>\n<meta property=\"og:description\" content=\"Ministri i Kultur\u00ebs, Rinis\u00eb dhe Sportit, Hajrulla \u00c7eku, ka th\u00ebn\u00eb se brenda pes\u00eb viteve Kosova do ta p\u00ebrmbyll tem\u00ebn e infrastruktur\u00ebs sportive. K\u00ebshtu ka deklaruar \u00c7eku gjat\u00eb fjal\u00ebs s\u00eb tij n\u00eb lansimin e strategjis\u00eb s\u00eb Federat\u00ebs s\u00eb Futbollit t\u00eb Kosov\u00ebs p\u00ebr periudh\u00ebn 2024-2028 n\u00ebn moton \u201cThemelet e s\u00eb ardhmes\u201d. \u201cE p\u00ebrg\u00ebzoj FFK-n\u00eb dhe presidentin Ademi, [&hellip;]\" \/>\n<meta property=\"og:url\" content=\"https:\/\/permbledhja.com\/sq\/ceku-gjate-ketij-viti-planifikohet-nisja-e-ndertimit-te-stadiumit-nacional\/\" \/>\n<meta property=\"og:site_name\" content=\"Ve\u00e7 artikuj p\u00ebrmbledh\u00ebs\" \/>\n<meta property=\"article:publisher\" content=\"https:\/\/www.facebook.com\/press07\/\" \/>\n<meta property=\"article:published_time\" content=\"2024-02-19T21:22:36+00:00\" \/>\n<meta property=\"og:image\" content=\"https:\/\/permbledhja.com\/wp-content\/uploads\/2024\/02\/c.jpg\" \/>\n\t<meta property=\"og:image:width\" content=\"2048\" \/>\n\t<meta property=\"og:image:height\" content=\"1365\" \/>\n\t<meta property=\"og:image:type\" content=\"image\/jpeg\" \/>\n<meta name=\"author\" content=\"DL\" \/>\n<meta name=\"twitter:card\" content=\"summary_large_image\" \/>\n<meta name=\"twitter:label1\" content=\"Written by\" \/>\n\t<meta name=\"twitter:data1\" content=\"DL\" \/>\n\t<meta name=\"twitter:label2\" content=\"Est. reading time\" \/>\n\t<meta name=\"twitter:data2\" content=\"1 minut\u00eb\" \/>\n<script type=\"application\/ld+json\" class=\"yoast-schema-graph\">{\"@context\":\"https:\/\/schema.org\",\"@graph\":[{\"@type\":\"Article\",\"@id\":\"https:\/\/permbledhja.com\/ceku-gjate-ketij-viti-planifikohet-nisja-e-ndertimit-te-stadiumit-nacional\/#article\",\"isPartOf\":{\"@id\":\"https:\/\/permbledhja.com\/ceku-gjate-ketij-viti-planifikohet-nisja-e-ndertimit-te-stadiumit-nacional\/\"},\"author\":{\"name\":\"DL\",\"@id\":\"https:\/\/permbledhja.com\/#\/schema\/person\/9c54260cbc4c6f792cb100550491638c\"},\"headline\":\"\u00c7eku: Gjat\u00eb k\u00ebtij viti planifikohet nisja e nd\u00ebrtimit t\u00eb stadiumit nacional\",\"datePublished\":\"2024-02-19T21:22:36+00:00\",\"dateModified\":\"2024-02-19T21:22:36+00:00\",\"mainEntityOfPage\":{\"@id\":\"https:\/\/permbledhja.com\/ceku-gjate-ketij-viti-planifikohet-nisja-e-ndertimit-te-stadiumit-nacional\/\"},\"wordCount\":173,\"publisher\":{\"@id\":\"https:\/\/permbledhja.com\/#organization\"},\"articleSection\":[\"Lajme\"],\"inLanguage\":\"sq\"},{\"@type\":\"WebPage\",\"@id\":\"https:\/\/permbledhja.com\/ceku-gjate-ketij-viti-planifikohet-nisja-e-ndertimit-te-stadiumit-nacional\/\",\"url\":\"https:\/\/permbledhja.com\/ceku-gjate-ketij-viti-planifikohet-nisja-e-ndertimit-te-stadiumit-nacional\/\",\"name\":\"\u00c7eku: Gjat\u00eb k\u00ebtij viti planifikohet nisja e nd\u00ebrtimit t\u00eb stadiumit nacional\",\"isPartOf\":{\"@id\":\"https:\/\/permbledhja.com\/#website\"},\"datePublished\":\"2024-02-19T21:22:36+00:00\",\"dateModified\":\"2024-02-19T21:22:36+00:00\",\"breadcrumb\":{\"@id\":\"https:\/\/permbledhja.com\/ceku-gjate-ketij-viti-planifikohet-nisja-e-ndertimit-te-stadiumit-nacional\/#breadcrumb\"},\"inLanguage\":\"sq\",\"potentialAction\":[{\"@type\":\"ReadAction\",\"target\":[\"https:\/\/permbledhja.com\/ceku-gjate-ketij-viti-planifikohet-nisja-e-ndertimit-te-stadiumit-nacional\/\"]}]},{\"@type\":\"BreadcrumbList\",\"@id\":\"https:\/\/permbledhja.com\/ceku-gjate-ketij-viti-planifikohet-nisja-e-ndertimit-te-stadiumit-nacional\/#breadcrumb\",\"itemListElement\":[{\"@type\":\"ListItem\",\"position\":1,\"name\":\"Ballina\",\"item\":\"https:\/\/permbledhja.com\/sq\/\"},{\"@type\":\"ListItem\",\"position\":2,\"name\":\"\u00c7eku: Gjat\u00eb k\u00ebtij viti planifikohet nisja e nd\u00ebrtimit t\u00eb stadiumit nacional\"}]},{\"@type\":\"WebSite\",\"@id\":\"https:\/\/permbledhja.com\/#website\",\"url\":\"https:\/\/permbledhja.com\/\",\"name\":\"Ve\u00e7 artikuj p\u00ebrmbledh\u00ebs\",\"description\":\"\",\"publisher\":{\"@id\":\"https:\/\/permbledhja.com\/#organization\"},\"potentialAction\":[{\"@type\":\"SearchAction\",\"target\":{\"@type\":\"EntryPoint\",\"urlTemplate\":\"https:\/\/permbledhja.com\/?s={search_term_string}\"},\"query-input\":\"required name=search_term_string\"}],\"inLanguage\":\"sq\"},{\"@type\":\"Organization\",\"@id\":\"https:\/\/permbledhja.com\/#organization\",\"name\":\"MK Media & Pr\",\"url\":\"https:\/\/permbledhja.com\/\",\"logo\":{\"@type\":\"ImageObject\",\"inLanguage\":\"sq\",\"@id\":\"https:\/\/permbledhja.com\/#\/schema\/logo\/image\/\",\"url\":\"https:\/\/permbledhja.com\/wp-content\/uploads\/2021\/12\/07-Press-Logo.jpg\",\"contentUrl\":\"https:\/\/permbledhja.com\/wp-content\/uploads\/2021\/12\/07-Press-Logo.jpg\",\"width\":512,\"height\":512,\"caption\":\"MK Media & Pr\"},\"image\":{\"@id\":\"https:\/\/permbledhja.com\/#\/schema\/logo\/image\/\"},\"sameAs\":[\"https:\/\/www.facebook.com\/press07\/\"]},{\"@type\":\"Person\",\"@id\":\"https:\/\/permbledhja.com\/#\/schema\/person\/9c54260cbc4c6f792cb100550491638c\",\"name\":\"DL\",\"image\":{\"@type\":\"ImageObject\",\"inLanguage\":\"sq\",\"@id\":\"https:\/\/permbledhja.com\/#\/schema\/person\/image\/\",\"url\":\"https:\/\/secure.gravatar.com\/avatar\/94503eb28d4c4b2005a5c8753e35fc80?s=96&d=mm&r=g\",\"contentUrl\":\"https:\/\/secure.gravatar.com\/avatar\/94503eb28d4c4b2005a5c8753e35fc80?s=96&d=mm&r=g\",\"caption\":\"DL\"},\"url\":\"https:\/\/permbledhja.com\/sq\/author\/dl\/\"}]}<\/script>\n<!-- \/ Yoast SEO plugin. -->","yoast_head_json":{"title":"\u00c7eku: Gjat\u00eb k\u00ebtij viti planifikohet nisja e nd\u00ebrtimit t\u00eb stadiumit nacional","robots":{"index":"index","follow":"follow","max-snippet":"max-snippet:-1","max-image-preview":"max-image-preview:large","max-video-preview":"max-video-preview:-1"},"canonical":"https:\/\/permbledhja.com\/sq\/ceku-gjate-ketij-viti-planifikohet-nisja-e-ndertimit-te-stadiumit-nacional\/","og_locale":"sq_AL","og_type":"article","og_title":"\u00c7eku: Gjat\u00eb k\u00ebtij viti planifikohet nisja e nd\u00ebrtimit t\u00eb stadiumit nacional","og_description":"Ministri i Kultur\u00ebs, Rinis\u00eb dhe Sportit, Hajrulla \u00c7eku, ka th\u00ebn\u00eb se brenda pes\u00eb viteve Kosova do ta p\u00ebrmbyll tem\u00ebn e infrastruktur\u00ebs sportive. K\u00ebshtu ka deklaruar \u00c7eku gjat\u00eb fjal\u00ebs s\u00eb tij n\u00eb lansimin e strategjis\u00eb s\u00eb Federat\u00ebs s\u00eb Futbollit t\u00eb Kosov\u00ebs p\u00ebr periudh\u00ebn 2024-2028 n\u00ebn moton \u201cThemelet e s\u00eb ardhmes\u201d. \u201cE p\u00ebrg\u00ebzoj FFK-n\u00eb dhe presidentin Ademi, [&hellip;]","og_url":"https:\/\/permbledhja.com\/sq\/ceku-gjate-ketij-viti-planifikohet-nisja-e-ndertimit-te-stadiumit-nacional\/","og_site_name":"Ve\u00e7 artikuj p\u00ebrmbledh\u00ebs","article_publisher":"https:\/\/www.facebook.com\/press07\/","article_published_time":"2024-02-19T21:22:36+00:00","og_image":[{"width":2048,"height":1365,"url":"https:\/\/permbledhja.com\/wp-content\/uploads\/2024\/02\/c.jpg","type":"image\/jpeg"}],"author":"DL","twitter_card":"summary_large_image","twitter_misc":{"Written by":"DL","Est. reading time":"1 minut\u00eb"},"schema":{"@context":"https:\/\/schema.org","@graph":[{"@type":"Article","@id":"https:\/\/permbledhja.com\/ceku-gjate-ketij-viti-planifikohet-nisja-e-ndertimit-te-stadiumit-nacional\/#article","isPartOf":{"@id":"https:\/\/permbledhja.com\/ceku-gjate-ketij-viti-planifikohet-nisja-e-ndertimit-te-stadiumit-nacional\/"},"author":{"name":"DL","@id":"https:\/\/permbledhja.com\/#\/schema\/person\/9c54260cbc4c6f792cb100550491638c"},"headline":"\u00c7eku: Gjat\u00eb k\u00ebtij viti planifikohet nisja e nd\u00ebrtimit t\u00eb stadiumit nacional","datePublished":"2024-02-19T21:22:36+00:00","dateModified":"2024-02-19T21:22:36+00:00","mainEntityOfPage":{"@id":"https:\/\/permbledhja.com\/ceku-gjate-ketij-viti-planifikohet-nisja-e-ndertimit-te-stadiumit-nacional\/"},"wordCount":173,"publisher":{"@id":"https:\/\/permbledhja.com\/#organization"},"articleSection":["Lajme"],"inLanguage":"sq"},{"@type":"WebPage","@id":"https:\/\/permbledhja.com\/ceku-gjate-ketij-viti-planifikohet-nisja-e-ndertimit-te-stadiumit-nacional\/","url":"https:\/\/permbledhja.com\/ceku-gjate-ketij-viti-planifikohet-nisja-e-ndertimit-te-stadiumit-nacional\/","name":"\u00c7eku: Gjat\u00eb k\u00ebtij viti planifikohet nisja e nd\u00ebrtimit t\u00eb stadiumit nacional","isPartOf":{"@id":"https:\/\/permbledhja.com\/#website"},"datePublished":"2024-02-19T21:22:36+00:00","dateModified":"2024-02-19T21:22:36+00:00","breadcrumb":{"@id":"https:\/\/permbledhja.com\/ceku-gjate-ketij-viti-planifikohet-nisja-e-ndertimit-te-stadiumit-nacional\/#breadcrumb"},"inLanguage":"sq","potentialAction":[{"@type":"ReadAction","target":["https:\/\/permbledhja.com\/ceku-gjate-ketij-viti-planifikohet-nisja-e-ndertimit-te-stadiumit-nacional\/"]}]},{"@type":"BreadcrumbList","@id":"https:\/\/permbledhja.com\/ceku-gjate-ketij-viti-planifikohet-nisja-e-ndertimit-te-stadiumit-nacional\/#breadcrumb","itemListElement":[{"@type":"ListItem","position":1,"name":"Ballina","item":"https:\/\/permbledhja.com\/sq\/"},{"@type":"ListItem","position":2,"name":"\u00c7eku: Gjat\u00eb k\u00ebtij viti planifikohet nisja e nd\u00ebrtimit t\u00eb stadiumit nacional"}]},{"@type":"WebSite","@id":"https:\/\/permbledhja.com\/#website","url":"https:\/\/permbledhja.com\/","name":"Ve\u00e7 artikuj p\u00ebrmbledh\u00ebs","description":"","publisher":{"@id":"https:\/\/permbledhja.com\/#organization"},"potentialAction":[{"@type":"SearchAction","target":{"@type":"EntryPoint","urlTemplate":"https:\/\/permbledhja.com\/?s={search_term_string}"},"query-input":"required name=search_term_string"}],"inLanguage":"sq"},{"@type":"Organization","@id":"https:\/\/permbledhja.com\/#organization","name":"MK Media & Pr","url":"https:\/\/permbledhja.com\/","logo":{"@type":"ImageObject","inLanguage":"sq","@id":"https:\/\/permbledhja.com\/#\/schema\/logo\/image\/","url":"https:\/\/permbledhja.com\/wp-content\/uploads\/2021\/12\/07-Press-Logo.jpg","contentUrl":"https:\/\/permbledhja.com\/wp-content\/uploads\/2021\/12\/07-Press-Logo.jpg","width":512,"height":512,"caption":"MK Media & Pr"},"image":{"@id":"https:\/\/permbledhja.com\/#\/schema\/logo\/image\/"},"sameAs":["https:\/\/www.facebook.com\/press07\/"]},{"@type":"Person","@id":"https:\/\/permbledhja.com\/#\/schema\/person\/9c54260cbc4c6f792cb100550491638c","name":"DL","image":{"@type":"ImageObject","inLanguage":"sq","@id":"https:\/\/permbledhja.com\/#\/schema\/person\/image\/","url":"https:\/\/secure.gravatar.com\/avatar\/94503eb28d4c4b2005a5c8753e35fc80?s=96&d=mm&r=g","contentUrl":"https:\/\/secure.gravatar.com\/avatar\/94503eb28d4c4b2005a5c8753e35fc80?s=96&d=mm&r=g","caption":"DL"},"url":"https:\/\/permbledhja.com\/sq\/author\/dl\/"}]}},"_links":{"self":[{"href":"https:\/\/permbledhja.com\/sq\/wp-json\/wp\/v2\/posts\/49117"}],"collection":[{"href":"https:\/\/permbledhja.com\/sq\/wp-json\/wp\/v2\/posts"}],"about":[{"href":"https:\/\/permbledhja.com\/sq\/wp-json\/wp\/v2\/types\/post"}],"author":[{"embeddable":true,"href":"https:\/\/permbledhja.com\/sq\/wp-json\/wp\/v2\/users\/5"}],"replies":[{"embeddable":true,"href":"https:\/\/permbledhja.com\/sq\/wp-json\/wp\/v2\/comments?post=49117"}],"version-history":[{"count":1,"href":"https:\/\/permbledhja.com\/sq\/wp-json\/wp\/v2\/posts\/49117\/revisions"}],"predecessor-version":[{"id":49119,"href":"https:\/\/permbledhja.com\/sq\/wp-json\/wp\/v2\/posts\/49117\/revisions\/49119"}],"wp:featuredmedia":[{"embeddable":true,"href":"https:\/\/permbledhja.com\/sq\/wp-json\/wp\/v2\/media\/49118"}],"wp:attachment":[{"href":"https:\/\/permbledhja.com\/sq\/wp-json\/wp\/v2\/media?parent=49117"}],"wp:term":[{"taxonomy":"category","embeddable":true,"href":"https:\/\/permbledhja.com\/sq\/wp-json\/wp\/v2\/categories?post=49117"},{"taxonomy":"post_tag","embeddable":true,"href":"https:\/\/permbledhja.com\/sq\/wp-json\/wp\/v2\/tags?post=49117"}],"curies":[{"name":"wp","href":"https:\/\/api.w.org\/{rel}","templated":true}]}}