{"id":48972,"date":"2024-02-19T07:44:12","date_gmt":"2024-02-19T07:44:12","guid":{"rendered":"https:\/\/permbledhja.com\/?p=48972"},"modified":"2024-02-19T07:44:12","modified_gmt":"2024-02-19T07:44:12","slug":"sulmi-terrorist-ne-banjske-ngriu-dialogun-ska-date-se-kur-pritet-te-rinise","status":"publish","type":"post","link":"https:\/\/permbledhja.com\/sq\/sulmi-terrorist-ne-banjske-ngriu-dialogun-ska-date-se-kur-pritet-te-rinise\/","title":{"rendered":"Sulmi terrorist n\u00eb Banjsk\u00eb ngriu dialogun, s\u2019ka dat\u00eb se kur pritet t\u00eb rinis\u00eb"},"content":{"rendered":"<h3>Pas sulmit terrorist serb n\u00eb Banjsk\u00eb vitin e kaluar, procesi i takimeve n\u00eb Bruksel \u00ebsht\u00eb v\u00ebshtir\u00ebsuar p\u00ebr t\u00eb normalizimin e marr\u00ebdh\u00ebnieve Kosov\u00eb-Serbi. Takimi i fundit Kurti-Vuqiq ishte n\u00eb shtator t\u00eb vitit t\u00eb kaluar pak dit\u00eb para se t\u00eb ndodhte sulmi, nd\u00ebrsa nga at\u00ebher\u00eb nuk ka pasur nj\u00eb takim.<\/h3>\n<p>Pas takimeve n\u00eb konferenc\u00ebn e Siguris\u00eb n\u00eb Munih, presidenti serb, Aleksand\u00ebr Vu\u00e7iq, ka th\u00ebn\u00eb se pret ftes\u00eb nga Bashkimi Evropian, nd\u00ebrkoh\u00eb q\u00eb analist\u00ebt kosovar\u00eb thon\u00eb se n\u00ebse do t\u00eb ket\u00eb nj\u00eb ftes\u00eb p\u00ebr kryeministrin Kurti, ai nuk duhet ta refuzoj\u00eb.<\/p>\n<p>Takime t\u00eb ndara ka zhvilluar krye diplomati evropian, Josep Borrell me kryeministrin Kurti dhe presidentin serb k\u00ebt\u00eb fundjav\u00eb n\u00eb Munih.<\/p>\n<p>N\u00eb takim me kryeministrin Kurti u bisedua p\u00ebr procesin e dialogut, zbatimin e marr\u00ebveshjeve t\u00eb dakorduara dhe normalizimin e marr\u00ebdh\u00ebnieve nd\u00ebrmjet Kosov\u00ebs dhe Serbis\u00eb.<\/p>\n<p>Kurti n\u00eb k\u00ebt\u00eb takim, po ashtu, k\u00ebrkoi heqjen e masave kufizuese t\u00eb vendosura nga Bashkimi Evropian.<\/p>\n<p>Borrell tha se do t\u00eb ishte i lumtur n\u00ebse nj\u00eb takim trepal\u00ebsh do t\u00eb ishte i mundur.<\/p>\n<p>Nd\u00ebrsa presidenti serb, Aleksand\u00ebr Vu\u00e7iq, pas takimit me Borrell tha se pret nj\u00eb ftes\u00eb p\u00ebr n\u00eb Bruksel gjat\u00eb dit\u00ebve n\u00eb vijim.<\/p>\n<p>N\u00eb K\u00ebshillin e Sigurimit t\u00eb OKB-s\u00eb, Kurti e Vu\u00e7iq u ballafaquan p\u00ebr her\u00eb t\u00eb par\u00eb n\u00eb nj\u00eb vend, pas sulmit terrorist t\u00eb 24 shtatorit n\u00eb Banjsk\u00eb, sulm ky q\u00eb nd\u00ebrpreu dialogun mes Kosov\u00ebs e Serbis\u00eb.<\/p>\n<p>Hera e fundit kur Kurti e Vu\u00e7iq u takuan n\u00eb Bruksel ishte data 14 shtator e vitit q\u00eb lam\u00eb pas. \/RTK<\/p>\n","protected":false},"excerpt":{"rendered":"<p>Pas sulmit terrorist serb n\u00eb Banjsk\u00eb vitin e kaluar, procesi i takimeve n\u00eb Bruksel \u00ebsht\u00eb v\u00ebshtir\u00ebsuar p\u00ebr t\u00eb normalizimin e marr\u00ebdh\u00ebnieve Kosov\u00eb-Serbi. Takimi i fundit Kurti-Vuqiq ishte n\u00eb shtator t\u00eb vitit t\u00eb kaluar pak dit\u00eb para se t\u00eb ndodhte sulmi, nd\u00ebrsa nga at\u00ebher\u00eb nuk ka pasur nj\u00eb takim. Pas takimeve n\u00eb konferenc\u00ebn e Siguris\u00eb n\u00eb [&hellip;]<\/p>\n","protected":false},"author":2,"featured_media":48973,"comment_status":"closed","ping_status":"closed","sticky":false,"template":"","format":"standard","meta":{"_monsterinsights_skip_tracking":false,"_monsterinsights_sitenote_active":false,"_monsterinsights_sitenote_note":"","_monsterinsights_sitenote_category":0,"_uf_show_specific_survey":0,"_uf_disable_surveys":false,"footnotes":""},"categories":[2645],"tags":[883],"yoast_head":"<!-- This site is optimized with the Yoast SEO plugin v21.5 - https:\/\/yoast.com\/wordpress\/plugins\/seo\/ -->\n<title>Sulmi terrorist n\u00eb Banjsk\u00eb ngriu dialogun, s\u2019ka dat\u00eb se kur pritet t\u00eb rinis\u00eb<\/title>\n<meta name=\"robots\" content=\"index, follow, max-snippet:-1, max-image-preview:large, max-video-preview:-1\" \/>\n<link rel=\"canonical\" href=\"https:\/\/permbledhja.com\/sq\/sulmi-terrorist-ne-banjske-ngriu-dialogun-ska-date-se-kur-pritet-te-rinise\/\" \/>\n<meta property=\"og:locale\" content=\"sq_AL\" \/>\n<meta property=\"og:type\" content=\"article\" \/>\n<meta property=\"og:title\" content=\"Sulmi terrorist n\u00eb Banjsk\u00eb ngriu dialogun, s\u2019ka dat\u00eb se kur pritet t\u00eb rinis\u00eb\" \/>\n<meta property=\"og:description\" content=\"Pas sulmit terrorist serb n\u00eb Banjsk\u00eb vitin e kaluar, procesi i takimeve n\u00eb Bruksel \u00ebsht\u00eb v\u00ebshtir\u00ebsuar p\u00ebr t\u00eb normalizimin e marr\u00ebdh\u00ebnieve Kosov\u00eb-Serbi. Takimi i fundit Kurti-Vuqiq ishte n\u00eb shtator t\u00eb vitit t\u00eb kaluar pak dit\u00eb para se t\u00eb ndodhte sulmi, nd\u00ebrsa nga at\u00ebher\u00eb nuk ka pasur nj\u00eb takim. Pas takimeve n\u00eb konferenc\u00ebn e Siguris\u00eb n\u00eb [&hellip;]\" \/>\n<meta property=\"og:url\" content=\"https:\/\/permbledhja.com\/sq\/sulmi-terrorist-ne-banjske-ngriu-dialogun-ska-date-se-kur-pritet-te-rinise\/\" \/>\n<meta property=\"og:site_name\" content=\"Ve\u00e7 artikuj p\u00ebrmbledh\u00ebs\" \/>\n<meta property=\"article:publisher\" content=\"https:\/\/www.facebook.com\/press07\/\" \/>\n<meta property=\"article:published_time\" content=\"2024-02-19T07:44:12+00:00\" \/>\n<meta property=\"og:image\" content=\"https:\/\/permbledhja.com\/wp-content\/uploads\/2024\/02\/zvecan-4.jpg\" \/>\n\t<meta property=\"og:image:width\" content=\"1600\" \/>\n\t<meta property=\"og:image:height\" content=\"1200\" \/>\n\t<meta property=\"og:image:type\" content=\"image\/jpeg\" \/>\n<meta name=\"author\" content=\"M M\" \/>\n<meta name=\"twitter:card\" content=\"summary_large_image\" \/>\n<meta name=\"twitter:label1\" content=\"Written by\" \/>\n\t<meta name=\"twitter:data1\" content=\"M M\" \/>\n\t<meta name=\"twitter:label2\" content=\"Est. reading time\" \/>\n\t<meta name=\"twitter:data2\" content=\"2 minuta\" \/>\n<script type=\"application\/ld+json\" class=\"yoast-schema-graph\">{\"@context\":\"https:\/\/schema.org\",\"@graph\":[{\"@type\":\"Article\",\"@id\":\"https:\/\/permbledhja.com\/sulmi-terrorist-ne-banjske-ngriu-dialogun-ska-date-se-kur-pritet-te-rinise\/#article\",\"isPartOf\":{\"@id\":\"https:\/\/permbledhja.com\/sulmi-terrorist-ne-banjske-ngriu-dialogun-ska-date-se-kur-pritet-te-rinise\/\"},\"author\":{\"name\":\"M M\",\"@id\":\"https:\/\/permbledhja.com\/#\/schema\/person\/d23f13f59b5722643933d6780783acf3\"},\"headline\":\"Sulmi terrorist n\u00eb Banjsk\u00eb ngriu dialogun, s\u2019ka dat\u00eb se kur pritet t\u00eb rinis\u00eb\",\"datePublished\":\"2024-02-19T07:44:12+00:00\",\"dateModified\":\"2024-02-19T07:44:12+00:00\",\"mainEntityOfPage\":{\"@id\":\"https:\/\/permbledhja.com\/sulmi-terrorist-ne-banjske-ngriu-dialogun-ska-date-se-kur-pritet-te-rinise\/\"},\"wordCount\":292,\"publisher\":{\"@id\":\"https:\/\/permbledhja.com\/#organization\"},\"keywords\":[\"Dialogu\"],\"articleSection\":[\"T\u00eb r\u00ebnd\u00ebsishme\"],\"inLanguage\":\"sq\"},{\"@type\":\"WebPage\",\"@id\":\"https:\/\/permbledhja.com\/sulmi-terrorist-ne-banjske-ngriu-dialogun-ska-date-se-kur-pritet-te-rinise\/\",\"url\":\"https:\/\/permbledhja.com\/sulmi-terrorist-ne-banjske-ngriu-dialogun-ska-date-se-kur-pritet-te-rinise\/\",\"name\":\"Sulmi terrorist n\u00eb Banjsk\u00eb ngriu dialogun, s\u2019ka dat\u00eb se kur pritet t\u00eb rinis\u00eb\",\"isPartOf\":{\"@id\":\"https:\/\/permbledhja.com\/#website\"},\"datePublished\":\"2024-02-19T07:44:12+00:00\",\"dateModified\":\"2024-02-19T07:44:12+00:00\",\"breadcrumb\":{\"@id\":\"https:\/\/permbledhja.com\/sulmi-terrorist-ne-banjske-ngriu-dialogun-ska-date-se-kur-pritet-te-rinise\/#breadcrumb\"},\"inLanguage\":\"sq\",\"potentialAction\":[{\"@type\":\"ReadAction\",\"target\":[\"https:\/\/permbledhja.com\/sulmi-terrorist-ne-banjske-ngriu-dialogun-ska-date-se-kur-pritet-te-rinise\/\"]}]},{\"@type\":\"BreadcrumbList\",\"@id\":\"https:\/\/permbledhja.com\/sulmi-terrorist-ne-banjske-ngriu-dialogun-ska-date-se-kur-pritet-te-rinise\/#breadcrumb\",\"itemListElement\":[{\"@type\":\"ListItem\",\"position\":1,\"name\":\"Ballina\",\"item\":\"https:\/\/permbledhja.com\/sq\/\"},{\"@type\":\"ListItem\",\"position\":2,\"name\":\"Sulmi terrorist n\u00eb Banjsk\u00eb ngriu dialogun, s\u2019ka dat\u00eb se kur pritet t\u00eb rinis\u00eb\"}]},{\"@type\":\"WebSite\",\"@id\":\"https:\/\/permbledhja.com\/#website\",\"url\":\"https:\/\/permbledhja.com\/\",\"name\":\"Ve\u00e7 artikuj p\u00ebrmbledh\u00ebs\",\"description\":\"\",\"publisher\":{\"@id\":\"https:\/\/permbledhja.com\/#organization\"},\"potentialAction\":[{\"@type\":\"SearchAction\",\"target\":{\"@type\":\"EntryPoint\",\"urlTemplate\":\"https:\/\/permbledhja.com\/?s={search_term_string}\"},\"query-input\":\"required name=search_term_string\"}],\"inLanguage\":\"sq\"},{\"@type\":\"Organization\",\"@id\":\"https:\/\/permbledhja.com\/#organization\",\"name\":\"MK Media & Pr\",\"url\":\"https:\/\/permbledhja.com\/\",\"logo\":{\"@type\":\"ImageObject\",\"inLanguage\":\"sq\",\"@id\":\"https:\/\/permbledhja.com\/#\/schema\/logo\/image\/\",\"url\":\"https:\/\/permbledhja.com\/wp-content\/uploads\/2021\/12\/07-Press-Logo.jpg\",\"contentUrl\":\"https:\/\/permbledhja.com\/wp-content\/uploads\/2021\/12\/07-Press-Logo.jpg\",\"width\":512,\"height\":512,\"caption\":\"MK Media & Pr\"},\"image\":{\"@id\":\"https:\/\/permbledhja.com\/#\/schema\/logo\/image\/\"},\"sameAs\":[\"https:\/\/www.facebook.com\/press07\/\"]},{\"@type\":\"Person\",\"@id\":\"https:\/\/permbledhja.com\/#\/schema\/person\/d23f13f59b5722643933d6780783acf3\",\"name\":\"M M\",\"image\":{\"@type\":\"ImageObject\",\"inLanguage\":\"sq\",\"@id\":\"https:\/\/permbledhja.com\/#\/schema\/person\/image\/\",\"url\":\"https:\/\/secure.gravatar.com\/avatar\/e2835a76ca7c31a2416b2d51c4ec9a8f?s=96&d=mm&r=g\",\"contentUrl\":\"https:\/\/secure.gravatar.com\/avatar\/e2835a76ca7c31a2416b2d51c4ec9a8f?s=96&d=mm&r=g\",\"caption\":\"M M\"},\"sameAs\":[\"http:\/\/MM\"],\"url\":\"https:\/\/permbledhja.com\/sq\/author\/muhamet\/\"}]}<\/script>\n<!-- \/ Yoast SEO plugin. -->","yoast_head_json":{"title":"Sulmi terrorist n\u00eb Banjsk\u00eb ngriu dialogun, s\u2019ka dat\u00eb se kur pritet t\u00eb rinis\u00eb","robots":{"index":"index","follow":"follow","max-snippet":"max-snippet:-1","max-image-preview":"max-image-preview:large","max-video-preview":"max-video-preview:-1"},"canonical":"https:\/\/permbledhja.com\/sq\/sulmi-terrorist-ne-banjske-ngriu-dialogun-ska-date-se-kur-pritet-te-rinise\/","og_locale":"sq_AL","og_type":"article","og_title":"Sulmi terrorist n\u00eb Banjsk\u00eb ngriu dialogun, s\u2019ka dat\u00eb se kur pritet t\u00eb rinis\u00eb","og_description":"Pas sulmit terrorist serb n\u00eb Banjsk\u00eb vitin e kaluar, procesi i takimeve n\u00eb Bruksel \u00ebsht\u00eb v\u00ebshtir\u00ebsuar p\u00ebr t\u00eb normalizimin e marr\u00ebdh\u00ebnieve Kosov\u00eb-Serbi. Takimi i fundit Kurti-Vuqiq ishte n\u00eb shtator t\u00eb vitit t\u00eb kaluar pak dit\u00eb para se t\u00eb ndodhte sulmi, nd\u00ebrsa nga at\u00ebher\u00eb nuk ka pasur nj\u00eb takim. Pas takimeve n\u00eb konferenc\u00ebn e Siguris\u00eb n\u00eb [&hellip;]","og_url":"https:\/\/permbledhja.com\/sq\/sulmi-terrorist-ne-banjske-ngriu-dialogun-ska-date-se-kur-pritet-te-rinise\/","og_site_name":"Ve\u00e7 artikuj p\u00ebrmbledh\u00ebs","article_publisher":"https:\/\/www.facebook.com\/press07\/","article_published_time":"2024-02-19T07:44:12+00:00","og_image":[{"width":1600,"height":1200,"url":"https:\/\/permbledhja.com\/wp-content\/uploads\/2024\/02\/zvecan-4.jpg","type":"image\/jpeg"}],"author":"M M","twitter_card":"summary_large_image","twitter_misc":{"Written by":"M M","Est. reading time":"2 minuta"},"schema":{"@context":"https:\/\/schema.org","@graph":[{"@type":"Article","@id":"https:\/\/permbledhja.com\/sulmi-terrorist-ne-banjske-ngriu-dialogun-ska-date-se-kur-pritet-te-rinise\/#article","isPartOf":{"@id":"https:\/\/permbledhja.com\/sulmi-terrorist-ne-banjske-ngriu-dialogun-ska-date-se-kur-pritet-te-rinise\/"},"author":{"name":"M M","@id":"https:\/\/permbledhja.com\/#\/schema\/person\/d23f13f59b5722643933d6780783acf3"},"headline":"Sulmi terrorist n\u00eb Banjsk\u00eb ngriu dialogun, s\u2019ka dat\u00eb se kur pritet t\u00eb rinis\u00eb","datePublished":"2024-02-19T07:44:12+00:00","dateModified":"2024-02-19T07:44:12+00:00","mainEntityOfPage":{"@id":"https:\/\/permbledhja.com\/sulmi-terrorist-ne-banjske-ngriu-dialogun-ska-date-se-kur-pritet-te-rinise\/"},"wordCount":292,"publisher":{"@id":"https:\/\/permbledhja.com\/#organization"},"keywords":["Dialogu"],"articleSection":["T\u00eb r\u00ebnd\u00ebsishme"],"inLanguage":"sq"},{"@type":"WebPage","@id":"https:\/\/permbledhja.com\/sulmi-terrorist-ne-banjske-ngriu-dialogun-ska-date-se-kur-pritet-te-rinise\/","url":"https:\/\/permbledhja.com\/sulmi-terrorist-ne-banjske-ngriu-dialogun-ska-date-se-kur-pritet-te-rinise\/","name":"Sulmi terrorist n\u00eb Banjsk\u00eb ngriu dialogun, s\u2019ka dat\u00eb se kur pritet t\u00eb rinis\u00eb","isPartOf":{"@id":"https:\/\/permbledhja.com\/#website"},"datePublished":"2024-02-19T07:44:12+00:00","dateModified":"2024-02-19T07:44:12+00:00","breadcrumb":{"@id":"https:\/\/permbledhja.com\/sulmi-terrorist-ne-banjske-ngriu-dialogun-ska-date-se-kur-pritet-te-rinise\/#breadcrumb"},"inLanguage":"sq","potentialAction":[{"@type":"ReadAction","target":["https:\/\/permbledhja.com\/sulmi-terrorist-ne-banjske-ngriu-dialogun-ska-date-se-kur-pritet-te-rinise\/"]}]},{"@type":"BreadcrumbList","@id":"https:\/\/permbledhja.com\/sulmi-terrorist-ne-banjske-ngriu-dialogun-ska-date-se-kur-pritet-te-rinise\/#breadcrumb","itemListElement":[{"@type":"ListItem","position":1,"name":"Ballina","item":"https:\/\/permbledhja.com\/sq\/"},{"@type":"ListItem","position":2,"name":"Sulmi terrorist n\u00eb Banjsk\u00eb ngriu dialogun, s\u2019ka dat\u00eb se kur pritet t\u00eb rinis\u00eb"}]},{"@type":"WebSite","@id":"https:\/\/permbledhja.com\/#website","url":"https:\/\/permbledhja.com\/","name":"Ve\u00e7 artikuj p\u00ebrmbledh\u00ebs","description":"","publisher":{"@id":"https:\/\/permbledhja.com\/#organization"},"potentialAction":[{"@type":"SearchAction","target":{"@type":"EntryPoint","urlTemplate":"https:\/\/permbledhja.com\/?s={search_term_string}"},"query-input":"required name=search_term_string"}],"inLanguage":"sq"},{"@type":"Organization","@id":"https:\/\/permbledhja.com\/#organization","name":"MK Media & Pr","url":"https:\/\/permbledhja.com\/","logo":{"@type":"ImageObject","inLanguage":"sq","@id":"https:\/\/permbledhja.com\/#\/schema\/logo\/image\/","url":"https:\/\/permbledhja.com\/wp-content\/uploads\/2021\/12\/07-Press-Logo.jpg","contentUrl":"https:\/\/permbledhja.com\/wp-content\/uploads\/2021\/12\/07-Press-Logo.jpg","width":512,"height":512,"caption":"MK Media & Pr"},"image":{"@id":"https:\/\/permbledhja.com\/#\/schema\/logo\/image\/"},"sameAs":["https:\/\/www.facebook.com\/press07\/"]},{"@type":"Person","@id":"https:\/\/permbledhja.com\/#\/schema\/person\/d23f13f59b5722643933d6780783acf3","name":"M M","image":{"@type":"ImageObject","inLanguage":"sq","@id":"https:\/\/permbledhja.com\/#\/schema\/person\/image\/","url":"https:\/\/secure.gravatar.com\/avatar\/e2835a76ca7c31a2416b2d51c4ec9a8f?s=96&d=mm&r=g","contentUrl":"https:\/\/secure.gravatar.com\/avatar\/e2835a76ca7c31a2416b2d51c4ec9a8f?s=96&d=mm&r=g","caption":"M M"},"sameAs":["http:\/\/MM"],"url":"https:\/\/permbledhja.com\/sq\/author\/muhamet\/"}]}},"_links":{"self":[{"href":"https:\/\/permbledhja.com\/sq\/wp-json\/wp\/v2\/posts\/48972"}],"collection":[{"href":"https:\/\/permbledhja.com\/sq\/wp-json\/wp\/v2\/posts"}],"about":[{"href":"https:\/\/permbledhja.com\/sq\/wp-json\/wp\/v2\/types\/post"}],"author":[{"embeddable":true,"href":"https:\/\/permbledhja.com\/sq\/wp-json\/wp\/v2\/users\/2"}],"replies":[{"embeddable":true,"href":"https:\/\/permbledhja.com\/sq\/wp-json\/wp\/v2\/comments?post=48972"}],"version-history":[{"count":2,"href":"https:\/\/permbledhja.com\/sq\/wp-json\/wp\/v2\/posts\/48972\/revisions"}],"predecessor-version":[{"id":48975,"href":"https:\/\/permbledhja.com\/sq\/wp-json\/wp\/v2\/posts\/48972\/revisions\/48975"}],"wp:featuredmedia":[{"embeddable":true,"href":"https:\/\/permbledhja.com\/sq\/wp-json\/wp\/v2\/media\/48973"}],"wp:attachment":[{"href":"https:\/\/permbledhja.com\/sq\/wp-json\/wp\/v2\/media?parent=48972"}],"wp:term":[{"taxonomy":"category","embeddable":true,"href":"https:\/\/permbledhja.com\/sq\/wp-json\/wp\/v2\/categories?post=48972"},{"taxonomy":"post_tag","embeddable":true,"href":"https:\/\/permbledhja.com\/sq\/wp-json\/wp\/v2\/tags?post=48972"}],"curies":[{"name":"wp","href":"https:\/\/api.w.org\/{rel}","templated":true}]}}