{"id":48900,"date":"2024-02-18T17:01:08","date_gmt":"2024-02-18T17:01:08","guid":{"rendered":"https:\/\/permbledhja.com\/?p=48900"},"modified":"2024-02-18T17:01:08","modified_gmt":"2024-02-18T17:01:08","slug":"toby-vogel-pa-njohjen-de-facto-te-republikes-se-kosoves-nga-serbia-asociacioni-nuk-ka-kuptim","status":"publish","type":"post","link":"https:\/\/permbledhja.com\/sq\/toby-vogel-pa-njohjen-de-facto-te-republikes-se-kosoves-nga-serbia-asociacioni-nuk-ka-kuptim\/","title":{"rendered":"Toby Vogel: Pa njohjen de facto t\u00eb Republik\u00ebs s\u00eb Kosov\u00ebs nga Serbia, Asociacioni nuk ka kuptim"},"content":{"rendered":"<h3>Toby Vogel, bashk\u00ebpun\u00ebtor i K\u00ebshillit p\u00ebr Politikat e Demokratizimit n\u00eb Bruksel, konsideron se gjat\u00eb k\u00ebtij viti nuk do t\u00eb ket\u00eb p\u00ebrparim t\u00eb duksh\u00ebm n\u00eb dialogun mes Kosov\u00ebs dhe Serbis\u00eb.<\/h3>\n<p>Vogel vler\u00ebson se kjo po ndodh\u00eb p\u00ebr shkak t\u00eb presidentit serb, Aleksandar Vu\u00e7iq, i ndihmuar nga Bashkimi Evropian.<\/p>\n<p>\u201cAleat\u00ebt e tij per\u00ebndimor\u00eb e lan\u00eb t\u00eb largohej nga \u201ctentativa e pajtimit\u201d, i cili m\u00eb pas refuzoi p\u00ebr ta n\u00ebnshkruar at\u00eb q\u00eb \u00ebsht\u00eb arritur deri me tani mes dyja pal\u00ebve. \u201cMe k\u00ebt\u00eb ai ka shkelur \u201cMarr\u00ebveshjen e Brukselit\u201d\u201d.<\/p>\n<p>Vog\u00ebl thekson se Qeveria serbe tashm\u00eb zyrtarisht edhe me shkrim e ka t\u00eb deklaruar se kurr\u00eb nuk do t\u00eb b\u00ebj\u00eb asgj\u00eb q\u00eb mund t\u00eb interpretohet si njohje de facto, k\u00ebshtu q\u00eb \u00ebsht\u00eb e qart\u00eb se \u201cmarr\u00ebveshja\u201d e Vu\u00e7iqit \u00ebsht\u00eb e pakuptimt\u00eb.<\/p>\n<p>Sa i p\u00ebrket Asociacionit, ai thot\u00eb se pa njohje de facto, Kosova nuk duhet ta pranoj\u00eb draft-statutin aktual, pasi shton se Asociacioni n\u00eb k\u00ebt\u00eb m\u00ebnyr\u00eb nuk ka kuptim.<\/p>\n<p>\u201cPik\u00ebpamja ime personale \u2013 edhe pse nuk m\u00eb takon mua t\u2019i them Kosov\u00ebs se \u00e7far\u00eb t\u00eb b\u00ebj\u00eb, Prishtina nuk duhet ta pranoj\u00eb draft-statutin aktual, p\u00ebr dy arsye. S\u00eb pari, vet\u00eb statuti \u00ebsht\u00eb problematik, p\u00ebr shembull duke krijuar burime t\u00eb drejtp\u00ebrdrejta t\u00eb financimit nga Beogradi tek Asociacioni, autoritetet komunale, duke anashkaluar Prishtin\u00ebn, formalizojn\u00eb sistemin aktual. S\u00eb dyti, dhe m\u00eb gjer\u00ebsisht, pavar\u00ebsisht nga thelbi i statutit, p\u00ebr Asociacionin u ra dakord n\u00eb kontekstin e nj\u00eb marr\u00ebveshjeje p\u00ebrfundimtare, gjith\u00ebp\u00ebrfshir\u00ebse dhe ligj\u00ebrisht t\u00eb detyrueshme normalizimi. M\u00eb shum\u00eb se nj\u00eb dekad\u00eb pas marr\u00ebveshjes s\u00eb Brukselit, nj\u00eb marr\u00ebveshje e till\u00eb normalizimi duket m\u00eb e pakapshme se kurr\u00eb \u2013 n\u00eb fakt, qeveria serbe ka deklaruar zyrtarisht dhe me shkrim, se nuk do t\u00eb pranonte kurr\u00eb elemente q\u00eb do t\u00eb ishin domosdoshm\u00ebrisht pjes\u00eb e nj\u00eb marr\u00ebveshjeje p\u00ebrfundimtare \u2013 ato elemente q\u00eb n\u00ebnkuptojn\u00eb njohjen faktike. Jasht\u00eb korniz\u00ebs q\u00eb \u00e7on n\u00eb normalizim gjith\u00ebp\u00ebrfshir\u00ebs \u2013 pa njohje de facto e Republik\u00ebs s\u00eb Kosov\u00ebs nga Serbia, Asociacioni nuk ka kuptim. Duke th\u00ebn\u00eb k\u00ebt\u00eb, mendoj se kryeministri Kurti mund t\u00eb punoj\u00eb m\u00eb shum\u00eb p\u00ebr t\u2019u treguar serb\u00ebve t\u00eb Kosov\u00ebs se e ardhmja e tyre q\u00ebndron n\u00eb nj\u00eb Kosov\u00eb demokratike, multietnike, jo vet\u00ebm n\u00eb retorik\u00eb, por n\u00eb jet\u00ebn reale\u201d, ka th\u00ebn\u00eb Vogel p\u00ebr n\u00eb nj\u00eb intervist\u00eb p\u00ebr Telegrafin.<\/p>\n","protected":false},"excerpt":{"rendered":"<p>Toby Vogel, bashk\u00ebpun\u00ebtor i K\u00ebshillit p\u00ebr Politikat e Demokratizimit n\u00eb Bruksel, konsideron se gjat\u00eb k\u00ebtij viti nuk do t\u00eb ket\u00eb p\u00ebrparim t\u00eb duksh\u00ebm n\u00eb dialogun mes Kosov\u00ebs dhe Serbis\u00eb. Vogel vler\u00ebson se kjo po ndodh\u00eb p\u00ebr shkak t\u00eb presidentit serb, Aleksandar Vu\u00e7iq, i ndihmuar nga Bashkimi Evropian. \u201cAleat\u00ebt e tij per\u00ebndimor\u00eb e lan\u00eb t\u00eb largohej [&hellip;]<\/p>\n","protected":false},"author":5,"featured_media":48901,"comment_status":"closed","ping_status":"closed","sticky":false,"template":"","format":"standard","meta":{"_monsterinsights_skip_tracking":false,"_monsterinsights_sitenote_active":false,"_monsterinsights_sitenote_note":"","_monsterinsights_sitenote_category":0,"_uf_show_specific_survey":0,"_uf_disable_surveys":false,"footnotes":""},"categories":[15],"tags":[],"yoast_head":"<!-- This site is optimized with the Yoast SEO plugin v21.5 - https:\/\/yoast.com\/wordpress\/plugins\/seo\/ -->\n<title>Toby Vogel: Pa njohjen de facto t\u00eb Republik\u00ebs s\u00eb Kosov\u00ebs nga Serbia, Asociacioni nuk ka kuptim<\/title>\n<meta name=\"robots\" content=\"index, follow, max-snippet:-1, max-image-preview:large, max-video-preview:-1\" \/>\n<link rel=\"canonical\" href=\"https:\/\/permbledhja.com\/sq\/toby-vogel-pa-njohjen-de-facto-te-republikes-se-kosoves-nga-serbia-asociacioni-nuk-ka-kuptim\/\" \/>\n<meta property=\"og:locale\" content=\"sq_AL\" \/>\n<meta property=\"og:type\" content=\"article\" \/>\n<meta property=\"og:title\" content=\"Toby Vogel: Pa njohjen de facto t\u00eb Republik\u00ebs s\u00eb Kosov\u00ebs nga Serbia, Asociacioni nuk ka kuptim\" \/>\n<meta property=\"og:description\" content=\"Toby Vogel, bashk\u00ebpun\u00ebtor i K\u00ebshillit p\u00ebr Politikat e Demokratizimit n\u00eb Bruksel, konsideron se gjat\u00eb k\u00ebtij viti nuk do t\u00eb ket\u00eb p\u00ebrparim t\u00eb duksh\u00ebm n\u00eb dialogun mes Kosov\u00ebs dhe Serbis\u00eb. Vogel vler\u00ebson se kjo po ndodh\u00eb p\u00ebr shkak t\u00eb presidentit serb, Aleksandar Vu\u00e7iq, i ndihmuar nga Bashkimi Evropian. \u201cAleat\u00ebt e tij per\u00ebndimor\u00eb e lan\u00eb t\u00eb largohej [&hellip;]\" \/>\n<meta property=\"og:url\" content=\"https:\/\/permbledhja.com\/sq\/toby-vogel-pa-njohjen-de-facto-te-republikes-se-kosoves-nga-serbia-asociacioni-nuk-ka-kuptim\/\" \/>\n<meta property=\"og:site_name\" content=\"Ve\u00e7 artikuj p\u00ebrmbledh\u00ebs\" \/>\n<meta property=\"article:publisher\" content=\"https:\/\/www.facebook.com\/press07\/\" \/>\n<meta property=\"article:published_time\" content=\"2024-02-18T17:01:08+00:00\" \/>\n<meta property=\"og:image\" content=\"https:\/\/permbledhja.com\/wp-content\/uploads\/2024\/02\/o.jpeg\" \/>\n\t<meta property=\"og:image:width\" content=\"600\" \/>\n\t<meta property=\"og:image:height\" content=\"360\" \/>\n\t<meta property=\"og:image:type\" content=\"image\/jpeg\" \/>\n<meta name=\"author\" content=\"DL\" \/>\n<meta name=\"twitter:card\" content=\"summary_large_image\" \/>\n<meta name=\"twitter:label1\" content=\"Written by\" \/>\n\t<meta name=\"twitter:data1\" content=\"DL\" \/>\n\t<meta name=\"twitter:label2\" content=\"Est. reading time\" \/>\n\t<meta name=\"twitter:data2\" content=\"2 minuta\" \/>\n<script type=\"application\/ld+json\" class=\"yoast-schema-graph\">{\"@context\":\"https:\/\/schema.org\",\"@graph\":[{\"@type\":\"Article\",\"@id\":\"https:\/\/permbledhja.com\/sq\/toby-vogel-pa-njohjen-de-facto-te-republikes-se-kosoves-nga-serbia-asociacioni-nuk-ka-kuptim\/#article\",\"isPartOf\":{\"@id\":\"https:\/\/permbledhja.com\/sq\/toby-vogel-pa-njohjen-de-facto-te-republikes-se-kosoves-nga-serbia-asociacioni-nuk-ka-kuptim\/\"},\"author\":{\"name\":\"DL\",\"@id\":\"https:\/\/permbledhja.com\/#\/schema\/person\/9c54260cbc4c6f792cb100550491638c\"},\"headline\":\"Toby Vogel: Pa njohjen de facto t\u00eb Republik\u00ebs s\u00eb Kosov\u00ebs nga Serbia, Asociacioni nuk ka kuptim\",\"datePublished\":\"2024-02-18T17:01:08+00:00\",\"dateModified\":\"2024-02-18T17:01:08+00:00\",\"mainEntityOfPage\":{\"@id\":\"https:\/\/permbledhja.com\/sq\/toby-vogel-pa-njohjen-de-facto-te-republikes-se-kosoves-nga-serbia-asociacioni-nuk-ka-kuptim\/\"},\"wordCount\":439,\"publisher\":{\"@id\":\"https:\/\/permbledhja.com\/#organization\"},\"articleSection\":[\"Lajme\"],\"inLanguage\":\"sq\"},{\"@type\":\"WebPage\",\"@id\":\"https:\/\/permbledhja.com\/sq\/toby-vogel-pa-njohjen-de-facto-te-republikes-se-kosoves-nga-serbia-asociacioni-nuk-ka-kuptim\/\",\"url\":\"https:\/\/permbledhja.com\/sq\/toby-vogel-pa-njohjen-de-facto-te-republikes-se-kosoves-nga-serbia-asociacioni-nuk-ka-kuptim\/\",\"name\":\"Toby Vogel: Pa njohjen de facto t\u00eb Republik\u00ebs s\u00eb Kosov\u00ebs nga Serbia, Asociacioni nuk ka kuptim\",\"isPartOf\":{\"@id\":\"https:\/\/permbledhja.com\/#website\"},\"datePublished\":\"2024-02-18T17:01:08+00:00\",\"dateModified\":\"2024-02-18T17:01:08+00:00\",\"breadcrumb\":{\"@id\":\"https:\/\/permbledhja.com\/sq\/toby-vogel-pa-njohjen-de-facto-te-republikes-se-kosoves-nga-serbia-asociacioni-nuk-ka-kuptim\/#breadcrumb\"},\"inLanguage\":\"sq\",\"potentialAction\":[{\"@type\":\"ReadAction\",\"target\":[\"https:\/\/permbledhja.com\/sq\/toby-vogel-pa-njohjen-de-facto-te-republikes-se-kosoves-nga-serbia-asociacioni-nuk-ka-kuptim\/\"]}]},{\"@type\":\"BreadcrumbList\",\"@id\":\"https:\/\/permbledhja.com\/sq\/toby-vogel-pa-njohjen-de-facto-te-republikes-se-kosoves-nga-serbia-asociacioni-nuk-ka-kuptim\/#breadcrumb\",\"itemListElement\":[{\"@type\":\"ListItem\",\"position\":1,\"name\":\"Ballina\",\"item\":\"https:\/\/permbledhja.com\/sq\/\"},{\"@type\":\"ListItem\",\"position\":2,\"name\":\"Toby Vogel: Pa njohjen de facto t\u00eb Republik\u00ebs s\u00eb Kosov\u00ebs nga Serbia, Asociacioni nuk ka kuptim\"}]},{\"@type\":\"WebSite\",\"@id\":\"https:\/\/permbledhja.com\/#website\",\"url\":\"https:\/\/permbledhja.com\/\",\"name\":\"Ve\u00e7 artikuj p\u00ebrmbledh\u00ebs\",\"description\":\"\",\"publisher\":{\"@id\":\"https:\/\/permbledhja.com\/#organization\"},\"potentialAction\":[{\"@type\":\"SearchAction\",\"target\":{\"@type\":\"EntryPoint\",\"urlTemplate\":\"https:\/\/permbledhja.com\/?s={search_term_string}\"},\"query-input\":\"required name=search_term_string\"}],\"inLanguage\":\"sq\"},{\"@type\":\"Organization\",\"@id\":\"https:\/\/permbledhja.com\/#organization\",\"name\":\"MK Media & Pr\",\"url\":\"https:\/\/permbledhja.com\/\",\"logo\":{\"@type\":\"ImageObject\",\"inLanguage\":\"sq\",\"@id\":\"https:\/\/permbledhja.com\/#\/schema\/logo\/image\/\",\"url\":\"https:\/\/permbledhja.com\/wp-content\/uploads\/2021\/12\/07-Press-Logo.jpg\",\"contentUrl\":\"https:\/\/permbledhja.com\/wp-content\/uploads\/2021\/12\/07-Press-Logo.jpg\",\"width\":512,\"height\":512,\"caption\":\"MK Media & Pr\"},\"image\":{\"@id\":\"https:\/\/permbledhja.com\/#\/schema\/logo\/image\/\"},\"sameAs\":[\"https:\/\/www.facebook.com\/press07\/\"]},{\"@type\":\"Person\",\"@id\":\"https:\/\/permbledhja.com\/#\/schema\/person\/9c54260cbc4c6f792cb100550491638c\",\"name\":\"DL\",\"image\":{\"@type\":\"ImageObject\",\"inLanguage\":\"sq\",\"@id\":\"https:\/\/permbledhja.com\/#\/schema\/person\/image\/\",\"url\":\"https:\/\/secure.gravatar.com\/avatar\/94503eb28d4c4b2005a5c8753e35fc80?s=96&d=mm&r=g\",\"contentUrl\":\"https:\/\/secure.gravatar.com\/avatar\/94503eb28d4c4b2005a5c8753e35fc80?s=96&d=mm&r=g\",\"caption\":\"DL\"},\"url\":\"https:\/\/permbledhja.com\/sq\/author\/dl\/\"}]}<\/script>\n<!-- \/ Yoast SEO plugin. -->","yoast_head_json":{"title":"Toby Vogel: Pa njohjen de facto t\u00eb Republik\u00ebs s\u00eb Kosov\u00ebs nga Serbia, Asociacioni nuk ka kuptim","robots":{"index":"index","follow":"follow","max-snippet":"max-snippet:-1","max-image-preview":"max-image-preview:large","max-video-preview":"max-video-preview:-1"},"canonical":"https:\/\/permbledhja.com\/sq\/toby-vogel-pa-njohjen-de-facto-te-republikes-se-kosoves-nga-serbia-asociacioni-nuk-ka-kuptim\/","og_locale":"sq_AL","og_type":"article","og_title":"Toby Vogel: Pa njohjen de facto t\u00eb Republik\u00ebs s\u00eb Kosov\u00ebs nga Serbia, Asociacioni nuk ka kuptim","og_description":"Toby Vogel, bashk\u00ebpun\u00ebtor i K\u00ebshillit p\u00ebr Politikat e Demokratizimit n\u00eb Bruksel, konsideron se gjat\u00eb k\u00ebtij viti nuk do t\u00eb ket\u00eb p\u00ebrparim t\u00eb duksh\u00ebm n\u00eb dialogun mes Kosov\u00ebs dhe Serbis\u00eb. Vogel vler\u00ebson se kjo po ndodh\u00eb p\u00ebr shkak t\u00eb presidentit serb, Aleksandar Vu\u00e7iq, i ndihmuar nga Bashkimi Evropian. \u201cAleat\u00ebt e tij per\u00ebndimor\u00eb e lan\u00eb t\u00eb largohej [&hellip;]","og_url":"https:\/\/permbledhja.com\/sq\/toby-vogel-pa-njohjen-de-facto-te-republikes-se-kosoves-nga-serbia-asociacioni-nuk-ka-kuptim\/","og_site_name":"Ve\u00e7 artikuj p\u00ebrmbledh\u00ebs","article_publisher":"https:\/\/www.facebook.com\/press07\/","article_published_time":"2024-02-18T17:01:08+00:00","og_image":[{"width":600,"height":360,"url":"https:\/\/permbledhja.com\/wp-content\/uploads\/2024\/02\/o.jpeg","type":"image\/jpeg"}],"author":"DL","twitter_card":"summary_large_image","twitter_misc":{"Written by":"DL","Est. reading time":"2 minuta"},"schema":{"@context":"https:\/\/schema.org","@graph":[{"@type":"Article","@id":"https:\/\/permbledhja.com\/sq\/toby-vogel-pa-njohjen-de-facto-te-republikes-se-kosoves-nga-serbia-asociacioni-nuk-ka-kuptim\/#article","isPartOf":{"@id":"https:\/\/permbledhja.com\/sq\/toby-vogel-pa-njohjen-de-facto-te-republikes-se-kosoves-nga-serbia-asociacioni-nuk-ka-kuptim\/"},"author":{"name":"DL","@id":"https:\/\/permbledhja.com\/#\/schema\/person\/9c54260cbc4c6f792cb100550491638c"},"headline":"Toby Vogel: Pa njohjen de facto t\u00eb Republik\u00ebs s\u00eb Kosov\u00ebs nga Serbia, Asociacioni nuk ka kuptim","datePublished":"2024-02-18T17:01:08+00:00","dateModified":"2024-02-18T17:01:08+00:00","mainEntityOfPage":{"@id":"https:\/\/permbledhja.com\/sq\/toby-vogel-pa-njohjen-de-facto-te-republikes-se-kosoves-nga-serbia-asociacioni-nuk-ka-kuptim\/"},"wordCount":439,"publisher":{"@id":"https:\/\/permbledhja.com\/#organization"},"articleSection":["Lajme"],"inLanguage":"sq"},{"@type":"WebPage","@id":"https:\/\/permbledhja.com\/sq\/toby-vogel-pa-njohjen-de-facto-te-republikes-se-kosoves-nga-serbia-asociacioni-nuk-ka-kuptim\/","url":"https:\/\/permbledhja.com\/sq\/toby-vogel-pa-njohjen-de-facto-te-republikes-se-kosoves-nga-serbia-asociacioni-nuk-ka-kuptim\/","name":"Toby Vogel: Pa njohjen de facto t\u00eb Republik\u00ebs s\u00eb Kosov\u00ebs nga Serbia, Asociacioni nuk ka kuptim","isPartOf":{"@id":"https:\/\/permbledhja.com\/#website"},"datePublished":"2024-02-18T17:01:08+00:00","dateModified":"2024-02-18T17:01:08+00:00","breadcrumb":{"@id":"https:\/\/permbledhja.com\/sq\/toby-vogel-pa-njohjen-de-facto-te-republikes-se-kosoves-nga-serbia-asociacioni-nuk-ka-kuptim\/#breadcrumb"},"inLanguage":"sq","potentialAction":[{"@type":"ReadAction","target":["https:\/\/permbledhja.com\/sq\/toby-vogel-pa-njohjen-de-facto-te-republikes-se-kosoves-nga-serbia-asociacioni-nuk-ka-kuptim\/"]}]},{"@type":"BreadcrumbList","@id":"https:\/\/permbledhja.com\/sq\/toby-vogel-pa-njohjen-de-facto-te-republikes-se-kosoves-nga-serbia-asociacioni-nuk-ka-kuptim\/#breadcrumb","itemListElement":[{"@type":"ListItem","position":1,"name":"Ballina","item":"https:\/\/permbledhja.com\/sq\/"},{"@type":"ListItem","position":2,"name":"Toby Vogel: Pa njohjen de facto t\u00eb Republik\u00ebs s\u00eb Kosov\u00ebs nga Serbia, Asociacioni nuk ka kuptim"}]},{"@type":"WebSite","@id":"https:\/\/permbledhja.com\/#website","url":"https:\/\/permbledhja.com\/","name":"Ve\u00e7 artikuj p\u00ebrmbledh\u00ebs","description":"","publisher":{"@id":"https:\/\/permbledhja.com\/#organization"},"potentialAction":[{"@type":"SearchAction","target":{"@type":"EntryPoint","urlTemplate":"https:\/\/permbledhja.com\/?s={search_term_string}"},"query-input":"required name=search_term_string"}],"inLanguage":"sq"},{"@type":"Organization","@id":"https:\/\/permbledhja.com\/#organization","name":"MK Media & Pr","url":"https:\/\/permbledhja.com\/","logo":{"@type":"ImageObject","inLanguage":"sq","@id":"https:\/\/permbledhja.com\/#\/schema\/logo\/image\/","url":"https:\/\/permbledhja.com\/wp-content\/uploads\/2021\/12\/07-Press-Logo.jpg","contentUrl":"https:\/\/permbledhja.com\/wp-content\/uploads\/2021\/12\/07-Press-Logo.jpg","width":512,"height":512,"caption":"MK Media & Pr"},"image":{"@id":"https:\/\/permbledhja.com\/#\/schema\/logo\/image\/"},"sameAs":["https:\/\/www.facebook.com\/press07\/"]},{"@type":"Person","@id":"https:\/\/permbledhja.com\/#\/schema\/person\/9c54260cbc4c6f792cb100550491638c","name":"DL","image":{"@type":"ImageObject","inLanguage":"sq","@id":"https:\/\/permbledhja.com\/#\/schema\/person\/image\/","url":"https:\/\/secure.gravatar.com\/avatar\/94503eb28d4c4b2005a5c8753e35fc80?s=96&d=mm&r=g","contentUrl":"https:\/\/secure.gravatar.com\/avatar\/94503eb28d4c4b2005a5c8753e35fc80?s=96&d=mm&r=g","caption":"DL"},"url":"https:\/\/permbledhja.com\/sq\/author\/dl\/"}]}},"_links":{"self":[{"href":"https:\/\/permbledhja.com\/sq\/wp-json\/wp\/v2\/posts\/48900"}],"collection":[{"href":"https:\/\/permbledhja.com\/sq\/wp-json\/wp\/v2\/posts"}],"about":[{"href":"https:\/\/permbledhja.com\/sq\/wp-json\/wp\/v2\/types\/post"}],"author":[{"embeddable":true,"href":"https:\/\/permbledhja.com\/sq\/wp-json\/wp\/v2\/users\/5"}],"replies":[{"embeddable":true,"href":"https:\/\/permbledhja.com\/sq\/wp-json\/wp\/v2\/comments?post=48900"}],"version-history":[{"count":1,"href":"https:\/\/permbledhja.com\/sq\/wp-json\/wp\/v2\/posts\/48900\/revisions"}],"predecessor-version":[{"id":48902,"href":"https:\/\/permbledhja.com\/sq\/wp-json\/wp\/v2\/posts\/48900\/revisions\/48902"}],"wp:featuredmedia":[{"embeddable":true,"href":"https:\/\/permbledhja.com\/sq\/wp-json\/wp\/v2\/media\/48901"}],"wp:attachment":[{"href":"https:\/\/permbledhja.com\/sq\/wp-json\/wp\/v2\/media?parent=48900"}],"wp:term":[{"taxonomy":"category","embeddable":true,"href":"https:\/\/permbledhja.com\/sq\/wp-json\/wp\/v2\/categories?post=48900"},{"taxonomy":"post_tag","embeddable":true,"href":"https:\/\/permbledhja.com\/sq\/wp-json\/wp\/v2\/tags?post=48900"}],"curies":[{"name":"wp","href":"https:\/\/api.w.org\/{rel}","templated":true}]}}