{"id":48897,"date":"2024-02-18T16:46:43","date_gmt":"2024-02-18T16:46:43","guid":{"rendered":"https:\/\/permbledhja.com\/?p=48897"},"modified":"2024-02-18T16:46:43","modified_gmt":"2024-02-18T16:46:43","slug":"shkarkohet-taravari-kongresi-i-thirrur-nga-sela-e-kthen-ate-ne-krye-te-partise","status":"publish","type":"post","link":"https:\/\/permbledhja.com\/sq\/shkarkohet-taravari-kongresi-i-thirrur-nga-sela-e-kthen-ate-ne-krye-te-partise\/","title":{"rendered":"Shkarkohet Taravari, Kongresi i thirrur nga Sela e kthen at\u00eb n\u00eb krye t\u00eb partis\u00eb"},"content":{"rendered":"<h3>Aleanca p\u00ebr Shqiptar\u00ebt e ka mbajtur sot kongresin e jasht\u00ebzakonsh\u00ebm, t\u00eb thirrur nga Ziadin Sela.<\/h3>\n<p>Me 591 vota \u00ebsht\u00eb shkarkuar Arben Taravari nga pozita e kryetarit t\u00eb ASH-s\u00eb, pasi vendosi ta vazhdonte rrug\u00ebn e tij me opozit\u00ebn shqipatre. Ziadin Sela, si kandidat i vet\u00ebm e rimori drejtimin e partis\u00eb.<\/p>\n<p>Kjo mbledhje erdhi si reagim ndaj zhvillimeve t\u00eb fundit brenda partis\u00eb, pas kongresit t\u00eb organizuar nga Taravari, ku ai u konfirmua si kandidat i opozit\u00ebs p\u00ebr president t\u00eb Maqedonis\u00eb s\u00eb Veriut.<\/p>\n<p>\u201cS\u00eb fundmi jam hasur shum\u00eb me pyetjen n\u00ebse tash m\u00eb ASH ka ndonj\u00eb kauz\u00eb, dhe kjo \u00ebsht\u00eb e v\u00ebrtet sepse kauzat e ASH nuk bisedohen m\u00eb, dhe personat tjer\u00eb mendojn\u00eb mbeti pa kauz\u00eb ne takimet e veta nuk flitet p\u00ebr kauza fliste p\u00ebr gjera dyt\u00ebsore, n\u00ebp\u00ebrmjet kauzave jan\u00eb zgjedhur problematikat p\u00ebr shqiptar\u00ebt. Dhe k\u00ebtu jam t\u00eb tregoj se ne kemi kauza dhe se do vazhdojm\u00eb t\u00eb punojm\u00eb p\u00ebr ta\u201d, tha Sela n\u00eb fjal\u00ebn e tij para bashk\u00ebpartiak\u00ebve.<\/p>\n","protected":false},"excerpt":{"rendered":"<p>Aleanca p\u00ebr Shqiptar\u00ebt e ka mbajtur sot kongresin e jasht\u00ebzakonsh\u00ebm, t\u00eb thirrur nga Ziadin Sela. Me 591 vota \u00ebsht\u00eb shkarkuar Arben Taravari nga pozita e kryetarit t\u00eb ASH-s\u00eb, pasi vendosi ta vazhdonte rrug\u00ebn e tij me opozit\u00ebn shqipatre. Ziadin Sela, si kandidat i vet\u00ebm e rimori drejtimin e partis\u00eb. Kjo mbledhje erdhi si reagim ndaj [&hellip;]<\/p>\n","protected":false},"author":5,"featured_media":48898,"comment_status":"closed","ping_status":"closed","sticky":false,"template":"","format":"standard","meta":{"_monsterinsights_skip_tracking":false,"_monsterinsights_sitenote_active":false,"_monsterinsights_sitenote_note":"","_monsterinsights_sitenote_category":0,"_uf_show_specific_survey":0,"_uf_disable_surveys":false,"footnotes":""},"categories":[15],"tags":[],"yoast_head":"<!-- This site is optimized with the Yoast SEO plugin v21.5 - https:\/\/yoast.com\/wordpress\/plugins\/seo\/ -->\n<title>Shkarkohet Taravari, Kongresi i thirrur nga Sela e kthen at\u00eb n\u00eb krye t\u00eb partis\u00eb<\/title>\n<meta name=\"robots\" content=\"index, follow, max-snippet:-1, max-image-preview:large, max-video-preview:-1\" \/>\n<link rel=\"canonical\" href=\"https:\/\/permbledhja.com\/sq\/shkarkohet-taravari-kongresi-i-thirrur-nga-sela-e-kthen-ate-ne-krye-te-partise\/\" \/>\n<meta property=\"og:locale\" content=\"sq_AL\" \/>\n<meta property=\"og:type\" content=\"article\" \/>\n<meta property=\"og:title\" content=\"Shkarkohet Taravari, Kongresi i thirrur nga Sela e kthen at\u00eb n\u00eb krye t\u00eb partis\u00eb\" \/>\n<meta property=\"og:description\" content=\"Aleanca p\u00ebr Shqiptar\u00ebt e ka mbajtur sot kongresin e jasht\u00ebzakonsh\u00ebm, t\u00eb thirrur nga Ziadin Sela. Me 591 vota \u00ebsht\u00eb shkarkuar Arben Taravari nga pozita e kryetarit t\u00eb ASH-s\u00eb, pasi vendosi ta vazhdonte rrug\u00ebn e tij me opozit\u00ebn shqipatre. Ziadin Sela, si kandidat i vet\u00ebm e rimori drejtimin e partis\u00eb. Kjo mbledhje erdhi si reagim ndaj [&hellip;]\" \/>\n<meta property=\"og:url\" content=\"https:\/\/permbledhja.com\/sq\/shkarkohet-taravari-kongresi-i-thirrur-nga-sela-e-kthen-ate-ne-krye-te-partise\/\" \/>\n<meta property=\"og:site_name\" content=\"Ve\u00e7 artikuj p\u00ebrmbledh\u00ebs\" \/>\n<meta property=\"article:publisher\" content=\"https:\/\/www.facebook.com\/press07\/\" \/>\n<meta property=\"article:published_time\" content=\"2024-02-18T16:46:43+00:00\" \/>\n<meta property=\"og:image\" content=\"https:\/\/permbledhja.com\/wp-content\/uploads\/2024\/02\/t.jpg\" \/>\n\t<meta property=\"og:image:width\" content=\"600\" \/>\n\t<meta property=\"og:image:height\" content=\"360\" \/>\n\t<meta property=\"og:image:type\" content=\"image\/jpeg\" \/>\n<meta name=\"author\" content=\"DL\" \/>\n<meta name=\"twitter:card\" content=\"summary_large_image\" \/>\n<meta name=\"twitter:label1\" content=\"Written by\" \/>\n\t<meta name=\"twitter:data1\" content=\"DL\" \/>\n\t<meta name=\"twitter:label2\" content=\"Est. reading time\" \/>\n\t<meta name=\"twitter:data2\" content=\"1 minut\u00eb\" \/>\n<script type=\"application\/ld+json\" class=\"yoast-schema-graph\">{\"@context\":\"https:\/\/schema.org\",\"@graph\":[{\"@type\":\"Article\",\"@id\":\"https:\/\/permbledhja.com\/shkarkohet-taravari-kongresi-i-thirrur-nga-sela-e-kthen-ate-ne-krye-te-partise\/#article\",\"isPartOf\":{\"@id\":\"https:\/\/permbledhja.com\/shkarkohet-taravari-kongresi-i-thirrur-nga-sela-e-kthen-ate-ne-krye-te-partise\/\"},\"author\":{\"name\":\"DL\",\"@id\":\"https:\/\/permbledhja.com\/#\/schema\/person\/9c54260cbc4c6f792cb100550491638c\"},\"headline\":\"Shkarkohet Taravari, Kongresi i thirrur nga Sela e kthen at\u00eb n\u00eb krye t\u00eb partis\u00eb\",\"datePublished\":\"2024-02-18T16:46:43+00:00\",\"dateModified\":\"2024-02-18T16:46:43+00:00\",\"mainEntityOfPage\":{\"@id\":\"https:\/\/permbledhja.com\/shkarkohet-taravari-kongresi-i-thirrur-nga-sela-e-kthen-ate-ne-krye-te-partise\/\"},\"wordCount\":193,\"publisher\":{\"@id\":\"https:\/\/permbledhja.com\/#organization\"},\"articleSection\":[\"Lajme\"],\"inLanguage\":\"sq\"},{\"@type\":\"WebPage\",\"@id\":\"https:\/\/permbledhja.com\/shkarkohet-taravari-kongresi-i-thirrur-nga-sela-e-kthen-ate-ne-krye-te-partise\/\",\"url\":\"https:\/\/permbledhja.com\/shkarkohet-taravari-kongresi-i-thirrur-nga-sela-e-kthen-ate-ne-krye-te-partise\/\",\"name\":\"Shkarkohet Taravari, Kongresi i thirrur nga Sela e kthen at\u00eb n\u00eb krye t\u00eb partis\u00eb\",\"isPartOf\":{\"@id\":\"https:\/\/permbledhja.com\/#website\"},\"datePublished\":\"2024-02-18T16:46:43+00:00\",\"dateModified\":\"2024-02-18T16:46:43+00:00\",\"breadcrumb\":{\"@id\":\"https:\/\/permbledhja.com\/shkarkohet-taravari-kongresi-i-thirrur-nga-sela-e-kthen-ate-ne-krye-te-partise\/#breadcrumb\"},\"inLanguage\":\"sq\",\"potentialAction\":[{\"@type\":\"ReadAction\",\"target\":[\"https:\/\/permbledhja.com\/shkarkohet-taravari-kongresi-i-thirrur-nga-sela-e-kthen-ate-ne-krye-te-partise\/\"]}]},{\"@type\":\"BreadcrumbList\",\"@id\":\"https:\/\/permbledhja.com\/shkarkohet-taravari-kongresi-i-thirrur-nga-sela-e-kthen-ate-ne-krye-te-partise\/#breadcrumb\",\"itemListElement\":[{\"@type\":\"ListItem\",\"position\":1,\"name\":\"Ballina\",\"item\":\"https:\/\/permbledhja.com\/sq\/\"},{\"@type\":\"ListItem\",\"position\":2,\"name\":\"Shkarkohet Taravari, Kongresi i thirrur nga Sela e kthen at\u00eb n\u00eb krye t\u00eb partis\u00eb\"}]},{\"@type\":\"WebSite\",\"@id\":\"https:\/\/permbledhja.com\/#website\",\"url\":\"https:\/\/permbledhja.com\/\",\"name\":\"Ve\u00e7 artikuj p\u00ebrmbledh\u00ebs\",\"description\":\"\",\"publisher\":{\"@id\":\"https:\/\/permbledhja.com\/#organization\"},\"potentialAction\":[{\"@type\":\"SearchAction\",\"target\":{\"@type\":\"EntryPoint\",\"urlTemplate\":\"https:\/\/permbledhja.com\/?s={search_term_string}\"},\"query-input\":\"required name=search_term_string\"}],\"inLanguage\":\"sq\"},{\"@type\":\"Organization\",\"@id\":\"https:\/\/permbledhja.com\/#organization\",\"name\":\"MK Media & Pr\",\"url\":\"https:\/\/permbledhja.com\/\",\"logo\":{\"@type\":\"ImageObject\",\"inLanguage\":\"sq\",\"@id\":\"https:\/\/permbledhja.com\/#\/schema\/logo\/image\/\",\"url\":\"https:\/\/permbledhja.com\/wp-content\/uploads\/2021\/12\/07-Press-Logo.jpg\",\"contentUrl\":\"https:\/\/permbledhja.com\/wp-content\/uploads\/2021\/12\/07-Press-Logo.jpg\",\"width\":512,\"height\":512,\"caption\":\"MK Media & Pr\"},\"image\":{\"@id\":\"https:\/\/permbledhja.com\/#\/schema\/logo\/image\/\"},\"sameAs\":[\"https:\/\/www.facebook.com\/press07\/\"]},{\"@type\":\"Person\",\"@id\":\"https:\/\/permbledhja.com\/#\/schema\/person\/9c54260cbc4c6f792cb100550491638c\",\"name\":\"DL\",\"image\":{\"@type\":\"ImageObject\",\"inLanguage\":\"sq\",\"@id\":\"https:\/\/permbledhja.com\/#\/schema\/person\/image\/\",\"url\":\"https:\/\/secure.gravatar.com\/avatar\/94503eb28d4c4b2005a5c8753e35fc80?s=96&d=mm&r=g\",\"contentUrl\":\"https:\/\/secure.gravatar.com\/avatar\/94503eb28d4c4b2005a5c8753e35fc80?s=96&d=mm&r=g\",\"caption\":\"DL\"},\"url\":\"https:\/\/permbledhja.com\/sq\/author\/dl\/\"}]}<\/script>\n<!-- \/ Yoast SEO plugin. -->","yoast_head_json":{"title":"Shkarkohet Taravari, Kongresi i thirrur nga Sela e kthen at\u00eb n\u00eb krye t\u00eb partis\u00eb","robots":{"index":"index","follow":"follow","max-snippet":"max-snippet:-1","max-image-preview":"max-image-preview:large","max-video-preview":"max-video-preview:-1"},"canonical":"https:\/\/permbledhja.com\/sq\/shkarkohet-taravari-kongresi-i-thirrur-nga-sela-e-kthen-ate-ne-krye-te-partise\/","og_locale":"sq_AL","og_type":"article","og_title":"Shkarkohet Taravari, Kongresi i thirrur nga Sela e kthen at\u00eb n\u00eb krye t\u00eb partis\u00eb","og_description":"Aleanca p\u00ebr Shqiptar\u00ebt e ka mbajtur sot kongresin e jasht\u00ebzakonsh\u00ebm, t\u00eb thirrur nga Ziadin Sela. Me 591 vota \u00ebsht\u00eb shkarkuar Arben Taravari nga pozita e kryetarit t\u00eb ASH-s\u00eb, pasi vendosi ta vazhdonte rrug\u00ebn e tij me opozit\u00ebn shqipatre. Ziadin Sela, si kandidat i vet\u00ebm e rimori drejtimin e partis\u00eb. Kjo mbledhje erdhi si reagim ndaj [&hellip;]","og_url":"https:\/\/permbledhja.com\/sq\/shkarkohet-taravari-kongresi-i-thirrur-nga-sela-e-kthen-ate-ne-krye-te-partise\/","og_site_name":"Ve\u00e7 artikuj p\u00ebrmbledh\u00ebs","article_publisher":"https:\/\/www.facebook.com\/press07\/","article_published_time":"2024-02-18T16:46:43+00:00","og_image":[{"width":600,"height":360,"url":"https:\/\/permbledhja.com\/wp-content\/uploads\/2024\/02\/t.jpg","type":"image\/jpeg"}],"author":"DL","twitter_card":"summary_large_image","twitter_misc":{"Written by":"DL","Est. reading time":"1 minut\u00eb"},"schema":{"@context":"https:\/\/schema.org","@graph":[{"@type":"Article","@id":"https:\/\/permbledhja.com\/shkarkohet-taravari-kongresi-i-thirrur-nga-sela-e-kthen-ate-ne-krye-te-partise\/#article","isPartOf":{"@id":"https:\/\/permbledhja.com\/shkarkohet-taravari-kongresi-i-thirrur-nga-sela-e-kthen-ate-ne-krye-te-partise\/"},"author":{"name":"DL","@id":"https:\/\/permbledhja.com\/#\/schema\/person\/9c54260cbc4c6f792cb100550491638c"},"headline":"Shkarkohet Taravari, Kongresi i thirrur nga Sela e kthen at\u00eb n\u00eb krye t\u00eb partis\u00eb","datePublished":"2024-02-18T16:46:43+00:00","dateModified":"2024-02-18T16:46:43+00:00","mainEntityOfPage":{"@id":"https:\/\/permbledhja.com\/shkarkohet-taravari-kongresi-i-thirrur-nga-sela-e-kthen-ate-ne-krye-te-partise\/"},"wordCount":193,"publisher":{"@id":"https:\/\/permbledhja.com\/#organization"},"articleSection":["Lajme"],"inLanguage":"sq"},{"@type":"WebPage","@id":"https:\/\/permbledhja.com\/shkarkohet-taravari-kongresi-i-thirrur-nga-sela-e-kthen-ate-ne-krye-te-partise\/","url":"https:\/\/permbledhja.com\/shkarkohet-taravari-kongresi-i-thirrur-nga-sela-e-kthen-ate-ne-krye-te-partise\/","name":"Shkarkohet Taravari, Kongresi i thirrur nga Sela e kthen at\u00eb n\u00eb krye t\u00eb partis\u00eb","isPartOf":{"@id":"https:\/\/permbledhja.com\/#website"},"datePublished":"2024-02-18T16:46:43+00:00","dateModified":"2024-02-18T16:46:43+00:00","breadcrumb":{"@id":"https:\/\/permbledhja.com\/shkarkohet-taravari-kongresi-i-thirrur-nga-sela-e-kthen-ate-ne-krye-te-partise\/#breadcrumb"},"inLanguage":"sq","potentialAction":[{"@type":"ReadAction","target":["https:\/\/permbledhja.com\/shkarkohet-taravari-kongresi-i-thirrur-nga-sela-e-kthen-ate-ne-krye-te-partise\/"]}]},{"@type":"BreadcrumbList","@id":"https:\/\/permbledhja.com\/shkarkohet-taravari-kongresi-i-thirrur-nga-sela-e-kthen-ate-ne-krye-te-partise\/#breadcrumb","itemListElement":[{"@type":"ListItem","position":1,"name":"Ballina","item":"https:\/\/permbledhja.com\/sq\/"},{"@type":"ListItem","position":2,"name":"Shkarkohet Taravari, Kongresi i thirrur nga Sela e kthen at\u00eb n\u00eb krye t\u00eb partis\u00eb"}]},{"@type":"WebSite","@id":"https:\/\/permbledhja.com\/#website","url":"https:\/\/permbledhja.com\/","name":"Ve\u00e7 artikuj p\u00ebrmbledh\u00ebs","description":"","publisher":{"@id":"https:\/\/permbledhja.com\/#organization"},"potentialAction":[{"@type":"SearchAction","target":{"@type":"EntryPoint","urlTemplate":"https:\/\/permbledhja.com\/?s={search_term_string}"},"query-input":"required name=search_term_string"}],"inLanguage":"sq"},{"@type":"Organization","@id":"https:\/\/permbledhja.com\/#organization","name":"MK Media & Pr","url":"https:\/\/permbledhja.com\/","logo":{"@type":"ImageObject","inLanguage":"sq","@id":"https:\/\/permbledhja.com\/#\/schema\/logo\/image\/","url":"https:\/\/permbledhja.com\/wp-content\/uploads\/2021\/12\/07-Press-Logo.jpg","contentUrl":"https:\/\/permbledhja.com\/wp-content\/uploads\/2021\/12\/07-Press-Logo.jpg","width":512,"height":512,"caption":"MK Media & Pr"},"image":{"@id":"https:\/\/permbledhja.com\/#\/schema\/logo\/image\/"},"sameAs":["https:\/\/www.facebook.com\/press07\/"]},{"@type":"Person","@id":"https:\/\/permbledhja.com\/#\/schema\/person\/9c54260cbc4c6f792cb100550491638c","name":"DL","image":{"@type":"ImageObject","inLanguage":"sq","@id":"https:\/\/permbledhja.com\/#\/schema\/person\/image\/","url":"https:\/\/secure.gravatar.com\/avatar\/94503eb28d4c4b2005a5c8753e35fc80?s=96&d=mm&r=g","contentUrl":"https:\/\/secure.gravatar.com\/avatar\/94503eb28d4c4b2005a5c8753e35fc80?s=96&d=mm&r=g","caption":"DL"},"url":"https:\/\/permbledhja.com\/sq\/author\/dl\/"}]}},"_links":{"self":[{"href":"https:\/\/permbledhja.com\/sq\/wp-json\/wp\/v2\/posts\/48897"}],"collection":[{"href":"https:\/\/permbledhja.com\/sq\/wp-json\/wp\/v2\/posts"}],"about":[{"href":"https:\/\/permbledhja.com\/sq\/wp-json\/wp\/v2\/types\/post"}],"author":[{"embeddable":true,"href":"https:\/\/permbledhja.com\/sq\/wp-json\/wp\/v2\/users\/5"}],"replies":[{"embeddable":true,"href":"https:\/\/permbledhja.com\/sq\/wp-json\/wp\/v2\/comments?post=48897"}],"version-history":[{"count":1,"href":"https:\/\/permbledhja.com\/sq\/wp-json\/wp\/v2\/posts\/48897\/revisions"}],"predecessor-version":[{"id":48899,"href":"https:\/\/permbledhja.com\/sq\/wp-json\/wp\/v2\/posts\/48897\/revisions\/48899"}],"wp:featuredmedia":[{"embeddable":true,"href":"https:\/\/permbledhja.com\/sq\/wp-json\/wp\/v2\/media\/48898"}],"wp:attachment":[{"href":"https:\/\/permbledhja.com\/sq\/wp-json\/wp\/v2\/media?parent=48897"}],"wp:term":[{"taxonomy":"category","embeddable":true,"href":"https:\/\/permbledhja.com\/sq\/wp-json\/wp\/v2\/categories?post=48897"},{"taxonomy":"post_tag","embeddable":true,"href":"https:\/\/permbledhja.com\/sq\/wp-json\/wp\/v2\/tags?post=48897"}],"curies":[{"name":"wp","href":"https:\/\/api.w.org\/{rel}","templated":true}]}}